{"id":15823,"date":"2020-10-08T07:13:07","date_gmt":"2020-10-08T10:13:07","guid":{"rendered":"https:\/\/radiosul.net\/wp\/?p=15823"},"modified":"2020-10-08T03:24:51","modified_gmt":"2020-10-08T06:24:51","slug":"santa-catarina-entrega-1o-selo-arte-para-produtor-de-queijo-serrano","status":"publish","type":"post","link":"https:\/\/radiosul.net\/wp\/2020\/santa-catarina-entrega-1o-selo-arte-para-produtor-de-queijo-serrano\/","title":{"rendered":"Santa Catarina entrega 1\u00ba Selo Arte para produtor de queijo serrano"},"content":{"rendered":"\n<p class=\"wp-block-paragraph\"><em>Ap\u00f3s a assinatura de portaria, produtores artesanais t\u00eam uma nova ferramenta para regular a produ\u00e7\u00e3o e alcan\u00e7ar novos mercados para os produtos<\/em><\/p>\n\n\n\n<p class=\"wp-block-paragraph\">O queijo serrano produzido pela fam\u00edlia Zanelato de Bom Retiro, em Santa Catarina, \u00e9 o primeiro produto do estado que recebe o selo arte e pode, agora, ser comercializado em todo o pa\u00eds. O rebanho \u00e9 da ra\u00e7a gir e tem certificado como livre de brucelose e de tuberculose pela Companhia Integrada de Desenvolvimento Agr\u00edcola de Santa Catarina (Cidasc).<\/p>\n\n\n\n<p class=\"wp-block-paragraph\">\u201cO queijo, hoje, ele \u00e9 a principal fonte de renda para n\u00f3s, pequenos produtores. O Selo Arte ou qualquer outro selo, ele nos d\u00e1 a chance de ir para outros mercados porque ele \u00e9 local. \u00c9 do local ao global, agora com o Selo Arte. Essa nossa aspira\u00e7\u00e3o \u00e9 antiga, de tir\u00e1-lo daqui, mas de uma forma legal, com legalidade , com sa\u00fade , com sanidade, com sustentabilidade porque, outros mercados, o que nos favorece, d\u00e1 melhor qualidade de vida para n\u00f3s, aumenta o mercado. \u00c9 um produto que se torna conhecido\u201d, disse o produtor rural Air de Agostinho Zanelato<\/p>\n\n\n\n<p class=\"wp-block-paragraph\">Ap\u00f3s a assinatura da portaria que regulamenta a produ\u00e7\u00e3o artesanal de alimentos de origem animal em Santa Catarina, os produtores artesanais t\u00eam uma nova ferramenta para regular a produ\u00e7\u00e3o e alcan\u00e7ar novos mercados para os produtos.<\/p>\n\n\n\n<figure class=\"wp-block-image size-large\"><img loading=\"lazy\" decoding=\"async\" width=\"800\" height=\"534\" src=\"https:\/\/radiosul.net\/wp\/wp-content\/uploads\/2020\/10\/50340272662_7ff6427070_c.jpg\" alt=\"\" class=\"wp-image-15824\" srcset=\"https:\/\/radiosul.net\/wp\/wp-content\/uploads\/2020\/10\/50340272662_7ff6427070_c.jpg 800w, https:\/\/radiosul.net\/wp\/wp-content\/uploads\/2020\/10\/50340272662_7ff6427070_c-300x200.jpg 300w, https:\/\/radiosul.net\/wp\/wp-content\/uploads\/2020\/10\/50340272662_7ff6427070_c-768x513.jpg 768w\" sizes=\"auto, (max-width: 800px) 100vw, 800px\" \/><figcaption>Foto: Cidasc<\/figcaption><\/figure>\n\n\n\n<p class=\"wp-block-paragraph\">\u201cEu considero um grande passo, na verdade, para que o pequeno produtor tenha um espa\u00e7o em levar o seu produto. S\u00e3o produtos de alta qualidade, por\u00e9m, ele n\u00e3o chegava a atingir as condi\u00e7\u00f5es e, \u00e0s vezes, a possibilidade comercial de poder trabalhar em outros lugares. O Selo Arte vem e permite que ele tendo uma inspe\u00e7\u00e3o, seja municipal ou estadual ou federal, ele est\u00e1 recebendo um certificado de que tem qualidade para produzir e comercializar no Brasil todo. Isso \u00e9 um passo grande para que produtos, como o caso do queijo, sejam conhecidos no Brasil todo e abra um espa\u00e7o para os nossos produtores, principalmente, os pequenos produtores, de produtos artesanais\u201d, disse o secret\u00e1rio da Agricultura de Santa Catarina, Ricardo Gouv\u00eaa.<\/p>\n\n\n\n<p class=\"wp-block-paragraph\">A Cidasc lan\u00e7ou tamb\u00e9m um manual de orienta\u00e7\u00f5es para conseguir o Selo Arte, atendendo aos requisitos previstos nas normativas estaduais e federais. De acordo com o Departamento Estadual de Inspe\u00e7\u00e3o de Produtos de Origem Animal da Cidasc, Jader Nones, a portaria do Selo Arte cita que vai ser compet\u00eancia do Departamento de Inspe\u00e7\u00e3o da Cidasc a realiza\u00e7\u00e3o dos procedimentos visando auditoria e a concess\u00e3o do selo.<\/p>\n\n\n\n<p class=\"wp-block-paragraph\">\u201cO Selo Arte\u00a0 permite o com\u00e9rcio no Brasil inteiro, em todas as unidades da federa\u00e7\u00e3o. Uma vez concedido, permite agregar valor aos produtos de origem animal de pequenas e m\u00e9dias agroind\u00fastrias. Como vai ser feito esse procedimento aqui?\u00a0 A Cidasc, uma vez que o produtor, a agroind\u00fastria requer o selo, vai realizar uma auditoria no local e vai verificar v\u00e1rios pontos, como\u00a0 se aquela empresa ou produto atende aos requisitos necess\u00e1rios para a concess\u00e3o do selo. O principal ponto \u00e9 que tanto o produto, quanto o processo, precisam ser considerados artesanais. Para isso, o que a gente vai observar: primeiro ponto, a agroind\u00fastria, obrigatoriamente, ela precisa ter servi\u00e7o de inspe\u00e7\u00e3o implantado, seja ele municipal, estadual ou federal. O outro ponto, muito importante, a mat\u00e9ria-prima tem que ser conhecida , ela tem que ser oriunda da pr\u00f3pria propriedade ou de uma origem conhecida . Essa mat\u00e9ria-prima , l\u00e1 no momento da produ\u00e7\u00e3o,\u00a0 o produtor tem que adotar boas pr\u00e1ticas agropecu\u00e1rias\u00a0 e isso inclui uma s\u00e9rie de requisitos que v\u00e3o desde a seguran\u00e7a da sanidade dos animais, a nutri\u00e7\u00e3o adequada , manejo adequado, e boas pr\u00e1ticas ambientais\u201d, disse.<\/p>\n\n\n\n<p class=\"wp-block-paragraph\">Segundo ele, outro ponto muito importante que a empresa tem que adotar s\u00e3o as boas pr\u00e1ticas de fabrica\u00e7\u00e3o. Tamb\u00e9m vai ser observado alguns outros pontos, como o produtor, a agroind\u00fastria tem que ter o dom\u00ednio do processo produtivo. Os funcion\u00e1rios t\u00eam que conhecer todo o processo, desde o in\u00edcio, no momento do recebimento da mat\u00e9ria-prima at\u00e9 a sa\u00edda do produto . \u201c\u00c9 preciso evitar o uso de aditivos e conservantes. O produto tem que ter uma caracter\u00edstica especial que o define como artesanal. Importante quando o produtor protocolar seu pedido, ele busque, al\u00e9m das documenta\u00e7\u00f5es necess\u00e1rias, que est\u00e3o no nosso site da Cidasc, buscar descrever a sua hist\u00f3ria, a hist\u00f3ria daquele produto, a hist\u00f3ria daquela fam\u00edlia\u201d, finalizou.<\/p>\n\n\n\n<p class=\"wp-block-paragraph\"><strong><em>Fonte: Canal Rural<\/em><\/strong><\/p>\n","protected":false},"excerpt":{"rendered":"<p>Ap\u00f3s a assinatura de portaria, produtores artesanais t\u00eam uma nova ferramenta para regular a produ\u00e7\u00e3o e alcan\u00e7ar novos mercados para os produtos O queijo serrano produzido pela fam\u00edlia Zanelato de Bom Retiro, em Santa Catarina, \u00e9 o primeiro produto do estado que recebe o selo arte e pode, agora, ser comercializado em todo o pa\u00eds. &hellip;<\/p>\n","protected":false},"author":9,"featured_media":15825,"comment_status":"closed","ping_status":"closed","sticky":false,"template":"","format":"standard","meta":{"_monsterinsights_skip_tracking":false,"_uf_show_specific_survey":0,"_uf_disable_surveys":false,"footnotes":""},"categories":[1,126],"tags":[],"class_list":["post-15823","post","type-post","status-publish","format-standard","has-post-thumbnail","hentry","category-agro","category-destacados"],"aioseo_notices":[],"aioseo_head":"\n\t\t<!-- All in One SEO 5.0.1.1 - aioseo.com -->\n\t<meta name=\"description\" content=\"Ap\u00f3s a assinatura de portaria, produtores artesanais t\u00eam uma nova ferramenta para regular a produ\u00e7\u00e3o e alcan\u00e7ar novos mercados para os produtos O queijo serrano produzido pela fam\u00edlia Zanelato de Bom Retiro, em Santa Catarina, \u00e9 o primeiro produto do estado que recebe o selo arte e pode, agora, ser comercializado em todo o pa\u00eds.\" \/>\n\t<meta name=\"robots\" content=\"max-image-preview:large\" \/>\n\t<meta name=\"author\" content=\"Alejo Bordon\"\/>\n\t<link rel=\"canonical\" href=\"https:\/\/radiosul.net\/wp\/2020\/santa-catarina-entrega-1o-selo-arte-para-produtor-de-queijo-serrano\/\" \/>\n\t<meta name=\"generator\" content=\"All in One SEO (AIOSEO) 5.0.1.1\" \/>\n\t\t<meta property=\"og:locale\" content=\"pt_BR\" \/>\n\t\t<meta property=\"og:site_name\" content=\"radiosul.net - Regional por Excel\u00eancia\" \/>\n\t\t<meta property=\"og:type\" content=\"article\" \/>\n\t\t<meta property=\"og:title\" content=\"Santa Catarina entrega 1\u00ba Selo Arte para produtor de queijo serrano - radiosul.net\" \/>\n\t\t<meta property=\"og:description\" content=\"Ap\u00f3s a assinatura de portaria, produtores artesanais t\u00eam uma nova ferramenta para regular a produ\u00e7\u00e3o e alcan\u00e7ar novos mercados para os produtos O queijo serrano produzido pela fam\u00edlia Zanelato de Bom Retiro, em Santa Catarina, \u00e9 o primeiro produto do estado que recebe o selo arte e pode, agora, ser comercializado em todo o pa\u00eds.\" \/>\n\t\t<meta property=\"og:url\" content=\"https:\/\/radiosul.net\/wp\/2020\/santa-catarina-entrega-1o-selo-arte-para-produtor-de-queijo-serrano\/\" \/>\n\t\t<meta property=\"article:published_time\" content=\"2020-10-08T10:13:07+00:00\" \/>\n\t\t<meta property=\"article:modified_time\" content=\"2020-10-08T06:24:51+00:00\" \/>\n\t\t<meta name=\"twitter:card\" content=\"summary_large_image\" \/>\n\t\t<meta name=\"twitter:title\" content=\"Santa Catarina entrega 1\u00ba Selo Arte para produtor de queijo serrano - radiosul.net\" \/>\n\t\t<meta name=\"twitter:description\" content=\"Ap\u00f3s a assinatura de portaria, produtores artesanais t\u00eam uma nova ferramenta para regular a produ\u00e7\u00e3o e alcan\u00e7ar novos mercados para os produtos O queijo serrano produzido pela fam\u00edlia Zanelato de Bom Retiro, em Santa Catarina, \u00e9 o primeiro produto do estado que recebe o selo arte e pode, agora, ser comercializado em todo o pa\u00eds.\" \/>\n\t\t<script type=\"application\/ld+json\" class=\"aioseo-schema\">\n\t\t\t{\"@context\":\"https:\\\/\\\/schema.org\",\"@graph\":[{\"@type\":\"BlogPosting\",\"@id\":\"https:\\\/\\\/radiosul.net\\\/wp\\\/2020\\\/santa-catarina-entrega-1o-selo-arte-para-produtor-de-queijo-serrano\\\/#blogposting\",\"name\":\"Santa Catarina entrega 1\\u00ba Selo Arte para produtor de queijo serrano - radiosul.net\",\"headline\":\"Santa Catarina entrega 1\\u00ba Selo Arte para produtor de queijo serrano\",\"author\":{\"@id\":\"https:\\\/\\\/radiosul.net\\\/wp\\\/author\\\/alejo\\\/#author\"},\"publisher\":{\"@id\":\"https:\\\/\\\/radiosul.net\\\/wp\\\/#organization\"},\"image\":{\"@type\":\"ImageObject\",\"url\":\"https:\\\/\\\/radiosul.net\\\/wp\\\/wp-content\\\/uploads\\\/2020\\\/10\\\/50340274432_90ed686191_c.jpg\",\"width\":800,\"height\":534,\"caption\":\"Foto: Cidasc\"},\"datePublished\":\"2020-10-08T07:13:07-03:00\",\"dateModified\":\"2020-10-08T03:24:51-03:00\",\"inLanguage\":\"pt-BR\",\"mainEntityOfPage\":{\"@id\":\"https:\\\/\\\/radiosul.net\\\/wp\\\/2020\\\/santa-catarina-entrega-1o-selo-arte-para-produtor-de-queijo-serrano\\\/#webpage\"},\"isPartOf\":{\"@id\":\"https:\\\/\\\/radiosul.net\\\/wp\\\/2020\\\/santa-catarina-entrega-1o-selo-arte-para-produtor-de-queijo-serrano\\\/#webpage\"},\"articleSection\":\"Agroneg\\u00f3cio, Destaque\"},{\"@type\":\"BreadcrumbList\",\"@id\":\"https:\\\/\\\/radiosul.net\\\/wp\\\/2020\\\/santa-catarina-entrega-1o-selo-arte-para-produtor-de-queijo-serrano\\\/#breadcrumblist\",\"itemListElement\":[{\"@type\":\"ListItem\",\"@id\":\"https:\\\/\\\/radiosul.net\\\/wp#listItem\",\"position\":1,\"name\":\"Home\",\"item\":\"https:\\\/\\\/radiosul.net\\\/wp\",\"nextItem\":{\"@type\":\"ListItem\",\"@id\":\"https:\\\/\\\/radiosul.net\\\/wp\\\/category\\\/agro\\\/#listItem\",\"name\":\"Agroneg\\u00f3cio\"}},{\"@type\":\"ListItem\",\"@id\":\"https:\\\/\\\/radiosul.net\\\/wp\\\/category\\\/agro\\\/#listItem\",\"position\":2,\"name\":\"Agroneg\\u00f3cio\",\"item\":\"https:\\\/\\\/radiosul.net\\\/wp\\\/category\\\/agro\\\/\",\"nextItem\":{\"@type\":\"ListItem\",\"@id\":\"https:\\\/\\\/radiosul.net\\\/wp\\\/2020\\\/santa-catarina-entrega-1o-selo-arte-para-produtor-de-queijo-serrano\\\/#listItem\",\"name\":\"Santa Catarina entrega 1\\u00ba Selo Arte para produtor de queijo serrano\"},\"previousItem\":{\"@type\":\"ListItem\",\"@id\":\"https:\\\/\\\/radiosul.net\\\/wp#listItem\",\"name\":\"Home\"}},{\"@type\":\"ListItem\",\"@id\":\"https:\\\/\\\/radiosul.net\\\/wp\\\/2020\\\/santa-catarina-entrega-1o-selo-arte-para-produtor-de-queijo-serrano\\\/#listItem\",\"position\":3,\"name\":\"Santa Catarina entrega 1\\u00ba Selo Arte para produtor de queijo serrano\",\"previousItem\":{\"@type\":\"ListItem\",\"@id\":\"https:\\\/\\\/radiosul.net\\\/wp\\\/category\\\/agro\\\/#listItem\",\"name\":\"Agroneg\\u00f3cio\"}}]},{\"@type\":\"Organization\",\"@id\":\"https:\\\/\\\/radiosul.net\\\/wp\\\/#organization\",\"name\":\"radiosul.net\",\"description\":\"Regional por Excel\\u00eancia\",\"url\":\"https:\\\/\\\/radiosul.net\\\/wp\\\/\"},{\"@type\":\"Person\",\"@id\":\"https:\\\/\\\/radiosul.net\\\/wp\\\/author\\\/alejo\\\/#author\",\"url\":\"https:\\\/\\\/radiosul.net\\\/wp\\\/author\\\/alejo\\\/\",\"name\":\"Alejo Bordon\",\"image\":{\"@type\":\"ImageObject\",\"@id\":\"https:\\\/\\\/radiosul.net\\\/wp\\\/2020\\\/santa-catarina-entrega-1o-selo-arte-para-produtor-de-queijo-serrano\\\/#authorImage\",\"url\":\"https:\\\/\\\/secure.gravatar.com\\\/avatar\\\/b3a7e7f1c71212e6a5b7183b79a2ab58dad8bdc4cd4eadd61c4434d010d0bae4?s=96&d=mm&r=g\",\"width\":96,\"height\":96,\"caption\":\"Alejo Bordon\"}},{\"@type\":\"WebPage\",\"@id\":\"https:\\\/\\\/radiosul.net\\\/wp\\\/2020\\\/santa-catarina-entrega-1o-selo-arte-para-produtor-de-queijo-serrano\\\/#webpage\",\"url\":\"https:\\\/\\\/radiosul.net\\\/wp\\\/2020\\\/santa-catarina-entrega-1o-selo-arte-para-produtor-de-queijo-serrano\\\/\",\"name\":\"Santa Catarina entrega 1\\u00ba Selo Arte para produtor de queijo serrano - radiosul.net\",\"description\":\"Ap\\u00f3s a assinatura de portaria, produtores artesanais t\\u00eam uma nova ferramenta para regular a produ\\u00e7\\u00e3o e alcan\\u00e7ar novos mercados para os produtos O queijo serrano produzido pela fam\\u00edlia Zanelato de Bom Retiro, em Santa Catarina, \\u00e9 o primeiro produto do estado que recebe o selo arte e pode, agora, ser comercializado em todo o pa\\u00eds.\",\"inLanguage\":\"pt-BR\",\"isPartOf\":{\"@id\":\"https:\\\/\\\/radiosul.net\\\/wp\\\/#website\"},\"breadcrumb\":{\"@id\":\"https:\\\/\\\/radiosul.net\\\/wp\\\/2020\\\/santa-catarina-entrega-1o-selo-arte-para-produtor-de-queijo-serrano\\\/#breadcrumblist\"},\"author\":{\"@id\":\"https:\\\/\\\/radiosul.net\\\/wp\\\/author\\\/alejo\\\/#author\"},\"creator\":{\"@id\":\"https:\\\/\\\/radiosul.net\\\/wp\\\/author\\\/alejo\\\/#author\"},\"image\":{\"@type\":\"ImageObject\",\"url\":\"https:\\\/\\\/radiosul.net\\\/wp\\\/wp-content\\\/uploads\\\/2020\\\/10\\\/50340274432_90ed686191_c.jpg\",\"@id\":\"https:\\\/\\\/radiosul.net\\\/wp\\\/2020\\\/santa-catarina-entrega-1o-selo-arte-para-produtor-de-queijo-serrano\\\/#mainImage\",\"width\":800,\"height\":534,\"caption\":\"Foto: Cidasc\"},\"primaryImageOfPage\":{\"@id\":\"https:\\\/\\\/radiosul.net\\\/wp\\\/2020\\\/santa-catarina-entrega-1o-selo-arte-para-produtor-de-queijo-serrano\\\/#mainImage\"},\"datePublished\":\"2020-10-08T07:13:07-03:00\",\"dateModified\":\"2020-10-08T03:24:51-03:00\"},{\"@type\":\"WebSite\",\"@id\":\"https:\\\/\\\/radiosul.net\\\/wp\\\/#website\",\"url\":\"https:\\\/\\\/radiosul.net\\\/wp\\\/\",\"name\":\"radiosul.net\",\"description\":\"Regional por Excel\\u00eancia\",\"inLanguage\":\"pt-BR\",\"publisher\":{\"@id\":\"https:\\\/\\\/radiosul.net\\\/wp\\\/#organization\"}}]}\n\t\t<\/script>\n\t\t<!-- All in One SEO -->\n\n","aioseo_head_json":{"title":"Santa Catarina entrega 1\u00ba Selo Arte para produtor de queijo serrano - radiosul.net","description":"Ap\u00f3s a assinatura de portaria, produtores artesanais t\u00eam uma nova ferramenta para regular a produ\u00e7\u00e3o e alcan\u00e7ar novos mercados para os produtos O queijo serrano produzido pela fam\u00edlia Zanelato de Bom Retiro, em Santa Catarina, \u00e9 o primeiro produto do estado que recebe o selo arte e pode, agora, ser comercializado em todo o pa\u00eds.","canonical_url":"https:\/\/radiosul.net\/wp\/2020\/santa-catarina-entrega-1o-selo-arte-para-produtor-de-queijo-serrano\/","robots":"max-image-preview:large","keywords":"","webmasterTools":{"miscellaneous":""},"schema":{"@context":"https:\/\/schema.org","@graph":[{"@type":"BlogPosting","@id":"https:\/\/radiosul.net\/wp\/2020\/santa-catarina-entrega-1o-selo-arte-para-produtor-de-queijo-serrano\/#blogposting","name":"Santa Catarina entrega 1\u00ba Selo Arte para produtor de queijo serrano - radiosul.net","headline":"Santa Catarina entrega 1\u00ba Selo Arte para produtor de queijo serrano","author":{"@id":"https:\/\/radiosul.net\/wp\/author\/alejo\/#author"},"publisher":{"@id":"https:\/\/radiosul.net\/wp\/#organization"},"image":{"@type":"ImageObject","url":"https:\/\/radiosul.net\/wp\/wp-content\/uploads\/2020\/10\/50340274432_90ed686191_c.jpg","width":800,"height":534,"caption":"Foto: Cidasc"},"datePublished":"2020-10-08T07:13:07-03:00","dateModified":"2020-10-08T03:24:51-03:00","inLanguage":"pt-BR","mainEntityOfPage":{"@id":"https:\/\/radiosul.net\/wp\/2020\/santa-catarina-entrega-1o-selo-arte-para-produtor-de-queijo-serrano\/#webpage"},"isPartOf":{"@id":"https:\/\/radiosul.net\/wp\/2020\/santa-catarina-entrega-1o-selo-arte-para-produtor-de-queijo-serrano\/#webpage"},"articleSection":"Agroneg\u00f3cio, Destaque"},{"@type":"BreadcrumbList","@id":"https:\/\/radiosul.net\/wp\/2020\/santa-catarina-entrega-1o-selo-arte-para-produtor-de-queijo-serrano\/#breadcrumblist","itemListElement":[{"@type":"ListItem","@id":"https:\/\/radiosul.net\/wp#listItem","position":1,"name":"Home","item":"https:\/\/radiosul.net\/wp","nextItem":{"@type":"ListItem","@id":"https:\/\/radiosul.net\/wp\/category\/agro\/#listItem","name":"Agroneg\u00f3cio"}},{"@type":"ListItem","@id":"https:\/\/radiosul.net\/wp\/category\/agro\/#listItem","position":2,"name":"Agroneg\u00f3cio","item":"https:\/\/radiosul.net\/wp\/category\/agro\/","nextItem":{"@type":"ListItem","@id":"https:\/\/radiosul.net\/wp\/2020\/santa-catarina-entrega-1o-selo-arte-para-produtor-de-queijo-serrano\/#listItem","name":"Santa Catarina entrega 1\u00ba Selo Arte para produtor de queijo serrano"},"previousItem":{"@type":"ListItem","@id":"https:\/\/radiosul.net\/wp#listItem","name":"Home"}},{"@type":"ListItem","@id":"https:\/\/radiosul.net\/wp\/2020\/santa-catarina-entrega-1o-selo-arte-para-produtor-de-queijo-serrano\/#listItem","position":3,"name":"Santa Catarina entrega 1\u00ba Selo Arte para produtor de queijo serrano","previousItem":{"@type":"ListItem","@id":"https:\/\/radiosul.net\/wp\/category\/agro\/#listItem","name":"Agroneg\u00f3cio"}}]},{"@type":"Organization","@id":"https:\/\/radiosul.net\/wp\/#organization","name":"radiosul.net","description":"Regional por Excel\u00eancia","url":"https:\/\/radiosul.net\/wp\/"},{"@type":"Person","@id":"https:\/\/radiosul.net\/wp\/author\/alejo\/#author","url":"https:\/\/radiosul.net\/wp\/author\/alejo\/","name":"Alejo Bordon","image":{"@type":"ImageObject","@id":"https:\/\/radiosul.net\/wp\/2020\/santa-catarina-entrega-1o-selo-arte-para-produtor-de-queijo-serrano\/#authorImage","url":"https:\/\/secure.gravatar.com\/avatar\/b3a7e7f1c71212e6a5b7183b79a2ab58dad8bdc4cd4eadd61c4434d010d0bae4?s=96&d=mm&r=g","width":96,"height":96,"caption":"Alejo Bordon"}},{"@type":"WebPage","@id":"https:\/\/radiosul.net\/wp\/2020\/santa-catarina-entrega-1o-selo-arte-para-produtor-de-queijo-serrano\/#webpage","url":"https:\/\/radiosul.net\/wp\/2020\/santa-catarina-entrega-1o-selo-arte-para-produtor-de-queijo-serrano\/","name":"Santa Catarina entrega 1\u00ba Selo Arte para produtor de queijo serrano - radiosul.net","description":"Ap\u00f3s a assinatura de portaria, produtores artesanais t\u00eam uma nova ferramenta para regular a produ\u00e7\u00e3o e alcan\u00e7ar novos mercados para os produtos O queijo serrano produzido pela fam\u00edlia Zanelato de Bom Retiro, em Santa Catarina, \u00e9 o primeiro produto do estado que recebe o selo arte e pode, agora, ser comercializado em todo o pa\u00eds.","inLanguage":"pt-BR","isPartOf":{"@id":"https:\/\/radiosul.net\/wp\/#website"},"breadcrumb":{"@id":"https:\/\/radiosul.net\/wp\/2020\/santa-catarina-entrega-1o-selo-arte-para-produtor-de-queijo-serrano\/#breadcrumblist"},"author":{"@id":"https:\/\/radiosul.net\/wp\/author\/alejo\/#author"},"creator":{"@id":"https:\/\/radiosul.net\/wp\/author\/alejo\/#author"},"image":{"@type":"ImageObject","url":"https:\/\/radiosul.net\/wp\/wp-content\/uploads\/2020\/10\/50340274432_90ed686191_c.jpg","@id":"https:\/\/radiosul.net\/wp\/2020\/santa-catarina-entrega-1o-selo-arte-para-produtor-de-queijo-serrano\/#mainImage","width":800,"height":534,"caption":"Foto: Cidasc"},"primaryImageOfPage":{"@id":"https:\/\/radiosul.net\/wp\/2020\/santa-catarina-entrega-1o-selo-arte-para-produtor-de-queijo-serrano\/#mainImage"},"datePublished":"2020-10-08T07:13:07-03:00","dateModified":"2020-10-08T03:24:51-03:00"},{"@type":"WebSite","@id":"https:\/\/radiosul.net\/wp\/#website","url":"https:\/\/radiosul.net\/wp\/","name":"radiosul.net","description":"Regional por Excel\u00eancia","inLanguage":"pt-BR","publisher":{"@id":"https:\/\/radiosul.net\/wp\/#organization"}}]},"og:locale":"pt_BR","og:site_name":"radiosul.net - Regional por Excel\u00eancia","og:type":"article","og:title":"Santa Catarina entrega 1\u00ba Selo Arte para produtor de queijo serrano - radiosul.net","og:description":"Ap\u00f3s a assinatura de portaria, produtores artesanais t\u00eam uma nova ferramenta para regular a produ\u00e7\u00e3o e alcan\u00e7ar novos mercados para os produtos O queijo serrano produzido pela fam\u00edlia Zanelato de Bom Retiro, em Santa Catarina, \u00e9 o primeiro produto do estado que recebe o selo arte e pode, agora, ser comercializado em todo o pa\u00eds.","og:url":"https:\/\/radiosul.net\/wp\/2020\/santa-catarina-entrega-1o-selo-arte-para-produtor-de-queijo-serrano\/","article:published_time":"2020-10-08T10:13:07+00:00","article:modified_time":"2020-10-08T06:24:51+00:00","twitter:card":"summary_large_image","twitter:title":"Santa Catarina entrega 1\u00ba Selo Arte para produtor de queijo serrano - radiosul.net","twitter:description":"Ap\u00f3s a assinatura de portaria, produtores artesanais t\u00eam uma nova ferramenta para regular a produ\u00e7\u00e3o e alcan\u00e7ar novos mercados para os produtos O queijo serrano produzido pela fam\u00edlia Zanelato de Bom Retiro, em Santa Catarina, \u00e9 o primeiro produto do estado que recebe o selo arte e pode, agora, ser comercializado em todo o pa\u00eds."},"aioseo_meta_data":{"post_id":"15823","title":null,"description":null,"keywords":null,"keyphrases":null,"primary_term":null,"canonical_url":null,"og_title":null,"og_description":null,"og_object_type":"default","og_image_type":"default","og_image_url":null,"og_image_width":null,"og_image_height":null,"og_image_custom_url":null,"og_image_custom_fields":null,"og_video":null,"og_custom_url":null,"og_article_section":null,"og_article_tags":null,"twitter_use_og":false,"twitter_card":"default","twitter_image_type":"default","twitter_image_url":null,"twitter_image_custom_url":null,"twitter_image_custom_fields":null,"twitter_title":null,"twitter_description":null,"schema":{"blockGraphs":[],"customGraphs":[],"default":{"data":{"Article":[],"Course":[],"Dataset":[],"FAQPage":[],"Movie":[],"Person":[],"Product":[],"ProductReview":[],"Car":[],"Recipe":[],"Service":[],"SoftwareApplication":[],"WebPage":[]},"graphName":"","isEnabled":true},"graphs":[]},"schema_type":"default","schema_type_options":null,"pillar_content":false,"robots_default":true,"robots_noindex":false,"robots_noarchive":false,"robots_nosnippet":false,"robots_nofollow":false,"robots_noimageindex":false,"robots_noodp":false,"robots_notranslate":false,"robots_max_snippet":null,"robots_max_videopreview":null,"robots_max_imagepreview":"large","priority":null,"frequency":null,"local_seo":null,"breadcrumb_settings":null,"limit_modified_date":false,"ai":null,"created":"2026-01-08 23:33:19","updated":"2026-01-08 23:33:19","seo_analyzer_scan_date":null,"focus_keyword":null,"additional_keywords":null,"truseo_locale":null},"aioseo_breadcrumb":"<div class=\"aioseo-breadcrumbs\"><span class=\"aioseo-breadcrumb\">\n\t\t\t<a href=\"https:\/\/radiosul.net\/wp\" title=\"Home\">Home<\/a>\n\t\t<\/span><span class=\"aioseo-breadcrumb-separator\">&raquo;<\/span><span class=\"aioseo-breadcrumb\">\n\t\t\t<a href=\"https:\/\/radiosul.net\/wp\/category\/agro\/\" title=\"Agroneg\u00f3cio\">Agroneg\u00f3cio<\/a>\n\t\t<\/span><span class=\"aioseo-breadcrumb-separator\">&raquo;<\/span><span class=\"aioseo-breadcrumb\">\n\t\t\tSanta Catarina entrega 1\u00ba Selo Arte para produtor de queijo serrano\n\t\t<\/span><\/div>","aioseo_breadcrumb_json":[{"label":"Home","link":"https:\/\/radiosul.net\/wp"},{"label":"Agroneg\u00f3cio","link":"https:\/\/radiosul.net\/wp\/category\/agro\/"},{"label":"Santa Catarina entrega 1\u00ba Selo Arte para produtor de queijo serrano","link":"https:\/\/radiosul.net\/wp\/2020\/santa-catarina-entrega-1o-selo-arte-para-produtor-de-queijo-serrano\/"}],"_links":{"self":[{"href":"https:\/\/radiosul.net\/wp\/wp-json\/wp\/v2\/posts\/15823","targetHints":{"allow":["GET"]}}],"collection":[{"href":"https:\/\/radiosul.net\/wp\/wp-json\/wp\/v2\/posts"}],"about":[{"href":"https:\/\/radiosul.net\/wp\/wp-json\/wp\/v2\/types\/post"}],"author":[{"embeddable":true,"href":"https:\/\/radiosul.net\/wp\/wp-json\/wp\/v2\/users\/9"}],"replies":[{"embeddable":true,"href":"https:\/\/radiosul.net\/wp\/wp-json\/wp\/v2\/comments?post=15823"}],"version-history":[{"count":1,"href":"https:\/\/radiosul.net\/wp\/wp-json\/wp\/v2\/posts\/15823\/revisions"}],"predecessor-version":[{"id":15830,"href":"https:\/\/radiosul.net\/wp\/wp-json\/wp\/v2\/posts\/15823\/revisions\/15830"}],"wp:featuredmedia":[{"embeddable":true,"href":"https:\/\/radiosul.net\/wp\/wp-json\/wp\/v2\/media\/15825"}],"wp:attachment":[{"href":"https:\/\/radiosul.net\/wp\/wp-json\/wp\/v2\/media?parent=15823"}],"wp:term":[{"taxonomy":"category","embeddable":true,"href":"https:\/\/radiosul.net\/wp\/wp-json\/wp\/v2\/categories?post=15823"},{"taxonomy":"post_tag","embeddable":true,"href":"https:\/\/radiosul.net\/wp\/wp-json\/wp\/v2\/tags?post=15823"}],"curies":[{"name":"wp","href":"https:\/\/api.w.org\/{rel}","templated":true}]}}