{"id":15813,"date":"2020-10-07T14:02:19","date_gmt":"2020-10-07T17:02:19","guid":{"rendered":"https:\/\/radiosul.net\/wp\/?p=15813"},"modified":"2020-10-07T14:02:22","modified_gmt":"2020-10-07T17:02:22","slug":"seminario-estadual-de-febre-aftosa-sera-realizado-em-dezembro","status":"publish","type":"post","link":"https:\/\/radiosul.net\/wp\/2020\/seminario-estadual-de-febre-aftosa-sera-realizado-em-dezembro\/","title":{"rendered":"Semin\u00e1rio Estadual de Febre Aftosa ser\u00e1 realizado em dezembro"},"content":{"rendered":"\n<p class=\"wp-block-paragraph\">Est\u00e1 marcado para 3 de dezembro um grande evento virtual para atualizar produtores, &nbsp;representantes do setor de prote\u00edna animal, entidades &nbsp;de classe, prefeitos, t\u00e9cnicos e estudantes sobre o que vem sendo feito para o avan\u00e7o de status sanit\u00e1rio do Rio Grande do Sul. A realiza\u00e7\u00e3o do Semin\u00e1rio Estadual de Febre Aftosa foi discutida nesta ter\u00e7a-feira em reuni\u00e3o online do Grupo Gestor do Plano Estrat\u00e9gico do Pnefa (Programa Nacional de Vigil\u00e2ncia para a Febre Aftosa) e integra as exig\u00eancias do Minist\u00e9rio da Agricultura.<\/p>\n\n\n\n<p class=\"wp-block-paragraph\">Para o chefe da Divis\u00e3o de Sa\u00fade Animal da Secretaria da Agricultura, &nbsp;Fernando Groff, ser\u00e1 a oportunidade de mostrar ao p\u00fablico do setor todos os avan\u00e7os que vem sendo realizados, bem como \u201cpontuar a import\u00e2ncia da atua\u00e7\u00e3o de todos para manter o rebanho livre da doen\u00e7a\u201d. O presidente do Fundo de Desenvolvimento e Defesa Sanit\u00e1ria Animal do RS, Rog\u00e9rio Kerber, destacou as a\u00e7\u00f5es do fundo para comunicar aos produtores a import\u00e2ncia da responsabilidade compartilhada. \u201cTemos, ao longo dos anos, falado aos produtores de diversas formas, seja em entrevistas \u00e0s emissoras de r\u00e1dio do interior ou na produ\u00e7\u00e3o de materiais impressos para o apoio do Servi\u00e7o Veterin\u00e1rio Oficial. Seguimos no prop\u00f3sito de contribuir para o fortalecimento da defesa sanit\u00e1ria no estado\u201d, concluiu.<\/p>\n\n\n\n<p class=\"wp-block-paragraph\">Na reuni\u00e3o tamb\u00e9m ficaram definidos dois novos encontros antes do Semin\u00e1rio Estadual, para alinhamento de pautas, convidados e forma de participa\u00e7\u00e3o digital. No encontro desta ter\u00e7a-feira, participaram, al\u00e9m da coordena\u00e7\u00e3o da Secretaria da Agricultura, Fundesa-RS, Conselho Regional de Medicina Veterin\u00e1ria do Rio Grande do Sul, Sicardergs, SIPS-RS, FecoAgro-RS, Febrac, e Divis\u00e3o de Febre Aftosa (Difa) do Minist\u00e9rio da Agricultura.<\/p>\n\n\n\n<p class=\"wp-block-paragraph\">Confira a mat\u00e9ria em \u00e1udio:<\/p>\n\n\n\n<figure class=\"wp-block-audio\"><audio controls src=\"https:\/\/radiosul.net\/wp\/wp-content\/uploads\/2020\/10\/WhatsApp-Audio-2020-10-07-at-12.15.03.mp4\"><\/audio><\/figure>\n\n\n\n<p class=\"wp-block-paragraph\"><\/p>\n\n\n\n<p class=\"wp-block-paragraph\"><strong><em>Fonte: Thais D&#8217;avila<\/em><\/strong><\/p>\n","protected":false},"excerpt":{"rendered":"<p>Est\u00e1 marcado para 3 de dezembro um grande evento virtual para atualizar produtores, &nbsp;representantes do setor de prote\u00edna animal, entidades &nbsp;de classe, prefeitos, t\u00e9cnicos e estudantes sobre o que vem sendo feito para o avan\u00e7o de status sanit\u00e1rio do Rio Grande do Sul. A realiza\u00e7\u00e3o do Semin\u00e1rio Estadual de Febre Aftosa foi discutida nesta ter\u00e7a-feira &hellip;<\/p>\n","protected":false},"author":9,"featured_media":15815,"comment_status":"closed","ping_status":"closed","sticky":false,"template":"","format":"standard","meta":{"_monsterinsights_skip_tracking":false,"_uf_show_specific_survey":0,"_uf_disable_surveys":false,"footnotes":""},"categories":[1,126],"tags":[],"class_list":["post-15813","post","type-post","status-publish","format-standard","has-post-thumbnail","hentry","category-agro","category-destacados"],"aioseo_notices":[],"aioseo_head":"\n\t\t<!-- All in One SEO 5.0.1.1 - aioseo.com -->\n\t<meta name=\"description\" content=\"Est\u00e1 marcado para 3 de dezembro um grande evento virtual para atualizar produtores, representantes do setor de prote\u00edna animal, entidades de classe, prefeitos, t\u00e9cnicos e estudantes sobre o que vem sendo feito para o avan\u00e7o de status sanit\u00e1rio do Rio Grande do Sul. A realiza\u00e7\u00e3o do Semin\u00e1rio Estadual de Febre Aftosa foi discutida nesta ter\u00e7a-feira\" \/>\n\t<meta name=\"robots\" content=\"max-image-preview:large\" \/>\n\t<meta name=\"author\" content=\"Alejo Bordon\"\/>\n\t<link rel=\"canonical\" href=\"https:\/\/radiosul.net\/wp\/2020\/seminario-estadual-de-febre-aftosa-sera-realizado-em-dezembro\/\" \/>\n\t<meta name=\"generator\" content=\"All in One SEO (AIOSEO) 5.0.1.1\" \/>\n\t\t<meta property=\"og:locale\" content=\"pt_BR\" \/>\n\t\t<meta property=\"og:site_name\" content=\"radiosul.net - Regional por Excel\u00eancia\" \/>\n\t\t<meta property=\"og:type\" content=\"article\" \/>\n\t\t<meta property=\"og:title\" content=\"Semin\u00e1rio Estadual de Febre Aftosa ser\u00e1 realizado em dezembro - radiosul.net\" \/>\n\t\t<meta property=\"og:description\" content=\"Est\u00e1 marcado para 3 de dezembro um grande evento virtual para atualizar produtores, representantes do setor de prote\u00edna animal, entidades de classe, prefeitos, t\u00e9cnicos e estudantes sobre o que vem sendo feito para o avan\u00e7o de status sanit\u00e1rio do Rio Grande do Sul. A realiza\u00e7\u00e3o do Semin\u00e1rio Estadual de Febre Aftosa foi discutida nesta ter\u00e7a-feira\" \/>\n\t\t<meta property=\"og:url\" content=\"https:\/\/radiosul.net\/wp\/2020\/seminario-estadual-de-febre-aftosa-sera-realizado-em-dezembro\/\" \/>\n\t\t<meta property=\"article:published_time\" content=\"2020-10-07T17:02:19+00:00\" \/>\n\t\t<meta property=\"article:modified_time\" content=\"2020-10-07T17:02:22+00:00\" \/>\n\t\t<meta name=\"twitter:card\" content=\"summary_large_image\" \/>\n\t\t<meta name=\"twitter:title\" content=\"Semin\u00e1rio Estadual de Febre Aftosa ser\u00e1 realizado em dezembro - radiosul.net\" \/>\n\t\t<meta name=\"twitter:description\" content=\"Est\u00e1 marcado para 3 de dezembro um grande evento virtual para atualizar produtores, representantes do setor de prote\u00edna animal, entidades de classe, prefeitos, t\u00e9cnicos e estudantes sobre o que vem sendo feito para o avan\u00e7o de status sanit\u00e1rio do Rio Grande do Sul. A realiza\u00e7\u00e3o do Semin\u00e1rio Estadual de Febre Aftosa foi discutida nesta ter\u00e7a-feira\" \/>\n\t\t<script type=\"application\/ld+json\" class=\"aioseo-schema\">\n\t\t\t{\"@context\":\"https:\\\/\\\/schema.org\",\"@graph\":[{\"@type\":\"BlogPosting\",\"@id\":\"https:\\\/\\\/radiosul.net\\\/wp\\\/2020\\\/seminario-estadual-de-febre-aftosa-sera-realizado-em-dezembro\\\/#blogposting\",\"name\":\"Semin\\u00e1rio Estadual de Febre Aftosa ser\\u00e1 realizado em dezembro - radiosul.net\",\"headline\":\"Semin\\u00e1rio Estadual de Febre Aftosa ser\\u00e1 realizado em dezembro\",\"author\":{\"@id\":\"https:\\\/\\\/radiosul.net\\\/wp\\\/author\\\/alejo\\\/#author\"},\"publisher\":{\"@id\":\"https:\\\/\\\/radiosul.net\\\/wp\\\/#organization\"},\"image\":{\"@type\":\"ImageObject\",\"url\":\"https:\\\/\\\/radiosul.net\\\/wp\\\/wp-content\\\/uploads\\\/2020\\\/10\\\/IMG-20201007-WA0024.jpg\",\"width\":1280,\"height\":612},\"datePublished\":\"2020-10-07T14:02:19-03:00\",\"dateModified\":\"2020-10-07T14:02:22-03:00\",\"inLanguage\":\"pt-BR\",\"mainEntityOfPage\":{\"@id\":\"https:\\\/\\\/radiosul.net\\\/wp\\\/2020\\\/seminario-estadual-de-febre-aftosa-sera-realizado-em-dezembro\\\/#webpage\"},\"isPartOf\":{\"@id\":\"https:\\\/\\\/radiosul.net\\\/wp\\\/2020\\\/seminario-estadual-de-febre-aftosa-sera-realizado-em-dezembro\\\/#webpage\"},\"articleSection\":\"Agroneg\\u00f3cio, Destaque\"},{\"@type\":\"BreadcrumbList\",\"@id\":\"https:\\\/\\\/radiosul.net\\\/wp\\\/2020\\\/seminario-estadual-de-febre-aftosa-sera-realizado-em-dezembro\\\/#breadcrumblist\",\"itemListElement\":[{\"@type\":\"ListItem\",\"@id\":\"https:\\\/\\\/radiosul.net\\\/wp#listItem\",\"position\":1,\"name\":\"Home\",\"item\":\"https:\\\/\\\/radiosul.net\\\/wp\",\"nextItem\":{\"@type\":\"ListItem\",\"@id\":\"https:\\\/\\\/radiosul.net\\\/wp\\\/category\\\/agro\\\/#listItem\",\"name\":\"Agroneg\\u00f3cio\"}},{\"@type\":\"ListItem\",\"@id\":\"https:\\\/\\\/radiosul.net\\\/wp\\\/category\\\/agro\\\/#listItem\",\"position\":2,\"name\":\"Agroneg\\u00f3cio\",\"item\":\"https:\\\/\\\/radiosul.net\\\/wp\\\/category\\\/agro\\\/\",\"nextItem\":{\"@type\":\"ListItem\",\"@id\":\"https:\\\/\\\/radiosul.net\\\/wp\\\/2020\\\/seminario-estadual-de-febre-aftosa-sera-realizado-em-dezembro\\\/#listItem\",\"name\":\"Semin\\u00e1rio Estadual de Febre Aftosa ser\\u00e1 realizado em dezembro\"},\"previousItem\":{\"@type\":\"ListItem\",\"@id\":\"https:\\\/\\\/radiosul.net\\\/wp#listItem\",\"name\":\"Home\"}},{\"@type\":\"ListItem\",\"@id\":\"https:\\\/\\\/radiosul.net\\\/wp\\\/2020\\\/seminario-estadual-de-febre-aftosa-sera-realizado-em-dezembro\\\/#listItem\",\"position\":3,\"name\":\"Semin\\u00e1rio Estadual de Febre Aftosa ser\\u00e1 realizado em dezembro\",\"previousItem\":{\"@type\":\"ListItem\",\"@id\":\"https:\\\/\\\/radiosul.net\\\/wp\\\/category\\\/agro\\\/#listItem\",\"name\":\"Agroneg\\u00f3cio\"}}]},{\"@type\":\"Organization\",\"@id\":\"https:\\\/\\\/radiosul.net\\\/wp\\\/#organization\",\"name\":\"radiosul.net\",\"description\":\"Regional por Excel\\u00eancia\",\"url\":\"https:\\\/\\\/radiosul.net\\\/wp\\\/\"},{\"@type\":\"Person\",\"@id\":\"https:\\\/\\\/radiosul.net\\\/wp\\\/author\\\/alejo\\\/#author\",\"url\":\"https:\\\/\\\/radiosul.net\\\/wp\\\/author\\\/alejo\\\/\",\"name\":\"Alejo Bordon\",\"image\":{\"@type\":\"ImageObject\",\"@id\":\"https:\\\/\\\/radiosul.net\\\/wp\\\/2020\\\/seminario-estadual-de-febre-aftosa-sera-realizado-em-dezembro\\\/#authorImage\",\"url\":\"https:\\\/\\\/secure.gravatar.com\\\/avatar\\\/b3a7e7f1c71212e6a5b7183b79a2ab58dad8bdc4cd4eadd61c4434d010d0bae4?s=96&d=mm&r=g\",\"width\":96,\"height\":96,\"caption\":\"Alejo Bordon\"}},{\"@type\":\"WebPage\",\"@id\":\"https:\\\/\\\/radiosul.net\\\/wp\\\/2020\\\/seminario-estadual-de-febre-aftosa-sera-realizado-em-dezembro\\\/#webpage\",\"url\":\"https:\\\/\\\/radiosul.net\\\/wp\\\/2020\\\/seminario-estadual-de-febre-aftosa-sera-realizado-em-dezembro\\\/\",\"name\":\"Semin\\u00e1rio Estadual de Febre Aftosa ser\\u00e1 realizado em dezembro - radiosul.net\",\"description\":\"Est\\u00e1 marcado para 3 de dezembro um grande evento virtual para atualizar produtores, representantes do setor de prote\\u00edna animal, entidades de classe, prefeitos, t\\u00e9cnicos e estudantes sobre o que vem sendo feito para o avan\\u00e7o de status sanit\\u00e1rio do Rio Grande do Sul. A realiza\\u00e7\\u00e3o do Semin\\u00e1rio Estadual de Febre Aftosa foi discutida nesta ter\\u00e7a-feira\",\"inLanguage\":\"pt-BR\",\"isPartOf\":{\"@id\":\"https:\\\/\\\/radiosul.net\\\/wp\\\/#website\"},\"breadcrumb\":{\"@id\":\"https:\\\/\\\/radiosul.net\\\/wp\\\/2020\\\/seminario-estadual-de-febre-aftosa-sera-realizado-em-dezembro\\\/#breadcrumblist\"},\"author\":{\"@id\":\"https:\\\/\\\/radiosul.net\\\/wp\\\/author\\\/alejo\\\/#author\"},\"creator\":{\"@id\":\"https:\\\/\\\/radiosul.net\\\/wp\\\/author\\\/alejo\\\/#author\"},\"image\":{\"@type\":\"ImageObject\",\"url\":\"https:\\\/\\\/radiosul.net\\\/wp\\\/wp-content\\\/uploads\\\/2020\\\/10\\\/IMG-20201007-WA0024.jpg\",\"@id\":\"https:\\\/\\\/radiosul.net\\\/wp\\\/2020\\\/seminario-estadual-de-febre-aftosa-sera-realizado-em-dezembro\\\/#mainImage\",\"width\":1280,\"height\":612},\"primaryImageOfPage\":{\"@id\":\"https:\\\/\\\/radiosul.net\\\/wp\\\/2020\\\/seminario-estadual-de-febre-aftosa-sera-realizado-em-dezembro\\\/#mainImage\"},\"datePublished\":\"2020-10-07T14:02:19-03:00\",\"dateModified\":\"2020-10-07T14:02:22-03:00\"},{\"@type\":\"WebSite\",\"@id\":\"https:\\\/\\\/radiosul.net\\\/wp\\\/#website\",\"url\":\"https:\\\/\\\/radiosul.net\\\/wp\\\/\",\"name\":\"radiosul.net\",\"description\":\"Regional por Excel\\u00eancia\",\"inLanguage\":\"pt-BR\",\"publisher\":{\"@id\":\"https:\\\/\\\/radiosul.net\\\/wp\\\/#organization\"}}]}\n\t\t<\/script>\n\t\t<!-- All in One SEO -->\n\n","aioseo_head_json":{"title":"Semin\u00e1rio Estadual de Febre Aftosa ser\u00e1 realizado em dezembro - radiosul.net","description":"Est\u00e1 marcado para 3 de dezembro um grande evento virtual para atualizar produtores, representantes do setor de prote\u00edna animal, entidades de classe, prefeitos, t\u00e9cnicos e estudantes sobre o que vem sendo feito para o avan\u00e7o de status sanit\u00e1rio do Rio Grande do Sul. A realiza\u00e7\u00e3o do Semin\u00e1rio Estadual de Febre Aftosa foi discutida nesta ter\u00e7a-feira","canonical_url":"https:\/\/radiosul.net\/wp\/2020\/seminario-estadual-de-febre-aftosa-sera-realizado-em-dezembro\/","robots":"max-image-preview:large","keywords":"","webmasterTools":{"miscellaneous":""},"schema":{"@context":"https:\/\/schema.org","@graph":[{"@type":"BlogPosting","@id":"https:\/\/radiosul.net\/wp\/2020\/seminario-estadual-de-febre-aftosa-sera-realizado-em-dezembro\/#blogposting","name":"Semin\u00e1rio Estadual de Febre Aftosa ser\u00e1 realizado em dezembro - radiosul.net","headline":"Semin\u00e1rio Estadual de Febre Aftosa ser\u00e1 realizado em dezembro","author":{"@id":"https:\/\/radiosul.net\/wp\/author\/alejo\/#author"},"publisher":{"@id":"https:\/\/radiosul.net\/wp\/#organization"},"image":{"@type":"ImageObject","url":"https:\/\/radiosul.net\/wp\/wp-content\/uploads\/2020\/10\/IMG-20201007-WA0024.jpg","width":1280,"height":612},"datePublished":"2020-10-07T14:02:19-03:00","dateModified":"2020-10-07T14:02:22-03:00","inLanguage":"pt-BR","mainEntityOfPage":{"@id":"https:\/\/radiosul.net\/wp\/2020\/seminario-estadual-de-febre-aftosa-sera-realizado-em-dezembro\/#webpage"},"isPartOf":{"@id":"https:\/\/radiosul.net\/wp\/2020\/seminario-estadual-de-febre-aftosa-sera-realizado-em-dezembro\/#webpage"},"articleSection":"Agroneg\u00f3cio, Destaque"},{"@type":"BreadcrumbList","@id":"https:\/\/radiosul.net\/wp\/2020\/seminario-estadual-de-febre-aftosa-sera-realizado-em-dezembro\/#breadcrumblist","itemListElement":[{"@type":"ListItem","@id":"https:\/\/radiosul.net\/wp#listItem","position":1,"name":"Home","item":"https:\/\/radiosul.net\/wp","nextItem":{"@type":"ListItem","@id":"https:\/\/radiosul.net\/wp\/category\/agro\/#listItem","name":"Agroneg\u00f3cio"}},{"@type":"ListItem","@id":"https:\/\/radiosul.net\/wp\/category\/agro\/#listItem","position":2,"name":"Agroneg\u00f3cio","item":"https:\/\/radiosul.net\/wp\/category\/agro\/","nextItem":{"@type":"ListItem","@id":"https:\/\/radiosul.net\/wp\/2020\/seminario-estadual-de-febre-aftosa-sera-realizado-em-dezembro\/#listItem","name":"Semin\u00e1rio Estadual de Febre Aftosa ser\u00e1 realizado em dezembro"},"previousItem":{"@type":"ListItem","@id":"https:\/\/radiosul.net\/wp#listItem","name":"Home"}},{"@type":"ListItem","@id":"https:\/\/radiosul.net\/wp\/2020\/seminario-estadual-de-febre-aftosa-sera-realizado-em-dezembro\/#listItem","position":3,"name":"Semin\u00e1rio Estadual de Febre Aftosa ser\u00e1 realizado em dezembro","previousItem":{"@type":"ListItem","@id":"https:\/\/radiosul.net\/wp\/category\/agro\/#listItem","name":"Agroneg\u00f3cio"}}]},{"@type":"Organization","@id":"https:\/\/radiosul.net\/wp\/#organization","name":"radiosul.net","description":"Regional por Excel\u00eancia","url":"https:\/\/radiosul.net\/wp\/"},{"@type":"Person","@id":"https:\/\/radiosul.net\/wp\/author\/alejo\/#author","url":"https:\/\/radiosul.net\/wp\/author\/alejo\/","name":"Alejo Bordon","image":{"@type":"ImageObject","@id":"https:\/\/radiosul.net\/wp\/2020\/seminario-estadual-de-febre-aftosa-sera-realizado-em-dezembro\/#authorImage","url":"https:\/\/secure.gravatar.com\/avatar\/b3a7e7f1c71212e6a5b7183b79a2ab58dad8bdc4cd4eadd61c4434d010d0bae4?s=96&d=mm&r=g","width":96,"height":96,"caption":"Alejo Bordon"}},{"@type":"WebPage","@id":"https:\/\/radiosul.net\/wp\/2020\/seminario-estadual-de-febre-aftosa-sera-realizado-em-dezembro\/#webpage","url":"https:\/\/radiosul.net\/wp\/2020\/seminario-estadual-de-febre-aftosa-sera-realizado-em-dezembro\/","name":"Semin\u00e1rio Estadual de Febre Aftosa ser\u00e1 realizado em dezembro - radiosul.net","description":"Est\u00e1 marcado para 3 de dezembro um grande evento virtual para atualizar produtores, representantes do setor de prote\u00edna animal, entidades de classe, prefeitos, t\u00e9cnicos e estudantes sobre o que vem sendo feito para o avan\u00e7o de status sanit\u00e1rio do Rio Grande do Sul. A realiza\u00e7\u00e3o do Semin\u00e1rio Estadual de Febre Aftosa foi discutida nesta ter\u00e7a-feira","inLanguage":"pt-BR","isPartOf":{"@id":"https:\/\/radiosul.net\/wp\/#website"},"breadcrumb":{"@id":"https:\/\/radiosul.net\/wp\/2020\/seminario-estadual-de-febre-aftosa-sera-realizado-em-dezembro\/#breadcrumblist"},"author":{"@id":"https:\/\/radiosul.net\/wp\/author\/alejo\/#author"},"creator":{"@id":"https:\/\/radiosul.net\/wp\/author\/alejo\/#author"},"image":{"@type":"ImageObject","url":"https:\/\/radiosul.net\/wp\/wp-content\/uploads\/2020\/10\/IMG-20201007-WA0024.jpg","@id":"https:\/\/radiosul.net\/wp\/2020\/seminario-estadual-de-febre-aftosa-sera-realizado-em-dezembro\/#mainImage","width":1280,"height":612},"primaryImageOfPage":{"@id":"https:\/\/radiosul.net\/wp\/2020\/seminario-estadual-de-febre-aftosa-sera-realizado-em-dezembro\/#mainImage"},"datePublished":"2020-10-07T14:02:19-03:00","dateModified":"2020-10-07T14:02:22-03:00"},{"@type":"WebSite","@id":"https:\/\/radiosul.net\/wp\/#website","url":"https:\/\/radiosul.net\/wp\/","name":"radiosul.net","description":"Regional por Excel\u00eancia","inLanguage":"pt-BR","publisher":{"@id":"https:\/\/radiosul.net\/wp\/#organization"}}]},"og:locale":"pt_BR","og:site_name":"radiosul.net - Regional por Excel\u00eancia","og:type":"article","og:title":"Semin\u00e1rio Estadual de Febre Aftosa ser\u00e1 realizado em dezembro - radiosul.net","og:description":"Est\u00e1 marcado para 3 de dezembro um grande evento virtual para atualizar produtores, representantes do setor de prote\u00edna animal, entidades de classe, prefeitos, t\u00e9cnicos e estudantes sobre o que vem sendo feito para o avan\u00e7o de status sanit\u00e1rio do Rio Grande do Sul. A realiza\u00e7\u00e3o do Semin\u00e1rio Estadual de Febre Aftosa foi discutida nesta ter\u00e7a-feira","og:url":"https:\/\/radiosul.net\/wp\/2020\/seminario-estadual-de-febre-aftosa-sera-realizado-em-dezembro\/","article:published_time":"2020-10-07T17:02:19+00:00","article:modified_time":"2020-10-07T17:02:22+00:00","twitter:card":"summary_large_image","twitter:title":"Semin\u00e1rio Estadual de Febre Aftosa ser\u00e1 realizado em dezembro - radiosul.net","twitter:description":"Est\u00e1 marcado para 3 de dezembro um grande evento virtual para atualizar produtores, representantes do setor de prote\u00edna animal, entidades de classe, prefeitos, t\u00e9cnicos e estudantes sobre o que vem sendo feito para o avan\u00e7o de status sanit\u00e1rio do Rio Grande do Sul. A realiza\u00e7\u00e3o do Semin\u00e1rio Estadual de Febre Aftosa foi discutida nesta ter\u00e7a-feira"},"aioseo_meta_data":{"post_id":"15813","title":null,"description":null,"keywords":null,"keyphrases":null,"primary_term":null,"canonical_url":null,"og_title":null,"og_description":null,"og_object_type":"default","og_image_type":"default","og_image_url":null,"og_image_width":null,"og_image_height":null,"og_image_custom_url":null,"og_image_custom_fields":null,"og_video":null,"og_custom_url":null,"og_article_section":null,"og_article_tags":null,"twitter_use_og":false,"twitter_card":"default","twitter_image_type":"default","twitter_image_url":null,"twitter_image_custom_url":null,"twitter_image_custom_fields":null,"twitter_title":null,"twitter_description":null,"schema":{"blockGraphs":[],"customGraphs":[],"default":{"data":{"Article":[],"Course":[],"Dataset":[],"FAQPage":[],"Movie":[],"Person":[],"Product":[],"ProductReview":[],"Car":[],"Recipe":[],"Service":[],"SoftwareApplication":[],"WebPage":[]},"graphName":"","isEnabled":true},"graphs":[]},"schema_type":"default","schema_type_options":null,"pillar_content":false,"robots_default":true,"robots_noindex":false,"robots_noarchive":false,"robots_nosnippet":false,"robots_nofollow":false,"robots_noimageindex":false,"robots_noodp":false,"robots_notranslate":false,"robots_max_snippet":null,"robots_max_videopreview":null,"robots_max_imagepreview":"large","priority":null,"frequency":null,"local_seo":null,"breadcrumb_settings":null,"limit_modified_date":false,"ai":null,"created":"2026-01-08 23:33:19","updated":"2026-01-08 23:33:19","seo_analyzer_scan_date":null,"focus_keyword":null,"additional_keywords":null,"truseo_locale":null},"aioseo_breadcrumb":"<div class=\"aioseo-breadcrumbs\"><span class=\"aioseo-breadcrumb\">\n\t\t\t<a href=\"https:\/\/radiosul.net\/wp\" title=\"Home\">Home<\/a>\n\t\t<\/span><span class=\"aioseo-breadcrumb-separator\">&raquo;<\/span><span class=\"aioseo-breadcrumb\">\n\t\t\t<a href=\"https:\/\/radiosul.net\/wp\/category\/agro\/\" title=\"Agroneg\u00f3cio\">Agroneg\u00f3cio<\/a>\n\t\t<\/span><span class=\"aioseo-breadcrumb-separator\">&raquo;<\/span><span class=\"aioseo-breadcrumb\">\n\t\t\tSemin\u00e1rio Estadual de Febre Aftosa ser\u00e1 realizado em dezembro\n\t\t<\/span><\/div>","aioseo_breadcrumb_json":[{"label":"Home","link":"https:\/\/radiosul.net\/wp"},{"label":"Agroneg\u00f3cio","link":"https:\/\/radiosul.net\/wp\/category\/agro\/"},{"label":"Semin\u00e1rio Estadual de Febre Aftosa ser\u00e1 realizado em dezembro","link":"https:\/\/radiosul.net\/wp\/2020\/seminario-estadual-de-febre-aftosa-sera-realizado-em-dezembro\/"}],"_links":{"self":[{"href":"https:\/\/radiosul.net\/wp\/wp-json\/wp\/v2\/posts\/15813","targetHints":{"allow":["GET"]}}],"collection":[{"href":"https:\/\/radiosul.net\/wp\/wp-json\/wp\/v2\/posts"}],"about":[{"href":"https:\/\/radiosul.net\/wp\/wp-json\/wp\/v2\/types\/post"}],"author":[{"embeddable":true,"href":"https:\/\/radiosul.net\/wp\/wp-json\/wp\/v2\/users\/9"}],"replies":[{"embeddable":true,"href":"https:\/\/radiosul.net\/wp\/wp-json\/wp\/v2\/comments?post=15813"}],"version-history":[{"count":1,"href":"https:\/\/radiosul.net\/wp\/wp-json\/wp\/v2\/posts\/15813\/revisions"}],"predecessor-version":[{"id":15816,"href":"https:\/\/radiosul.net\/wp\/wp-json\/wp\/v2\/posts\/15813\/revisions\/15816"}],"wp:featuredmedia":[{"embeddable":true,"href":"https:\/\/radiosul.net\/wp\/wp-json\/wp\/v2\/media\/15815"}],"wp:attachment":[{"href":"https:\/\/radiosul.net\/wp\/wp-json\/wp\/v2\/media?parent=15813"}],"wp:term":[{"taxonomy":"category","embeddable":true,"href":"https:\/\/radiosul.net\/wp\/wp-json\/wp\/v2\/categories?post=15813"},{"taxonomy":"post_tag","embeddable":true,"href":"https:\/\/radiosul.net\/wp\/wp-json\/wp\/v2\/tags?post=15813"}],"curies":[{"name":"wp","href":"https:\/\/api.w.org\/{rel}","templated":true}]}}