{"id":15590,"date":"2020-09-24T17:45:37","date_gmt":"2020-09-24T20:45:37","guid":{"rendered":"https:\/\/radiosul.net\/wp\/?p=15590"},"modified":"2020-09-24T17:45:40","modified_gmt":"2020-09-24T20:45:40","slug":"pescadores-e-maricultores-atingidos-por-fenomenos-climaticos-extremos-recebem-apoio-do-governo-do-estado","status":"publish","type":"post","link":"https:\/\/radiosul.net\/wp\/2020\/pescadores-e-maricultores-atingidos-por-fenomenos-climaticos-extremos-recebem-apoio-do-governo-do-estado\/","title":{"rendered":"Pescadores e maricultores atingidos por fen\u00f4menos clim\u00e1ticos extremos recebem apoio do Governo do Estado"},"content":{"rendered":"\n<p class=\"wp-block-paragraph\">Os pescadores e maricultores que sofreram preju\u00edzos devido a fen\u00f4menos clim\u00e1ticos extremos, como o tornado e ciclones que atingiram Santa Catarina neste ano, contar\u00e3o com o apoio do Governo do Estado para recupera\u00e7\u00e3o das infraestruturas danificadas. Os programas est\u00e3o abertos tamb\u00e9m para os produtores rurais catarinenses.<\/p>\n\n\n\n<p class=\"wp-block-paragraph\">O secret\u00e1rio da Agricultura, Ricardo de Gouv\u00eaa, refor\u00e7a que essa \u00e9 uma forma do Governo estar ao lado dos produtores e pescadores, dando suporte para que eles possam seguir em frente em suas atividades, trabalhando para produzir alimentos e movimentando a economia de Santa Catarina.<\/p>\n\n\n\n<p class=\"wp-block-paragraph\">\u201cNeste ano, infelizmente, tivemos v\u00e1rios efeitos clim\u00e1ticos extremos que acabaram afetando os pescadores e produtores rurais de Santa Catarina. O lan\u00e7amento dos novos programas e as altera\u00e7\u00f5es em linhas de apoio j\u00e1 existentes ser\u00e3o importantes para a reconstru\u00e7\u00e3o da infraestrutura e para minimizar os preju\u00edzos causados pela passagem do ciclone e do tornado\u201d, explica.<\/p>\n\n\n\n<p class=\"wp-block-paragraph\">Os pescadores e maricultores poder\u00e3o acessar o Projeto Reconstr\u00f3i &#8211; SC, uma nova linha de financiamentos sem juros, e o Projeto Recupera SC &#8211; Menos Juros, que apoia o pagamento de juros dos financiamentos contra\u00eddos.<\/p>\n\n\n\n<p class=\"wp-block-paragraph\">Os interessados em participar dos Projetos devem procurar o escrit\u00f3rio da Epagri do seu munic\u00edpio.<\/p>\n\n\n\n<h2 class=\"wp-block-heading\">Projeto Reconstr\u00f3i-SC<\/h2>\n\n\n\n<p class=\"wp-block-paragraph\">Com o Projeto Especial de Apoio \u00e0 Recupera\u00e7\u00e3o de Infraestrutura das Propriedades Rurais e Pesqueiras, os produtores rurais e pescadores poder\u00e3o contrair financiamentos de at\u00e9 R$ 10 mil, com cinco anos de prazo para pagamento, dois anos de car\u00eancia, com parcelas anuais e sem juros. A Secretaria da Agricultura dar\u00e1 uma subven\u00e7\u00e3o de 50% para cada parcela paga em dia.<\/p>\n\n\n\n<p class=\"wp-block-paragraph\">Os recursos devem ser usados para a recupera\u00e7\u00e3o das estruturas destru\u00eddas por eventos clim\u00e1ticos e para minimizar os preju\u00edzos causados. Para se beneficiar do Reconstr\u00f3i &#8211; SC, os produtores e pescadores devem ter renda bruta anual de at\u00e9 R$ 415 mil e, no m\u00ednimo, 50% da renda oriunda de atividades agropecu\u00e1rias nos munic\u00edpios afetados e priorizados pelas regras do Projeto.<\/p>\n\n\n\n<h2 class=\"wp-block-heading\">Recupera SC &#8211; Menos Juros<\/h2>\n\n\n\n<p class=\"wp-block-paragraph\">O Projeto Recupera-SC \u2013 Menos Juros destinar\u00e1 R$ 3,6 milh\u00f5es em oito anos para subven\u00e7\u00e3o aos juros de financiamentos contra\u00eddos para reconstru\u00e7\u00e3o de sistemas produtivos. A medida possibilitar\u00e1 investimentos de R$ 20 milh\u00f5es no meio rural e pesqueiro catarinense.<\/p>\n\n\n\n<p class=\"wp-block-paragraph\">Os produtores rurais e pescadores poder\u00e3o contrair financiamentos junto aos agentes banc\u00e1rios, num limite de R$ 40 mil e com prazo de at\u00e9 oito anos para pagar. A Secretaria da Agricultura pagar\u00e1 os juros do investimento em at\u00e9 4% ao ano.<\/p>\n\n\n\n<p class=\"wp-block-paragraph\">Poder\u00e3o ser apoiados projetos de investimentos na recupera\u00e7\u00e3o dos sistemas produtivos, incluindo benfeitorias, embarca\u00e7\u00f5es, m\u00e1quinas e equipamentos danificados.<\/p>\n\n\n\n<p class=\"wp-block-paragraph\">Para participar do Projeto, os produtores rurais e pescadores devem ter renda bruta anual de at\u00e9 R$ 415 mil e morar nos munic\u00edpios afetados pelo ciclone bomba ou pelo tornado, contemplados em decreto de estado de calamidade p\u00fablica do poder executivo estadual, bem como Decretos Municipais, reconhecidos pela Defesa Civil Estadual.<\/p>\n\n\n\n<h2 class=\"wp-block-heading\">Eventos clim\u00e1ticos extremos em Santa Catarina<\/h2>\n\n\n\n<p class=\"wp-block-paragraph\">Em junho, um ciclone bomba atingiu Santa Catarina e causou preju\u00edzos em centenas de munic\u00edpios. A agricultura contabilizou perdas na ordem de R$ 304,6 milh\u00f5es.<\/p>\n\n\n\n<p class=\"wp-block-paragraph\">No dia 14 e 15 de agosto, os catarinenses tiveram a ocorr\u00eancia de tornado, quando foram atingidos 1.119 estabelecimentos agropecu\u00e1rios em 22 munic\u00edpios, concentrados no Planalto Sul, Planalto Norte, Meio Oeste e Litoral Norte Catarinense. As perdas chegam a R$ 50 milh\u00f5es na \u00e1rea rural.<\/p>\n\n\n\n<p class=\"wp-block-paragraph\"><strong><em>Fonte: Secretaria da Agricultura, da Pesca e do Desenvolvimento Rural<\/em><\/strong><\/p>\n","protected":false},"excerpt":{"rendered":"<p>Os pescadores e maricultores que sofreram preju\u00edzos devido a fen\u00f4menos clim\u00e1ticos extremos, como o tornado e ciclones que atingiram Santa Catarina neste ano, contar\u00e3o com o apoio do Governo do Estado para recupera\u00e7\u00e3o das infraestruturas danificadas. Os programas est\u00e3o abertos tamb\u00e9m para os produtores rurais catarinenses. O secret\u00e1rio da Agricultura, Ricardo de Gouv\u00eaa, refor\u00e7a que &hellip;<\/p>\n","protected":false},"author":9,"featured_media":15587,"comment_status":"closed","ping_status":"closed","sticky":false,"template":"","format":"standard","meta":{"_monsterinsights_skip_tracking":false,"_uf_show_specific_survey":0,"_uf_disable_surveys":false,"footnotes":""},"categories":[1,126],"tags":[],"class_list":["post-15590","post","type-post","status-publish","format-standard","has-post-thumbnail","hentry","category-agro","category-destacados"],"aioseo_notices":[],"aioseo_head":"\n\t\t<!-- All in One SEO 5.0.1.1 - aioseo.com -->\n\t<meta name=\"description\" content=\"Os pescadores e maricultores que sofreram preju\u00edzos devido a fen\u00f4menos clim\u00e1ticos extremos, como o tornado e ciclones que atingiram Santa Catarina neste ano, contar\u00e3o com o apoio do Governo do Estado para recupera\u00e7\u00e3o das infraestruturas danificadas. Os programas est\u00e3o abertos tamb\u00e9m para os produtores rurais catarinenses. O secret\u00e1rio da Agricultura, Ricardo de Gouv\u00eaa, refor\u00e7a que\" \/>\n\t<meta name=\"robots\" content=\"max-image-preview:large\" \/>\n\t<meta name=\"author\" content=\"Alejo Bordon\"\/>\n\t<link rel=\"canonical\" href=\"https:\/\/radiosul.net\/wp\/2020\/pescadores-e-maricultores-atingidos-por-fenomenos-climaticos-extremos-recebem-apoio-do-governo-do-estado\/\" \/>\n\t<meta name=\"generator\" content=\"All in One SEO (AIOSEO) 5.0.1.1\" \/>\n\t\t<meta property=\"og:locale\" content=\"pt_BR\" \/>\n\t\t<meta property=\"og:site_name\" content=\"radiosul.net - Regional por Excel\u00eancia\" \/>\n\t\t<meta property=\"og:type\" content=\"article\" \/>\n\t\t<meta property=\"og:title\" content=\"Pescadores e maricultores atingidos por fen\u00f4menos clim\u00e1ticos extremos recebem apoio do Governo do Estado - radiosul.net\" \/>\n\t\t<meta property=\"og:description\" content=\"Os pescadores e maricultores que sofreram preju\u00edzos devido a fen\u00f4menos clim\u00e1ticos extremos, como o tornado e ciclones que atingiram Santa Catarina neste ano, contar\u00e3o com o apoio do Governo do Estado para recupera\u00e7\u00e3o das infraestruturas danificadas. Os programas est\u00e3o abertos tamb\u00e9m para os produtores rurais catarinenses. O secret\u00e1rio da Agricultura, Ricardo de Gouv\u00eaa, refor\u00e7a que\" \/>\n\t\t<meta property=\"og:url\" content=\"https:\/\/radiosul.net\/wp\/2020\/pescadores-e-maricultores-atingidos-por-fenomenos-climaticos-extremos-recebem-apoio-do-governo-do-estado\/\" \/>\n\t\t<meta property=\"article:published_time\" content=\"2020-09-24T20:45:37+00:00\" \/>\n\t\t<meta property=\"article:modified_time\" content=\"2020-09-24T20:45:40+00:00\" \/>\n\t\t<meta name=\"twitter:card\" content=\"summary_large_image\" \/>\n\t\t<meta name=\"twitter:title\" content=\"Pescadores e maricultores atingidos por fen\u00f4menos clim\u00e1ticos extremos recebem apoio do Governo do Estado - radiosul.net\" \/>\n\t\t<meta name=\"twitter:description\" content=\"Os pescadores e maricultores que sofreram preju\u00edzos devido a fen\u00f4menos clim\u00e1ticos extremos, como o tornado e ciclones que atingiram Santa Catarina neste ano, contar\u00e3o com o apoio do Governo do Estado para recupera\u00e7\u00e3o das infraestruturas danificadas. Os programas est\u00e3o abertos tamb\u00e9m para os produtores rurais catarinenses. O secret\u00e1rio da Agricultura, Ricardo de Gouv\u00eaa, refor\u00e7a que\" \/>\n\t\t<script type=\"application\/ld+json\" class=\"aioseo-schema\">\n\t\t\t{\"@context\":\"https:\\\/\\\/schema.org\",\"@graph\":[{\"@type\":\"BlogPosting\",\"@id\":\"https:\\\/\\\/radiosul.net\\\/wp\\\/2020\\\/pescadores-e-maricultores-atingidos-por-fenomenos-climaticos-extremos-recebem-apoio-do-governo-do-estado\\\/#blogposting\",\"name\":\"Pescadores e maricultores atingidos por fen\\u00f4menos clim\\u00e1ticos extremos recebem apoio do Governo do Estado - radiosul.net\",\"headline\":\"Pescadores e maricultores atingidos por fen\\u00f4menos clim\\u00e1ticos extremos recebem apoio do Governo do Estado\",\"author\":{\"@id\":\"https:\\\/\\\/radiosul.net\\\/wp\\\/author\\\/alejo\\\/#author\"},\"publisher\":{\"@id\":\"https:\\\/\\\/radiosul.net\\\/wp\\\/#organization\"},\"image\":{\"@type\":\"ImageObject\",\"url\":\"https:\\\/\\\/radiosul.net\\\/wp\\\/wp-content\\\/uploads\\\/2020\\\/09\\\/pesca_pescador_tainha_20200924_1125750310.jpg\",\"width\":620,\"height\":413,\"caption\":\"Foto: Mauricio Vieira \\\/ Secom\"},\"datePublished\":\"2020-09-24T17:45:37-03:00\",\"dateModified\":\"2020-09-24T17:45:40-03:00\",\"inLanguage\":\"pt-BR\",\"mainEntityOfPage\":{\"@id\":\"https:\\\/\\\/radiosul.net\\\/wp\\\/2020\\\/pescadores-e-maricultores-atingidos-por-fenomenos-climaticos-extremos-recebem-apoio-do-governo-do-estado\\\/#webpage\"},\"isPartOf\":{\"@id\":\"https:\\\/\\\/radiosul.net\\\/wp\\\/2020\\\/pescadores-e-maricultores-atingidos-por-fenomenos-climaticos-extremos-recebem-apoio-do-governo-do-estado\\\/#webpage\"},\"articleSection\":\"Agroneg\\u00f3cio, Destaque\"},{\"@type\":\"BreadcrumbList\",\"@id\":\"https:\\\/\\\/radiosul.net\\\/wp\\\/2020\\\/pescadores-e-maricultores-atingidos-por-fenomenos-climaticos-extremos-recebem-apoio-do-governo-do-estado\\\/#breadcrumblist\",\"itemListElement\":[{\"@type\":\"ListItem\",\"@id\":\"https:\\\/\\\/radiosul.net\\\/wp#listItem\",\"position\":1,\"name\":\"Home\",\"item\":\"https:\\\/\\\/radiosul.net\\\/wp\",\"nextItem\":{\"@type\":\"ListItem\",\"@id\":\"https:\\\/\\\/radiosul.net\\\/wp\\\/category\\\/agro\\\/#listItem\",\"name\":\"Agroneg\\u00f3cio\"}},{\"@type\":\"ListItem\",\"@id\":\"https:\\\/\\\/radiosul.net\\\/wp\\\/category\\\/agro\\\/#listItem\",\"position\":2,\"name\":\"Agroneg\\u00f3cio\",\"item\":\"https:\\\/\\\/radiosul.net\\\/wp\\\/category\\\/agro\\\/\",\"nextItem\":{\"@type\":\"ListItem\",\"@id\":\"https:\\\/\\\/radiosul.net\\\/wp\\\/2020\\\/pescadores-e-maricultores-atingidos-por-fenomenos-climaticos-extremos-recebem-apoio-do-governo-do-estado\\\/#listItem\",\"name\":\"Pescadores e maricultores atingidos por fen\\u00f4menos clim\\u00e1ticos extremos recebem apoio do Governo do Estado\"},\"previousItem\":{\"@type\":\"ListItem\",\"@id\":\"https:\\\/\\\/radiosul.net\\\/wp#listItem\",\"name\":\"Home\"}},{\"@type\":\"ListItem\",\"@id\":\"https:\\\/\\\/radiosul.net\\\/wp\\\/2020\\\/pescadores-e-maricultores-atingidos-por-fenomenos-climaticos-extremos-recebem-apoio-do-governo-do-estado\\\/#listItem\",\"position\":3,\"name\":\"Pescadores e maricultores atingidos por fen\\u00f4menos clim\\u00e1ticos extremos recebem apoio do Governo do Estado\",\"previousItem\":{\"@type\":\"ListItem\",\"@id\":\"https:\\\/\\\/radiosul.net\\\/wp\\\/category\\\/agro\\\/#listItem\",\"name\":\"Agroneg\\u00f3cio\"}}]},{\"@type\":\"Organization\",\"@id\":\"https:\\\/\\\/radiosul.net\\\/wp\\\/#organization\",\"name\":\"radiosul.net\",\"description\":\"Regional por Excel\\u00eancia\",\"url\":\"https:\\\/\\\/radiosul.net\\\/wp\\\/\"},{\"@type\":\"Person\",\"@id\":\"https:\\\/\\\/radiosul.net\\\/wp\\\/author\\\/alejo\\\/#author\",\"url\":\"https:\\\/\\\/radiosul.net\\\/wp\\\/author\\\/alejo\\\/\",\"name\":\"Alejo Bordon\",\"image\":{\"@type\":\"ImageObject\",\"@id\":\"https:\\\/\\\/radiosul.net\\\/wp\\\/2020\\\/pescadores-e-maricultores-atingidos-por-fenomenos-climaticos-extremos-recebem-apoio-do-governo-do-estado\\\/#authorImage\",\"url\":\"https:\\\/\\\/secure.gravatar.com\\\/avatar\\\/b3a7e7f1c71212e6a5b7183b79a2ab58dad8bdc4cd4eadd61c4434d010d0bae4?s=96&d=mm&r=g\",\"width\":96,\"height\":96,\"caption\":\"Alejo Bordon\"}},{\"@type\":\"WebPage\",\"@id\":\"https:\\\/\\\/radiosul.net\\\/wp\\\/2020\\\/pescadores-e-maricultores-atingidos-por-fenomenos-climaticos-extremos-recebem-apoio-do-governo-do-estado\\\/#webpage\",\"url\":\"https:\\\/\\\/radiosul.net\\\/wp\\\/2020\\\/pescadores-e-maricultores-atingidos-por-fenomenos-climaticos-extremos-recebem-apoio-do-governo-do-estado\\\/\",\"name\":\"Pescadores e maricultores atingidos por fen\\u00f4menos clim\\u00e1ticos extremos recebem apoio do Governo do Estado - radiosul.net\",\"description\":\"Os pescadores e maricultores que sofreram preju\\u00edzos devido a fen\\u00f4menos clim\\u00e1ticos extremos, como o tornado e ciclones que atingiram Santa Catarina neste ano, contar\\u00e3o com o apoio do Governo do Estado para recupera\\u00e7\\u00e3o das infraestruturas danificadas. Os programas est\\u00e3o abertos tamb\\u00e9m para os produtores rurais catarinenses. O secret\\u00e1rio da Agricultura, Ricardo de Gouv\\u00eaa, refor\\u00e7a que\",\"inLanguage\":\"pt-BR\",\"isPartOf\":{\"@id\":\"https:\\\/\\\/radiosul.net\\\/wp\\\/#website\"},\"breadcrumb\":{\"@id\":\"https:\\\/\\\/radiosul.net\\\/wp\\\/2020\\\/pescadores-e-maricultores-atingidos-por-fenomenos-climaticos-extremos-recebem-apoio-do-governo-do-estado\\\/#breadcrumblist\"},\"author\":{\"@id\":\"https:\\\/\\\/radiosul.net\\\/wp\\\/author\\\/alejo\\\/#author\"},\"creator\":{\"@id\":\"https:\\\/\\\/radiosul.net\\\/wp\\\/author\\\/alejo\\\/#author\"},\"image\":{\"@type\":\"ImageObject\",\"url\":\"https:\\\/\\\/radiosul.net\\\/wp\\\/wp-content\\\/uploads\\\/2020\\\/09\\\/pesca_pescador_tainha_20200924_1125750310.jpg\",\"@id\":\"https:\\\/\\\/radiosul.net\\\/wp\\\/2020\\\/pescadores-e-maricultores-atingidos-por-fenomenos-climaticos-extremos-recebem-apoio-do-governo-do-estado\\\/#mainImage\",\"width\":620,\"height\":413,\"caption\":\"Foto: Mauricio Vieira \\\/ Secom\"},\"primaryImageOfPage\":{\"@id\":\"https:\\\/\\\/radiosul.net\\\/wp\\\/2020\\\/pescadores-e-maricultores-atingidos-por-fenomenos-climaticos-extremos-recebem-apoio-do-governo-do-estado\\\/#mainImage\"},\"datePublished\":\"2020-09-24T17:45:37-03:00\",\"dateModified\":\"2020-09-24T17:45:40-03:00\"},{\"@type\":\"WebSite\",\"@id\":\"https:\\\/\\\/radiosul.net\\\/wp\\\/#website\",\"url\":\"https:\\\/\\\/radiosul.net\\\/wp\\\/\",\"name\":\"radiosul.net\",\"description\":\"Regional por Excel\\u00eancia\",\"inLanguage\":\"pt-BR\",\"publisher\":{\"@id\":\"https:\\\/\\\/radiosul.net\\\/wp\\\/#organization\"}}]}\n\t\t<\/script>\n\t\t<!-- All in One SEO -->\n\n","aioseo_head_json":{"title":"Pescadores e maricultores atingidos por fen\u00f4menos clim\u00e1ticos extremos recebem apoio do Governo do Estado - radiosul.net","description":"Os pescadores e maricultores que sofreram preju\u00edzos devido a fen\u00f4menos clim\u00e1ticos extremos, como o tornado e ciclones que atingiram Santa Catarina neste ano, contar\u00e3o com o apoio do Governo do Estado para recupera\u00e7\u00e3o das infraestruturas danificadas. Os programas est\u00e3o abertos tamb\u00e9m para os produtores rurais catarinenses. O secret\u00e1rio da Agricultura, Ricardo de Gouv\u00eaa, refor\u00e7a que","canonical_url":"https:\/\/radiosul.net\/wp\/2020\/pescadores-e-maricultores-atingidos-por-fenomenos-climaticos-extremos-recebem-apoio-do-governo-do-estado\/","robots":"max-image-preview:large","keywords":"","webmasterTools":{"miscellaneous":""},"schema":{"@context":"https:\/\/schema.org","@graph":[{"@type":"BlogPosting","@id":"https:\/\/radiosul.net\/wp\/2020\/pescadores-e-maricultores-atingidos-por-fenomenos-climaticos-extremos-recebem-apoio-do-governo-do-estado\/#blogposting","name":"Pescadores e maricultores atingidos por fen\u00f4menos clim\u00e1ticos extremos recebem apoio do Governo do Estado - radiosul.net","headline":"Pescadores e maricultores atingidos por fen\u00f4menos clim\u00e1ticos extremos recebem apoio do Governo do Estado","author":{"@id":"https:\/\/radiosul.net\/wp\/author\/alejo\/#author"},"publisher":{"@id":"https:\/\/radiosul.net\/wp\/#organization"},"image":{"@type":"ImageObject","url":"https:\/\/radiosul.net\/wp\/wp-content\/uploads\/2020\/09\/pesca_pescador_tainha_20200924_1125750310.jpg","width":620,"height":413,"caption":"Foto: Mauricio Vieira \/ Secom"},"datePublished":"2020-09-24T17:45:37-03:00","dateModified":"2020-09-24T17:45:40-03:00","inLanguage":"pt-BR","mainEntityOfPage":{"@id":"https:\/\/radiosul.net\/wp\/2020\/pescadores-e-maricultores-atingidos-por-fenomenos-climaticos-extremos-recebem-apoio-do-governo-do-estado\/#webpage"},"isPartOf":{"@id":"https:\/\/radiosul.net\/wp\/2020\/pescadores-e-maricultores-atingidos-por-fenomenos-climaticos-extremos-recebem-apoio-do-governo-do-estado\/#webpage"},"articleSection":"Agroneg\u00f3cio, Destaque"},{"@type":"BreadcrumbList","@id":"https:\/\/radiosul.net\/wp\/2020\/pescadores-e-maricultores-atingidos-por-fenomenos-climaticos-extremos-recebem-apoio-do-governo-do-estado\/#breadcrumblist","itemListElement":[{"@type":"ListItem","@id":"https:\/\/radiosul.net\/wp#listItem","position":1,"name":"Home","item":"https:\/\/radiosul.net\/wp","nextItem":{"@type":"ListItem","@id":"https:\/\/radiosul.net\/wp\/category\/agro\/#listItem","name":"Agroneg\u00f3cio"}},{"@type":"ListItem","@id":"https:\/\/radiosul.net\/wp\/category\/agro\/#listItem","position":2,"name":"Agroneg\u00f3cio","item":"https:\/\/radiosul.net\/wp\/category\/agro\/","nextItem":{"@type":"ListItem","@id":"https:\/\/radiosul.net\/wp\/2020\/pescadores-e-maricultores-atingidos-por-fenomenos-climaticos-extremos-recebem-apoio-do-governo-do-estado\/#listItem","name":"Pescadores e maricultores atingidos por fen\u00f4menos clim\u00e1ticos extremos recebem apoio do Governo do Estado"},"previousItem":{"@type":"ListItem","@id":"https:\/\/radiosul.net\/wp#listItem","name":"Home"}},{"@type":"ListItem","@id":"https:\/\/radiosul.net\/wp\/2020\/pescadores-e-maricultores-atingidos-por-fenomenos-climaticos-extremos-recebem-apoio-do-governo-do-estado\/#listItem","position":3,"name":"Pescadores e maricultores atingidos por fen\u00f4menos clim\u00e1ticos extremos recebem apoio do Governo do Estado","previousItem":{"@type":"ListItem","@id":"https:\/\/radiosul.net\/wp\/category\/agro\/#listItem","name":"Agroneg\u00f3cio"}}]},{"@type":"Organization","@id":"https:\/\/radiosul.net\/wp\/#organization","name":"radiosul.net","description":"Regional por Excel\u00eancia","url":"https:\/\/radiosul.net\/wp\/"},{"@type":"Person","@id":"https:\/\/radiosul.net\/wp\/author\/alejo\/#author","url":"https:\/\/radiosul.net\/wp\/author\/alejo\/","name":"Alejo Bordon","image":{"@type":"ImageObject","@id":"https:\/\/radiosul.net\/wp\/2020\/pescadores-e-maricultores-atingidos-por-fenomenos-climaticos-extremos-recebem-apoio-do-governo-do-estado\/#authorImage","url":"https:\/\/secure.gravatar.com\/avatar\/b3a7e7f1c71212e6a5b7183b79a2ab58dad8bdc4cd4eadd61c4434d010d0bae4?s=96&d=mm&r=g","width":96,"height":96,"caption":"Alejo Bordon"}},{"@type":"WebPage","@id":"https:\/\/radiosul.net\/wp\/2020\/pescadores-e-maricultores-atingidos-por-fenomenos-climaticos-extremos-recebem-apoio-do-governo-do-estado\/#webpage","url":"https:\/\/radiosul.net\/wp\/2020\/pescadores-e-maricultores-atingidos-por-fenomenos-climaticos-extremos-recebem-apoio-do-governo-do-estado\/","name":"Pescadores e maricultores atingidos por fen\u00f4menos clim\u00e1ticos extremos recebem apoio do Governo do Estado - radiosul.net","description":"Os pescadores e maricultores que sofreram preju\u00edzos devido a fen\u00f4menos clim\u00e1ticos extremos, como o tornado e ciclones que atingiram Santa Catarina neste ano, contar\u00e3o com o apoio do Governo do Estado para recupera\u00e7\u00e3o das infraestruturas danificadas. Os programas est\u00e3o abertos tamb\u00e9m para os produtores rurais catarinenses. O secret\u00e1rio da Agricultura, Ricardo de Gouv\u00eaa, refor\u00e7a que","inLanguage":"pt-BR","isPartOf":{"@id":"https:\/\/radiosul.net\/wp\/#website"},"breadcrumb":{"@id":"https:\/\/radiosul.net\/wp\/2020\/pescadores-e-maricultores-atingidos-por-fenomenos-climaticos-extremos-recebem-apoio-do-governo-do-estado\/#breadcrumblist"},"author":{"@id":"https:\/\/radiosul.net\/wp\/author\/alejo\/#author"},"creator":{"@id":"https:\/\/radiosul.net\/wp\/author\/alejo\/#author"},"image":{"@type":"ImageObject","url":"https:\/\/radiosul.net\/wp\/wp-content\/uploads\/2020\/09\/pesca_pescador_tainha_20200924_1125750310.jpg","@id":"https:\/\/radiosul.net\/wp\/2020\/pescadores-e-maricultores-atingidos-por-fenomenos-climaticos-extremos-recebem-apoio-do-governo-do-estado\/#mainImage","width":620,"height":413,"caption":"Foto: Mauricio Vieira \/ Secom"},"primaryImageOfPage":{"@id":"https:\/\/radiosul.net\/wp\/2020\/pescadores-e-maricultores-atingidos-por-fenomenos-climaticos-extremos-recebem-apoio-do-governo-do-estado\/#mainImage"},"datePublished":"2020-09-24T17:45:37-03:00","dateModified":"2020-09-24T17:45:40-03:00"},{"@type":"WebSite","@id":"https:\/\/radiosul.net\/wp\/#website","url":"https:\/\/radiosul.net\/wp\/","name":"radiosul.net","description":"Regional por Excel\u00eancia","inLanguage":"pt-BR","publisher":{"@id":"https:\/\/radiosul.net\/wp\/#organization"}}]},"og:locale":"pt_BR","og:site_name":"radiosul.net - Regional por Excel\u00eancia","og:type":"article","og:title":"Pescadores e maricultores atingidos por fen\u00f4menos clim\u00e1ticos extremos recebem apoio do Governo do Estado - radiosul.net","og:description":"Os pescadores e maricultores que sofreram preju\u00edzos devido a fen\u00f4menos clim\u00e1ticos extremos, como o tornado e ciclones que atingiram Santa Catarina neste ano, contar\u00e3o com o apoio do Governo do Estado para recupera\u00e7\u00e3o das infraestruturas danificadas. Os programas est\u00e3o abertos tamb\u00e9m para os produtores rurais catarinenses. O secret\u00e1rio da Agricultura, Ricardo de Gouv\u00eaa, refor\u00e7a que","og:url":"https:\/\/radiosul.net\/wp\/2020\/pescadores-e-maricultores-atingidos-por-fenomenos-climaticos-extremos-recebem-apoio-do-governo-do-estado\/","article:published_time":"2020-09-24T20:45:37+00:00","article:modified_time":"2020-09-24T20:45:40+00:00","twitter:card":"summary_large_image","twitter:title":"Pescadores e maricultores atingidos por fen\u00f4menos clim\u00e1ticos extremos recebem apoio do Governo do Estado - radiosul.net","twitter:description":"Os pescadores e maricultores que sofreram preju\u00edzos devido a fen\u00f4menos clim\u00e1ticos extremos, como o tornado e ciclones que atingiram Santa Catarina neste ano, contar\u00e3o com o apoio do Governo do Estado para recupera\u00e7\u00e3o das infraestruturas danificadas. Os programas est\u00e3o abertos tamb\u00e9m para os produtores rurais catarinenses. O secret\u00e1rio da Agricultura, Ricardo de Gouv\u00eaa, refor\u00e7a que"},"aioseo_meta_data":{"post_id":"15590","title":null,"description":null,"keywords":null,"keyphrases":null,"primary_term":null,"canonical_url":null,"og_title":null,"og_description":null,"og_object_type":"default","og_image_type":"default","og_image_url":null,"og_image_width":null,"og_image_height":null,"og_image_custom_url":null,"og_image_custom_fields":null,"og_video":null,"og_custom_url":null,"og_article_section":null,"og_article_tags":null,"twitter_use_og":false,"twitter_card":"default","twitter_image_type":"default","twitter_image_url":null,"twitter_image_custom_url":null,"twitter_image_custom_fields":null,"twitter_title":null,"twitter_description":null,"schema":{"blockGraphs":[],"customGraphs":[],"default":{"data":{"Article":[],"Course":[],"Dataset":[],"FAQPage":[],"Movie":[],"Person":[],"Product":[],"ProductReview":[],"Car":[],"Recipe":[],"Service":[],"SoftwareApplication":[],"WebPage":[]},"graphName":"","isEnabled":true},"graphs":[]},"schema_type":"default","schema_type_options":null,"pillar_content":false,"robots_default":true,"robots_noindex":false,"robots_noarchive":false,"robots_nosnippet":false,"robots_nofollow":false,"robots_noimageindex":false,"robots_noodp":false,"robots_notranslate":false,"robots_max_snippet":null,"robots_max_videopreview":null,"robots_max_imagepreview":"large","priority":null,"frequency":null,"local_seo":null,"breadcrumb_settings":null,"limit_modified_date":false,"ai":null,"created":"2026-01-08 23:14:45","updated":"2026-01-08 23:14:45","seo_analyzer_scan_date":null,"focus_keyword":null,"additional_keywords":null,"truseo_locale":null},"aioseo_breadcrumb":"<div class=\"aioseo-breadcrumbs\"><span class=\"aioseo-breadcrumb\">\n\t\t\t<a href=\"https:\/\/radiosul.net\/wp\" title=\"Home\">Home<\/a>\n\t\t<\/span><span class=\"aioseo-breadcrumb-separator\">&raquo;<\/span><span class=\"aioseo-breadcrumb\">\n\t\t\t<a href=\"https:\/\/radiosul.net\/wp\/category\/agro\/\" title=\"Agroneg\u00f3cio\">Agroneg\u00f3cio<\/a>\n\t\t<\/span><span class=\"aioseo-breadcrumb-separator\">&raquo;<\/span><span class=\"aioseo-breadcrumb\">\n\t\t\tPescadores e maricultores atingidos por fen\u00f4menos clim\u00e1ticos extremos recebem apoio do Governo do Estado\n\t\t<\/span><\/div>","aioseo_breadcrumb_json":[{"label":"Home","link":"https:\/\/radiosul.net\/wp"},{"label":"Agroneg\u00f3cio","link":"https:\/\/radiosul.net\/wp\/category\/agro\/"},{"label":"Pescadores e maricultores atingidos por fen\u00f4menos clim\u00e1ticos extremos recebem apoio do Governo do Estado","link":"https:\/\/radiosul.net\/wp\/2020\/pescadores-e-maricultores-atingidos-por-fenomenos-climaticos-extremos-recebem-apoio-do-governo-do-estado\/"}],"_links":{"self":[{"href":"https:\/\/radiosul.net\/wp\/wp-json\/wp\/v2\/posts\/15590","targetHints":{"allow":["GET"]}}],"collection":[{"href":"https:\/\/radiosul.net\/wp\/wp-json\/wp\/v2\/posts"}],"about":[{"href":"https:\/\/radiosul.net\/wp\/wp-json\/wp\/v2\/types\/post"}],"author":[{"embeddable":true,"href":"https:\/\/radiosul.net\/wp\/wp-json\/wp\/v2\/users\/9"}],"replies":[{"embeddable":true,"href":"https:\/\/radiosul.net\/wp\/wp-json\/wp\/v2\/comments?post=15590"}],"version-history":[{"count":1,"href":"https:\/\/radiosul.net\/wp\/wp-json\/wp\/v2\/posts\/15590\/revisions"}],"predecessor-version":[{"id":15591,"href":"https:\/\/radiosul.net\/wp\/wp-json\/wp\/v2\/posts\/15590\/revisions\/15591"}],"wp:featuredmedia":[{"embeddable":true,"href":"https:\/\/radiosul.net\/wp\/wp-json\/wp\/v2\/media\/15587"}],"wp:attachment":[{"href":"https:\/\/radiosul.net\/wp\/wp-json\/wp\/v2\/media?parent=15590"}],"wp:term":[{"taxonomy":"category","embeddable":true,"href":"https:\/\/radiosul.net\/wp\/wp-json\/wp\/v2\/categories?post=15590"},{"taxonomy":"post_tag","embeddable":true,"href":"https:\/\/radiosul.net\/wp\/wp-json\/wp\/v2\/tags?post=15590"}],"curies":[{"name":"wp","href":"https:\/\/api.w.org\/{rel}","templated":true}]}}