{"id":15513,"date":"2020-09-22T09:20:14","date_gmt":"2020-09-22T12:20:14","guid":{"rendered":"https:\/\/radiosul.net\/wp\/?p=15513"},"modified":"2020-09-22T09:20:16","modified_gmt":"2020-09-22T12:20:16","slug":"boi-gordo-precos-avancam-no-centro-norte","status":"publish","type":"post","link":"https:\/\/radiosul.net\/wp\/2020\/boi-gordo-precos-avancam-no-centro-norte\/","title":{"rendered":"Boi gordo: pre\u00e7os avan\u00e7am no centro-norte"},"content":{"rendered":"\n<p class=\"wp-block-paragraph\"><em>Segundo o analista de Safras &amp; Mercado a oferta restrita atinge especialmente os animais que cumprem os requisitos para exporta\u00e7\u00e3o ao mercado chin\u00eas<\/em><\/p>\n\n\n\n<p class=\"wp-block-paragraph\">O mercado f\u00edsico do boi gordo inicia a semana com continuidade do movimento de alta no centro-norte do pa\u00eds. O movimento nas demais regi\u00f5es ocorreu de maneira mais cadenciada. No mercado paulista a percep\u00e7\u00e3o \u00e9 que est\u00e1 mais f\u00e1cil a composi\u00e7\u00e3o das escalas com boiadas de outras regi\u00f5es produtoras. A oferta local permanece muito restrita.<\/p>\n\n\n\n<p class=\"wp-block-paragraph\">Segundo o analista de Safras &amp; Mercado, Fernando Henrique Iglesias, no geral, a oferta de animais terminados permanece restrita em grande parte do pa\u00eds, com uma dificuldade adicional para os animais que cumprem os requisitos para exporta\u00e7\u00e3o ao mercado chin\u00eas. \u201cEstes s\u00e3o muito disputados. As exporta\u00e7\u00f5es permanecem em \u00f3timo n\u00edvel durante o m\u00eas de setembro, avaliando o grande apetite chin\u00eas em 2020\u201d, afirma.<\/p>\n\n\n\n<p class=\"wp-block-paragraph\">Em S\u00e3o Paulo, Capital, os pre\u00e7os do mercado \u00e0 vista ficaram em R$ 254 a arroba, ante R$ 253 a arroba na sexta, 18. Em Uberaba, Minas Gerais, os valores subiram de R$ 250 para R$ 251 a arroba. Em Dourados, no Mato Grosso do Sul, a cota\u00e7\u00e3o chegou em R$ 249\/250 a arroba, contra R$ 249 na \u00faltima sexta-feira. Em Goi\u00e2nia, Goi\u00e1s, o pre\u00e7o indicado foi de R$ 242 arroba, inalterado. J\u00e1 em Cuiab\u00e1, no Mato Grosso, o pre\u00e7o ficou em R$ 232 a arroba, ante R$ 231.<\/p>\n\n\n\n<h3 class=\"wp-block-heading\">Atacado<\/h3>\n\n\n\n<p class=\"wp-block-paragraph\">O mercado atacado inicia a semana com pre\u00e7os acomodados. A tend\u00eancia aponta para pouco espa\u00e7o para reajustes, uma vez que este per\u00edodo do m\u00eas \u00e9 tradicionalmente pautado por uma reposi\u00e7\u00e3o mais lenta entre atacado e varejo.<\/p>\n\n\n\n<p class=\"wp-block-paragraph\">As exporta\u00e7\u00f5es de carne bovina fresca, refrigerada ou congelada do Brasil renderam US$ 386,056 milh\u00f5es em setembro (13 dias \u00fateis), com m\u00e9dia di\u00e1ria de US$ 29,696 milh\u00f5es. A quantidade total exportada pelo pa\u00eds chegou a 94,369 mil toneladas, com m\u00e9dia di\u00e1ria de 7,259 mil toneladas. O pre\u00e7o m\u00e9dio da tonelada ficou em US$ 4.090,90. Na compara\u00e7\u00e3o com setembro de 2019, houve alta de 6,84% no valor m\u00e9dio di\u00e1rio, ganho de 10,24% na quantidade m\u00e9dia di\u00e1ria e queda de 3,08% no pre\u00e7o m\u00e9dio. Os dados s\u00e3o do Minist\u00e9rio da Ind\u00fastria, Com\u00e9rcio e Servi\u00e7os e foram divulgados pela Secretaria de Com\u00e9rcio Exterior.<\/p>\n\n\n\n<p class=\"wp-block-paragraph\">O Corte traseiro permanece cotado a R$ 18, por quilo. Ponta de agulha ainda \u00e9 precificada R$ 14,20, por quilo. Corte dianteiro segue precificado a R$ 14,25, por quilo.<\/p>\n\n\n\n<h3 class=\"wp-block-heading\">C\u00e2mbio<\/h3>\n\n\n\n<p class=\"wp-block-paragraph\">O d\u00f3lar comercial encerrou a sess\u00e3o em alta de 0,44%, sendo negociado a R$ 5,3990 para venda e a R$ 5,3970 para compra. Durante o dia, a moda norte-americana oscilou entre a m\u00ednima de R$ 5,3900 e a m\u00e1xima de R$ 5,4990.<\/p>\n\n\n\n<p class=\"wp-block-paragraph\"><strong><em>Fonte: Ag\u00eancia Safras<\/em><\/strong><\/p>\n","protected":false},"excerpt":{"rendered":"<p>Segundo o analista de Safras &amp; Mercado a oferta restrita atinge especialmente os animais que cumprem os requisitos para exporta\u00e7\u00e3o ao mercado chin\u00eas O mercado f\u00edsico do boi gordo inicia a semana com continuidade do movimento de alta no centro-norte do pa\u00eds. O movimento nas demais regi\u00f5es ocorreu de maneira mais cadenciada. No mercado paulista &hellip;<\/p>\n","protected":false},"author":9,"featured_media":15514,"comment_status":"closed","ping_status":"closed","sticky":false,"template":"","format":"standard","meta":{"_monsterinsights_skip_tracking":false,"_uf_show_specific_survey":0,"_uf_disable_surveys":false,"footnotes":""},"categories":[1,126],"tags":[],"class_list":["post-15513","post","type-post","status-publish","format-standard","has-post-thumbnail","hentry","category-agro","category-destacados"],"aioseo_notices":[],"aioseo_head":"\n\t\t<!-- All in One SEO 5.0.1.1 - aioseo.com -->\n\t<meta name=\"description\" content=\"Segundo o analista de Safras &amp; Mercado a oferta restrita atinge especialmente os animais que cumprem os requisitos para exporta\u00e7\u00e3o ao mercado chin\u00eas O mercado f\u00edsico do boi gordo inicia a semana com continuidade do movimento de alta no centro-norte do pa\u00eds. O movimento nas demais regi\u00f5es ocorreu de maneira mais cadenciada. No mercado paulista\" \/>\n\t<meta name=\"robots\" content=\"max-image-preview:large\" \/>\n\t<meta name=\"author\" content=\"Alejo Bordon\"\/>\n\t<link rel=\"canonical\" href=\"https:\/\/radiosul.net\/wp\/2020\/boi-gordo-precos-avancam-no-centro-norte\/\" \/>\n\t<meta name=\"generator\" content=\"All in One SEO (AIOSEO) 5.0.1.1\" \/>\n\t\t<meta property=\"og:locale\" content=\"pt_BR\" \/>\n\t\t<meta property=\"og:site_name\" content=\"radiosul.net - Regional por Excel\u00eancia\" \/>\n\t\t<meta property=\"og:type\" content=\"article\" \/>\n\t\t<meta property=\"og:title\" content=\"Boi gordo: pre\u00e7os avan\u00e7am no centro-norte - radiosul.net\" \/>\n\t\t<meta property=\"og:description\" content=\"Segundo o analista de Safras &amp; Mercado a oferta restrita atinge especialmente os animais que cumprem os requisitos para exporta\u00e7\u00e3o ao mercado chin\u00eas O mercado f\u00edsico do boi gordo inicia a semana com continuidade do movimento de alta no centro-norte do pa\u00eds. O movimento nas demais regi\u00f5es ocorreu de maneira mais cadenciada. No mercado paulista\" \/>\n\t\t<meta property=\"og:url\" content=\"https:\/\/radiosul.net\/wp\/2020\/boi-gordo-precos-avancam-no-centro-norte\/\" \/>\n\t\t<meta property=\"article:published_time\" content=\"2020-09-22T12:20:14+00:00\" \/>\n\t\t<meta property=\"article:modified_time\" content=\"2020-09-22T12:20:16+00:00\" \/>\n\t\t<meta name=\"twitter:card\" content=\"summary_large_image\" \/>\n\t\t<meta name=\"twitter:title\" content=\"Boi gordo: pre\u00e7os avan\u00e7am no centro-norte - radiosul.net\" \/>\n\t\t<meta name=\"twitter:description\" content=\"Segundo o analista de Safras &amp; Mercado a oferta restrita atinge especialmente os animais que cumprem os requisitos para exporta\u00e7\u00e3o ao mercado chin\u00eas O mercado f\u00edsico do boi gordo inicia a semana com continuidade do movimento de alta no centro-norte do pa\u00eds. O movimento nas demais regi\u00f5es ocorreu de maneira mais cadenciada. No mercado paulista\" \/>\n\t\t<script type=\"application\/ld+json\" class=\"aioseo-schema\">\n\t\t\t{\"@context\":\"https:\\\/\\\/schema.org\",\"@graph\":[{\"@type\":\"BlogPosting\",\"@id\":\"https:\\\/\\\/radiosul.net\\\/wp\\\/2020\\\/boi-gordo-precos-avancam-no-centro-norte\\\/#blogposting\",\"name\":\"Boi gordo: pre\\u00e7os avan\\u00e7am no centro-norte - radiosul.net\",\"headline\":\"Boi gordo: pre\\u00e7os avan\\u00e7am no centro-norte\",\"author\":{\"@id\":\"https:\\\/\\\/radiosul.net\\\/wp\\\/author\\\/alejo\\\/#author\"},\"publisher\":{\"@id\":\"https:\\\/\\\/radiosul.net\\\/wp\\\/#organization\"},\"image\":{\"@type\":\"ImageObject\",\"url\":\"https:\\\/\\\/radiosul.net\\\/wp\\\/wp-content\\\/uploads\\\/2020\\\/09\\\/boi-confinamento_640x480_acf_cropped.jpg\",\"width\":640,\"height\":480},\"datePublished\":\"2020-09-22T09:20:14-03:00\",\"dateModified\":\"2020-09-22T09:20:16-03:00\",\"inLanguage\":\"pt-BR\",\"mainEntityOfPage\":{\"@id\":\"https:\\\/\\\/radiosul.net\\\/wp\\\/2020\\\/boi-gordo-precos-avancam-no-centro-norte\\\/#webpage\"},\"isPartOf\":{\"@id\":\"https:\\\/\\\/radiosul.net\\\/wp\\\/2020\\\/boi-gordo-precos-avancam-no-centro-norte\\\/#webpage\"},\"articleSection\":\"Agroneg\\u00f3cio, Destaque\"},{\"@type\":\"BreadcrumbList\",\"@id\":\"https:\\\/\\\/radiosul.net\\\/wp\\\/2020\\\/boi-gordo-precos-avancam-no-centro-norte\\\/#breadcrumblist\",\"itemListElement\":[{\"@type\":\"ListItem\",\"@id\":\"https:\\\/\\\/radiosul.net\\\/wp#listItem\",\"position\":1,\"name\":\"Home\",\"item\":\"https:\\\/\\\/radiosul.net\\\/wp\",\"nextItem\":{\"@type\":\"ListItem\",\"@id\":\"https:\\\/\\\/radiosul.net\\\/wp\\\/category\\\/agro\\\/#listItem\",\"name\":\"Agroneg\\u00f3cio\"}},{\"@type\":\"ListItem\",\"@id\":\"https:\\\/\\\/radiosul.net\\\/wp\\\/category\\\/agro\\\/#listItem\",\"position\":2,\"name\":\"Agroneg\\u00f3cio\",\"item\":\"https:\\\/\\\/radiosul.net\\\/wp\\\/category\\\/agro\\\/\",\"nextItem\":{\"@type\":\"ListItem\",\"@id\":\"https:\\\/\\\/radiosul.net\\\/wp\\\/2020\\\/boi-gordo-precos-avancam-no-centro-norte\\\/#listItem\",\"name\":\"Boi gordo: pre\\u00e7os avan\\u00e7am no centro-norte\"},\"previousItem\":{\"@type\":\"ListItem\",\"@id\":\"https:\\\/\\\/radiosul.net\\\/wp#listItem\",\"name\":\"Home\"}},{\"@type\":\"ListItem\",\"@id\":\"https:\\\/\\\/radiosul.net\\\/wp\\\/2020\\\/boi-gordo-precos-avancam-no-centro-norte\\\/#listItem\",\"position\":3,\"name\":\"Boi gordo: pre\\u00e7os avan\\u00e7am no centro-norte\",\"previousItem\":{\"@type\":\"ListItem\",\"@id\":\"https:\\\/\\\/radiosul.net\\\/wp\\\/category\\\/agro\\\/#listItem\",\"name\":\"Agroneg\\u00f3cio\"}}]},{\"@type\":\"Organization\",\"@id\":\"https:\\\/\\\/radiosul.net\\\/wp\\\/#organization\",\"name\":\"radiosul.net\",\"description\":\"Regional por Excel\\u00eancia\",\"url\":\"https:\\\/\\\/radiosul.net\\\/wp\\\/\"},{\"@type\":\"Person\",\"@id\":\"https:\\\/\\\/radiosul.net\\\/wp\\\/author\\\/alejo\\\/#author\",\"url\":\"https:\\\/\\\/radiosul.net\\\/wp\\\/author\\\/alejo\\\/\",\"name\":\"Alejo Bordon\",\"image\":{\"@type\":\"ImageObject\",\"@id\":\"https:\\\/\\\/radiosul.net\\\/wp\\\/2020\\\/boi-gordo-precos-avancam-no-centro-norte\\\/#authorImage\",\"url\":\"https:\\\/\\\/secure.gravatar.com\\\/avatar\\\/b3a7e7f1c71212e6a5b7183b79a2ab58dad8bdc4cd4eadd61c4434d010d0bae4?s=96&d=mm&r=g\",\"width\":96,\"height\":96,\"caption\":\"Alejo Bordon\"}},{\"@type\":\"WebPage\",\"@id\":\"https:\\\/\\\/radiosul.net\\\/wp\\\/2020\\\/boi-gordo-precos-avancam-no-centro-norte\\\/#webpage\",\"url\":\"https:\\\/\\\/radiosul.net\\\/wp\\\/2020\\\/boi-gordo-precos-avancam-no-centro-norte\\\/\",\"name\":\"Boi gordo: pre\\u00e7os avan\\u00e7am no centro-norte - radiosul.net\",\"description\":\"Segundo o analista de Safras & Mercado a oferta restrita atinge especialmente os animais que cumprem os requisitos para exporta\\u00e7\\u00e3o ao mercado chin\\u00eas O mercado f\\u00edsico do boi gordo inicia a semana com continuidade do movimento de alta no centro-norte do pa\\u00eds. O movimento nas demais regi\\u00f5es ocorreu de maneira mais cadenciada. No mercado paulista\",\"inLanguage\":\"pt-BR\",\"isPartOf\":{\"@id\":\"https:\\\/\\\/radiosul.net\\\/wp\\\/#website\"},\"breadcrumb\":{\"@id\":\"https:\\\/\\\/radiosul.net\\\/wp\\\/2020\\\/boi-gordo-precos-avancam-no-centro-norte\\\/#breadcrumblist\"},\"author\":{\"@id\":\"https:\\\/\\\/radiosul.net\\\/wp\\\/author\\\/alejo\\\/#author\"},\"creator\":{\"@id\":\"https:\\\/\\\/radiosul.net\\\/wp\\\/author\\\/alejo\\\/#author\"},\"image\":{\"@type\":\"ImageObject\",\"url\":\"https:\\\/\\\/radiosul.net\\\/wp\\\/wp-content\\\/uploads\\\/2020\\\/09\\\/boi-confinamento_640x480_acf_cropped.jpg\",\"@id\":\"https:\\\/\\\/radiosul.net\\\/wp\\\/2020\\\/boi-gordo-precos-avancam-no-centro-norte\\\/#mainImage\",\"width\":640,\"height\":480},\"primaryImageOfPage\":{\"@id\":\"https:\\\/\\\/radiosul.net\\\/wp\\\/2020\\\/boi-gordo-precos-avancam-no-centro-norte\\\/#mainImage\"},\"datePublished\":\"2020-09-22T09:20:14-03:00\",\"dateModified\":\"2020-09-22T09:20:16-03:00\"},{\"@type\":\"WebSite\",\"@id\":\"https:\\\/\\\/radiosul.net\\\/wp\\\/#website\",\"url\":\"https:\\\/\\\/radiosul.net\\\/wp\\\/\",\"name\":\"radiosul.net\",\"description\":\"Regional por Excel\\u00eancia\",\"inLanguage\":\"pt-BR\",\"publisher\":{\"@id\":\"https:\\\/\\\/radiosul.net\\\/wp\\\/#organization\"}}]}\n\t\t<\/script>\n\t\t<!-- All in One SEO -->\n\n","aioseo_head_json":{"title":"Boi gordo: pre\u00e7os avan\u00e7am no centro-norte - radiosul.net","description":"Segundo o analista de Safras & Mercado a oferta restrita atinge especialmente os animais que cumprem os requisitos para exporta\u00e7\u00e3o ao mercado chin\u00eas O mercado f\u00edsico do boi gordo inicia a semana com continuidade do movimento de alta no centro-norte do pa\u00eds. O movimento nas demais regi\u00f5es ocorreu de maneira mais cadenciada. No mercado paulista","canonical_url":"https:\/\/radiosul.net\/wp\/2020\/boi-gordo-precos-avancam-no-centro-norte\/","robots":"max-image-preview:large","keywords":"","webmasterTools":{"miscellaneous":""},"schema":{"@context":"https:\/\/schema.org","@graph":[{"@type":"BlogPosting","@id":"https:\/\/radiosul.net\/wp\/2020\/boi-gordo-precos-avancam-no-centro-norte\/#blogposting","name":"Boi gordo: pre\u00e7os avan\u00e7am no centro-norte - radiosul.net","headline":"Boi gordo: pre\u00e7os avan\u00e7am no centro-norte","author":{"@id":"https:\/\/radiosul.net\/wp\/author\/alejo\/#author"},"publisher":{"@id":"https:\/\/radiosul.net\/wp\/#organization"},"image":{"@type":"ImageObject","url":"https:\/\/radiosul.net\/wp\/wp-content\/uploads\/2020\/09\/boi-confinamento_640x480_acf_cropped.jpg","width":640,"height":480},"datePublished":"2020-09-22T09:20:14-03:00","dateModified":"2020-09-22T09:20:16-03:00","inLanguage":"pt-BR","mainEntityOfPage":{"@id":"https:\/\/radiosul.net\/wp\/2020\/boi-gordo-precos-avancam-no-centro-norte\/#webpage"},"isPartOf":{"@id":"https:\/\/radiosul.net\/wp\/2020\/boi-gordo-precos-avancam-no-centro-norte\/#webpage"},"articleSection":"Agroneg\u00f3cio, Destaque"},{"@type":"BreadcrumbList","@id":"https:\/\/radiosul.net\/wp\/2020\/boi-gordo-precos-avancam-no-centro-norte\/#breadcrumblist","itemListElement":[{"@type":"ListItem","@id":"https:\/\/radiosul.net\/wp#listItem","position":1,"name":"Home","item":"https:\/\/radiosul.net\/wp","nextItem":{"@type":"ListItem","@id":"https:\/\/radiosul.net\/wp\/category\/agro\/#listItem","name":"Agroneg\u00f3cio"}},{"@type":"ListItem","@id":"https:\/\/radiosul.net\/wp\/category\/agro\/#listItem","position":2,"name":"Agroneg\u00f3cio","item":"https:\/\/radiosul.net\/wp\/category\/agro\/","nextItem":{"@type":"ListItem","@id":"https:\/\/radiosul.net\/wp\/2020\/boi-gordo-precos-avancam-no-centro-norte\/#listItem","name":"Boi gordo: pre\u00e7os avan\u00e7am no centro-norte"},"previousItem":{"@type":"ListItem","@id":"https:\/\/radiosul.net\/wp#listItem","name":"Home"}},{"@type":"ListItem","@id":"https:\/\/radiosul.net\/wp\/2020\/boi-gordo-precos-avancam-no-centro-norte\/#listItem","position":3,"name":"Boi gordo: pre\u00e7os avan\u00e7am no centro-norte","previousItem":{"@type":"ListItem","@id":"https:\/\/radiosul.net\/wp\/category\/agro\/#listItem","name":"Agroneg\u00f3cio"}}]},{"@type":"Organization","@id":"https:\/\/radiosul.net\/wp\/#organization","name":"radiosul.net","description":"Regional por Excel\u00eancia","url":"https:\/\/radiosul.net\/wp\/"},{"@type":"Person","@id":"https:\/\/radiosul.net\/wp\/author\/alejo\/#author","url":"https:\/\/radiosul.net\/wp\/author\/alejo\/","name":"Alejo Bordon","image":{"@type":"ImageObject","@id":"https:\/\/radiosul.net\/wp\/2020\/boi-gordo-precos-avancam-no-centro-norte\/#authorImage","url":"https:\/\/secure.gravatar.com\/avatar\/b3a7e7f1c71212e6a5b7183b79a2ab58dad8bdc4cd4eadd61c4434d010d0bae4?s=96&d=mm&r=g","width":96,"height":96,"caption":"Alejo Bordon"}},{"@type":"WebPage","@id":"https:\/\/radiosul.net\/wp\/2020\/boi-gordo-precos-avancam-no-centro-norte\/#webpage","url":"https:\/\/radiosul.net\/wp\/2020\/boi-gordo-precos-avancam-no-centro-norte\/","name":"Boi gordo: pre\u00e7os avan\u00e7am no centro-norte - radiosul.net","description":"Segundo o analista de Safras & Mercado a oferta restrita atinge especialmente os animais que cumprem os requisitos para exporta\u00e7\u00e3o ao mercado chin\u00eas O mercado f\u00edsico do boi gordo inicia a semana com continuidade do movimento de alta no centro-norte do pa\u00eds. O movimento nas demais regi\u00f5es ocorreu de maneira mais cadenciada. No mercado paulista","inLanguage":"pt-BR","isPartOf":{"@id":"https:\/\/radiosul.net\/wp\/#website"},"breadcrumb":{"@id":"https:\/\/radiosul.net\/wp\/2020\/boi-gordo-precos-avancam-no-centro-norte\/#breadcrumblist"},"author":{"@id":"https:\/\/radiosul.net\/wp\/author\/alejo\/#author"},"creator":{"@id":"https:\/\/radiosul.net\/wp\/author\/alejo\/#author"},"image":{"@type":"ImageObject","url":"https:\/\/radiosul.net\/wp\/wp-content\/uploads\/2020\/09\/boi-confinamento_640x480_acf_cropped.jpg","@id":"https:\/\/radiosul.net\/wp\/2020\/boi-gordo-precos-avancam-no-centro-norte\/#mainImage","width":640,"height":480},"primaryImageOfPage":{"@id":"https:\/\/radiosul.net\/wp\/2020\/boi-gordo-precos-avancam-no-centro-norte\/#mainImage"},"datePublished":"2020-09-22T09:20:14-03:00","dateModified":"2020-09-22T09:20:16-03:00"},{"@type":"WebSite","@id":"https:\/\/radiosul.net\/wp\/#website","url":"https:\/\/radiosul.net\/wp\/","name":"radiosul.net","description":"Regional por Excel\u00eancia","inLanguage":"pt-BR","publisher":{"@id":"https:\/\/radiosul.net\/wp\/#organization"}}]},"og:locale":"pt_BR","og:site_name":"radiosul.net - Regional por Excel\u00eancia","og:type":"article","og:title":"Boi gordo: pre\u00e7os avan\u00e7am no centro-norte - radiosul.net","og:description":"Segundo o analista de Safras &amp; Mercado a oferta restrita atinge especialmente os animais que cumprem os requisitos para exporta\u00e7\u00e3o ao mercado chin\u00eas O mercado f\u00edsico do boi gordo inicia a semana com continuidade do movimento de alta no centro-norte do pa\u00eds. O movimento nas demais regi\u00f5es ocorreu de maneira mais cadenciada. No mercado paulista","og:url":"https:\/\/radiosul.net\/wp\/2020\/boi-gordo-precos-avancam-no-centro-norte\/","article:published_time":"2020-09-22T12:20:14+00:00","article:modified_time":"2020-09-22T12:20:16+00:00","twitter:card":"summary_large_image","twitter:title":"Boi gordo: pre\u00e7os avan\u00e7am no centro-norte - radiosul.net","twitter:description":"Segundo o analista de Safras &amp; Mercado a oferta restrita atinge especialmente os animais que cumprem os requisitos para exporta\u00e7\u00e3o ao mercado chin\u00eas O mercado f\u00edsico do boi gordo inicia a semana com continuidade do movimento de alta no centro-norte do pa\u00eds. O movimento nas demais regi\u00f5es ocorreu de maneira mais cadenciada. No mercado paulista"},"aioseo_meta_data":{"post_id":"15513","title":null,"description":null,"keywords":null,"keyphrases":null,"primary_term":null,"canonical_url":null,"og_title":null,"og_description":null,"og_object_type":"default","og_image_type":"default","og_image_url":null,"og_image_width":null,"og_image_height":null,"og_image_custom_url":null,"og_image_custom_fields":null,"og_video":null,"og_custom_url":null,"og_article_section":null,"og_article_tags":null,"twitter_use_og":false,"twitter_card":"default","twitter_image_type":"default","twitter_image_url":null,"twitter_image_custom_url":null,"twitter_image_custom_fields":null,"twitter_title":null,"twitter_description":null,"schema":{"blockGraphs":[],"customGraphs":[],"default":{"data":{"Article":[],"Course":[],"Dataset":[],"FAQPage":[],"Movie":[],"Person":[],"Product":[],"ProductReview":[],"Car":[],"Recipe":[],"Service":[],"SoftwareApplication":[],"WebPage":[]},"graphName":"","isEnabled":true},"graphs":[]},"schema_type":"default","schema_type_options":null,"pillar_content":false,"robots_default":true,"robots_noindex":false,"robots_noarchive":false,"robots_nosnippet":false,"robots_nofollow":false,"robots_noimageindex":false,"robots_noodp":false,"robots_notranslate":false,"robots_max_snippet":null,"robots_max_videopreview":null,"robots_max_imagepreview":"large","priority":null,"frequency":null,"local_seo":null,"breadcrumb_settings":null,"limit_modified_date":false,"ai":null,"created":"2026-01-08 23:04:53","updated":"2026-01-08 23:04:53","seo_analyzer_scan_date":null,"focus_keyword":null,"additional_keywords":null,"truseo_locale":null},"aioseo_breadcrumb":"<div class=\"aioseo-breadcrumbs\"><span class=\"aioseo-breadcrumb\">\n\t\t\t<a href=\"https:\/\/radiosul.net\/wp\" title=\"Home\">Home<\/a>\n\t\t<\/span><span class=\"aioseo-breadcrumb-separator\">&raquo;<\/span><span class=\"aioseo-breadcrumb\">\n\t\t\t<a href=\"https:\/\/radiosul.net\/wp\/category\/agro\/\" title=\"Agroneg\u00f3cio\">Agroneg\u00f3cio<\/a>\n\t\t<\/span><span class=\"aioseo-breadcrumb-separator\">&raquo;<\/span><span class=\"aioseo-breadcrumb\">\n\t\t\tBoi gordo: pre\u00e7os avan\u00e7am no centro-norte\n\t\t<\/span><\/div>","aioseo_breadcrumb_json":[{"label":"Home","link":"https:\/\/radiosul.net\/wp"},{"label":"Agroneg\u00f3cio","link":"https:\/\/radiosul.net\/wp\/category\/agro\/"},{"label":"Boi gordo: pre\u00e7os avan\u00e7am no centro-norte","link":"https:\/\/radiosul.net\/wp\/2020\/boi-gordo-precos-avancam-no-centro-norte\/"}],"_links":{"self":[{"href":"https:\/\/radiosul.net\/wp\/wp-json\/wp\/v2\/posts\/15513","targetHints":{"allow":["GET"]}}],"collection":[{"href":"https:\/\/radiosul.net\/wp\/wp-json\/wp\/v2\/posts"}],"about":[{"href":"https:\/\/radiosul.net\/wp\/wp-json\/wp\/v2\/types\/post"}],"author":[{"embeddable":true,"href":"https:\/\/radiosul.net\/wp\/wp-json\/wp\/v2\/users\/9"}],"replies":[{"embeddable":true,"href":"https:\/\/radiosul.net\/wp\/wp-json\/wp\/v2\/comments?post=15513"}],"version-history":[{"count":1,"href":"https:\/\/radiosul.net\/wp\/wp-json\/wp\/v2\/posts\/15513\/revisions"}],"predecessor-version":[{"id":15515,"href":"https:\/\/radiosul.net\/wp\/wp-json\/wp\/v2\/posts\/15513\/revisions\/15515"}],"wp:featuredmedia":[{"embeddable":true,"href":"https:\/\/radiosul.net\/wp\/wp-json\/wp\/v2\/media\/15514"}],"wp:attachment":[{"href":"https:\/\/radiosul.net\/wp\/wp-json\/wp\/v2\/media?parent=15513"}],"wp:term":[{"taxonomy":"category","embeddable":true,"href":"https:\/\/radiosul.net\/wp\/wp-json\/wp\/v2\/categories?post=15513"},{"taxonomy":"post_tag","embeddable":true,"href":"https:\/\/radiosul.net\/wp\/wp-json\/wp\/v2\/tags?post=15513"}],"curies":[{"name":"wp","href":"https:\/\/api.w.org\/{rel}","templated":true}]}}