{"id":15325,"date":"2020-09-14T12:34:24","date_gmt":"2020-09-14T15:34:24","guid":{"rendered":"https:\/\/radiosul.net\/wp\/?p=15325"},"modified":"2020-09-14T06:35:43","modified_gmt":"2020-09-14T09:35:43","slug":"consulado-argentino-de-sc-promove-rodada-de-negocios-virtual","status":"publish","type":"post","link":"https:\/\/radiosul.net\/wp\/2020\/consulado-argentino-de-sc-promove-rodada-de-negocios-virtual\/","title":{"rendered":"Consulado argentino de SC promove Rodada de Neg\u00f3cios Virtual"},"content":{"rendered":"\n<p class=\"wp-block-paragraph\">O consulado da Argentina de SC estar\u00e1 promovendo entre os dias <strong>5 e 9 de<\/strong> <strong>outubro<\/strong> pr\u00f3ximo uma <strong>\u201cRodada de Neg\u00f3cios Virtual da Argentina\u201d<\/strong> destinada a empresas da Prov\u00edncia de C\u00f3rdoba. Os encontros entre as empresas argentinas e catarinenses ocorrer\u00e1 de forma virtual em hor\u00e1rios previamente agendados.<\/p>\n\n\n\n<p class=\"wp-block-paragraph\">Segundo o C\u00f4nsul&nbsp;Gustavo Coppa, entre os produtos da oferta export\u00e1vel argentina, haver\u00e1 a participa\u00e7\u00e3o de v\u00e1rias empresas exportadoras dos seguintes setores de gr\u00e3os (gr\u00e3o de bico, feij\u00f5es, milho de pipoca, pain\u00e7o, c\u00e1rtamo, ervilhas) e farinha de trigo. Na \u00e1rea de alimentos haver\u00e1 oferta de queijos, doce de leite, leite de cabra, molhos, doces s\u00f3lidos, geleias, azeitonas e derivados, panetone, escabeche de carnes silvestres, massas secas, panificados congelados, bebida probi\u00f3tica, sais temperados, etc.<\/p>\n\n\n\n<p class=\"wp-block-paragraph\">Maquin\u00e1ria&nbsp;agr\u00edcola tamb\u00e9m ser\u00e1 oferecido como aparelhos de radionavega\u00e7\u00e3o, computadores de campo, e m\u00e1quinas para prepara\u00e7\u00e3o de ra\u00e7\u00f5es animais.<\/p>\n\n\n\n<p class=\"wp-block-paragraph\">O C\u00f4nsul da Argentina em Florian\u00f3polis tamb\u00e9m est\u00e1 solicitando a identifica\u00e7\u00e3o das empresas catarinenses potencialmente interessadas na oferta de <strong>maquin\u00e1ria&nbsp;agr\u00edcola<\/strong> e <strong>gr\u00e3os<\/strong>.<\/p>\n\n\n\n<p class=\"wp-block-paragraph\">As empresas interessadas em participar do evento \u00e9 necess\u00e1rio fazer ficha de inscri\u00e7\u00e3o. Os interessados dever\u00e3o se credenciar at\u00e9 o pr\u00f3ximo dia 17 de setembro. Est\u00e1 dispon\u00edvel no consulado, cat\u00e1logos de todas as empresas exportadoras argentinas, caso desejem conhecer um pouco mais de seus produtos.<\/p>\n\n\n\n<p class=\"wp-block-paragraph\">Mais informa\u00e7\u00f5es no Consulado da Argentina em Florian\u00f3polis. Tel\/Fax: (48) 3024-3035 \u2013 e-mail: <a href=\"mailto:comercialcflor@gmail.com\">comercialcflor@gmail.com<\/a><\/p>\n\n\n\n<p class=\"wp-block-paragraph\"><strong><em>Fonte: Fecoagro\/Consulado da Argentina de SC<\/em><\/strong><\/p>\n","protected":false},"excerpt":{"rendered":"<p>O consulado da Argentina de SC estar\u00e1 promovendo entre os dias 5 e 9 de outubro pr\u00f3ximo uma \u201cRodada de Neg\u00f3cios Virtual da Argentina\u201d destinada a empresas da Prov\u00edncia de C\u00f3rdoba. Os encontros entre as empresas argentinas e catarinenses ocorrer\u00e1 de forma virtual em hor\u00e1rios previamente agendados. Segundo o C\u00f4nsul&nbsp;Gustavo Coppa, entre os produtos da &hellip;<\/p>\n","protected":false},"author":9,"featured_media":15314,"comment_status":"closed","ping_status":"closed","sticky":false,"template":"","format":"standard","meta":{"_monsterinsights_skip_tracking":false,"_uf_show_specific_survey":0,"_uf_disable_surveys":false,"footnotes":""},"categories":[1,126,713],"tags":[],"class_list":["post-15325","post","type-post","status-publish","format-standard","has-post-thumbnail","hentry","category-agro","category-destacados","category-tecnologia"],"aioseo_notices":[],"aioseo_head":"\n\t\t<!-- All in One SEO 5.0.1.1 - aioseo.com -->\n\t<meta name=\"description\" content=\"O consulado da Argentina de SC estar\u00e1 promovendo entre os dias 5 e 9 de outubro pr\u00f3ximo uma \u201cRodada de Neg\u00f3cios Virtual da Argentina\u201d destinada a empresas da Prov\u00edncia de C\u00f3rdoba. Os encontros entre as empresas argentinas e catarinenses ocorrer\u00e1 de forma virtual em hor\u00e1rios previamente agendados. Segundo o C\u00f4nsul Gustavo Coppa, entre os produtos da\" \/>\n\t<meta name=\"robots\" content=\"max-image-preview:large\" \/>\n\t<meta name=\"author\" content=\"Alejo Bordon\"\/>\n\t<link rel=\"canonical\" href=\"https:\/\/radiosul.net\/wp\/2020\/consulado-argentino-de-sc-promove-rodada-de-negocios-virtual\/\" \/>\n\t<meta name=\"generator\" content=\"All in One SEO (AIOSEO) 5.0.1.1\" \/>\n\t\t<meta property=\"og:locale\" content=\"pt_BR\" \/>\n\t\t<meta property=\"og:site_name\" content=\"radiosul.net - Regional por Excel\u00eancia\" \/>\n\t\t<meta property=\"og:type\" content=\"article\" \/>\n\t\t<meta property=\"og:title\" content=\"Consulado argentino de SC promove Rodada de Neg\u00f3cios Virtual - radiosul.net\" \/>\n\t\t<meta property=\"og:description\" content=\"O consulado da Argentina de SC estar\u00e1 promovendo entre os dias 5 e 9 de outubro pr\u00f3ximo uma \u201cRodada de Neg\u00f3cios Virtual da Argentina\u201d destinada a empresas da Prov\u00edncia de C\u00f3rdoba. Os encontros entre as empresas argentinas e catarinenses ocorrer\u00e1 de forma virtual em hor\u00e1rios previamente agendados. Segundo o C\u00f4nsul Gustavo Coppa, entre os produtos da\" \/>\n\t\t<meta property=\"og:url\" content=\"https:\/\/radiosul.net\/wp\/2020\/consulado-argentino-de-sc-promove-rodada-de-negocios-virtual\/\" \/>\n\t\t<meta property=\"article:published_time\" content=\"2020-09-14T15:34:24+00:00\" \/>\n\t\t<meta property=\"article:modified_time\" content=\"2020-09-14T09:35:43+00:00\" \/>\n\t\t<meta name=\"twitter:card\" content=\"summary_large_image\" \/>\n\t\t<meta name=\"twitter:title\" content=\"Consulado argentino de SC promove Rodada de Neg\u00f3cios Virtual - radiosul.net\" \/>\n\t\t<meta name=\"twitter:description\" content=\"O consulado da Argentina de SC estar\u00e1 promovendo entre os dias 5 e 9 de outubro pr\u00f3ximo uma \u201cRodada de Neg\u00f3cios Virtual da Argentina\u201d destinada a empresas da Prov\u00edncia de C\u00f3rdoba. Os encontros entre as empresas argentinas e catarinenses ocorrer\u00e1 de forma virtual em hor\u00e1rios previamente agendados. Segundo o C\u00f4nsul Gustavo Coppa, entre os produtos da\" \/>\n\t\t<script type=\"application\/ld+json\" class=\"aioseo-schema\">\n\t\t\t{\"@context\":\"https:\\\/\\\/schema.org\",\"@graph\":[{\"@type\":\"BlogPosting\",\"@id\":\"https:\\\/\\\/radiosul.net\\\/wp\\\/2020\\\/consulado-argentino-de-sc-promove-rodada-de-negocios-virtual\\\/#blogposting\",\"name\":\"Consulado argentino de SC promove Rodada de Neg\\u00f3cios Virtual - radiosul.net\",\"headline\":\"Consulado argentino de SC promove Rodada de Neg\\u00f3cios Virtual\",\"author\":{\"@id\":\"https:\\\/\\\/radiosul.net\\\/wp\\\/author\\\/alejo\\\/#author\"},\"publisher\":{\"@id\":\"https:\\\/\\\/radiosul.net\\\/wp\\\/#organization\"},\"image\":{\"@type\":\"ImageObject\",\"url\":\"https:\\\/\\\/radiosul.net\\\/wp\\\/wp-content\\\/uploads\\\/2020\\\/09\\\/Rodada-virtual-Argentina.jpg\",\"width\":800,\"height\":500,\"caption\":\"brasil_sur_multisectorial_stacatarina\"},\"datePublished\":\"2020-09-14T12:34:24-03:00\",\"dateModified\":\"2020-09-14T06:35:43-03:00\",\"inLanguage\":\"pt-BR\",\"mainEntityOfPage\":{\"@id\":\"https:\\\/\\\/radiosul.net\\\/wp\\\/2020\\\/consulado-argentino-de-sc-promove-rodada-de-negocios-virtual\\\/#webpage\"},\"isPartOf\":{\"@id\":\"https:\\\/\\\/radiosul.net\\\/wp\\\/2020\\\/consulado-argentino-de-sc-promove-rodada-de-negocios-virtual\\\/#webpage\"},\"articleSection\":\"Agroneg\\u00f3cio, Destaque, Tecnologia\"},{\"@type\":\"BreadcrumbList\",\"@id\":\"https:\\\/\\\/radiosul.net\\\/wp\\\/2020\\\/consulado-argentino-de-sc-promove-rodada-de-negocios-virtual\\\/#breadcrumblist\",\"itemListElement\":[{\"@type\":\"ListItem\",\"@id\":\"https:\\\/\\\/radiosul.net\\\/wp#listItem\",\"position\":1,\"name\":\"Home\",\"item\":\"https:\\\/\\\/radiosul.net\\\/wp\",\"nextItem\":{\"@type\":\"ListItem\",\"@id\":\"https:\\\/\\\/radiosul.net\\\/wp\\\/category\\\/agro\\\/#listItem\",\"name\":\"Agroneg\\u00f3cio\"}},{\"@type\":\"ListItem\",\"@id\":\"https:\\\/\\\/radiosul.net\\\/wp\\\/category\\\/agro\\\/#listItem\",\"position\":2,\"name\":\"Agroneg\\u00f3cio\",\"item\":\"https:\\\/\\\/radiosul.net\\\/wp\\\/category\\\/agro\\\/\",\"nextItem\":{\"@type\":\"ListItem\",\"@id\":\"https:\\\/\\\/radiosul.net\\\/wp\\\/2020\\\/consulado-argentino-de-sc-promove-rodada-de-negocios-virtual\\\/#listItem\",\"name\":\"Consulado argentino de SC promove Rodada de Neg\\u00f3cios Virtual\"},\"previousItem\":{\"@type\":\"ListItem\",\"@id\":\"https:\\\/\\\/radiosul.net\\\/wp#listItem\",\"name\":\"Home\"}},{\"@type\":\"ListItem\",\"@id\":\"https:\\\/\\\/radiosul.net\\\/wp\\\/2020\\\/consulado-argentino-de-sc-promove-rodada-de-negocios-virtual\\\/#listItem\",\"position\":3,\"name\":\"Consulado argentino de SC promove Rodada de Neg\\u00f3cios Virtual\",\"previousItem\":{\"@type\":\"ListItem\",\"@id\":\"https:\\\/\\\/radiosul.net\\\/wp\\\/category\\\/agro\\\/#listItem\",\"name\":\"Agroneg\\u00f3cio\"}}]},{\"@type\":\"Organization\",\"@id\":\"https:\\\/\\\/radiosul.net\\\/wp\\\/#organization\",\"name\":\"radiosul.net\",\"description\":\"Regional por Excel\\u00eancia\",\"url\":\"https:\\\/\\\/radiosul.net\\\/wp\\\/\"},{\"@type\":\"Person\",\"@id\":\"https:\\\/\\\/radiosul.net\\\/wp\\\/author\\\/alejo\\\/#author\",\"url\":\"https:\\\/\\\/radiosul.net\\\/wp\\\/author\\\/alejo\\\/\",\"name\":\"Alejo Bordon\",\"image\":{\"@type\":\"ImageObject\",\"@id\":\"https:\\\/\\\/radiosul.net\\\/wp\\\/2020\\\/consulado-argentino-de-sc-promove-rodada-de-negocios-virtual\\\/#authorImage\",\"url\":\"https:\\\/\\\/secure.gravatar.com\\\/avatar\\\/b3a7e7f1c71212e6a5b7183b79a2ab58dad8bdc4cd4eadd61c4434d010d0bae4?s=96&d=mm&r=g\",\"width\":96,\"height\":96,\"caption\":\"Alejo Bordon\"}},{\"@type\":\"WebPage\",\"@id\":\"https:\\\/\\\/radiosul.net\\\/wp\\\/2020\\\/consulado-argentino-de-sc-promove-rodada-de-negocios-virtual\\\/#webpage\",\"url\":\"https:\\\/\\\/radiosul.net\\\/wp\\\/2020\\\/consulado-argentino-de-sc-promove-rodada-de-negocios-virtual\\\/\",\"name\":\"Consulado argentino de SC promove Rodada de Neg\\u00f3cios Virtual - radiosul.net\",\"description\":\"O consulado da Argentina de SC estar\\u00e1 promovendo entre os dias 5 e 9 de outubro pr\\u00f3ximo uma \\u201cRodada de Neg\\u00f3cios Virtual da Argentina\\u201d destinada a empresas da Prov\\u00edncia de C\\u00f3rdoba. Os encontros entre as empresas argentinas e catarinenses ocorrer\\u00e1 de forma virtual em hor\\u00e1rios previamente agendados. Segundo o C\\u00f4nsul Gustavo Coppa, entre os produtos da\",\"inLanguage\":\"pt-BR\",\"isPartOf\":{\"@id\":\"https:\\\/\\\/radiosul.net\\\/wp\\\/#website\"},\"breadcrumb\":{\"@id\":\"https:\\\/\\\/radiosul.net\\\/wp\\\/2020\\\/consulado-argentino-de-sc-promove-rodada-de-negocios-virtual\\\/#breadcrumblist\"},\"author\":{\"@id\":\"https:\\\/\\\/radiosul.net\\\/wp\\\/author\\\/alejo\\\/#author\"},\"creator\":{\"@id\":\"https:\\\/\\\/radiosul.net\\\/wp\\\/author\\\/alejo\\\/#author\"},\"image\":{\"@type\":\"ImageObject\",\"url\":\"https:\\\/\\\/radiosul.net\\\/wp\\\/wp-content\\\/uploads\\\/2020\\\/09\\\/Rodada-virtual-Argentina.jpg\",\"@id\":\"https:\\\/\\\/radiosul.net\\\/wp\\\/2020\\\/consulado-argentino-de-sc-promove-rodada-de-negocios-virtual\\\/#mainImage\",\"width\":800,\"height\":500,\"caption\":\"brasil_sur_multisectorial_stacatarina\"},\"primaryImageOfPage\":{\"@id\":\"https:\\\/\\\/radiosul.net\\\/wp\\\/2020\\\/consulado-argentino-de-sc-promove-rodada-de-negocios-virtual\\\/#mainImage\"},\"datePublished\":\"2020-09-14T12:34:24-03:00\",\"dateModified\":\"2020-09-14T06:35:43-03:00\"},{\"@type\":\"WebSite\",\"@id\":\"https:\\\/\\\/radiosul.net\\\/wp\\\/#website\",\"url\":\"https:\\\/\\\/radiosul.net\\\/wp\\\/\",\"name\":\"radiosul.net\",\"description\":\"Regional por Excel\\u00eancia\",\"inLanguage\":\"pt-BR\",\"publisher\":{\"@id\":\"https:\\\/\\\/radiosul.net\\\/wp\\\/#organization\"}}]}\n\t\t<\/script>\n\t\t<!-- All in One SEO -->\n\n","aioseo_head_json":{"title":"Consulado argentino de SC promove Rodada de Neg\u00f3cios Virtual - radiosul.net","description":"O consulado da Argentina de SC estar\u00e1 promovendo entre os dias 5 e 9 de outubro pr\u00f3ximo uma \u201cRodada de Neg\u00f3cios Virtual da Argentina\u201d destinada a empresas da Prov\u00edncia de C\u00f3rdoba. Os encontros entre as empresas argentinas e catarinenses ocorrer\u00e1 de forma virtual em hor\u00e1rios previamente agendados. Segundo o C\u00f4nsul Gustavo Coppa, entre os produtos da","canonical_url":"https:\/\/radiosul.net\/wp\/2020\/consulado-argentino-de-sc-promove-rodada-de-negocios-virtual\/","robots":"max-image-preview:large","keywords":"","webmasterTools":{"miscellaneous":""},"schema":{"@context":"https:\/\/schema.org","@graph":[{"@type":"BlogPosting","@id":"https:\/\/radiosul.net\/wp\/2020\/consulado-argentino-de-sc-promove-rodada-de-negocios-virtual\/#blogposting","name":"Consulado argentino de SC promove Rodada de Neg\u00f3cios Virtual - radiosul.net","headline":"Consulado argentino de SC promove Rodada de Neg\u00f3cios Virtual","author":{"@id":"https:\/\/radiosul.net\/wp\/author\/alejo\/#author"},"publisher":{"@id":"https:\/\/radiosul.net\/wp\/#organization"},"image":{"@type":"ImageObject","url":"https:\/\/radiosul.net\/wp\/wp-content\/uploads\/2020\/09\/Rodada-virtual-Argentina.jpg","width":800,"height":500,"caption":"brasil_sur_multisectorial_stacatarina"},"datePublished":"2020-09-14T12:34:24-03:00","dateModified":"2020-09-14T06:35:43-03:00","inLanguage":"pt-BR","mainEntityOfPage":{"@id":"https:\/\/radiosul.net\/wp\/2020\/consulado-argentino-de-sc-promove-rodada-de-negocios-virtual\/#webpage"},"isPartOf":{"@id":"https:\/\/radiosul.net\/wp\/2020\/consulado-argentino-de-sc-promove-rodada-de-negocios-virtual\/#webpage"},"articleSection":"Agroneg\u00f3cio, Destaque, Tecnologia"},{"@type":"BreadcrumbList","@id":"https:\/\/radiosul.net\/wp\/2020\/consulado-argentino-de-sc-promove-rodada-de-negocios-virtual\/#breadcrumblist","itemListElement":[{"@type":"ListItem","@id":"https:\/\/radiosul.net\/wp#listItem","position":1,"name":"Home","item":"https:\/\/radiosul.net\/wp","nextItem":{"@type":"ListItem","@id":"https:\/\/radiosul.net\/wp\/category\/agro\/#listItem","name":"Agroneg\u00f3cio"}},{"@type":"ListItem","@id":"https:\/\/radiosul.net\/wp\/category\/agro\/#listItem","position":2,"name":"Agroneg\u00f3cio","item":"https:\/\/radiosul.net\/wp\/category\/agro\/","nextItem":{"@type":"ListItem","@id":"https:\/\/radiosul.net\/wp\/2020\/consulado-argentino-de-sc-promove-rodada-de-negocios-virtual\/#listItem","name":"Consulado argentino de SC promove Rodada de Neg\u00f3cios Virtual"},"previousItem":{"@type":"ListItem","@id":"https:\/\/radiosul.net\/wp#listItem","name":"Home"}},{"@type":"ListItem","@id":"https:\/\/radiosul.net\/wp\/2020\/consulado-argentino-de-sc-promove-rodada-de-negocios-virtual\/#listItem","position":3,"name":"Consulado argentino de SC promove Rodada de Neg\u00f3cios Virtual","previousItem":{"@type":"ListItem","@id":"https:\/\/radiosul.net\/wp\/category\/agro\/#listItem","name":"Agroneg\u00f3cio"}}]},{"@type":"Organization","@id":"https:\/\/radiosul.net\/wp\/#organization","name":"radiosul.net","description":"Regional por Excel\u00eancia","url":"https:\/\/radiosul.net\/wp\/"},{"@type":"Person","@id":"https:\/\/radiosul.net\/wp\/author\/alejo\/#author","url":"https:\/\/radiosul.net\/wp\/author\/alejo\/","name":"Alejo Bordon","image":{"@type":"ImageObject","@id":"https:\/\/radiosul.net\/wp\/2020\/consulado-argentino-de-sc-promove-rodada-de-negocios-virtual\/#authorImage","url":"https:\/\/secure.gravatar.com\/avatar\/b3a7e7f1c71212e6a5b7183b79a2ab58dad8bdc4cd4eadd61c4434d010d0bae4?s=96&d=mm&r=g","width":96,"height":96,"caption":"Alejo Bordon"}},{"@type":"WebPage","@id":"https:\/\/radiosul.net\/wp\/2020\/consulado-argentino-de-sc-promove-rodada-de-negocios-virtual\/#webpage","url":"https:\/\/radiosul.net\/wp\/2020\/consulado-argentino-de-sc-promove-rodada-de-negocios-virtual\/","name":"Consulado argentino de SC promove Rodada de Neg\u00f3cios Virtual - radiosul.net","description":"O consulado da Argentina de SC estar\u00e1 promovendo entre os dias 5 e 9 de outubro pr\u00f3ximo uma \u201cRodada de Neg\u00f3cios Virtual da Argentina\u201d destinada a empresas da Prov\u00edncia de C\u00f3rdoba. Os encontros entre as empresas argentinas e catarinenses ocorrer\u00e1 de forma virtual em hor\u00e1rios previamente agendados. Segundo o C\u00f4nsul Gustavo Coppa, entre os produtos da","inLanguage":"pt-BR","isPartOf":{"@id":"https:\/\/radiosul.net\/wp\/#website"},"breadcrumb":{"@id":"https:\/\/radiosul.net\/wp\/2020\/consulado-argentino-de-sc-promove-rodada-de-negocios-virtual\/#breadcrumblist"},"author":{"@id":"https:\/\/radiosul.net\/wp\/author\/alejo\/#author"},"creator":{"@id":"https:\/\/radiosul.net\/wp\/author\/alejo\/#author"},"image":{"@type":"ImageObject","url":"https:\/\/radiosul.net\/wp\/wp-content\/uploads\/2020\/09\/Rodada-virtual-Argentina.jpg","@id":"https:\/\/radiosul.net\/wp\/2020\/consulado-argentino-de-sc-promove-rodada-de-negocios-virtual\/#mainImage","width":800,"height":500,"caption":"brasil_sur_multisectorial_stacatarina"},"primaryImageOfPage":{"@id":"https:\/\/radiosul.net\/wp\/2020\/consulado-argentino-de-sc-promove-rodada-de-negocios-virtual\/#mainImage"},"datePublished":"2020-09-14T12:34:24-03:00","dateModified":"2020-09-14T06:35:43-03:00"},{"@type":"WebSite","@id":"https:\/\/radiosul.net\/wp\/#website","url":"https:\/\/radiosul.net\/wp\/","name":"radiosul.net","description":"Regional por Excel\u00eancia","inLanguage":"pt-BR","publisher":{"@id":"https:\/\/radiosul.net\/wp\/#organization"}}]},"og:locale":"pt_BR","og:site_name":"radiosul.net - Regional por Excel\u00eancia","og:type":"article","og:title":"Consulado argentino de SC promove Rodada de Neg\u00f3cios Virtual - radiosul.net","og:description":"O consulado da Argentina de SC estar\u00e1 promovendo entre os dias 5 e 9 de outubro pr\u00f3ximo uma \u201cRodada de Neg\u00f3cios Virtual da Argentina\u201d destinada a empresas da Prov\u00edncia de C\u00f3rdoba. Os encontros entre as empresas argentinas e catarinenses ocorrer\u00e1 de forma virtual em hor\u00e1rios previamente agendados. Segundo o C\u00f4nsul Gustavo Coppa, entre os produtos da","og:url":"https:\/\/radiosul.net\/wp\/2020\/consulado-argentino-de-sc-promove-rodada-de-negocios-virtual\/","article:published_time":"2020-09-14T15:34:24+00:00","article:modified_time":"2020-09-14T09:35:43+00:00","twitter:card":"summary_large_image","twitter:title":"Consulado argentino de SC promove Rodada de Neg\u00f3cios Virtual - radiosul.net","twitter:description":"O consulado da Argentina de SC estar\u00e1 promovendo entre os dias 5 e 9 de outubro pr\u00f3ximo uma \u201cRodada de Neg\u00f3cios Virtual da Argentina\u201d destinada a empresas da Prov\u00edncia de C\u00f3rdoba. Os encontros entre as empresas argentinas e catarinenses ocorrer\u00e1 de forma virtual em hor\u00e1rios previamente agendados. Segundo o C\u00f4nsul Gustavo Coppa, entre os produtos da"},"aioseo_meta_data":{"post_id":"15325","title":null,"description":null,"keywords":null,"keyphrases":null,"primary_term":null,"canonical_url":null,"og_title":null,"og_description":null,"og_object_type":"default","og_image_type":"default","og_image_url":null,"og_image_width":null,"og_image_height":null,"og_image_custom_url":null,"og_image_custom_fields":null,"og_video":null,"og_custom_url":null,"og_article_section":null,"og_article_tags":null,"twitter_use_og":false,"twitter_card":"default","twitter_image_type":"default","twitter_image_url":null,"twitter_image_custom_url":null,"twitter_image_custom_fields":null,"twitter_title":null,"twitter_description":null,"schema":{"blockGraphs":[],"customGraphs":[],"default":{"data":{"Article":[],"Course":[],"Dataset":[],"FAQPage":[],"Movie":[],"Person":[],"Product":[],"ProductReview":[],"Car":[],"Recipe":[],"Service":[],"SoftwareApplication":[],"WebPage":[]},"graphName":"","isEnabled":true},"graphs":[]},"schema_type":"default","schema_type_options":null,"pillar_content":false,"robots_default":true,"robots_noindex":false,"robots_noarchive":false,"robots_nosnippet":false,"robots_nofollow":false,"robots_noimageindex":false,"robots_noodp":false,"robots_notranslate":false,"robots_max_snippet":null,"robots_max_videopreview":null,"robots_max_imagepreview":"large","priority":null,"frequency":null,"local_seo":null,"breadcrumb_settings":null,"limit_modified_date":false,"ai":null,"created":"2026-01-08 22:50:49","updated":"2026-01-08 22:50:49","seo_analyzer_scan_date":null,"focus_keyword":null,"additional_keywords":null,"truseo_locale":null},"aioseo_breadcrumb":"<div class=\"aioseo-breadcrumbs\"><span class=\"aioseo-breadcrumb\">\n\t\t\t<a href=\"https:\/\/radiosul.net\/wp\" title=\"Home\">Home<\/a>\n\t\t<\/span><span class=\"aioseo-breadcrumb-separator\">&raquo;<\/span><span class=\"aioseo-breadcrumb\">\n\t\t\t<a href=\"https:\/\/radiosul.net\/wp\/category\/agro\/\" title=\"Agroneg\u00f3cio\">Agroneg\u00f3cio<\/a>\n\t\t<\/span><span class=\"aioseo-breadcrumb-separator\">&raquo;<\/span><span class=\"aioseo-breadcrumb\">\n\t\t\tConsulado argentino de SC promove Rodada de Neg\u00f3cios Virtual\n\t\t<\/span><\/div>","aioseo_breadcrumb_json":[{"label":"Home","link":"https:\/\/radiosul.net\/wp"},{"label":"Agroneg\u00f3cio","link":"https:\/\/radiosul.net\/wp\/category\/agro\/"},{"label":"Consulado argentino de SC promove Rodada de Neg\u00f3cios Virtual","link":"https:\/\/radiosul.net\/wp\/2020\/consulado-argentino-de-sc-promove-rodada-de-negocios-virtual\/"}],"_links":{"self":[{"href":"https:\/\/radiosul.net\/wp\/wp-json\/wp\/v2\/posts\/15325","targetHints":{"allow":["GET"]}}],"collection":[{"href":"https:\/\/radiosul.net\/wp\/wp-json\/wp\/v2\/posts"}],"about":[{"href":"https:\/\/radiosul.net\/wp\/wp-json\/wp\/v2\/types\/post"}],"author":[{"embeddable":true,"href":"https:\/\/radiosul.net\/wp\/wp-json\/wp\/v2\/users\/9"}],"replies":[{"embeddable":true,"href":"https:\/\/radiosul.net\/wp\/wp-json\/wp\/v2\/comments?post=15325"}],"version-history":[{"count":1,"href":"https:\/\/radiosul.net\/wp\/wp-json\/wp\/v2\/posts\/15325\/revisions"}],"predecessor-version":[{"id":15326,"href":"https:\/\/radiosul.net\/wp\/wp-json\/wp\/v2\/posts\/15325\/revisions\/15326"}],"wp:featuredmedia":[{"embeddable":true,"href":"https:\/\/radiosul.net\/wp\/wp-json\/wp\/v2\/media\/15314"}],"wp:attachment":[{"href":"https:\/\/radiosul.net\/wp\/wp-json\/wp\/v2\/media?parent=15325"}],"wp:term":[{"taxonomy":"category","embeddable":true,"href":"https:\/\/radiosul.net\/wp\/wp-json\/wp\/v2\/categories?post=15325"},{"taxonomy":"post_tag","embeddable":true,"href":"https:\/\/radiosul.net\/wp\/wp-json\/wp\/v2\/tags?post=15325"}],"curies":[{"name":"wp","href":"https:\/\/api.w.org\/{rel}","templated":true}]}}