{"id":15323,"date":"2020-09-14T12:33:32","date_gmt":"2020-09-14T15:33:32","guid":{"rendered":"https:\/\/radiosul.net\/wp\/?p=15323"},"modified":"2020-09-14T06:34:22","modified_gmt":"2020-09-14T09:34:22","slug":"senar-sc-inicia-formacao-de-novas-turmas-da-ateg-no-sul-do-estado","status":"publish","type":"post","link":"https:\/\/radiosul.net\/wp\/2020\/senar-sc-inicia-formacao-de-novas-turmas-da-ateg-no-sul-do-estado\/","title":{"rendered":"Senar\/SC inicia forma\u00e7\u00e3o de novas turmas da ATeG no Sul do Estado"},"content":{"rendered":"\n<p class=\"wp-block-paragraph\">O Servi\u00e7o Nacional de Aprendizagem Rural (SENAR\/SC), reuniu apicultores e produtores de leite do Sul do Estado para apresentar a metodologia do Programa de Assist\u00eancia T\u00e9cnica e Gerencial (ATeG) que inicia a forma\u00e7\u00e3o de novas turmas na regi\u00e3o, em parceria com os Sindicatos Rurais locais.<\/p>\n\n\n\n<p class=\"wp-block-paragraph\">Os encontros aconteceram em Treviso, Orleans e Nova Veneza. Os dois primeiros munic\u00edpios re\u00fanem 30 produtores para a assist\u00eancia t\u00e9cnica e gerencial em apicultura que come\u00e7a em outubro. Devido \u00e0 pandemia, a nova turma \u2013 3\u00aa na regi\u00e3o \u2013 foi dividida em dois grupos para sensibiliza\u00e7\u00e3o do projeto, obedecendo \u00e0s normas de preven\u00e7\u00e3o ao cont\u00e1gio do v\u00edrus. Parte dos produtores acompanhou a apresenta\u00e7\u00e3o na Prefeitura de Treviso e os demais no Centro Administrativo de Orleans. Ao todo, a ATeG alcan\u00e7a 85 produtores ap\u00edcolas atendidos pelo Senar\/SC na regi\u00e3o. Na cadeia leiteira, a terceira turma do programa inicia a forma\u00e7\u00e3o neste m\u00eas, com 30 novos produtores assistidos.<\/p>\n\n\n\n<p class=\"wp-block-paragraph\">De acordo com a supervisora do Senar na regi\u00e3o Sul, Sueli Silveira Rosa, os produtores receber\u00e3o assist\u00eancia t\u00e9cnica e gerencial dos profissionais especializados durante dois anos para melhorarem produtividade, manejo, gest\u00e3o e comercializa\u00e7\u00e3o. O objetivo do programa \u00e9 acompanhar a produ\u00e7\u00e3o, auxiliar os apicultores e bovinocultores de leite no trabalho de campo, al\u00e9m de orient\u00e1-los no gerenciamento das atividades e na gest\u00e3o dos neg\u00f3cios.<\/p>\n\n\n\n<p class=\"wp-block-paragraph\">O presidente do Sindicato Rural de Orleans, Natalino Bianco, ressalta que a apicultura \u00e9 refer\u00eancia na regi\u00e3o, que conta com 800 produtores. \u201cPara muitos \u00e9 a principal atividade econ\u00f4mica. A assist\u00eancia t\u00e9cnica e gerencial chega para ampliar o n\u00famero de apicultores assistidos e fortalecer a cadeia\u201d, projeta.<\/p>\n\n\n\n<p class=\"wp-block-paragraph\">A an\u00e1lise \u00e9 compartilhada pelo presidente do Sindicato Rural de Nova Veneza, Adilcio Pedro Pazetto. Segundo ele, a regi\u00e3o mostra for\u00e7a na produ\u00e7\u00e3o de leite e aposta na ATeG como mola propulsora da atividade.<\/p>\n\n\n\n<p class=\"wp-block-paragraph\">Segundo a coordenadora estadual do programa, Paula Ara\u00fajo Dias Coimbra Nunes, a ATeG d\u00e1 suporte e direcionamento t\u00e9cnico aos produtores na gest\u00e3o das propriedades. \u201c\u00c9 um modelo de assist\u00eancia t\u00e9cnica continuado, que engloba todos os processos da cadeia produtiva e possibilita a evolu\u00e7\u00e3o socioecon\u00f4mica da fam\u00edlia e da comunidade\u201d.<\/p>\n\n\n\n<p class=\"wp-block-paragraph\">\u201cO nosso programa chega para somar com o setor porque, al\u00e9m da t\u00e9cnica que melhora a efici\u00eancia e a efic\u00e1cia do trabalho, a ATeG capacita para o empreendedorismo e aumenta a rentabilidade das fam\u00edlias\u201d, sublinha o presidente do Sistema FAESC\/SENAR-SC, Jos\u00e9 Zeferino Pedrozo.<\/p>\n\n\n\n<p class=\"wp-block-paragraph\">\u201cTemos muito orgulho deste programa que melhora o trabalho e a renda dos produtores e aumenta a produtividade em todas as cadeias atendidas no Estado. Nossa meta \u00e9 ampliarmos o n\u00famero de turmas e de produtores assistidos em todas as regi\u00f5es\u201d, complementa o superintendente do Senar\/SC, Gilmar Antonio Zanluchi.<\/p>\n\n\n\n<p class=\"wp-block-paragraph\"><strong><em>Fonte: Fecoagro\/MB Comunica\u00e7\u00e3o Empresarial\/Organizacional<\/em><\/strong><\/p>\n","protected":false},"excerpt":{"rendered":"<p>O Servi\u00e7o Nacional de Aprendizagem Rural (SENAR\/SC), reuniu apicultores e produtores de leite do Sul do Estado para apresentar a metodologia do Programa de Assist\u00eancia T\u00e9cnica e Gerencial (ATeG) que inicia a forma\u00e7\u00e3o de novas turmas na regi\u00e3o, em parceria com os Sindicatos Rurais locais. Os encontros aconteceram em Treviso, Orleans e Nova Veneza. Os &hellip;<\/p>\n","protected":false},"author":9,"featured_media":15315,"comment_status":"closed","ping_status":"closed","sticky":false,"template":"","format":"standard","meta":{"_monsterinsights_skip_tracking":false,"_uf_show_specific_survey":0,"_uf_disable_surveys":false,"footnotes":""},"categories":[1,126],"tags":[],"class_list":["post-15323","post","type-post","status-publish","format-standard","has-post-thumbnail","hentry","category-agro","category-destacados"],"aioseo_notices":[],"aioseo_head":"\n\t\t<!-- All in One SEO 5.0.1.1 - aioseo.com -->\n\t<meta name=\"description\" content=\"O Servi\u00e7o Nacional de Aprendizagem Rural (SENAR\/SC), reuniu apicultores e produtores de leite do Sul do Estado para apresentar a metodologia do Programa de Assist\u00eancia T\u00e9cnica e Gerencial (ATeG) que inicia a forma\u00e7\u00e3o de novas turmas na regi\u00e3o, em parceria com os Sindicatos Rurais locais. Os encontros aconteceram em Treviso, Orleans e Nova Veneza. Os\" \/>\n\t<meta name=\"robots\" content=\"max-image-preview:large\" \/>\n\t<meta name=\"author\" content=\"Alejo Bordon\"\/>\n\t<link rel=\"canonical\" href=\"https:\/\/radiosul.net\/wp\/2020\/senar-sc-inicia-formacao-de-novas-turmas-da-ateg-no-sul-do-estado\/\" \/>\n\t<meta name=\"generator\" content=\"All in One SEO (AIOSEO) 5.0.1.1\" \/>\n\t\t<meta property=\"og:locale\" content=\"pt_BR\" \/>\n\t\t<meta property=\"og:site_name\" content=\"radiosul.net - Regional por Excel\u00eancia\" \/>\n\t\t<meta property=\"og:type\" content=\"article\" \/>\n\t\t<meta property=\"og:title\" content=\"Senar\/SC inicia forma\u00e7\u00e3o de novas turmas da ATeG no Sul do Estado - radiosul.net\" \/>\n\t\t<meta property=\"og:description\" content=\"O Servi\u00e7o Nacional de Aprendizagem Rural (SENAR\/SC), reuniu apicultores e produtores de leite do Sul do Estado para apresentar a metodologia do Programa de Assist\u00eancia T\u00e9cnica e Gerencial (ATeG) que inicia a forma\u00e7\u00e3o de novas turmas na regi\u00e3o, em parceria com os Sindicatos Rurais locais. Os encontros aconteceram em Treviso, Orleans e Nova Veneza. Os\" \/>\n\t\t<meta property=\"og:url\" content=\"https:\/\/radiosul.net\/wp\/2020\/senar-sc-inicia-formacao-de-novas-turmas-da-ateg-no-sul-do-estado\/\" \/>\n\t\t<meta property=\"article:published_time\" content=\"2020-09-14T15:33:32+00:00\" \/>\n\t\t<meta property=\"article:modified_time\" content=\"2020-09-14T09:34:22+00:00\" \/>\n\t\t<meta name=\"twitter:card\" content=\"summary_large_image\" \/>\n\t\t<meta name=\"twitter:title\" content=\"Senar\/SC inicia forma\u00e7\u00e3o de novas turmas da ATeG no Sul do Estado - radiosul.net\" \/>\n\t\t<meta name=\"twitter:description\" content=\"O Servi\u00e7o Nacional de Aprendizagem Rural (SENAR\/SC), reuniu apicultores e produtores de leite do Sul do Estado para apresentar a metodologia do Programa de Assist\u00eancia T\u00e9cnica e Gerencial (ATeG) que inicia a forma\u00e7\u00e3o de novas turmas na regi\u00e3o, em parceria com os Sindicatos Rurais locais. Os encontros aconteceram em Treviso, Orleans e Nova Veneza. Os\" \/>\n\t\t<script type=\"application\/ld+json\" class=\"aioseo-schema\">\n\t\t\t{\"@context\":\"https:\\\/\\\/schema.org\",\"@graph\":[{\"@type\":\"BlogPosting\",\"@id\":\"https:\\\/\\\/radiosul.net\\\/wp\\\/2020\\\/senar-sc-inicia-formacao-de-novas-turmas-da-ateg-no-sul-do-estado\\\/#blogposting\",\"name\":\"Senar\\\/SC inicia forma\\u00e7\\u00e3o de novas turmas da ATeG no Sul do Estado - radiosul.net\",\"headline\":\"Senar\\\/SC inicia forma\\u00e7\\u00e3o de novas turmas da ATeG no Sul do Estado\",\"author\":{\"@id\":\"https:\\\/\\\/radiosul.net\\\/wp\\\/author\\\/alejo\\\/#author\"},\"publisher\":{\"@id\":\"https:\\\/\\\/radiosul.net\\\/wp\\\/#organization\"},\"image\":{\"@type\":\"ImageObject\",\"url\":\"https:\\\/\\\/radiosul.net\\\/wp\\\/wp-content\\\/uploads\\\/2020\\\/09\\\/Senar-ATeG-Sul.jpg\",\"width\":800,\"height\":500},\"datePublished\":\"2020-09-14T12:33:32-03:00\",\"dateModified\":\"2020-09-14T06:34:22-03:00\",\"inLanguage\":\"pt-BR\",\"mainEntityOfPage\":{\"@id\":\"https:\\\/\\\/radiosul.net\\\/wp\\\/2020\\\/senar-sc-inicia-formacao-de-novas-turmas-da-ateg-no-sul-do-estado\\\/#webpage\"},\"isPartOf\":{\"@id\":\"https:\\\/\\\/radiosul.net\\\/wp\\\/2020\\\/senar-sc-inicia-formacao-de-novas-turmas-da-ateg-no-sul-do-estado\\\/#webpage\"},\"articleSection\":\"Agroneg\\u00f3cio, Destaque\"},{\"@type\":\"BreadcrumbList\",\"@id\":\"https:\\\/\\\/radiosul.net\\\/wp\\\/2020\\\/senar-sc-inicia-formacao-de-novas-turmas-da-ateg-no-sul-do-estado\\\/#breadcrumblist\",\"itemListElement\":[{\"@type\":\"ListItem\",\"@id\":\"https:\\\/\\\/radiosul.net\\\/wp#listItem\",\"position\":1,\"name\":\"Home\",\"item\":\"https:\\\/\\\/radiosul.net\\\/wp\",\"nextItem\":{\"@type\":\"ListItem\",\"@id\":\"https:\\\/\\\/radiosul.net\\\/wp\\\/category\\\/agro\\\/#listItem\",\"name\":\"Agroneg\\u00f3cio\"}},{\"@type\":\"ListItem\",\"@id\":\"https:\\\/\\\/radiosul.net\\\/wp\\\/category\\\/agro\\\/#listItem\",\"position\":2,\"name\":\"Agroneg\\u00f3cio\",\"item\":\"https:\\\/\\\/radiosul.net\\\/wp\\\/category\\\/agro\\\/\",\"nextItem\":{\"@type\":\"ListItem\",\"@id\":\"https:\\\/\\\/radiosul.net\\\/wp\\\/2020\\\/senar-sc-inicia-formacao-de-novas-turmas-da-ateg-no-sul-do-estado\\\/#listItem\",\"name\":\"Senar\\\/SC inicia forma\\u00e7\\u00e3o de novas turmas da ATeG no Sul do Estado\"},\"previousItem\":{\"@type\":\"ListItem\",\"@id\":\"https:\\\/\\\/radiosul.net\\\/wp#listItem\",\"name\":\"Home\"}},{\"@type\":\"ListItem\",\"@id\":\"https:\\\/\\\/radiosul.net\\\/wp\\\/2020\\\/senar-sc-inicia-formacao-de-novas-turmas-da-ateg-no-sul-do-estado\\\/#listItem\",\"position\":3,\"name\":\"Senar\\\/SC inicia forma\\u00e7\\u00e3o de novas turmas da ATeG no Sul do Estado\",\"previousItem\":{\"@type\":\"ListItem\",\"@id\":\"https:\\\/\\\/radiosul.net\\\/wp\\\/category\\\/agro\\\/#listItem\",\"name\":\"Agroneg\\u00f3cio\"}}]},{\"@type\":\"Organization\",\"@id\":\"https:\\\/\\\/radiosul.net\\\/wp\\\/#organization\",\"name\":\"radiosul.net\",\"description\":\"Regional por Excel\\u00eancia\",\"url\":\"https:\\\/\\\/radiosul.net\\\/wp\\\/\"},{\"@type\":\"Person\",\"@id\":\"https:\\\/\\\/radiosul.net\\\/wp\\\/author\\\/alejo\\\/#author\",\"url\":\"https:\\\/\\\/radiosul.net\\\/wp\\\/author\\\/alejo\\\/\",\"name\":\"Alejo Bordon\",\"image\":{\"@type\":\"ImageObject\",\"@id\":\"https:\\\/\\\/radiosul.net\\\/wp\\\/2020\\\/senar-sc-inicia-formacao-de-novas-turmas-da-ateg-no-sul-do-estado\\\/#authorImage\",\"url\":\"https:\\\/\\\/secure.gravatar.com\\\/avatar\\\/b3a7e7f1c71212e6a5b7183b79a2ab58dad8bdc4cd4eadd61c4434d010d0bae4?s=96&d=mm&r=g\",\"width\":96,\"height\":96,\"caption\":\"Alejo Bordon\"}},{\"@type\":\"WebPage\",\"@id\":\"https:\\\/\\\/radiosul.net\\\/wp\\\/2020\\\/senar-sc-inicia-formacao-de-novas-turmas-da-ateg-no-sul-do-estado\\\/#webpage\",\"url\":\"https:\\\/\\\/radiosul.net\\\/wp\\\/2020\\\/senar-sc-inicia-formacao-de-novas-turmas-da-ateg-no-sul-do-estado\\\/\",\"name\":\"Senar\\\/SC inicia forma\\u00e7\\u00e3o de novas turmas da ATeG no Sul do Estado - radiosul.net\",\"description\":\"O Servi\\u00e7o Nacional de Aprendizagem Rural (SENAR\\\/SC), reuniu apicultores e produtores de leite do Sul do Estado para apresentar a metodologia do Programa de Assist\\u00eancia T\\u00e9cnica e Gerencial (ATeG) que inicia a forma\\u00e7\\u00e3o de novas turmas na regi\\u00e3o, em parceria com os Sindicatos Rurais locais. Os encontros aconteceram em Treviso, Orleans e Nova Veneza. Os\",\"inLanguage\":\"pt-BR\",\"isPartOf\":{\"@id\":\"https:\\\/\\\/radiosul.net\\\/wp\\\/#website\"},\"breadcrumb\":{\"@id\":\"https:\\\/\\\/radiosul.net\\\/wp\\\/2020\\\/senar-sc-inicia-formacao-de-novas-turmas-da-ateg-no-sul-do-estado\\\/#breadcrumblist\"},\"author\":{\"@id\":\"https:\\\/\\\/radiosul.net\\\/wp\\\/author\\\/alejo\\\/#author\"},\"creator\":{\"@id\":\"https:\\\/\\\/radiosul.net\\\/wp\\\/author\\\/alejo\\\/#author\"},\"image\":{\"@type\":\"ImageObject\",\"url\":\"https:\\\/\\\/radiosul.net\\\/wp\\\/wp-content\\\/uploads\\\/2020\\\/09\\\/Senar-ATeG-Sul.jpg\",\"@id\":\"https:\\\/\\\/radiosul.net\\\/wp\\\/2020\\\/senar-sc-inicia-formacao-de-novas-turmas-da-ateg-no-sul-do-estado\\\/#mainImage\",\"width\":800,\"height\":500},\"primaryImageOfPage\":{\"@id\":\"https:\\\/\\\/radiosul.net\\\/wp\\\/2020\\\/senar-sc-inicia-formacao-de-novas-turmas-da-ateg-no-sul-do-estado\\\/#mainImage\"},\"datePublished\":\"2020-09-14T12:33:32-03:00\",\"dateModified\":\"2020-09-14T06:34:22-03:00\"},{\"@type\":\"WebSite\",\"@id\":\"https:\\\/\\\/radiosul.net\\\/wp\\\/#website\",\"url\":\"https:\\\/\\\/radiosul.net\\\/wp\\\/\",\"name\":\"radiosul.net\",\"description\":\"Regional por Excel\\u00eancia\",\"inLanguage\":\"pt-BR\",\"publisher\":{\"@id\":\"https:\\\/\\\/radiosul.net\\\/wp\\\/#organization\"}}]}\n\t\t<\/script>\n\t\t<!-- All in One SEO -->\n\n","aioseo_head_json":{"title":"Senar\/SC inicia forma\u00e7\u00e3o de novas turmas da ATeG no Sul do Estado - radiosul.net","description":"O Servi\u00e7o Nacional de Aprendizagem Rural (SENAR\/SC), reuniu apicultores e produtores de leite do Sul do Estado para apresentar a metodologia do Programa de Assist\u00eancia T\u00e9cnica e Gerencial (ATeG) que inicia a forma\u00e7\u00e3o de novas turmas na regi\u00e3o, em parceria com os Sindicatos Rurais locais. Os encontros aconteceram em Treviso, Orleans e Nova Veneza. Os","canonical_url":"https:\/\/radiosul.net\/wp\/2020\/senar-sc-inicia-formacao-de-novas-turmas-da-ateg-no-sul-do-estado\/","robots":"max-image-preview:large","keywords":"","webmasterTools":{"miscellaneous":""},"schema":{"@context":"https:\/\/schema.org","@graph":[{"@type":"BlogPosting","@id":"https:\/\/radiosul.net\/wp\/2020\/senar-sc-inicia-formacao-de-novas-turmas-da-ateg-no-sul-do-estado\/#blogposting","name":"Senar\/SC inicia forma\u00e7\u00e3o de novas turmas da ATeG no Sul do Estado - radiosul.net","headline":"Senar\/SC inicia forma\u00e7\u00e3o de novas turmas da ATeG no Sul do Estado","author":{"@id":"https:\/\/radiosul.net\/wp\/author\/alejo\/#author"},"publisher":{"@id":"https:\/\/radiosul.net\/wp\/#organization"},"image":{"@type":"ImageObject","url":"https:\/\/radiosul.net\/wp\/wp-content\/uploads\/2020\/09\/Senar-ATeG-Sul.jpg","width":800,"height":500},"datePublished":"2020-09-14T12:33:32-03:00","dateModified":"2020-09-14T06:34:22-03:00","inLanguage":"pt-BR","mainEntityOfPage":{"@id":"https:\/\/radiosul.net\/wp\/2020\/senar-sc-inicia-formacao-de-novas-turmas-da-ateg-no-sul-do-estado\/#webpage"},"isPartOf":{"@id":"https:\/\/radiosul.net\/wp\/2020\/senar-sc-inicia-formacao-de-novas-turmas-da-ateg-no-sul-do-estado\/#webpage"},"articleSection":"Agroneg\u00f3cio, Destaque"},{"@type":"BreadcrumbList","@id":"https:\/\/radiosul.net\/wp\/2020\/senar-sc-inicia-formacao-de-novas-turmas-da-ateg-no-sul-do-estado\/#breadcrumblist","itemListElement":[{"@type":"ListItem","@id":"https:\/\/radiosul.net\/wp#listItem","position":1,"name":"Home","item":"https:\/\/radiosul.net\/wp","nextItem":{"@type":"ListItem","@id":"https:\/\/radiosul.net\/wp\/category\/agro\/#listItem","name":"Agroneg\u00f3cio"}},{"@type":"ListItem","@id":"https:\/\/radiosul.net\/wp\/category\/agro\/#listItem","position":2,"name":"Agroneg\u00f3cio","item":"https:\/\/radiosul.net\/wp\/category\/agro\/","nextItem":{"@type":"ListItem","@id":"https:\/\/radiosul.net\/wp\/2020\/senar-sc-inicia-formacao-de-novas-turmas-da-ateg-no-sul-do-estado\/#listItem","name":"Senar\/SC inicia forma\u00e7\u00e3o de novas turmas da ATeG no Sul do Estado"},"previousItem":{"@type":"ListItem","@id":"https:\/\/radiosul.net\/wp#listItem","name":"Home"}},{"@type":"ListItem","@id":"https:\/\/radiosul.net\/wp\/2020\/senar-sc-inicia-formacao-de-novas-turmas-da-ateg-no-sul-do-estado\/#listItem","position":3,"name":"Senar\/SC inicia forma\u00e7\u00e3o de novas turmas da ATeG no Sul do Estado","previousItem":{"@type":"ListItem","@id":"https:\/\/radiosul.net\/wp\/category\/agro\/#listItem","name":"Agroneg\u00f3cio"}}]},{"@type":"Organization","@id":"https:\/\/radiosul.net\/wp\/#organization","name":"radiosul.net","description":"Regional por Excel\u00eancia","url":"https:\/\/radiosul.net\/wp\/"},{"@type":"Person","@id":"https:\/\/radiosul.net\/wp\/author\/alejo\/#author","url":"https:\/\/radiosul.net\/wp\/author\/alejo\/","name":"Alejo Bordon","image":{"@type":"ImageObject","@id":"https:\/\/radiosul.net\/wp\/2020\/senar-sc-inicia-formacao-de-novas-turmas-da-ateg-no-sul-do-estado\/#authorImage","url":"https:\/\/secure.gravatar.com\/avatar\/b3a7e7f1c71212e6a5b7183b79a2ab58dad8bdc4cd4eadd61c4434d010d0bae4?s=96&d=mm&r=g","width":96,"height":96,"caption":"Alejo Bordon"}},{"@type":"WebPage","@id":"https:\/\/radiosul.net\/wp\/2020\/senar-sc-inicia-formacao-de-novas-turmas-da-ateg-no-sul-do-estado\/#webpage","url":"https:\/\/radiosul.net\/wp\/2020\/senar-sc-inicia-formacao-de-novas-turmas-da-ateg-no-sul-do-estado\/","name":"Senar\/SC inicia forma\u00e7\u00e3o de novas turmas da ATeG no Sul do Estado - radiosul.net","description":"O Servi\u00e7o Nacional de Aprendizagem Rural (SENAR\/SC), reuniu apicultores e produtores de leite do Sul do Estado para apresentar a metodologia do Programa de Assist\u00eancia T\u00e9cnica e Gerencial (ATeG) que inicia a forma\u00e7\u00e3o de novas turmas na regi\u00e3o, em parceria com os Sindicatos Rurais locais. Os encontros aconteceram em Treviso, Orleans e Nova Veneza. Os","inLanguage":"pt-BR","isPartOf":{"@id":"https:\/\/radiosul.net\/wp\/#website"},"breadcrumb":{"@id":"https:\/\/radiosul.net\/wp\/2020\/senar-sc-inicia-formacao-de-novas-turmas-da-ateg-no-sul-do-estado\/#breadcrumblist"},"author":{"@id":"https:\/\/radiosul.net\/wp\/author\/alejo\/#author"},"creator":{"@id":"https:\/\/radiosul.net\/wp\/author\/alejo\/#author"},"image":{"@type":"ImageObject","url":"https:\/\/radiosul.net\/wp\/wp-content\/uploads\/2020\/09\/Senar-ATeG-Sul.jpg","@id":"https:\/\/radiosul.net\/wp\/2020\/senar-sc-inicia-formacao-de-novas-turmas-da-ateg-no-sul-do-estado\/#mainImage","width":800,"height":500},"primaryImageOfPage":{"@id":"https:\/\/radiosul.net\/wp\/2020\/senar-sc-inicia-formacao-de-novas-turmas-da-ateg-no-sul-do-estado\/#mainImage"},"datePublished":"2020-09-14T12:33:32-03:00","dateModified":"2020-09-14T06:34:22-03:00"},{"@type":"WebSite","@id":"https:\/\/radiosul.net\/wp\/#website","url":"https:\/\/radiosul.net\/wp\/","name":"radiosul.net","description":"Regional por Excel\u00eancia","inLanguage":"pt-BR","publisher":{"@id":"https:\/\/radiosul.net\/wp\/#organization"}}]},"og:locale":"pt_BR","og:site_name":"radiosul.net - Regional por Excel\u00eancia","og:type":"article","og:title":"Senar\/SC inicia forma\u00e7\u00e3o de novas turmas da ATeG no Sul do Estado - radiosul.net","og:description":"O Servi\u00e7o Nacional de Aprendizagem Rural (SENAR\/SC), reuniu apicultores e produtores de leite do Sul do Estado para apresentar a metodologia do Programa de Assist\u00eancia T\u00e9cnica e Gerencial (ATeG) que inicia a forma\u00e7\u00e3o de novas turmas na regi\u00e3o, em parceria com os Sindicatos Rurais locais. Os encontros aconteceram em Treviso, Orleans e Nova Veneza. Os","og:url":"https:\/\/radiosul.net\/wp\/2020\/senar-sc-inicia-formacao-de-novas-turmas-da-ateg-no-sul-do-estado\/","article:published_time":"2020-09-14T15:33:32+00:00","article:modified_time":"2020-09-14T09:34:22+00:00","twitter:card":"summary_large_image","twitter:title":"Senar\/SC inicia forma\u00e7\u00e3o de novas turmas da ATeG no Sul do Estado - radiosul.net","twitter:description":"O Servi\u00e7o Nacional de Aprendizagem Rural (SENAR\/SC), reuniu apicultores e produtores de leite do Sul do Estado para apresentar a metodologia do Programa de Assist\u00eancia T\u00e9cnica e Gerencial (ATeG) que inicia a forma\u00e7\u00e3o de novas turmas na regi\u00e3o, em parceria com os Sindicatos Rurais locais. Os encontros aconteceram em Treviso, Orleans e Nova Veneza. Os"},"aioseo_meta_data":{"post_id":"15323","title":null,"description":null,"keywords":null,"keyphrases":null,"primary_term":null,"canonical_url":null,"og_title":null,"og_description":null,"og_object_type":"default","og_image_type":"default","og_image_url":null,"og_image_width":null,"og_image_height":null,"og_image_custom_url":null,"og_image_custom_fields":null,"og_video":null,"og_custom_url":null,"og_article_section":null,"og_article_tags":null,"twitter_use_og":false,"twitter_card":"default","twitter_image_type":"default","twitter_image_url":null,"twitter_image_custom_url":null,"twitter_image_custom_fields":null,"twitter_title":null,"twitter_description":null,"schema":{"blockGraphs":[],"customGraphs":[],"default":{"data":{"Article":[],"Course":[],"Dataset":[],"FAQPage":[],"Movie":[],"Person":[],"Product":[],"ProductReview":[],"Car":[],"Recipe":[],"Service":[],"SoftwareApplication":[],"WebPage":[]},"graphName":"","isEnabled":true},"graphs":[]},"schema_type":"default","schema_type_options":null,"pillar_content":false,"robots_default":true,"robots_noindex":false,"robots_noarchive":false,"robots_nosnippet":false,"robots_nofollow":false,"robots_noimageindex":false,"robots_noodp":false,"robots_notranslate":false,"robots_max_snippet":null,"robots_max_videopreview":null,"robots_max_imagepreview":"large","priority":null,"frequency":null,"local_seo":null,"breadcrumb_settings":null,"limit_modified_date":false,"ai":null,"created":"2026-01-08 22:50:49","updated":"2026-01-08 22:50:49","seo_analyzer_scan_date":null,"focus_keyword":null,"additional_keywords":null,"truseo_locale":null},"aioseo_breadcrumb":"<div class=\"aioseo-breadcrumbs\"><span class=\"aioseo-breadcrumb\">\n\t\t\t<a href=\"https:\/\/radiosul.net\/wp\" title=\"Home\">Home<\/a>\n\t\t<\/span><span class=\"aioseo-breadcrumb-separator\">&raquo;<\/span><span class=\"aioseo-breadcrumb\">\n\t\t\t<a href=\"https:\/\/radiosul.net\/wp\/category\/agro\/\" title=\"Agroneg\u00f3cio\">Agroneg\u00f3cio<\/a>\n\t\t<\/span><span class=\"aioseo-breadcrumb-separator\">&raquo;<\/span><span class=\"aioseo-breadcrumb\">\n\t\t\tSenar\/SC inicia forma\u00e7\u00e3o de novas turmas da ATeG no Sul do Estado\n\t\t<\/span><\/div>","aioseo_breadcrumb_json":[{"label":"Home","link":"https:\/\/radiosul.net\/wp"},{"label":"Agroneg\u00f3cio","link":"https:\/\/radiosul.net\/wp\/category\/agro\/"},{"label":"Senar\/SC inicia forma\u00e7\u00e3o de novas turmas da ATeG no Sul do Estado","link":"https:\/\/radiosul.net\/wp\/2020\/senar-sc-inicia-formacao-de-novas-turmas-da-ateg-no-sul-do-estado\/"}],"_links":{"self":[{"href":"https:\/\/radiosul.net\/wp\/wp-json\/wp\/v2\/posts\/15323","targetHints":{"allow":["GET"]}}],"collection":[{"href":"https:\/\/radiosul.net\/wp\/wp-json\/wp\/v2\/posts"}],"about":[{"href":"https:\/\/radiosul.net\/wp\/wp-json\/wp\/v2\/types\/post"}],"author":[{"embeddable":true,"href":"https:\/\/radiosul.net\/wp\/wp-json\/wp\/v2\/users\/9"}],"replies":[{"embeddable":true,"href":"https:\/\/radiosul.net\/wp\/wp-json\/wp\/v2\/comments?post=15323"}],"version-history":[{"count":1,"href":"https:\/\/radiosul.net\/wp\/wp-json\/wp\/v2\/posts\/15323\/revisions"}],"predecessor-version":[{"id":15324,"href":"https:\/\/radiosul.net\/wp\/wp-json\/wp\/v2\/posts\/15323\/revisions\/15324"}],"wp:featuredmedia":[{"embeddable":true,"href":"https:\/\/radiosul.net\/wp\/wp-json\/wp\/v2\/media\/15315"}],"wp:attachment":[{"href":"https:\/\/radiosul.net\/wp\/wp-json\/wp\/v2\/media?parent=15323"}],"wp:term":[{"taxonomy":"category","embeddable":true,"href":"https:\/\/radiosul.net\/wp\/wp-json\/wp\/v2\/categories?post=15323"},{"taxonomy":"post_tag","embeddable":true,"href":"https:\/\/radiosul.net\/wp\/wp-json\/wp\/v2\/tags?post=15323"}],"curies":[{"name":"wp","href":"https:\/\/api.w.org\/{rel}","templated":true}]}}