{"id":14524,"date":"2020-08-10T11:52:00","date_gmt":"2020-08-10T14:52:00","guid":{"rendered":"https:\/\/radiosul.net\/wp\/?p=14524"},"modified":"2020-08-10T03:02:01","modified_gmt":"2020-08-10T06:02:01","slug":"entidades-agropecuarias-se-unem-para-defender-legislacao-florestal-em-sc","status":"publish","type":"post","link":"https:\/\/radiosul.net\/wp\/2020\/entidades-agropecuarias-se-unem-para-defender-legislacao-florestal-em-sc\/","title":{"rendered":"Entidades agropecu\u00e1rias se unem para defender Legisla\u00e7\u00e3o Florestal em SC"},"content":{"rendered":"\n<p class=\"wp-block-paragraph\">Um novo problema est\u00e1 incomodando o setor agropecu\u00e1rio catarinense. Uma a\u00e7\u00e3o dos Minist\u00e9rios P\u00fablico Federal e Estadual querem que a justi\u00e7a, declare ilegal parte da Lei Florestal, sob o argumento de preju\u00edzo ao meio ambiente.<\/p>\n\n\n\n<p class=\"wp-block-paragraph\">A a\u00e7\u00e3o impetrada quer que prevale\u00e7a a Lei da Mata Atl\u00e2ntica que pro\u00edbe a explora\u00e7\u00e3o agr\u00edcola nessas \u00e1reas e que n\u00e3o vale a regra do C\u00f3digo Florestal, estadual e federal. A a\u00e7\u00e3o impetrada proibiu que os \u00f3rg\u00e3os de controles ambientais, como o IMA e o IBAMA concedam licenciamento ambiental nas propriedades rurais que fazem parte do Bioma da Mata Atl\u00e2ntica. Esse bioma abrange todo estado de SC.<\/p>\n\n\n\n<p class=\"wp-block-paragraph\">Recurso impetrado pelos \u00f3rg\u00e3os de controle conseguiu uma liminar para continuar concedendo as licen\u00e7as, atividade que executam de acordo com o que prev\u00ea o C\u00f3digo Florestal a pelo menos cinco anos, entretanto a a\u00e7\u00e3o continua tramitando na esfera jur\u00eddica para julgamento do m\u00e9rito.<\/p>\n\n\n\n<p class=\"wp-block-paragraph\">As entidades do agroneg\u00f3cio catarinense assumiram a causa em defesa da Lei Florestal e dos direitos dos \u00f3rg\u00e3os ambientais concederem as licen\u00e7as. Faesc, Sindicarne, Acav e Fecoagro est\u00e3o bancando a a\u00e7\u00e3o de defesa junto ao Supremo Tribunal de Justi\u00e7a defendendo que deve ser respeitada a Lei Florestal.<\/p>\n\n\n\n<p class=\"wp-block-paragraph\">Se n\u00e3o prevalecer, cerca de 90 por cento a das atividades agropecu\u00e1rias de SC ficar\u00e3o inviabilizadas, prejudicando mais de 250 mi fam\u00edlias pequenos agricultores, caso n\u00e3o possam ser concedidas licen\u00e7as mesmo nas \u00e1reas de APP, mesmo que situadas \u00e0s \u00e1reas rurais consolidadas previstas no C\u00f3digo Florestal.<\/p>\n\n\n\n<p class=\"wp-block-paragraph\">As consequ\u00eancias econ\u00f4micas e sociais para o estado de SC ser\u00e3o incalcul\u00e1veis, se o STF convalidar a inten\u00e7\u00e3o do Minist\u00e9rio P\u00fablico que quer que n\u00e3o se possa produzir nas pequenas propriedades rurais de SC e de outros estados onde exista a Mata Atl\u00e2ntica.<\/p>\n\n\n\n<p class=\"wp-block-paragraph\"><strong><em>Fonte: Fecoagro<\/em><\/strong><\/p>\n","protected":false},"excerpt":{"rendered":"<p>Um novo problema est\u00e1 incomodando o setor agropecu\u00e1rio catarinense. Uma a\u00e7\u00e3o dos Minist\u00e9rios P\u00fablico Federal e Estadual querem que a justi\u00e7a, declare ilegal parte da Lei Florestal, sob o argumento de preju\u00edzo ao meio ambiente. A a\u00e7\u00e3o impetrada quer que prevale\u00e7a a Lei da Mata Atl\u00e2ntica que pro\u00edbe a explora\u00e7\u00e3o agr\u00edcola nessas \u00e1reas e que &hellip;<\/p>\n","protected":false},"author":9,"featured_media":14525,"comment_status":"closed","ping_status":"closed","sticky":false,"template":"","format":"standard","meta":{"_monsterinsights_skip_tracking":false,"_uf_show_specific_survey":0,"_uf_disable_surveys":false,"footnotes":""},"categories":[1,126],"tags":[],"class_list":["post-14524","post","type-post","status-publish","format-standard","has-post-thumbnail","hentry","category-agro","category-destacados"],"aioseo_notices":[],"aioseo_head":"\n\t\t<!-- All in One SEO 5.0.1.1 - aioseo.com -->\n\t<meta name=\"description\" content=\"Um novo problema est\u00e1 incomodando o setor agropecu\u00e1rio catarinense. Uma a\u00e7\u00e3o dos Minist\u00e9rios P\u00fablico Federal e Estadual querem que a justi\u00e7a, declare ilegal parte da Lei Florestal, sob o argumento de preju\u00edzo ao meio ambiente. A a\u00e7\u00e3o impetrada quer que prevale\u00e7a a Lei da Mata Atl\u00e2ntica que pro\u00edbe a explora\u00e7\u00e3o agr\u00edcola nessas \u00e1reas e que\" \/>\n\t<meta name=\"robots\" content=\"max-image-preview:large\" \/>\n\t<meta name=\"author\" content=\"Alejo Bordon\"\/>\n\t<link rel=\"canonical\" href=\"https:\/\/radiosul.net\/wp\/2020\/entidades-agropecuarias-se-unem-para-defender-legislacao-florestal-em-sc\/\" \/>\n\t<meta name=\"generator\" content=\"All in One SEO (AIOSEO) 5.0.1.1\" \/>\n\t\t<meta property=\"og:locale\" content=\"pt_BR\" \/>\n\t\t<meta property=\"og:site_name\" content=\"radiosul.net - Regional por Excel\u00eancia\" \/>\n\t\t<meta property=\"og:type\" content=\"article\" \/>\n\t\t<meta property=\"og:title\" content=\"Entidades agropecu\u00e1rias se unem para defender Legisla\u00e7\u00e3o Florestal em SC - radiosul.net\" \/>\n\t\t<meta property=\"og:description\" content=\"Um novo problema est\u00e1 incomodando o setor agropecu\u00e1rio catarinense. Uma a\u00e7\u00e3o dos Minist\u00e9rios P\u00fablico Federal e Estadual querem que a justi\u00e7a, declare ilegal parte da Lei Florestal, sob o argumento de preju\u00edzo ao meio ambiente. A a\u00e7\u00e3o impetrada quer que prevale\u00e7a a Lei da Mata Atl\u00e2ntica que pro\u00edbe a explora\u00e7\u00e3o agr\u00edcola nessas \u00e1reas e que\" \/>\n\t\t<meta property=\"og:url\" content=\"https:\/\/radiosul.net\/wp\/2020\/entidades-agropecuarias-se-unem-para-defender-legislacao-florestal-em-sc\/\" \/>\n\t\t<meta property=\"article:published_time\" content=\"2020-08-10T14:52:00+00:00\" \/>\n\t\t<meta property=\"article:modified_time\" content=\"2020-08-10T06:02:01+00:00\" \/>\n\t\t<meta name=\"twitter:card\" content=\"summary_large_image\" \/>\n\t\t<meta name=\"twitter:title\" content=\"Entidades agropecu\u00e1rias se unem para defender Legisla\u00e7\u00e3o Florestal em SC - radiosul.net\" \/>\n\t\t<meta name=\"twitter:description\" content=\"Um novo problema est\u00e1 incomodando o setor agropecu\u00e1rio catarinense. Uma a\u00e7\u00e3o dos Minist\u00e9rios P\u00fablico Federal e Estadual querem que a justi\u00e7a, declare ilegal parte da Lei Florestal, sob o argumento de preju\u00edzo ao meio ambiente. A a\u00e7\u00e3o impetrada quer que prevale\u00e7a a Lei da Mata Atl\u00e2ntica que pro\u00edbe a explora\u00e7\u00e3o agr\u00edcola nessas \u00e1reas e que\" \/>\n\t\t<script type=\"application\/ld+json\" class=\"aioseo-schema\">\n\t\t\t{\"@context\":\"https:\\\/\\\/schema.org\",\"@graph\":[{\"@type\":\"BlogPosting\",\"@id\":\"https:\\\/\\\/radiosul.net\\\/wp\\\/2020\\\/entidades-agropecuarias-se-unem-para-defender-legislacao-florestal-em-sc\\\/#blogposting\",\"name\":\"Entidades agropecu\\u00e1rias se unem para defender Legisla\\u00e7\\u00e3o Florestal em SC - radiosul.net\",\"headline\":\"Entidades agropecu\\u00e1rias se unem para defender Legisla\\u00e7\\u00e3o Florestal em SC\",\"author\":{\"@id\":\"https:\\\/\\\/radiosul.net\\\/wp\\\/author\\\/alejo\\\/#author\"},\"publisher\":{\"@id\":\"https:\\\/\\\/radiosul.net\\\/wp\\\/#organization\"},\"image\":{\"@type\":\"ImageObject\",\"url\":\"https:\\\/\\\/radiosul.net\\\/wp\\\/wp-content\\\/uploads\\\/2020\\\/08\\\/mata.jpg\",\"width\":800,\"height\":500},\"datePublished\":\"2020-08-10T11:52:00-03:00\",\"dateModified\":\"2020-08-10T03:02:01-03:00\",\"inLanguage\":\"pt-BR\",\"mainEntityOfPage\":{\"@id\":\"https:\\\/\\\/radiosul.net\\\/wp\\\/2020\\\/entidades-agropecuarias-se-unem-para-defender-legislacao-florestal-em-sc\\\/#webpage\"},\"isPartOf\":{\"@id\":\"https:\\\/\\\/radiosul.net\\\/wp\\\/2020\\\/entidades-agropecuarias-se-unem-para-defender-legislacao-florestal-em-sc\\\/#webpage\"},\"articleSection\":\"Agroneg\\u00f3cio, Destaque\"},{\"@type\":\"BreadcrumbList\",\"@id\":\"https:\\\/\\\/radiosul.net\\\/wp\\\/2020\\\/entidades-agropecuarias-se-unem-para-defender-legislacao-florestal-em-sc\\\/#breadcrumblist\",\"itemListElement\":[{\"@type\":\"ListItem\",\"@id\":\"https:\\\/\\\/radiosul.net\\\/wp#listItem\",\"position\":1,\"name\":\"Home\",\"item\":\"https:\\\/\\\/radiosul.net\\\/wp\",\"nextItem\":{\"@type\":\"ListItem\",\"@id\":\"https:\\\/\\\/radiosul.net\\\/wp\\\/category\\\/agro\\\/#listItem\",\"name\":\"Agroneg\\u00f3cio\"}},{\"@type\":\"ListItem\",\"@id\":\"https:\\\/\\\/radiosul.net\\\/wp\\\/category\\\/agro\\\/#listItem\",\"position\":2,\"name\":\"Agroneg\\u00f3cio\",\"item\":\"https:\\\/\\\/radiosul.net\\\/wp\\\/category\\\/agro\\\/\",\"nextItem\":{\"@type\":\"ListItem\",\"@id\":\"https:\\\/\\\/radiosul.net\\\/wp\\\/2020\\\/entidades-agropecuarias-se-unem-para-defender-legislacao-florestal-em-sc\\\/#listItem\",\"name\":\"Entidades agropecu\\u00e1rias se unem para defender Legisla\\u00e7\\u00e3o Florestal em SC\"},\"previousItem\":{\"@type\":\"ListItem\",\"@id\":\"https:\\\/\\\/radiosul.net\\\/wp#listItem\",\"name\":\"Home\"}},{\"@type\":\"ListItem\",\"@id\":\"https:\\\/\\\/radiosul.net\\\/wp\\\/2020\\\/entidades-agropecuarias-se-unem-para-defender-legislacao-florestal-em-sc\\\/#listItem\",\"position\":3,\"name\":\"Entidades agropecu\\u00e1rias se unem para defender Legisla\\u00e7\\u00e3o Florestal em SC\",\"previousItem\":{\"@type\":\"ListItem\",\"@id\":\"https:\\\/\\\/radiosul.net\\\/wp\\\/category\\\/agro\\\/#listItem\",\"name\":\"Agroneg\\u00f3cio\"}}]},{\"@type\":\"Organization\",\"@id\":\"https:\\\/\\\/radiosul.net\\\/wp\\\/#organization\",\"name\":\"radiosul.net\",\"description\":\"Regional por Excel\\u00eancia\",\"url\":\"https:\\\/\\\/radiosul.net\\\/wp\\\/\"},{\"@type\":\"Person\",\"@id\":\"https:\\\/\\\/radiosul.net\\\/wp\\\/author\\\/alejo\\\/#author\",\"url\":\"https:\\\/\\\/radiosul.net\\\/wp\\\/author\\\/alejo\\\/\",\"name\":\"Alejo Bordon\",\"image\":{\"@type\":\"ImageObject\",\"@id\":\"https:\\\/\\\/radiosul.net\\\/wp\\\/2020\\\/entidades-agropecuarias-se-unem-para-defender-legislacao-florestal-em-sc\\\/#authorImage\",\"url\":\"https:\\\/\\\/secure.gravatar.com\\\/avatar\\\/b3a7e7f1c71212e6a5b7183b79a2ab58dad8bdc4cd4eadd61c4434d010d0bae4?s=96&d=mm&r=g\",\"width\":96,\"height\":96,\"caption\":\"Alejo Bordon\"}},{\"@type\":\"WebPage\",\"@id\":\"https:\\\/\\\/radiosul.net\\\/wp\\\/2020\\\/entidades-agropecuarias-se-unem-para-defender-legislacao-florestal-em-sc\\\/#webpage\",\"url\":\"https:\\\/\\\/radiosul.net\\\/wp\\\/2020\\\/entidades-agropecuarias-se-unem-para-defender-legislacao-florestal-em-sc\\\/\",\"name\":\"Entidades agropecu\\u00e1rias se unem para defender Legisla\\u00e7\\u00e3o Florestal em SC - radiosul.net\",\"description\":\"Um novo problema est\\u00e1 incomodando o setor agropecu\\u00e1rio catarinense. Uma a\\u00e7\\u00e3o dos Minist\\u00e9rios P\\u00fablico Federal e Estadual querem que a justi\\u00e7a, declare ilegal parte da Lei Florestal, sob o argumento de preju\\u00edzo ao meio ambiente. A a\\u00e7\\u00e3o impetrada quer que prevale\\u00e7a a Lei da Mata Atl\\u00e2ntica que pro\\u00edbe a explora\\u00e7\\u00e3o agr\\u00edcola nessas \\u00e1reas e que\",\"inLanguage\":\"pt-BR\",\"isPartOf\":{\"@id\":\"https:\\\/\\\/radiosul.net\\\/wp\\\/#website\"},\"breadcrumb\":{\"@id\":\"https:\\\/\\\/radiosul.net\\\/wp\\\/2020\\\/entidades-agropecuarias-se-unem-para-defender-legislacao-florestal-em-sc\\\/#breadcrumblist\"},\"author\":{\"@id\":\"https:\\\/\\\/radiosul.net\\\/wp\\\/author\\\/alejo\\\/#author\"},\"creator\":{\"@id\":\"https:\\\/\\\/radiosul.net\\\/wp\\\/author\\\/alejo\\\/#author\"},\"image\":{\"@type\":\"ImageObject\",\"url\":\"https:\\\/\\\/radiosul.net\\\/wp\\\/wp-content\\\/uploads\\\/2020\\\/08\\\/mata.jpg\",\"@id\":\"https:\\\/\\\/radiosul.net\\\/wp\\\/2020\\\/entidades-agropecuarias-se-unem-para-defender-legislacao-florestal-em-sc\\\/#mainImage\",\"width\":800,\"height\":500},\"primaryImageOfPage\":{\"@id\":\"https:\\\/\\\/radiosul.net\\\/wp\\\/2020\\\/entidades-agropecuarias-se-unem-para-defender-legislacao-florestal-em-sc\\\/#mainImage\"},\"datePublished\":\"2020-08-10T11:52:00-03:00\",\"dateModified\":\"2020-08-10T03:02:01-03:00\"},{\"@type\":\"WebSite\",\"@id\":\"https:\\\/\\\/radiosul.net\\\/wp\\\/#website\",\"url\":\"https:\\\/\\\/radiosul.net\\\/wp\\\/\",\"name\":\"radiosul.net\",\"description\":\"Regional por Excel\\u00eancia\",\"inLanguage\":\"pt-BR\",\"publisher\":{\"@id\":\"https:\\\/\\\/radiosul.net\\\/wp\\\/#organization\"}}]}\n\t\t<\/script>\n\t\t<!-- All in One SEO -->\n\n","aioseo_head_json":{"title":"Entidades agropecu\u00e1rias se unem para defender Legisla\u00e7\u00e3o Florestal em SC - radiosul.net","description":"Um novo problema est\u00e1 incomodando o setor agropecu\u00e1rio catarinense. Uma a\u00e7\u00e3o dos Minist\u00e9rios P\u00fablico Federal e Estadual querem que a justi\u00e7a, declare ilegal parte da Lei Florestal, sob o argumento de preju\u00edzo ao meio ambiente. A a\u00e7\u00e3o impetrada quer que prevale\u00e7a a Lei da Mata Atl\u00e2ntica que pro\u00edbe a explora\u00e7\u00e3o agr\u00edcola nessas \u00e1reas e que","canonical_url":"https:\/\/radiosul.net\/wp\/2020\/entidades-agropecuarias-se-unem-para-defender-legislacao-florestal-em-sc\/","robots":"max-image-preview:large","keywords":"","webmasterTools":{"miscellaneous":""},"schema":{"@context":"https:\/\/schema.org","@graph":[{"@type":"BlogPosting","@id":"https:\/\/radiosul.net\/wp\/2020\/entidades-agropecuarias-se-unem-para-defender-legislacao-florestal-em-sc\/#blogposting","name":"Entidades agropecu\u00e1rias se unem para defender Legisla\u00e7\u00e3o Florestal em SC - radiosul.net","headline":"Entidades agropecu\u00e1rias se unem para defender Legisla\u00e7\u00e3o Florestal em SC","author":{"@id":"https:\/\/radiosul.net\/wp\/author\/alejo\/#author"},"publisher":{"@id":"https:\/\/radiosul.net\/wp\/#organization"},"image":{"@type":"ImageObject","url":"https:\/\/radiosul.net\/wp\/wp-content\/uploads\/2020\/08\/mata.jpg","width":800,"height":500},"datePublished":"2020-08-10T11:52:00-03:00","dateModified":"2020-08-10T03:02:01-03:00","inLanguage":"pt-BR","mainEntityOfPage":{"@id":"https:\/\/radiosul.net\/wp\/2020\/entidades-agropecuarias-se-unem-para-defender-legislacao-florestal-em-sc\/#webpage"},"isPartOf":{"@id":"https:\/\/radiosul.net\/wp\/2020\/entidades-agropecuarias-se-unem-para-defender-legislacao-florestal-em-sc\/#webpage"},"articleSection":"Agroneg\u00f3cio, Destaque"},{"@type":"BreadcrumbList","@id":"https:\/\/radiosul.net\/wp\/2020\/entidades-agropecuarias-se-unem-para-defender-legislacao-florestal-em-sc\/#breadcrumblist","itemListElement":[{"@type":"ListItem","@id":"https:\/\/radiosul.net\/wp#listItem","position":1,"name":"Home","item":"https:\/\/radiosul.net\/wp","nextItem":{"@type":"ListItem","@id":"https:\/\/radiosul.net\/wp\/category\/agro\/#listItem","name":"Agroneg\u00f3cio"}},{"@type":"ListItem","@id":"https:\/\/radiosul.net\/wp\/category\/agro\/#listItem","position":2,"name":"Agroneg\u00f3cio","item":"https:\/\/radiosul.net\/wp\/category\/agro\/","nextItem":{"@type":"ListItem","@id":"https:\/\/radiosul.net\/wp\/2020\/entidades-agropecuarias-se-unem-para-defender-legislacao-florestal-em-sc\/#listItem","name":"Entidades agropecu\u00e1rias se unem para defender Legisla\u00e7\u00e3o Florestal em SC"},"previousItem":{"@type":"ListItem","@id":"https:\/\/radiosul.net\/wp#listItem","name":"Home"}},{"@type":"ListItem","@id":"https:\/\/radiosul.net\/wp\/2020\/entidades-agropecuarias-se-unem-para-defender-legislacao-florestal-em-sc\/#listItem","position":3,"name":"Entidades agropecu\u00e1rias se unem para defender Legisla\u00e7\u00e3o Florestal em SC","previousItem":{"@type":"ListItem","@id":"https:\/\/radiosul.net\/wp\/category\/agro\/#listItem","name":"Agroneg\u00f3cio"}}]},{"@type":"Organization","@id":"https:\/\/radiosul.net\/wp\/#organization","name":"radiosul.net","description":"Regional por Excel\u00eancia","url":"https:\/\/radiosul.net\/wp\/"},{"@type":"Person","@id":"https:\/\/radiosul.net\/wp\/author\/alejo\/#author","url":"https:\/\/radiosul.net\/wp\/author\/alejo\/","name":"Alejo Bordon","image":{"@type":"ImageObject","@id":"https:\/\/radiosul.net\/wp\/2020\/entidades-agropecuarias-se-unem-para-defender-legislacao-florestal-em-sc\/#authorImage","url":"https:\/\/secure.gravatar.com\/avatar\/b3a7e7f1c71212e6a5b7183b79a2ab58dad8bdc4cd4eadd61c4434d010d0bae4?s=96&d=mm&r=g","width":96,"height":96,"caption":"Alejo Bordon"}},{"@type":"WebPage","@id":"https:\/\/radiosul.net\/wp\/2020\/entidades-agropecuarias-se-unem-para-defender-legislacao-florestal-em-sc\/#webpage","url":"https:\/\/radiosul.net\/wp\/2020\/entidades-agropecuarias-se-unem-para-defender-legislacao-florestal-em-sc\/","name":"Entidades agropecu\u00e1rias se unem para defender Legisla\u00e7\u00e3o Florestal em SC - radiosul.net","description":"Um novo problema est\u00e1 incomodando o setor agropecu\u00e1rio catarinense. Uma a\u00e7\u00e3o dos Minist\u00e9rios P\u00fablico Federal e Estadual querem que a justi\u00e7a, declare ilegal parte da Lei Florestal, sob o argumento de preju\u00edzo ao meio ambiente. A a\u00e7\u00e3o impetrada quer que prevale\u00e7a a Lei da Mata Atl\u00e2ntica que pro\u00edbe a explora\u00e7\u00e3o agr\u00edcola nessas \u00e1reas e que","inLanguage":"pt-BR","isPartOf":{"@id":"https:\/\/radiosul.net\/wp\/#website"},"breadcrumb":{"@id":"https:\/\/radiosul.net\/wp\/2020\/entidades-agropecuarias-se-unem-para-defender-legislacao-florestal-em-sc\/#breadcrumblist"},"author":{"@id":"https:\/\/radiosul.net\/wp\/author\/alejo\/#author"},"creator":{"@id":"https:\/\/radiosul.net\/wp\/author\/alejo\/#author"},"image":{"@type":"ImageObject","url":"https:\/\/radiosul.net\/wp\/wp-content\/uploads\/2020\/08\/mata.jpg","@id":"https:\/\/radiosul.net\/wp\/2020\/entidades-agropecuarias-se-unem-para-defender-legislacao-florestal-em-sc\/#mainImage","width":800,"height":500},"primaryImageOfPage":{"@id":"https:\/\/radiosul.net\/wp\/2020\/entidades-agropecuarias-se-unem-para-defender-legislacao-florestal-em-sc\/#mainImage"},"datePublished":"2020-08-10T11:52:00-03:00","dateModified":"2020-08-10T03:02:01-03:00"},{"@type":"WebSite","@id":"https:\/\/radiosul.net\/wp\/#website","url":"https:\/\/radiosul.net\/wp\/","name":"radiosul.net","description":"Regional por Excel\u00eancia","inLanguage":"pt-BR","publisher":{"@id":"https:\/\/radiosul.net\/wp\/#organization"}}]},"og:locale":"pt_BR","og:site_name":"radiosul.net - Regional por Excel\u00eancia","og:type":"article","og:title":"Entidades agropecu\u00e1rias se unem para defender Legisla\u00e7\u00e3o Florestal em SC - radiosul.net","og:description":"Um novo problema est\u00e1 incomodando o setor agropecu\u00e1rio catarinense. Uma a\u00e7\u00e3o dos Minist\u00e9rios P\u00fablico Federal e Estadual querem que a justi\u00e7a, declare ilegal parte da Lei Florestal, sob o argumento de preju\u00edzo ao meio ambiente. A a\u00e7\u00e3o impetrada quer que prevale\u00e7a a Lei da Mata Atl\u00e2ntica que pro\u00edbe a explora\u00e7\u00e3o agr\u00edcola nessas \u00e1reas e que","og:url":"https:\/\/radiosul.net\/wp\/2020\/entidades-agropecuarias-se-unem-para-defender-legislacao-florestal-em-sc\/","article:published_time":"2020-08-10T14:52:00+00:00","article:modified_time":"2020-08-10T06:02:01+00:00","twitter:card":"summary_large_image","twitter:title":"Entidades agropecu\u00e1rias se unem para defender Legisla\u00e7\u00e3o Florestal em SC - radiosul.net","twitter:description":"Um novo problema est\u00e1 incomodando o setor agropecu\u00e1rio catarinense. Uma a\u00e7\u00e3o dos Minist\u00e9rios P\u00fablico Federal e Estadual querem que a justi\u00e7a, declare ilegal parte da Lei Florestal, sob o argumento de preju\u00edzo ao meio ambiente. A a\u00e7\u00e3o impetrada quer que prevale\u00e7a a Lei da Mata Atl\u00e2ntica que pro\u00edbe a explora\u00e7\u00e3o agr\u00edcola nessas \u00e1reas e que"},"aioseo_meta_data":{"post_id":"14524","title":null,"description":null,"keywords":null,"keyphrases":null,"primary_term":null,"canonical_url":null,"og_title":null,"og_description":null,"og_object_type":"default","og_image_type":"default","og_image_url":null,"og_image_width":null,"og_image_height":null,"og_image_custom_url":null,"og_image_custom_fields":null,"og_video":null,"og_custom_url":null,"og_article_section":null,"og_article_tags":null,"twitter_use_og":false,"twitter_card":"default","twitter_image_type":"default","twitter_image_url":null,"twitter_image_custom_url":null,"twitter_image_custom_fields":null,"twitter_title":null,"twitter_description":null,"schema":{"blockGraphs":[],"customGraphs":[],"default":{"data":{"Article":[],"Course":[],"Dataset":[],"FAQPage":[],"Movie":[],"Person":[],"Product":[],"ProductReview":[],"Car":[],"Recipe":[],"Service":[],"SoftwareApplication":[],"WebPage":[]},"graphName":"","isEnabled":true},"graphs":[]},"schema_type":"default","schema_type_options":null,"pillar_content":false,"robots_default":true,"robots_noindex":false,"robots_noarchive":false,"robots_nosnippet":false,"robots_nofollow":false,"robots_noimageindex":false,"robots_noodp":false,"robots_notranslate":false,"robots_max_snippet":null,"robots_max_videopreview":null,"robots_max_imagepreview":"large","priority":null,"frequency":null,"local_seo":null,"breadcrumb_settings":null,"limit_modified_date":false,"ai":null,"created":"2026-01-08 22:13:09","updated":"2026-01-08 22:13:09","seo_analyzer_scan_date":null,"focus_keyword":null,"additional_keywords":null,"truseo_locale":null},"aioseo_breadcrumb":"<div class=\"aioseo-breadcrumbs\"><span class=\"aioseo-breadcrumb\">\n\t\t\t<a href=\"https:\/\/radiosul.net\/wp\" title=\"Home\">Home<\/a>\n\t\t<\/span><span class=\"aioseo-breadcrumb-separator\">&raquo;<\/span><span class=\"aioseo-breadcrumb\">\n\t\t\t<a href=\"https:\/\/radiosul.net\/wp\/category\/agro\/\" title=\"Agroneg\u00f3cio\">Agroneg\u00f3cio<\/a>\n\t\t<\/span><span class=\"aioseo-breadcrumb-separator\">&raquo;<\/span><span class=\"aioseo-breadcrumb\">\n\t\t\tEntidades agropecu\u00e1rias se unem para defender Legisla\u00e7\u00e3o Florestal em SC\n\t\t<\/span><\/div>","aioseo_breadcrumb_json":[{"label":"Home","link":"https:\/\/radiosul.net\/wp"},{"label":"Agroneg\u00f3cio","link":"https:\/\/radiosul.net\/wp\/category\/agro\/"},{"label":"Entidades agropecu\u00e1rias se unem para defender Legisla\u00e7\u00e3o Florestal em SC","link":"https:\/\/radiosul.net\/wp\/2020\/entidades-agropecuarias-se-unem-para-defender-legislacao-florestal-em-sc\/"}],"_links":{"self":[{"href":"https:\/\/radiosul.net\/wp\/wp-json\/wp\/v2\/posts\/14524","targetHints":{"allow":["GET"]}}],"collection":[{"href":"https:\/\/radiosul.net\/wp\/wp-json\/wp\/v2\/posts"}],"about":[{"href":"https:\/\/radiosul.net\/wp\/wp-json\/wp\/v2\/types\/post"}],"author":[{"embeddable":true,"href":"https:\/\/radiosul.net\/wp\/wp-json\/wp\/v2\/users\/9"}],"replies":[{"embeddable":true,"href":"https:\/\/radiosul.net\/wp\/wp-json\/wp\/v2\/comments?post=14524"}],"version-history":[{"count":1,"href":"https:\/\/radiosul.net\/wp\/wp-json\/wp\/v2\/posts\/14524\/revisions"}],"predecessor-version":[{"id":14526,"href":"https:\/\/radiosul.net\/wp\/wp-json\/wp\/v2\/posts\/14524\/revisions\/14526"}],"wp:featuredmedia":[{"embeddable":true,"href":"https:\/\/radiosul.net\/wp\/wp-json\/wp\/v2\/media\/14525"}],"wp:attachment":[{"href":"https:\/\/radiosul.net\/wp\/wp-json\/wp\/v2\/media?parent=14524"}],"wp:term":[{"taxonomy":"category","embeddable":true,"href":"https:\/\/radiosul.net\/wp\/wp-json\/wp\/v2\/categories?post=14524"},{"taxonomy":"post_tag","embeddable":true,"href":"https:\/\/radiosul.net\/wp\/wp-json\/wp\/v2\/tags?post=14524"}],"curies":[{"name":"wp","href":"https:\/\/api.w.org\/{rel}","templated":true}]}}