{"id":14295,"date":"2020-07-29T11:49:00","date_gmt":"2020-07-29T14:49:00","guid":{"rendered":"https:\/\/radiosul.net\/wp\/?p=14295"},"modified":"2020-07-29T06:17:51","modified_gmt":"2020-07-29T09:17:51","slug":"produtores-e-industria-da-cadeia-leiteira-se-unem-em-defesa-da-igualdade-tributaria-em-sc","status":"publish","type":"post","link":"https:\/\/radiosul.net\/wp\/2020\/produtores-e-industria-da-cadeia-leiteira-se-unem-em-defesa-da-igualdade-tributaria-em-sc\/","title":{"rendered":"Produtores e ind\u00fastria da cadeia leiteira se unem em defesa da igualdade tribut\u00e1ria em SC"},"content":{"rendered":"\n<p class=\"wp-block-paragraph\">Cerca de 100 produtores rurais e 40 representantes da ind\u00fastria l\u00e1ctea de Santa Catarina participaram de reuni\u00e3o do Conselho Parit\u00e1rio de Produtores e Ind\u00fastrias de Leite do Estado (Conseleite) para debater formas de tornar a cadeia leiteira catarinense mais competitiva. O encontro por videoconfer\u00eancia teve a participa\u00e7\u00e3o do presidente da Federa\u00e7\u00e3o da Agricultura e Pecu\u00e1ria do Estado de Santa Catarina (FAESC), Jos\u00e9 Zeferino Pedrozo, do presidente do Conseleite, Valter Brandalise, e do secret\u00e1rio de Estado da Fazenda, Paulo Eli. A principal reivindica\u00e7\u00e3o do setor ao Governo \u00e9 a equipara\u00e7\u00e3o tribut\u00e1ria catarinense com Rio Grande do Sul e Paran\u00e1 para garantir maior paridade entre os Estados na comercializa\u00e7\u00e3o.<\/p>\n\n\n\n<p class=\"wp-block-paragraph\">De acordo com dados do Conseleite, o Estado est\u00e1 perdendo competitividade por apresentar disparidade em rela\u00e7\u00e3o \u00e0s demais unidades da Federa\u00e7\u00e3o no Imposto sobre Circula\u00e7\u00e3o de Mercadorias e Servi\u00e7os (ICMS). H\u00e1 uma diferen\u00e7a de seis pontos percentuais a mais de ICMS na hora da venda do produto UHT catarinense para Paran\u00e1 e Rio Grande do Sul em fun\u00e7\u00e3o das substitui\u00e7\u00f5es tribut\u00e1rias criadas pelos governos ga\u00facho e paranaense para proteger a ind\u00fastria local, enquanto n\u00e3o h\u00e1 diferencia\u00e7\u00e3o na cobran\u00e7a do imposto para entrada do leite longa vida de fora de Santa Catarina.<\/p>\n\n\n\n<p class=\"wp-block-paragraph\">Para igualar a tributa\u00e7\u00e3o, o setor reivindica do governo catarinense cr\u00e9dito presumido de 4% na entrada do leite cru in natura, inclusive para as sa\u00eddas de leite UHT e 7% nas sa\u00eddas interestaduais de produtos l\u00e1cteos para o Norte, Nordeste e Centro Oeste. \u201cSe resolvermos isso em Santa Catarina, muita coisa muda em termos de competitividade\u201d, destaca o presidente do Conseleite, Valter Brandalise.<\/p>\n\n\n\n<p class=\"wp-block-paragraph\">Para o presidente da FAESC, a reivindica\u00e7\u00e3o assegura igualdade, principal defesa do setor produtivo para melhorar as condi\u00e7\u00f5es de trabalho e de rentabilidade da cadeia leiteira no Estado.<\/p>\n\n\n\n<p class=\"wp-block-paragraph\">\u201cSe um elo desta corrente sofrer, toda a cadeia sofre. A igualdade tribut\u00e1ria \u00e9 uma necessidade do Estado para melhorar os pre\u00e7os praticados, ampliar a competitividade e avan\u00e7ar para a t\u00e3o almejada exporta\u00e7\u00e3o\u201d, sublinha Pedrozo ao destacar que os produtores e os representantes da ind\u00fastria sa\u00edram esperan\u00e7osos da reuni\u00e3o.<\/p>\n\n\n\n<p class=\"wp-block-paragraph\">\u201cCertamente o secret\u00e1rio levar\u00e1 a nossa demanda ao Governo do Estado, que atuar\u00e1 em defesa do setor\u201d.<\/p>\n\n\n\n<p class=\"wp-block-paragraph\">Santa Catarina produz mais de 3 bilh\u00f5es de litros de leite ao ano e \u00e9 o quarto maior produtor do Pa\u00eds, respondendo por 11% da demanda nacional. No entanto, o setor vem perdendo produtores anualmente devido ao encarecimento da produ\u00e7\u00e3o e \u00e0 falta de rentabilidade. Segundo dados do \u00faltimo Censo do Instituto Brasileiro de Geografia e Estat\u00edstica (IBGE), cerca de 1.500 produtores est\u00e3o abandonando a atividade a cada ano no Estado. A cadeia produtiva que j\u00e1 contemplou 70 mil produtores, atualmente, reduziu-se a 33 mil.<\/p>\n\n\n\n<p class=\"wp-block-paragraph\">O esfor\u00e7o do setor produtivo \u00e9 para melhorar a rentabilidade. De acordo com dados apresentados pelo Conseleite, os pre\u00e7os dos l\u00e1cteos iniciaram uma rea\u00e7\u00e3o no m\u00eas de junho e se mantiveram no primeiro dec\u00eandio de julho. O valor de refer\u00eancia para o leite padr\u00e3o de junho fechou em R$ 1,5176 e para a primeira quinzena de julho a proje\u00e7\u00e3o \u00e9 de nova alta, alcan\u00e7ando R$1,5393.<\/p>\n\n\n\n<p class=\"wp-block-paragraph\"><strong><em>Fonte: Fecoagro\/MB Comunica\u00e7\u00e3o Empresarial\/Organizacional<\/em><\/strong><\/p>\n","protected":false},"excerpt":{"rendered":"<p>Cerca de 100 produtores rurais e 40 representantes da ind\u00fastria l\u00e1ctea de Santa Catarina participaram de reuni\u00e3o do Conselho Parit\u00e1rio de Produtores e Ind\u00fastrias de Leite do Estado (Conseleite) para debater formas de tornar a cadeia leiteira catarinense mais competitiva. O encontro por videoconfer\u00eancia teve a participa\u00e7\u00e3o do presidente da Federa\u00e7\u00e3o da Agricultura e Pecu\u00e1ria &hellip;<\/p>\n","protected":false},"author":9,"featured_media":14286,"comment_status":"closed","ping_status":"closed","sticky":false,"template":"","format":"standard","meta":{"_monsterinsights_skip_tracking":false,"_uf_show_specific_survey":0,"_uf_disable_surveys":false,"footnotes":""},"categories":[1,126],"tags":[],"class_list":["post-14295","post","type-post","status-publish","format-standard","has-post-thumbnail","hentry","category-agro","category-destacados"],"aioseo_notices":[],"aioseo_head":"\n\t\t<!-- All in One SEO 5.0.1.1 - aioseo.com -->\n\t<meta name=\"description\" content=\"Cerca de 100 produtores rurais e 40 representantes da ind\u00fastria l\u00e1ctea de Santa Catarina participaram de reuni\u00e3o do Conselho Parit\u00e1rio de Produtores e Ind\u00fastrias de Leite do Estado (Conseleite) para debater formas de tornar a cadeia leiteira catarinense mais competitiva. O encontro por videoconfer\u00eancia teve a participa\u00e7\u00e3o do presidente da Federa\u00e7\u00e3o da Agricultura e Pecu\u00e1ria\" \/>\n\t<meta name=\"robots\" content=\"max-image-preview:large\" \/>\n\t<meta name=\"author\" content=\"Alejo Bordon\"\/>\n\t<link rel=\"canonical\" href=\"https:\/\/radiosul.net\/wp\/2020\/produtores-e-industria-da-cadeia-leiteira-se-unem-em-defesa-da-igualdade-tributaria-em-sc\/\" \/>\n\t<meta name=\"generator\" content=\"All in One SEO (AIOSEO) 5.0.1.1\" \/>\n\t\t<meta property=\"og:locale\" content=\"pt_BR\" \/>\n\t\t<meta property=\"og:site_name\" content=\"radiosul.net - Regional por Excel\u00eancia\" \/>\n\t\t<meta property=\"og:type\" content=\"article\" \/>\n\t\t<meta property=\"og:title\" content=\"Produtores e ind\u00fastria da cadeia leiteira se unem em defesa da igualdade tribut\u00e1ria em SC - radiosul.net\" \/>\n\t\t<meta property=\"og:description\" content=\"Cerca de 100 produtores rurais e 40 representantes da ind\u00fastria l\u00e1ctea de Santa Catarina participaram de reuni\u00e3o do Conselho Parit\u00e1rio de Produtores e Ind\u00fastrias de Leite do Estado (Conseleite) para debater formas de tornar a cadeia leiteira catarinense mais competitiva. O encontro por videoconfer\u00eancia teve a participa\u00e7\u00e3o do presidente da Federa\u00e7\u00e3o da Agricultura e Pecu\u00e1ria\" \/>\n\t\t<meta property=\"og:url\" content=\"https:\/\/radiosul.net\/wp\/2020\/produtores-e-industria-da-cadeia-leiteira-se-unem-em-defesa-da-igualdade-tributaria-em-sc\/\" \/>\n\t\t<meta property=\"article:published_time\" content=\"2020-07-29T14:49:00+00:00\" \/>\n\t\t<meta property=\"article:modified_time\" content=\"2020-07-29T09:17:51+00:00\" \/>\n\t\t<meta name=\"twitter:card\" content=\"summary_large_image\" \/>\n\t\t<meta name=\"twitter:title\" content=\"Produtores e ind\u00fastria da cadeia leiteira se unem em defesa da igualdade tribut\u00e1ria em SC - radiosul.net\" \/>\n\t\t<meta name=\"twitter:description\" content=\"Cerca de 100 produtores rurais e 40 representantes da ind\u00fastria l\u00e1ctea de Santa Catarina participaram de reuni\u00e3o do Conselho Parit\u00e1rio de Produtores e Ind\u00fastrias de Leite do Estado (Conseleite) para debater formas de tornar a cadeia leiteira catarinense mais competitiva. O encontro por videoconfer\u00eancia teve a participa\u00e7\u00e3o do presidente da Federa\u00e7\u00e3o da Agricultura e Pecu\u00e1ria\" \/>\n\t\t<script type=\"application\/ld+json\" class=\"aioseo-schema\">\n\t\t\t{\"@context\":\"https:\\\/\\\/schema.org\",\"@graph\":[{\"@type\":\"BlogPosting\",\"@id\":\"https:\\\/\\\/radiosul.net\\\/wp\\\/2020\\\/produtores-e-industria-da-cadeia-leiteira-se-unem-em-defesa-da-igualdade-tributaria-em-sc\\\/#blogposting\",\"name\":\"Produtores e ind\\u00fastria da cadeia leiteira se unem em defesa da igualdade tribut\\u00e1ria em SC - radiosul.net\",\"headline\":\"Produtores e ind\\u00fastria da cadeia leiteira se unem em defesa da igualdade tribut\\u00e1ria em SC\",\"author\":{\"@id\":\"https:\\\/\\\/radiosul.net\\\/wp\\\/author\\\/alejo\\\/#author\"},\"publisher\":{\"@id\":\"https:\\\/\\\/radiosul.net\\\/wp\\\/#organization\"},\"image\":{\"@type\":\"ImageObject\",\"url\":\"https:\\\/\\\/radiosul.net\\\/wp\\\/wp-content\\\/uploads\\\/2020\\\/07\\\/SC-Conseleite.jpg\",\"width\":1024,\"height\":683},\"datePublished\":\"2020-07-29T11:49:00-03:00\",\"dateModified\":\"2020-07-29T06:17:51-03:00\",\"inLanguage\":\"pt-BR\",\"mainEntityOfPage\":{\"@id\":\"https:\\\/\\\/radiosul.net\\\/wp\\\/2020\\\/produtores-e-industria-da-cadeia-leiteira-se-unem-em-defesa-da-igualdade-tributaria-em-sc\\\/#webpage\"},\"isPartOf\":{\"@id\":\"https:\\\/\\\/radiosul.net\\\/wp\\\/2020\\\/produtores-e-industria-da-cadeia-leiteira-se-unem-em-defesa-da-igualdade-tributaria-em-sc\\\/#webpage\"},\"articleSection\":\"Agroneg\\u00f3cio, Destaque\"},{\"@type\":\"BreadcrumbList\",\"@id\":\"https:\\\/\\\/radiosul.net\\\/wp\\\/2020\\\/produtores-e-industria-da-cadeia-leiteira-se-unem-em-defesa-da-igualdade-tributaria-em-sc\\\/#breadcrumblist\",\"itemListElement\":[{\"@type\":\"ListItem\",\"@id\":\"https:\\\/\\\/radiosul.net\\\/wp#listItem\",\"position\":1,\"name\":\"Home\",\"item\":\"https:\\\/\\\/radiosul.net\\\/wp\",\"nextItem\":{\"@type\":\"ListItem\",\"@id\":\"https:\\\/\\\/radiosul.net\\\/wp\\\/category\\\/agro\\\/#listItem\",\"name\":\"Agroneg\\u00f3cio\"}},{\"@type\":\"ListItem\",\"@id\":\"https:\\\/\\\/radiosul.net\\\/wp\\\/category\\\/agro\\\/#listItem\",\"position\":2,\"name\":\"Agroneg\\u00f3cio\",\"item\":\"https:\\\/\\\/radiosul.net\\\/wp\\\/category\\\/agro\\\/\",\"nextItem\":{\"@type\":\"ListItem\",\"@id\":\"https:\\\/\\\/radiosul.net\\\/wp\\\/2020\\\/produtores-e-industria-da-cadeia-leiteira-se-unem-em-defesa-da-igualdade-tributaria-em-sc\\\/#listItem\",\"name\":\"Produtores e ind\\u00fastria da cadeia leiteira se unem em defesa da igualdade tribut\\u00e1ria em SC\"},\"previousItem\":{\"@type\":\"ListItem\",\"@id\":\"https:\\\/\\\/radiosul.net\\\/wp#listItem\",\"name\":\"Home\"}},{\"@type\":\"ListItem\",\"@id\":\"https:\\\/\\\/radiosul.net\\\/wp\\\/2020\\\/produtores-e-industria-da-cadeia-leiteira-se-unem-em-defesa-da-igualdade-tributaria-em-sc\\\/#listItem\",\"position\":3,\"name\":\"Produtores e ind\\u00fastria da cadeia leiteira se unem em defesa da igualdade tribut\\u00e1ria em SC\",\"previousItem\":{\"@type\":\"ListItem\",\"@id\":\"https:\\\/\\\/radiosul.net\\\/wp\\\/category\\\/agro\\\/#listItem\",\"name\":\"Agroneg\\u00f3cio\"}}]},{\"@type\":\"Organization\",\"@id\":\"https:\\\/\\\/radiosul.net\\\/wp\\\/#organization\",\"name\":\"radiosul.net\",\"description\":\"Regional por Excel\\u00eancia\",\"url\":\"https:\\\/\\\/radiosul.net\\\/wp\\\/\"},{\"@type\":\"Person\",\"@id\":\"https:\\\/\\\/radiosul.net\\\/wp\\\/author\\\/alejo\\\/#author\",\"url\":\"https:\\\/\\\/radiosul.net\\\/wp\\\/author\\\/alejo\\\/\",\"name\":\"Alejo Bordon\",\"image\":{\"@type\":\"ImageObject\",\"@id\":\"https:\\\/\\\/radiosul.net\\\/wp\\\/2020\\\/produtores-e-industria-da-cadeia-leiteira-se-unem-em-defesa-da-igualdade-tributaria-em-sc\\\/#authorImage\",\"url\":\"https:\\\/\\\/secure.gravatar.com\\\/avatar\\\/b3a7e7f1c71212e6a5b7183b79a2ab58dad8bdc4cd4eadd61c4434d010d0bae4?s=96&d=mm&r=g\",\"width\":96,\"height\":96,\"caption\":\"Alejo Bordon\"}},{\"@type\":\"WebPage\",\"@id\":\"https:\\\/\\\/radiosul.net\\\/wp\\\/2020\\\/produtores-e-industria-da-cadeia-leiteira-se-unem-em-defesa-da-igualdade-tributaria-em-sc\\\/#webpage\",\"url\":\"https:\\\/\\\/radiosul.net\\\/wp\\\/2020\\\/produtores-e-industria-da-cadeia-leiteira-se-unem-em-defesa-da-igualdade-tributaria-em-sc\\\/\",\"name\":\"Produtores e ind\\u00fastria da cadeia leiteira se unem em defesa da igualdade tribut\\u00e1ria em SC - radiosul.net\",\"description\":\"Cerca de 100 produtores rurais e 40 representantes da ind\\u00fastria l\\u00e1ctea de Santa Catarina participaram de reuni\\u00e3o do Conselho Parit\\u00e1rio de Produtores e Ind\\u00fastrias de Leite do Estado (Conseleite) para debater formas de tornar a cadeia leiteira catarinense mais competitiva. O encontro por videoconfer\\u00eancia teve a participa\\u00e7\\u00e3o do presidente da Federa\\u00e7\\u00e3o da Agricultura e Pecu\\u00e1ria\",\"inLanguage\":\"pt-BR\",\"isPartOf\":{\"@id\":\"https:\\\/\\\/radiosul.net\\\/wp\\\/#website\"},\"breadcrumb\":{\"@id\":\"https:\\\/\\\/radiosul.net\\\/wp\\\/2020\\\/produtores-e-industria-da-cadeia-leiteira-se-unem-em-defesa-da-igualdade-tributaria-em-sc\\\/#breadcrumblist\"},\"author\":{\"@id\":\"https:\\\/\\\/radiosul.net\\\/wp\\\/author\\\/alejo\\\/#author\"},\"creator\":{\"@id\":\"https:\\\/\\\/radiosul.net\\\/wp\\\/author\\\/alejo\\\/#author\"},\"image\":{\"@type\":\"ImageObject\",\"url\":\"https:\\\/\\\/radiosul.net\\\/wp\\\/wp-content\\\/uploads\\\/2020\\\/07\\\/SC-Conseleite.jpg\",\"@id\":\"https:\\\/\\\/radiosul.net\\\/wp\\\/2020\\\/produtores-e-industria-da-cadeia-leiteira-se-unem-em-defesa-da-igualdade-tributaria-em-sc\\\/#mainImage\",\"width\":1024,\"height\":683},\"primaryImageOfPage\":{\"@id\":\"https:\\\/\\\/radiosul.net\\\/wp\\\/2020\\\/produtores-e-industria-da-cadeia-leiteira-se-unem-em-defesa-da-igualdade-tributaria-em-sc\\\/#mainImage\"},\"datePublished\":\"2020-07-29T11:49:00-03:00\",\"dateModified\":\"2020-07-29T06:17:51-03:00\"},{\"@type\":\"WebSite\",\"@id\":\"https:\\\/\\\/radiosul.net\\\/wp\\\/#website\",\"url\":\"https:\\\/\\\/radiosul.net\\\/wp\\\/\",\"name\":\"radiosul.net\",\"description\":\"Regional por Excel\\u00eancia\",\"inLanguage\":\"pt-BR\",\"publisher\":{\"@id\":\"https:\\\/\\\/radiosul.net\\\/wp\\\/#organization\"}}]}\n\t\t<\/script>\n\t\t<!-- All in One SEO -->\n\n","aioseo_head_json":{"title":"Produtores e ind\u00fastria da cadeia leiteira se unem em defesa da igualdade tribut\u00e1ria em SC - radiosul.net","description":"Cerca de 100 produtores rurais e 40 representantes da ind\u00fastria l\u00e1ctea de Santa Catarina participaram de reuni\u00e3o do Conselho Parit\u00e1rio de Produtores e Ind\u00fastrias de Leite do Estado (Conseleite) para debater formas de tornar a cadeia leiteira catarinense mais competitiva. O encontro por videoconfer\u00eancia teve a participa\u00e7\u00e3o do presidente da Federa\u00e7\u00e3o da Agricultura e Pecu\u00e1ria","canonical_url":"https:\/\/radiosul.net\/wp\/2020\/produtores-e-industria-da-cadeia-leiteira-se-unem-em-defesa-da-igualdade-tributaria-em-sc\/","robots":"max-image-preview:large","keywords":"","webmasterTools":{"miscellaneous":""},"schema":{"@context":"https:\/\/schema.org","@graph":[{"@type":"BlogPosting","@id":"https:\/\/radiosul.net\/wp\/2020\/produtores-e-industria-da-cadeia-leiteira-se-unem-em-defesa-da-igualdade-tributaria-em-sc\/#blogposting","name":"Produtores e ind\u00fastria da cadeia leiteira se unem em defesa da igualdade tribut\u00e1ria em SC - radiosul.net","headline":"Produtores e ind\u00fastria da cadeia leiteira se unem em defesa da igualdade tribut\u00e1ria em SC","author":{"@id":"https:\/\/radiosul.net\/wp\/author\/alejo\/#author"},"publisher":{"@id":"https:\/\/radiosul.net\/wp\/#organization"},"image":{"@type":"ImageObject","url":"https:\/\/radiosul.net\/wp\/wp-content\/uploads\/2020\/07\/SC-Conseleite.jpg","width":1024,"height":683},"datePublished":"2020-07-29T11:49:00-03:00","dateModified":"2020-07-29T06:17:51-03:00","inLanguage":"pt-BR","mainEntityOfPage":{"@id":"https:\/\/radiosul.net\/wp\/2020\/produtores-e-industria-da-cadeia-leiteira-se-unem-em-defesa-da-igualdade-tributaria-em-sc\/#webpage"},"isPartOf":{"@id":"https:\/\/radiosul.net\/wp\/2020\/produtores-e-industria-da-cadeia-leiteira-se-unem-em-defesa-da-igualdade-tributaria-em-sc\/#webpage"},"articleSection":"Agroneg\u00f3cio, Destaque"},{"@type":"BreadcrumbList","@id":"https:\/\/radiosul.net\/wp\/2020\/produtores-e-industria-da-cadeia-leiteira-se-unem-em-defesa-da-igualdade-tributaria-em-sc\/#breadcrumblist","itemListElement":[{"@type":"ListItem","@id":"https:\/\/radiosul.net\/wp#listItem","position":1,"name":"Home","item":"https:\/\/radiosul.net\/wp","nextItem":{"@type":"ListItem","@id":"https:\/\/radiosul.net\/wp\/category\/agro\/#listItem","name":"Agroneg\u00f3cio"}},{"@type":"ListItem","@id":"https:\/\/radiosul.net\/wp\/category\/agro\/#listItem","position":2,"name":"Agroneg\u00f3cio","item":"https:\/\/radiosul.net\/wp\/category\/agro\/","nextItem":{"@type":"ListItem","@id":"https:\/\/radiosul.net\/wp\/2020\/produtores-e-industria-da-cadeia-leiteira-se-unem-em-defesa-da-igualdade-tributaria-em-sc\/#listItem","name":"Produtores e ind\u00fastria da cadeia leiteira se unem em defesa da igualdade tribut\u00e1ria em SC"},"previousItem":{"@type":"ListItem","@id":"https:\/\/radiosul.net\/wp#listItem","name":"Home"}},{"@type":"ListItem","@id":"https:\/\/radiosul.net\/wp\/2020\/produtores-e-industria-da-cadeia-leiteira-se-unem-em-defesa-da-igualdade-tributaria-em-sc\/#listItem","position":3,"name":"Produtores e ind\u00fastria da cadeia leiteira se unem em defesa da igualdade tribut\u00e1ria em SC","previousItem":{"@type":"ListItem","@id":"https:\/\/radiosul.net\/wp\/category\/agro\/#listItem","name":"Agroneg\u00f3cio"}}]},{"@type":"Organization","@id":"https:\/\/radiosul.net\/wp\/#organization","name":"radiosul.net","description":"Regional por Excel\u00eancia","url":"https:\/\/radiosul.net\/wp\/"},{"@type":"Person","@id":"https:\/\/radiosul.net\/wp\/author\/alejo\/#author","url":"https:\/\/radiosul.net\/wp\/author\/alejo\/","name":"Alejo Bordon","image":{"@type":"ImageObject","@id":"https:\/\/radiosul.net\/wp\/2020\/produtores-e-industria-da-cadeia-leiteira-se-unem-em-defesa-da-igualdade-tributaria-em-sc\/#authorImage","url":"https:\/\/secure.gravatar.com\/avatar\/b3a7e7f1c71212e6a5b7183b79a2ab58dad8bdc4cd4eadd61c4434d010d0bae4?s=96&d=mm&r=g","width":96,"height":96,"caption":"Alejo Bordon"}},{"@type":"WebPage","@id":"https:\/\/radiosul.net\/wp\/2020\/produtores-e-industria-da-cadeia-leiteira-se-unem-em-defesa-da-igualdade-tributaria-em-sc\/#webpage","url":"https:\/\/radiosul.net\/wp\/2020\/produtores-e-industria-da-cadeia-leiteira-se-unem-em-defesa-da-igualdade-tributaria-em-sc\/","name":"Produtores e ind\u00fastria da cadeia leiteira se unem em defesa da igualdade tribut\u00e1ria em SC - radiosul.net","description":"Cerca de 100 produtores rurais e 40 representantes da ind\u00fastria l\u00e1ctea de Santa Catarina participaram de reuni\u00e3o do Conselho Parit\u00e1rio de Produtores e Ind\u00fastrias de Leite do Estado (Conseleite) para debater formas de tornar a cadeia leiteira catarinense mais competitiva. O encontro por videoconfer\u00eancia teve a participa\u00e7\u00e3o do presidente da Federa\u00e7\u00e3o da Agricultura e Pecu\u00e1ria","inLanguage":"pt-BR","isPartOf":{"@id":"https:\/\/radiosul.net\/wp\/#website"},"breadcrumb":{"@id":"https:\/\/radiosul.net\/wp\/2020\/produtores-e-industria-da-cadeia-leiteira-se-unem-em-defesa-da-igualdade-tributaria-em-sc\/#breadcrumblist"},"author":{"@id":"https:\/\/radiosul.net\/wp\/author\/alejo\/#author"},"creator":{"@id":"https:\/\/radiosul.net\/wp\/author\/alejo\/#author"},"image":{"@type":"ImageObject","url":"https:\/\/radiosul.net\/wp\/wp-content\/uploads\/2020\/07\/SC-Conseleite.jpg","@id":"https:\/\/radiosul.net\/wp\/2020\/produtores-e-industria-da-cadeia-leiteira-se-unem-em-defesa-da-igualdade-tributaria-em-sc\/#mainImage","width":1024,"height":683},"primaryImageOfPage":{"@id":"https:\/\/radiosul.net\/wp\/2020\/produtores-e-industria-da-cadeia-leiteira-se-unem-em-defesa-da-igualdade-tributaria-em-sc\/#mainImage"},"datePublished":"2020-07-29T11:49:00-03:00","dateModified":"2020-07-29T06:17:51-03:00"},{"@type":"WebSite","@id":"https:\/\/radiosul.net\/wp\/#website","url":"https:\/\/radiosul.net\/wp\/","name":"radiosul.net","description":"Regional por Excel\u00eancia","inLanguage":"pt-BR","publisher":{"@id":"https:\/\/radiosul.net\/wp\/#organization"}}]},"og:locale":"pt_BR","og:site_name":"radiosul.net - Regional por Excel\u00eancia","og:type":"article","og:title":"Produtores e ind\u00fastria da cadeia leiteira se unem em defesa da igualdade tribut\u00e1ria em SC - radiosul.net","og:description":"Cerca de 100 produtores rurais e 40 representantes da ind\u00fastria l\u00e1ctea de Santa Catarina participaram de reuni\u00e3o do Conselho Parit\u00e1rio de Produtores e Ind\u00fastrias de Leite do Estado (Conseleite) para debater formas de tornar a cadeia leiteira catarinense mais competitiva. O encontro por videoconfer\u00eancia teve a participa\u00e7\u00e3o do presidente da Federa\u00e7\u00e3o da Agricultura e Pecu\u00e1ria","og:url":"https:\/\/radiosul.net\/wp\/2020\/produtores-e-industria-da-cadeia-leiteira-se-unem-em-defesa-da-igualdade-tributaria-em-sc\/","article:published_time":"2020-07-29T14:49:00+00:00","article:modified_time":"2020-07-29T09:17:51+00:00","twitter:card":"summary_large_image","twitter:title":"Produtores e ind\u00fastria da cadeia leiteira se unem em defesa da igualdade tribut\u00e1ria em SC - radiosul.net","twitter:description":"Cerca de 100 produtores rurais e 40 representantes da ind\u00fastria l\u00e1ctea de Santa Catarina participaram de reuni\u00e3o do Conselho Parit\u00e1rio de Produtores e Ind\u00fastrias de Leite do Estado (Conseleite) para debater formas de tornar a cadeia leiteira catarinense mais competitiva. O encontro por videoconfer\u00eancia teve a participa\u00e7\u00e3o do presidente da Federa\u00e7\u00e3o da Agricultura e Pecu\u00e1ria"},"aioseo_meta_data":{"post_id":"14295","title":null,"description":null,"keywords":null,"keyphrases":null,"primary_term":null,"canonical_url":null,"og_title":null,"og_description":null,"og_object_type":"default","og_image_type":"default","og_image_url":null,"og_image_width":null,"og_image_height":null,"og_image_custom_url":null,"og_image_custom_fields":null,"og_video":null,"og_custom_url":null,"og_article_section":null,"og_article_tags":null,"twitter_use_og":false,"twitter_card":"default","twitter_image_type":"default","twitter_image_url":null,"twitter_image_custom_url":null,"twitter_image_custom_fields":null,"twitter_title":null,"twitter_description":null,"schema":{"blockGraphs":[],"customGraphs":[],"default":{"data":{"Article":[],"Course":[],"Dataset":[],"FAQPage":[],"Movie":[],"Person":[],"Product":[],"ProductReview":[],"Car":[],"Recipe":[],"Service":[],"SoftwareApplication":[],"WebPage":[]},"graphName":"","isEnabled":true},"graphs":[]},"schema_type":"default","schema_type_options":null,"pillar_content":false,"robots_default":true,"robots_noindex":false,"robots_noarchive":false,"robots_nosnippet":false,"robots_nofollow":false,"robots_noimageindex":false,"robots_noodp":false,"robots_notranslate":false,"robots_max_snippet":null,"robots_max_videopreview":null,"robots_max_imagepreview":"large","priority":null,"frequency":null,"local_seo":null,"breadcrumb_settings":null,"limit_modified_date":false,"ai":null,"created":"2026-01-08 21:58:58","updated":"2026-01-08 21:58:58","seo_analyzer_scan_date":null,"focus_keyword":null,"additional_keywords":null,"truseo_locale":null},"aioseo_breadcrumb":"<div class=\"aioseo-breadcrumbs\"><span class=\"aioseo-breadcrumb\">\n\t\t\t<a href=\"https:\/\/radiosul.net\/wp\" title=\"Home\">Home<\/a>\n\t\t<\/span><span class=\"aioseo-breadcrumb-separator\">&raquo;<\/span><span class=\"aioseo-breadcrumb\">\n\t\t\t<a href=\"https:\/\/radiosul.net\/wp\/category\/agro\/\" title=\"Agroneg\u00f3cio\">Agroneg\u00f3cio<\/a>\n\t\t<\/span><span class=\"aioseo-breadcrumb-separator\">&raquo;<\/span><span class=\"aioseo-breadcrumb\">\n\t\t\tProdutores e ind\u00fastria da cadeia leiteira se unem em defesa da igualdade tribut\u00e1ria em SC\n\t\t<\/span><\/div>","aioseo_breadcrumb_json":[{"label":"Home","link":"https:\/\/radiosul.net\/wp"},{"label":"Agroneg\u00f3cio","link":"https:\/\/radiosul.net\/wp\/category\/agro\/"},{"label":"Produtores e ind\u00fastria da cadeia leiteira se unem em defesa da igualdade tribut\u00e1ria em SC","link":"https:\/\/radiosul.net\/wp\/2020\/produtores-e-industria-da-cadeia-leiteira-se-unem-em-defesa-da-igualdade-tributaria-em-sc\/"}],"_links":{"self":[{"href":"https:\/\/radiosul.net\/wp\/wp-json\/wp\/v2\/posts\/14295","targetHints":{"allow":["GET"]}}],"collection":[{"href":"https:\/\/radiosul.net\/wp\/wp-json\/wp\/v2\/posts"}],"about":[{"href":"https:\/\/radiosul.net\/wp\/wp-json\/wp\/v2\/types\/post"}],"author":[{"embeddable":true,"href":"https:\/\/radiosul.net\/wp\/wp-json\/wp\/v2\/users\/9"}],"replies":[{"embeddable":true,"href":"https:\/\/radiosul.net\/wp\/wp-json\/wp\/v2\/comments?post=14295"}],"version-history":[{"count":1,"href":"https:\/\/radiosul.net\/wp\/wp-json\/wp\/v2\/posts\/14295\/revisions"}],"predecessor-version":[{"id":14296,"href":"https:\/\/radiosul.net\/wp\/wp-json\/wp\/v2\/posts\/14295\/revisions\/14296"}],"wp:featuredmedia":[{"embeddable":true,"href":"https:\/\/radiosul.net\/wp\/wp-json\/wp\/v2\/media\/14286"}],"wp:attachment":[{"href":"https:\/\/radiosul.net\/wp\/wp-json\/wp\/v2\/media?parent=14295"}],"wp:term":[{"taxonomy":"category","embeddable":true,"href":"https:\/\/radiosul.net\/wp\/wp-json\/wp\/v2\/categories?post=14295"},{"taxonomy":"post_tag","embeddable":true,"href":"https:\/\/radiosul.net\/wp\/wp-json\/wp\/v2\/tags?post=14295"}],"curies":[{"name":"wp","href":"https:\/\/api.w.org\/{rel}","templated":true}]}}