{"id":14270,"date":"2020-07-28T07:06:04","date_gmt":"2020-07-28T10:06:04","guid":{"rendered":"https:\/\/radiosul.net\/wp\/?p=14270"},"modified":"2020-07-28T07:06:06","modified_gmt":"2020-07-28T10:06:06","slug":"genetica-angus-sera-ofertada-em-remate-da-fazenda-renascenca","status":"publish","type":"post","link":"https:\/\/radiosul.net\/wp\/2020\/genetica-angus-sera-ofertada-em-remate-da-fazenda-renascenca\/","title":{"rendered":"Gen\u00e9tica Angus ser\u00e1 ofertada em remate da Fazenda Renascen\u00e7a"},"content":{"rendered":"\n<p class=\"wp-block-paragraph\">xemplares Angus da Fazenda Renascen\u00e7a, do criador Nelson Ant\u00f4nio Serpa, de Vargem (SC), ser\u00e3o ofertados na 11\u00aa edi\u00e7\u00e3o do remate Renascen\u00e7a Angus, no dia 8 de agosto. Na primeira vez em que o leil\u00e3o ser\u00e1 realizado de forma virtual, estar\u00e3o \u00e0 disposi\u00e7\u00e3o dos compradores 30 touros, 80 f\u00eameas registradas (40 delas prenhas) e 10 lotes de bezerros cruza Angus. O leil\u00e3o ser\u00e1 transmitido pelo canal Pampa Remates no YouTube a partir das 14h.<\/p>\n\n\n\n<p class=\"wp-block-paragraph\">Os destaques da oferta s\u00e3o exemplares filhos de alguns dos mais importantes reprodutores da Caba\u00f1a Tr\u00eas Marias, da Argentina. Entre eles, tr\u00eas filhos do Zorzalito, dois filhos do Cumbiero e um filho do Candelero. O martelo ficar\u00e1 a cargo do leiloeiro C\u00e2ndido Roberto Ferreira Scholl, da Pampa Remates.<\/p>\n\n\n\n<p class=\"wp-block-paragraph\">O criador est\u00e1 otimista com as perspectivas do remate. Segundo Serpa, a demanda por touros Angus aumentou muito, puxada pelo bom momento que vive a pecu\u00e1ria de cria e pelo pre\u00e7o dos terneiros com gen\u00e9tica Angus, cuja comercializa\u00e7\u00e3o em Santa Catarina e Paran\u00e1 vem alcan\u00e7ando m\u00e9dias superiores a R$ 9,00 o quilo.<\/p>\n\n\n\n<p class=\"wp-block-paragraph\">As condi\u00e7\u00f5es de pagamento s\u00e3o 30 parcelas (2 a vista + 14 agrupadas a cada 30 dias durante 14 meses sucessivos); Plano safra 4 parcelas a vista + 26 agrupadas em 30 de abril 2021; 120 dias direto; 7% de desconto \u00e0 vista. Mais informa\u00e7\u00f5es sobre o remate pelos telefones (46) 99908-0440 e (49) 99166-0564.<\/p>\n\n\n\n<figure class=\"wp-block-image size-large\"><img loading=\"lazy\" decoding=\"async\" width=\"650\" height=\"650\" src=\"https:\/\/radiosul.net\/wp\/wp-content\/uploads\/2020\/07\/renascencasite.png\" alt=\"\" class=\"wp-image-14261\" srcset=\"https:\/\/radiosul.net\/wp\/wp-content\/uploads\/2020\/07\/renascencasite.png 650w, https:\/\/radiosul.net\/wp\/wp-content\/uploads\/2020\/07\/renascencasite-300x300.png 300w, https:\/\/radiosul.net\/wp\/wp-content\/uploads\/2020\/07\/renascencasite-150x150.png 150w\" sizes=\"auto, (max-width: 650px) 100vw, 650px\" \/><\/figure>\n\n\n\n<p class=\"wp-block-paragraph\"><strong><em>Fonte: Associa\u00e7\u00e3o Brasileira de Angus<\/em><\/strong><\/p>\n","protected":false},"excerpt":{"rendered":"<p>xemplares Angus da Fazenda Renascen\u00e7a, do criador Nelson Ant\u00f4nio Serpa, de Vargem (SC), ser\u00e3o ofertados na 11\u00aa edi\u00e7\u00e3o do remate Renascen\u00e7a Angus, no dia 8 de agosto. Na primeira vez em que o leil\u00e3o ser\u00e1 realizado de forma virtual, estar\u00e3o \u00e0 disposi\u00e7\u00e3o dos compradores 30 touros, 80 f\u00eameas registradas (40 delas prenhas) e 10 lotes &hellip;<\/p>\n","protected":false},"author":9,"featured_media":14261,"comment_status":"closed","ping_status":"closed","sticky":false,"template":"","format":"standard","meta":{"_monsterinsights_skip_tracking":false,"_uf_show_specific_survey":0,"_uf_disable_surveys":false,"footnotes":""},"categories":[1,126],"tags":[],"class_list":["post-14270","post","type-post","status-publish","format-standard","has-post-thumbnail","hentry","category-agro","category-destacados"],"aioseo_notices":[],"aioseo_head":"\n\t\t<!-- All in One SEO 5.0.1.1 - aioseo.com -->\n\t<meta name=\"description\" content=\"xemplares Angus da Fazenda Renascen\u00e7a, do criador Nelson Ant\u00f4nio Serpa, de Vargem (SC), ser\u00e3o ofertados na 11\u00aa edi\u00e7\u00e3o do remate Renascen\u00e7a Angus, no dia 8 de agosto. Na primeira vez em que o leil\u00e3o ser\u00e1 realizado de forma virtual, estar\u00e3o \u00e0 disposi\u00e7\u00e3o dos compradores 30 touros, 80 f\u00eameas registradas (40 delas prenhas) e 10 lotes\" \/>\n\t<meta name=\"robots\" content=\"max-image-preview:large\" \/>\n\t<meta name=\"author\" content=\"Alejo Bordon\"\/>\n\t<link rel=\"canonical\" href=\"https:\/\/radiosul.net\/wp\/2020\/genetica-angus-sera-ofertada-em-remate-da-fazenda-renascenca\/\" \/>\n\t<meta name=\"generator\" content=\"All in One SEO (AIOSEO) 5.0.1.1\" \/>\n\t\t<meta property=\"og:locale\" content=\"pt_BR\" \/>\n\t\t<meta property=\"og:site_name\" content=\"radiosul.net - Regional por Excel\u00eancia\" \/>\n\t\t<meta property=\"og:type\" content=\"article\" \/>\n\t\t<meta property=\"og:title\" content=\"Gen\u00e9tica Angus ser\u00e1 ofertada em remate da Fazenda Renascen\u00e7a - radiosul.net\" \/>\n\t\t<meta property=\"og:description\" content=\"xemplares Angus da Fazenda Renascen\u00e7a, do criador Nelson Ant\u00f4nio Serpa, de Vargem (SC), ser\u00e3o ofertados na 11\u00aa edi\u00e7\u00e3o do remate Renascen\u00e7a Angus, no dia 8 de agosto. Na primeira vez em que o leil\u00e3o ser\u00e1 realizado de forma virtual, estar\u00e3o \u00e0 disposi\u00e7\u00e3o dos compradores 30 touros, 80 f\u00eameas registradas (40 delas prenhas) e 10 lotes\" \/>\n\t\t<meta property=\"og:url\" content=\"https:\/\/radiosul.net\/wp\/2020\/genetica-angus-sera-ofertada-em-remate-da-fazenda-renascenca\/\" \/>\n\t\t<meta property=\"article:published_time\" content=\"2020-07-28T10:06:04+00:00\" \/>\n\t\t<meta property=\"article:modified_time\" content=\"2020-07-28T10:06:06+00:00\" \/>\n\t\t<meta name=\"twitter:card\" content=\"summary_large_image\" \/>\n\t\t<meta name=\"twitter:title\" content=\"Gen\u00e9tica Angus ser\u00e1 ofertada em remate da Fazenda Renascen\u00e7a - radiosul.net\" \/>\n\t\t<meta name=\"twitter:description\" content=\"xemplares Angus da Fazenda Renascen\u00e7a, do criador Nelson Ant\u00f4nio Serpa, de Vargem (SC), ser\u00e3o ofertados na 11\u00aa edi\u00e7\u00e3o do remate Renascen\u00e7a Angus, no dia 8 de agosto. Na primeira vez em que o leil\u00e3o ser\u00e1 realizado de forma virtual, estar\u00e3o \u00e0 disposi\u00e7\u00e3o dos compradores 30 touros, 80 f\u00eameas registradas (40 delas prenhas) e 10 lotes\" \/>\n\t\t<script type=\"application\/ld+json\" class=\"aioseo-schema\">\n\t\t\t{\"@context\":\"https:\\\/\\\/schema.org\",\"@graph\":[{\"@type\":\"BlogPosting\",\"@id\":\"https:\\\/\\\/radiosul.net\\\/wp\\\/2020\\\/genetica-angus-sera-ofertada-em-remate-da-fazenda-renascenca\\\/#blogposting\",\"name\":\"Gen\\u00e9tica Angus ser\\u00e1 ofertada em remate da Fazenda Renascen\\u00e7a - radiosul.net\",\"headline\":\"Gen\\u00e9tica Angus ser\\u00e1 ofertada em remate da Fazenda Renascen\\u00e7a\",\"author\":{\"@id\":\"https:\\\/\\\/radiosul.net\\\/wp\\\/author\\\/alejo\\\/#author\"},\"publisher\":{\"@id\":\"https:\\\/\\\/radiosul.net\\\/wp\\\/#organization\"},\"image\":{\"@type\":\"ImageObject\",\"url\":\"https:\\\/\\\/radiosul.net\\\/wp\\\/wp-content\\\/uploads\\\/2020\\\/07\\\/renascencasite.png\",\"width\":650,\"height\":650},\"datePublished\":\"2020-07-28T07:06:04-03:00\",\"dateModified\":\"2020-07-28T07:06:06-03:00\",\"inLanguage\":\"pt-BR\",\"mainEntityOfPage\":{\"@id\":\"https:\\\/\\\/radiosul.net\\\/wp\\\/2020\\\/genetica-angus-sera-ofertada-em-remate-da-fazenda-renascenca\\\/#webpage\"},\"isPartOf\":{\"@id\":\"https:\\\/\\\/radiosul.net\\\/wp\\\/2020\\\/genetica-angus-sera-ofertada-em-remate-da-fazenda-renascenca\\\/#webpage\"},\"articleSection\":\"Agroneg\\u00f3cio, Destaque\"},{\"@type\":\"BreadcrumbList\",\"@id\":\"https:\\\/\\\/radiosul.net\\\/wp\\\/2020\\\/genetica-angus-sera-ofertada-em-remate-da-fazenda-renascenca\\\/#breadcrumblist\",\"itemListElement\":[{\"@type\":\"ListItem\",\"@id\":\"https:\\\/\\\/radiosul.net\\\/wp#listItem\",\"position\":1,\"name\":\"Home\",\"item\":\"https:\\\/\\\/radiosul.net\\\/wp\",\"nextItem\":{\"@type\":\"ListItem\",\"@id\":\"https:\\\/\\\/radiosul.net\\\/wp\\\/category\\\/agro\\\/#listItem\",\"name\":\"Agroneg\\u00f3cio\"}},{\"@type\":\"ListItem\",\"@id\":\"https:\\\/\\\/radiosul.net\\\/wp\\\/category\\\/agro\\\/#listItem\",\"position\":2,\"name\":\"Agroneg\\u00f3cio\",\"item\":\"https:\\\/\\\/radiosul.net\\\/wp\\\/category\\\/agro\\\/\",\"nextItem\":{\"@type\":\"ListItem\",\"@id\":\"https:\\\/\\\/radiosul.net\\\/wp\\\/2020\\\/genetica-angus-sera-ofertada-em-remate-da-fazenda-renascenca\\\/#listItem\",\"name\":\"Gen\\u00e9tica Angus ser\\u00e1 ofertada em remate da Fazenda Renascen\\u00e7a\"},\"previousItem\":{\"@type\":\"ListItem\",\"@id\":\"https:\\\/\\\/radiosul.net\\\/wp#listItem\",\"name\":\"Home\"}},{\"@type\":\"ListItem\",\"@id\":\"https:\\\/\\\/radiosul.net\\\/wp\\\/2020\\\/genetica-angus-sera-ofertada-em-remate-da-fazenda-renascenca\\\/#listItem\",\"position\":3,\"name\":\"Gen\\u00e9tica Angus ser\\u00e1 ofertada em remate da Fazenda Renascen\\u00e7a\",\"previousItem\":{\"@type\":\"ListItem\",\"@id\":\"https:\\\/\\\/radiosul.net\\\/wp\\\/category\\\/agro\\\/#listItem\",\"name\":\"Agroneg\\u00f3cio\"}}]},{\"@type\":\"Organization\",\"@id\":\"https:\\\/\\\/radiosul.net\\\/wp\\\/#organization\",\"name\":\"radiosul.net\",\"description\":\"Regional por Excel\\u00eancia\",\"url\":\"https:\\\/\\\/radiosul.net\\\/wp\\\/\"},{\"@type\":\"Person\",\"@id\":\"https:\\\/\\\/radiosul.net\\\/wp\\\/author\\\/alejo\\\/#author\",\"url\":\"https:\\\/\\\/radiosul.net\\\/wp\\\/author\\\/alejo\\\/\",\"name\":\"Alejo Bordon\",\"image\":{\"@type\":\"ImageObject\",\"@id\":\"https:\\\/\\\/radiosul.net\\\/wp\\\/2020\\\/genetica-angus-sera-ofertada-em-remate-da-fazenda-renascenca\\\/#authorImage\",\"url\":\"https:\\\/\\\/secure.gravatar.com\\\/avatar\\\/b3a7e7f1c71212e6a5b7183b79a2ab58dad8bdc4cd4eadd61c4434d010d0bae4?s=96&d=mm&r=g\",\"width\":96,\"height\":96,\"caption\":\"Alejo Bordon\"}},{\"@type\":\"WebPage\",\"@id\":\"https:\\\/\\\/radiosul.net\\\/wp\\\/2020\\\/genetica-angus-sera-ofertada-em-remate-da-fazenda-renascenca\\\/#webpage\",\"url\":\"https:\\\/\\\/radiosul.net\\\/wp\\\/2020\\\/genetica-angus-sera-ofertada-em-remate-da-fazenda-renascenca\\\/\",\"name\":\"Gen\\u00e9tica Angus ser\\u00e1 ofertada em remate da Fazenda Renascen\\u00e7a - radiosul.net\",\"description\":\"xemplares Angus da Fazenda Renascen\\u00e7a, do criador Nelson Ant\\u00f4nio Serpa, de Vargem (SC), ser\\u00e3o ofertados na 11\\u00aa edi\\u00e7\\u00e3o do remate Renascen\\u00e7a Angus, no dia 8 de agosto. Na primeira vez em que o leil\\u00e3o ser\\u00e1 realizado de forma virtual, estar\\u00e3o \\u00e0 disposi\\u00e7\\u00e3o dos compradores 30 touros, 80 f\\u00eameas registradas (40 delas prenhas) e 10 lotes\",\"inLanguage\":\"pt-BR\",\"isPartOf\":{\"@id\":\"https:\\\/\\\/radiosul.net\\\/wp\\\/#website\"},\"breadcrumb\":{\"@id\":\"https:\\\/\\\/radiosul.net\\\/wp\\\/2020\\\/genetica-angus-sera-ofertada-em-remate-da-fazenda-renascenca\\\/#breadcrumblist\"},\"author\":{\"@id\":\"https:\\\/\\\/radiosul.net\\\/wp\\\/author\\\/alejo\\\/#author\"},\"creator\":{\"@id\":\"https:\\\/\\\/radiosul.net\\\/wp\\\/author\\\/alejo\\\/#author\"},\"image\":{\"@type\":\"ImageObject\",\"url\":\"https:\\\/\\\/radiosul.net\\\/wp\\\/wp-content\\\/uploads\\\/2020\\\/07\\\/renascencasite.png\",\"@id\":\"https:\\\/\\\/radiosul.net\\\/wp\\\/2020\\\/genetica-angus-sera-ofertada-em-remate-da-fazenda-renascenca\\\/#mainImage\",\"width\":650,\"height\":650},\"primaryImageOfPage\":{\"@id\":\"https:\\\/\\\/radiosul.net\\\/wp\\\/2020\\\/genetica-angus-sera-ofertada-em-remate-da-fazenda-renascenca\\\/#mainImage\"},\"datePublished\":\"2020-07-28T07:06:04-03:00\",\"dateModified\":\"2020-07-28T07:06:06-03:00\"},{\"@type\":\"WebSite\",\"@id\":\"https:\\\/\\\/radiosul.net\\\/wp\\\/#website\",\"url\":\"https:\\\/\\\/radiosul.net\\\/wp\\\/\",\"name\":\"radiosul.net\",\"description\":\"Regional por Excel\\u00eancia\",\"inLanguage\":\"pt-BR\",\"publisher\":{\"@id\":\"https:\\\/\\\/radiosul.net\\\/wp\\\/#organization\"}}]}\n\t\t<\/script>\n\t\t<!-- All in One SEO -->\n\n","aioseo_head_json":{"title":"Gen\u00e9tica Angus ser\u00e1 ofertada em remate da Fazenda Renascen\u00e7a - radiosul.net","description":"xemplares Angus da Fazenda Renascen\u00e7a, do criador Nelson Ant\u00f4nio Serpa, de Vargem (SC), ser\u00e3o ofertados na 11\u00aa edi\u00e7\u00e3o do remate Renascen\u00e7a Angus, no dia 8 de agosto. Na primeira vez em que o leil\u00e3o ser\u00e1 realizado de forma virtual, estar\u00e3o \u00e0 disposi\u00e7\u00e3o dos compradores 30 touros, 80 f\u00eameas registradas (40 delas prenhas) e 10 lotes","canonical_url":"https:\/\/radiosul.net\/wp\/2020\/genetica-angus-sera-ofertada-em-remate-da-fazenda-renascenca\/","robots":"max-image-preview:large","keywords":"","webmasterTools":{"miscellaneous":""},"schema":{"@context":"https:\/\/schema.org","@graph":[{"@type":"BlogPosting","@id":"https:\/\/radiosul.net\/wp\/2020\/genetica-angus-sera-ofertada-em-remate-da-fazenda-renascenca\/#blogposting","name":"Gen\u00e9tica Angus ser\u00e1 ofertada em remate da Fazenda Renascen\u00e7a - radiosul.net","headline":"Gen\u00e9tica Angus ser\u00e1 ofertada em remate da Fazenda Renascen\u00e7a","author":{"@id":"https:\/\/radiosul.net\/wp\/author\/alejo\/#author"},"publisher":{"@id":"https:\/\/radiosul.net\/wp\/#organization"},"image":{"@type":"ImageObject","url":"https:\/\/radiosul.net\/wp\/wp-content\/uploads\/2020\/07\/renascencasite.png","width":650,"height":650},"datePublished":"2020-07-28T07:06:04-03:00","dateModified":"2020-07-28T07:06:06-03:00","inLanguage":"pt-BR","mainEntityOfPage":{"@id":"https:\/\/radiosul.net\/wp\/2020\/genetica-angus-sera-ofertada-em-remate-da-fazenda-renascenca\/#webpage"},"isPartOf":{"@id":"https:\/\/radiosul.net\/wp\/2020\/genetica-angus-sera-ofertada-em-remate-da-fazenda-renascenca\/#webpage"},"articleSection":"Agroneg\u00f3cio, Destaque"},{"@type":"BreadcrumbList","@id":"https:\/\/radiosul.net\/wp\/2020\/genetica-angus-sera-ofertada-em-remate-da-fazenda-renascenca\/#breadcrumblist","itemListElement":[{"@type":"ListItem","@id":"https:\/\/radiosul.net\/wp#listItem","position":1,"name":"Home","item":"https:\/\/radiosul.net\/wp","nextItem":{"@type":"ListItem","@id":"https:\/\/radiosul.net\/wp\/category\/agro\/#listItem","name":"Agroneg\u00f3cio"}},{"@type":"ListItem","@id":"https:\/\/radiosul.net\/wp\/category\/agro\/#listItem","position":2,"name":"Agroneg\u00f3cio","item":"https:\/\/radiosul.net\/wp\/category\/agro\/","nextItem":{"@type":"ListItem","@id":"https:\/\/radiosul.net\/wp\/2020\/genetica-angus-sera-ofertada-em-remate-da-fazenda-renascenca\/#listItem","name":"Gen\u00e9tica Angus ser\u00e1 ofertada em remate da Fazenda Renascen\u00e7a"},"previousItem":{"@type":"ListItem","@id":"https:\/\/radiosul.net\/wp#listItem","name":"Home"}},{"@type":"ListItem","@id":"https:\/\/radiosul.net\/wp\/2020\/genetica-angus-sera-ofertada-em-remate-da-fazenda-renascenca\/#listItem","position":3,"name":"Gen\u00e9tica Angus ser\u00e1 ofertada em remate da Fazenda Renascen\u00e7a","previousItem":{"@type":"ListItem","@id":"https:\/\/radiosul.net\/wp\/category\/agro\/#listItem","name":"Agroneg\u00f3cio"}}]},{"@type":"Organization","@id":"https:\/\/radiosul.net\/wp\/#organization","name":"radiosul.net","description":"Regional por Excel\u00eancia","url":"https:\/\/radiosul.net\/wp\/"},{"@type":"Person","@id":"https:\/\/radiosul.net\/wp\/author\/alejo\/#author","url":"https:\/\/radiosul.net\/wp\/author\/alejo\/","name":"Alejo Bordon","image":{"@type":"ImageObject","@id":"https:\/\/radiosul.net\/wp\/2020\/genetica-angus-sera-ofertada-em-remate-da-fazenda-renascenca\/#authorImage","url":"https:\/\/secure.gravatar.com\/avatar\/b3a7e7f1c71212e6a5b7183b79a2ab58dad8bdc4cd4eadd61c4434d010d0bae4?s=96&d=mm&r=g","width":96,"height":96,"caption":"Alejo Bordon"}},{"@type":"WebPage","@id":"https:\/\/radiosul.net\/wp\/2020\/genetica-angus-sera-ofertada-em-remate-da-fazenda-renascenca\/#webpage","url":"https:\/\/radiosul.net\/wp\/2020\/genetica-angus-sera-ofertada-em-remate-da-fazenda-renascenca\/","name":"Gen\u00e9tica Angus ser\u00e1 ofertada em remate da Fazenda Renascen\u00e7a - radiosul.net","description":"xemplares Angus da Fazenda Renascen\u00e7a, do criador Nelson Ant\u00f4nio Serpa, de Vargem (SC), ser\u00e3o ofertados na 11\u00aa edi\u00e7\u00e3o do remate Renascen\u00e7a Angus, no dia 8 de agosto. Na primeira vez em que o leil\u00e3o ser\u00e1 realizado de forma virtual, estar\u00e3o \u00e0 disposi\u00e7\u00e3o dos compradores 30 touros, 80 f\u00eameas registradas (40 delas prenhas) e 10 lotes","inLanguage":"pt-BR","isPartOf":{"@id":"https:\/\/radiosul.net\/wp\/#website"},"breadcrumb":{"@id":"https:\/\/radiosul.net\/wp\/2020\/genetica-angus-sera-ofertada-em-remate-da-fazenda-renascenca\/#breadcrumblist"},"author":{"@id":"https:\/\/radiosul.net\/wp\/author\/alejo\/#author"},"creator":{"@id":"https:\/\/radiosul.net\/wp\/author\/alejo\/#author"},"image":{"@type":"ImageObject","url":"https:\/\/radiosul.net\/wp\/wp-content\/uploads\/2020\/07\/renascencasite.png","@id":"https:\/\/radiosul.net\/wp\/2020\/genetica-angus-sera-ofertada-em-remate-da-fazenda-renascenca\/#mainImage","width":650,"height":650},"primaryImageOfPage":{"@id":"https:\/\/radiosul.net\/wp\/2020\/genetica-angus-sera-ofertada-em-remate-da-fazenda-renascenca\/#mainImage"},"datePublished":"2020-07-28T07:06:04-03:00","dateModified":"2020-07-28T07:06:06-03:00"},{"@type":"WebSite","@id":"https:\/\/radiosul.net\/wp\/#website","url":"https:\/\/radiosul.net\/wp\/","name":"radiosul.net","description":"Regional por Excel\u00eancia","inLanguage":"pt-BR","publisher":{"@id":"https:\/\/radiosul.net\/wp\/#organization"}}]},"og:locale":"pt_BR","og:site_name":"radiosul.net - Regional por Excel\u00eancia","og:type":"article","og:title":"Gen\u00e9tica Angus ser\u00e1 ofertada em remate da Fazenda Renascen\u00e7a - radiosul.net","og:description":"xemplares Angus da Fazenda Renascen\u00e7a, do criador Nelson Ant\u00f4nio Serpa, de Vargem (SC), ser\u00e3o ofertados na 11\u00aa edi\u00e7\u00e3o do remate Renascen\u00e7a Angus, no dia 8 de agosto. Na primeira vez em que o leil\u00e3o ser\u00e1 realizado de forma virtual, estar\u00e3o \u00e0 disposi\u00e7\u00e3o dos compradores 30 touros, 80 f\u00eameas registradas (40 delas prenhas) e 10 lotes","og:url":"https:\/\/radiosul.net\/wp\/2020\/genetica-angus-sera-ofertada-em-remate-da-fazenda-renascenca\/","article:published_time":"2020-07-28T10:06:04+00:00","article:modified_time":"2020-07-28T10:06:06+00:00","twitter:card":"summary_large_image","twitter:title":"Gen\u00e9tica Angus ser\u00e1 ofertada em remate da Fazenda Renascen\u00e7a - radiosul.net","twitter:description":"xemplares Angus da Fazenda Renascen\u00e7a, do criador Nelson Ant\u00f4nio Serpa, de Vargem (SC), ser\u00e3o ofertados na 11\u00aa edi\u00e7\u00e3o do remate Renascen\u00e7a Angus, no dia 8 de agosto. Na primeira vez em que o leil\u00e3o ser\u00e1 realizado de forma virtual, estar\u00e3o \u00e0 disposi\u00e7\u00e3o dos compradores 30 touros, 80 f\u00eameas registradas (40 delas prenhas) e 10 lotes"},"aioseo_meta_data":{"post_id":"14270","title":null,"description":null,"keywords":null,"keyphrases":null,"primary_term":null,"canonical_url":null,"og_title":null,"og_description":null,"og_object_type":"default","og_image_type":"default","og_image_url":null,"og_image_width":null,"og_image_height":null,"og_image_custom_url":null,"og_image_custom_fields":null,"og_video":null,"og_custom_url":null,"og_article_section":null,"og_article_tags":null,"twitter_use_og":false,"twitter_card":"default","twitter_image_type":"default","twitter_image_url":null,"twitter_image_custom_url":null,"twitter_image_custom_fields":null,"twitter_title":null,"twitter_description":null,"schema":{"blockGraphs":[],"customGraphs":[],"default":{"data":{"Article":[],"Course":[],"Dataset":[],"FAQPage":[],"Movie":[],"Person":[],"Product":[],"ProductReview":[],"Car":[],"Recipe":[],"Service":[],"SoftwareApplication":[],"WebPage":[]},"graphName":"","isEnabled":true},"graphs":[]},"schema_type":"default","schema_type_options":null,"pillar_content":false,"robots_default":true,"robots_noindex":false,"robots_noarchive":false,"robots_nosnippet":false,"robots_nofollow":false,"robots_noimageindex":false,"robots_noodp":false,"robots_notranslate":false,"robots_max_snippet":null,"robots_max_videopreview":null,"robots_max_imagepreview":"large","priority":null,"frequency":null,"local_seo":null,"breadcrumb_settings":null,"limit_modified_date":false,"ai":null,"created":"2026-01-08 21:58:58","updated":"2026-01-08 21:58:58","seo_analyzer_scan_date":null,"focus_keyword":null,"additional_keywords":null,"truseo_locale":null},"aioseo_breadcrumb":"<div class=\"aioseo-breadcrumbs\"><span class=\"aioseo-breadcrumb\">\n\t\t\t<a href=\"https:\/\/radiosul.net\/wp\" title=\"Home\">Home<\/a>\n\t\t<\/span><span class=\"aioseo-breadcrumb-separator\">&raquo;<\/span><span class=\"aioseo-breadcrumb\">\n\t\t\t<a href=\"https:\/\/radiosul.net\/wp\/category\/agro\/\" title=\"Agroneg\u00f3cio\">Agroneg\u00f3cio<\/a>\n\t\t<\/span><span class=\"aioseo-breadcrumb-separator\">&raquo;<\/span><span class=\"aioseo-breadcrumb\">\n\t\t\tGen\u00e9tica Angus ser\u00e1 ofertada em remate da Fazenda Renascen\u00e7a\n\t\t<\/span><\/div>","aioseo_breadcrumb_json":[{"label":"Home","link":"https:\/\/radiosul.net\/wp"},{"label":"Agroneg\u00f3cio","link":"https:\/\/radiosul.net\/wp\/category\/agro\/"},{"label":"Gen\u00e9tica Angus ser\u00e1 ofertada em remate da Fazenda Renascen\u00e7a","link":"https:\/\/radiosul.net\/wp\/2020\/genetica-angus-sera-ofertada-em-remate-da-fazenda-renascenca\/"}],"_links":{"self":[{"href":"https:\/\/radiosul.net\/wp\/wp-json\/wp\/v2\/posts\/14270","targetHints":{"allow":["GET"]}}],"collection":[{"href":"https:\/\/radiosul.net\/wp\/wp-json\/wp\/v2\/posts"}],"about":[{"href":"https:\/\/radiosul.net\/wp\/wp-json\/wp\/v2\/types\/post"}],"author":[{"embeddable":true,"href":"https:\/\/radiosul.net\/wp\/wp-json\/wp\/v2\/users\/9"}],"replies":[{"embeddable":true,"href":"https:\/\/radiosul.net\/wp\/wp-json\/wp\/v2\/comments?post=14270"}],"version-history":[{"count":1,"href":"https:\/\/radiosul.net\/wp\/wp-json\/wp\/v2\/posts\/14270\/revisions"}],"predecessor-version":[{"id":14271,"href":"https:\/\/radiosul.net\/wp\/wp-json\/wp\/v2\/posts\/14270\/revisions\/14271"}],"wp:featuredmedia":[{"embeddable":true,"href":"https:\/\/radiosul.net\/wp\/wp-json\/wp\/v2\/media\/14261"}],"wp:attachment":[{"href":"https:\/\/radiosul.net\/wp\/wp-json\/wp\/v2\/media?parent=14270"}],"wp:term":[{"taxonomy":"category","embeddable":true,"href":"https:\/\/radiosul.net\/wp\/wp-json\/wp\/v2\/categories?post=14270"},{"taxonomy":"post_tag","embeddable":true,"href":"https:\/\/radiosul.net\/wp\/wp-json\/wp\/v2\/tags?post=14270"}],"curies":[{"name":"wp","href":"https:\/\/api.w.org\/{rel}","templated":true}]}}