{"id":14255,"date":"2020-07-28T06:59:22","date_gmt":"2020-07-28T09:59:22","guid":{"rendered":"https:\/\/radiosul.net\/wp\/?p=14255"},"modified":"2020-07-28T06:59:25","modified_gmt":"2020-07-28T09:59:25","slug":"auditores-avaliam-retirada-da-vacina-contra-a-aftosa-no-rs","status":"publish","type":"post","link":"https:\/\/radiosul.net\/wp\/2020\/auditores-avaliam-retirada-da-vacina-contra-a-aftosa-no-rs\/","title":{"rendered":"Auditores avaliam retirada da vacina contra a aftosa no RS"},"content":{"rendered":"\n<p class=\"wp-block-paragraph\">A Secretaria da Agricultura, Pecu\u00e1ria e Desenvolvimento Rural (Seapdr) j\u00e1 tem data definida para receber auditores do Minist\u00e9rio da Agricultura (Mapa): dias 4 e 5 de agosto. Neste per\u00edodo, o minist\u00e9rio dever\u00e1 avaliar o cumprimento dos 18 apontamentos levantados durante a auditoria realizada no ano passado para que o Rio Grande do Sul consiga o status de zona livre de febre aftosa sem vacina\u00e7\u00e3o. As principais a\u00e7\u00f5es realizadas nos \u00faltimos meses para a conquista da retirada da vacina\u00e7\u00e3o foram apresentadas pelo secret\u00e1rio Covatti Filho durante reuni\u00e3o virtual da Comiss\u00e3o de Agricultura da Assembleia Legislativa, realizada nesta segunda-feira (27).<\/p>\n\n\n\n<p class=\"wp-block-paragraph\">&#8220;Das 18 recomenda\u00e7\u00f5es do minist\u00e9rio, faltam atender apenas duas, que j\u00e1 est\u00e3o em fase final de cumprimento. A montadora vencedora da licita\u00e7\u00e3o de 72 ve\u00edculos para o Estado j\u00e1 est\u00e1 enviando o cronograma de entrega, e o preg\u00e3o para contrata\u00e7\u00e3o de 150 auxiliares administrativos deve come\u00e7ar a receber propostas a partir de 4 de agosto. Ent\u00e3o, mesmo que a auditoria acontecesse hoje, ser\u00edamos bem avaliados porque o minist\u00e9rio vai comprovar que o governo estadual fez todos os movimentos necess\u00e1rios para a conquista da retirada da vacina\u00e7\u00e3o contra a aftosa&#8221;, detalhou o secret\u00e1rio Covatti Filho.<\/p>\n\n\n\n<p class=\"wp-block-paragraph\">O auditor Gilson Renato Evangelista de Souza contou que, no in\u00edcio de julho, foi realizada uma pr\u00e9-avalia\u00e7\u00e3o do minist\u00e9rio na secretaria. &#8220;Verificamos que os 18 itens est\u00e3o com andamento bastante adequado e em fase final de atendimento. A auditoria de agosto vai averiguar o andamento das metas da secretaria, considerando o pleito para evolu\u00e7\u00e3o de status sanit\u00e1rio junto \u00e0 Organiza\u00e7\u00e3o Mundial de Sa\u00fade Animal, a OIE&#8221;, completou.<\/p>\n\n\n\n<p class=\"wp-block-paragraph\">O presidente do Fundesa, Rog\u00e9rio Kerber, ressaltou as vantagens que a retirada da vacina\u00e7\u00e3o contra a febre aftosa trar\u00e1 para os produtores rurais do Estado. &#8220;Canad\u00e1 j\u00e1 come\u00e7a a sinalizar negocia\u00e7\u00e3o de carne bovina com o Brasil, e quem sabe o Rio Grande do Sul poder\u00e1 se sentar \u00e0 mesa e negociar com este importante mercado e outros mais. Ser\u00e1 uma nova perspectiva para todo o Estado&#8221;, destacou.<\/p>\n\n\n\n<p class=\"wp-block-paragraph\">&#8220;O status sanit\u00e1rio de zona livre de aftosa sem vacina\u00e7\u00e3o \u00e9 um passo superimportante, um degrau fundamental para o desenvolvimento do Estado. Depois, ser\u00e1 necess\u00e1rio manter vigil\u00e2ncia ativa para que se avance com seguran\u00e7a&#8221;, afirmou o presidente da Assembleia Legislativa, que criou a Frente Parlamentar em Apoio \u00e0 Evolu\u00e7\u00e3o do Status Sanit\u00e1rio Animal do Rio Grande do Sul.<\/p>\n\n\n\n<h4 class=\"wp-block-heading\">Distribui\u00e7\u00e3o de sementes do Troca-Troca \u00e9 autorizada<\/h4>\n\n\n\n<p class=\"wp-block-paragraph\">As 10 empresas sementeiras que ir\u00e3o fornecer 134.068 sacas de 53 cultivares dentro do programa Troca-Troca de Sementes est\u00e3o autorizadas pela Secretaria da Agricultura, Pecu\u00e1ria e Desenvolvimento Rural (Seapdr) a iniciar a entrega do produto para prefeituras, sindicatos e associa\u00e7\u00f5es. A orienta\u00e7\u00e3o \u00e9 que se inicie pelos munic\u00edpios e regi\u00f5es com a semeadura mais cedo no calend\u00e1rio de cultivo: Miss\u00f5es, Fronteira Noroeste, Celeiro, Noroeste Colonial, M\u00e9dio Alto Uruguai, Rio da V\u00e1rzea e Alto Jacu\u00ed.<\/p>\n\n\n\n<p class=\"wp-block-paragraph\">&#8220;O in\u00edcio da entrega das sementes do Troca-Troca \u00e9 a etapa mais importante do programa, pois consolida o resultado de todas as a\u00e7\u00f5es constru\u00eddas desde o in\u00edcio do ano, seja com a habilita\u00e7\u00e3o e contrata\u00e7\u00e3o das empresas, seja com a organiza\u00e7\u00e3o das entidades e dos pedidos feitos pelos produtores&#8221;, afirma o secret\u00e1rio Covatti Filho.<\/p>\n\n\n\n<p class=\"wp-block-paragraph\">Nesta safra 2020\/2021, ser\u00e3o entregues milho h\u00edbrido convencional (78.833 sacas), milho h\u00edbrido transg\u00eanico (50.237 sacas) e sorgo h\u00edbrido (4.998 sacas) a 45.692 agricultores que fizeram pedidos por meio de suas entidades em 385 munic\u00edpios ga\u00fachos.<\/p>\n\n\n\n<p class=\"wp-block-paragraph\">&#8220;Com as orienta\u00e7\u00f5es do programa e a estrutura log\u00edstica das empresas, acreditamos que em duas semanas mais de 90% do total de sementes j\u00e1 estejam entregues&#8221;, afirma o coordenador do programa Troca-Troca, Jonas Wesz. O investimento do governo ga\u00facho nesta safra \u00e9 de R$ 5,2 milh\u00f5es, referente ao subs\u00eddio direto que o Estado d\u00e1 aos agricultores no valor da semente.<\/p>\n\n\n\n<p class=\"wp-block-paragraph\">A Secretaria da Agricultura realiza, a cada ano, melhorias no programa Troca-Troca, como a qualifica\u00e7\u00e3o das cultivares dispon\u00edveis para que os agricultores possam fazer a escolha mais adequada para o seu sistema produtivo e tamb\u00e9m a an\u00e1lise das sementes. E, principalmente, efetuando a entrega no momento adequado para que produtores consigam realizar a semeadura dentro do calend\u00e1rio ideal de cultivo.<\/p>\n\n\n\n<p class=\"wp-block-paragraph\"><strong><em>Fonte: Jornal do Com\u00e9rcio<\/em><\/strong><\/p>\n","protected":false},"excerpt":{"rendered":"<p>A Secretaria da Agricultura, Pecu\u00e1ria e Desenvolvimento Rural (Seapdr) j\u00e1 tem data definida para receber auditores do Minist\u00e9rio da Agricultura (Mapa): dias 4 e 5 de agosto. Neste per\u00edodo, o minist\u00e9rio dever\u00e1 avaliar o cumprimento dos 18 apontamentos levantados durante a auditoria realizada no ano passado para que o Rio Grande do Sul consiga o &hellip;<\/p>\n","protected":false},"author":9,"featured_media":14259,"comment_status":"closed","ping_status":"closed","sticky":false,"template":"","format":"standard","meta":{"_monsterinsights_skip_tracking":false,"_uf_show_specific_survey":0,"_uf_disable_surveys":false,"footnotes":""},"categories":[1,126],"tags":[],"class_list":["post-14255","post","type-post","status-publish","format-standard","has-post-thumbnail","hentry","category-agro","category-destacados"],"aioseo_notices":[],"aioseo_head":"\n\t\t<!-- All in One SEO 5.0.1.1 - aioseo.com -->\n\t<meta name=\"description\" content=\"A Secretaria da Agricultura, Pecu\u00e1ria e Desenvolvimento Rural (Seapdr) j\u00e1 tem data definida para receber auditores do Minist\u00e9rio da Agricultura (Mapa): dias 4 e 5 de agosto. Neste per\u00edodo, o minist\u00e9rio dever\u00e1 avaliar o cumprimento dos 18 apontamentos levantados durante a auditoria realizada no ano passado para que o Rio Grande do Sul consiga o\" \/>\n\t<meta name=\"robots\" content=\"max-image-preview:large\" \/>\n\t<meta name=\"author\" content=\"Alejo Bordon\"\/>\n\t<link rel=\"canonical\" href=\"https:\/\/radiosul.net\/wp\/2020\/auditores-avaliam-retirada-da-vacina-contra-a-aftosa-no-rs\/\" \/>\n\t<meta name=\"generator\" content=\"All in One SEO (AIOSEO) 5.0.1.1\" \/>\n\t\t<meta property=\"og:locale\" content=\"pt_BR\" \/>\n\t\t<meta property=\"og:site_name\" content=\"radiosul.net - Regional por Excel\u00eancia\" \/>\n\t\t<meta property=\"og:type\" content=\"article\" \/>\n\t\t<meta property=\"og:title\" content=\"Auditores avaliam retirada da vacina contra a aftosa no RS - radiosul.net\" \/>\n\t\t<meta property=\"og:description\" content=\"A Secretaria da Agricultura, Pecu\u00e1ria e Desenvolvimento Rural (Seapdr) j\u00e1 tem data definida para receber auditores do Minist\u00e9rio da Agricultura (Mapa): dias 4 e 5 de agosto. Neste per\u00edodo, o minist\u00e9rio dever\u00e1 avaliar o cumprimento dos 18 apontamentos levantados durante a auditoria realizada no ano passado para que o Rio Grande do Sul consiga o\" \/>\n\t\t<meta property=\"og:url\" content=\"https:\/\/radiosul.net\/wp\/2020\/auditores-avaliam-retirada-da-vacina-contra-a-aftosa-no-rs\/\" \/>\n\t\t<meta property=\"article:published_time\" content=\"2020-07-28T09:59:22+00:00\" \/>\n\t\t<meta property=\"article:modified_time\" content=\"2020-07-28T09:59:25+00:00\" \/>\n\t\t<meta name=\"twitter:card\" content=\"summary_large_image\" \/>\n\t\t<meta name=\"twitter:title\" content=\"Auditores avaliam retirada da vacina contra a aftosa no RS - radiosul.net\" \/>\n\t\t<meta name=\"twitter:description\" content=\"A Secretaria da Agricultura, Pecu\u00e1ria e Desenvolvimento Rural (Seapdr) j\u00e1 tem data definida para receber auditores do Minist\u00e9rio da Agricultura (Mapa): dias 4 e 5 de agosto. Neste per\u00edodo, o minist\u00e9rio dever\u00e1 avaliar o cumprimento dos 18 apontamentos levantados durante a auditoria realizada no ano passado para que o Rio Grande do Sul consiga o\" \/>\n\t\t<script type=\"application\/ld+json\" class=\"aioseo-schema\">\n\t\t\t{\"@context\":\"https:\\\/\\\/schema.org\",\"@graph\":[{\"@type\":\"BlogPosting\",\"@id\":\"https:\\\/\\\/radiosul.net\\\/wp\\\/2020\\\/auditores-avaliam-retirada-da-vacina-contra-a-aftosa-no-rs\\\/#blogposting\",\"name\":\"Auditores avaliam retirada da vacina contra a aftosa no RS - radiosul.net\",\"headline\":\"Auditores avaliam retirada da vacina contra a aftosa no RS\",\"author\":{\"@id\":\"https:\\\/\\\/radiosul.net\\\/wp\\\/author\\\/alejo\\\/#author\"},\"publisher\":{\"@id\":\"https:\\\/\\\/radiosul.net\\\/wp\\\/#organization\"},\"image\":{\"@type\":\"ImageObject\",\"url\":\"https:\\\/\\\/radiosul.net\\\/wp\\\/wp-content\\\/uploads\\\/2020\\\/07\\\/F_0000110046.jpg\",\"width\":800,\"height\":600,\"caption\":\"Foto: ABA\\\/Divulga\\u00e7\\u00e3o\\\/JC\"},\"datePublished\":\"2020-07-28T06:59:22-03:00\",\"dateModified\":\"2020-07-28T06:59:25-03:00\",\"inLanguage\":\"pt-BR\",\"mainEntityOfPage\":{\"@id\":\"https:\\\/\\\/radiosul.net\\\/wp\\\/2020\\\/auditores-avaliam-retirada-da-vacina-contra-a-aftosa-no-rs\\\/#webpage\"},\"isPartOf\":{\"@id\":\"https:\\\/\\\/radiosul.net\\\/wp\\\/2020\\\/auditores-avaliam-retirada-da-vacina-contra-a-aftosa-no-rs\\\/#webpage\"},\"articleSection\":\"Agroneg\\u00f3cio, Destaque\"},{\"@type\":\"BreadcrumbList\",\"@id\":\"https:\\\/\\\/radiosul.net\\\/wp\\\/2020\\\/auditores-avaliam-retirada-da-vacina-contra-a-aftosa-no-rs\\\/#breadcrumblist\",\"itemListElement\":[{\"@type\":\"ListItem\",\"@id\":\"https:\\\/\\\/radiosul.net\\\/wp#listItem\",\"position\":1,\"name\":\"Home\",\"item\":\"https:\\\/\\\/radiosul.net\\\/wp\",\"nextItem\":{\"@type\":\"ListItem\",\"@id\":\"https:\\\/\\\/radiosul.net\\\/wp\\\/category\\\/agro\\\/#listItem\",\"name\":\"Agroneg\\u00f3cio\"}},{\"@type\":\"ListItem\",\"@id\":\"https:\\\/\\\/radiosul.net\\\/wp\\\/category\\\/agro\\\/#listItem\",\"position\":2,\"name\":\"Agroneg\\u00f3cio\",\"item\":\"https:\\\/\\\/radiosul.net\\\/wp\\\/category\\\/agro\\\/\",\"nextItem\":{\"@type\":\"ListItem\",\"@id\":\"https:\\\/\\\/radiosul.net\\\/wp\\\/2020\\\/auditores-avaliam-retirada-da-vacina-contra-a-aftosa-no-rs\\\/#listItem\",\"name\":\"Auditores avaliam retirada da vacina contra a aftosa no RS\"},\"previousItem\":{\"@type\":\"ListItem\",\"@id\":\"https:\\\/\\\/radiosul.net\\\/wp#listItem\",\"name\":\"Home\"}},{\"@type\":\"ListItem\",\"@id\":\"https:\\\/\\\/radiosul.net\\\/wp\\\/2020\\\/auditores-avaliam-retirada-da-vacina-contra-a-aftosa-no-rs\\\/#listItem\",\"position\":3,\"name\":\"Auditores avaliam retirada da vacina contra a aftosa no RS\",\"previousItem\":{\"@type\":\"ListItem\",\"@id\":\"https:\\\/\\\/radiosul.net\\\/wp\\\/category\\\/agro\\\/#listItem\",\"name\":\"Agroneg\\u00f3cio\"}}]},{\"@type\":\"Organization\",\"@id\":\"https:\\\/\\\/radiosul.net\\\/wp\\\/#organization\",\"name\":\"radiosul.net\",\"description\":\"Regional por Excel\\u00eancia\",\"url\":\"https:\\\/\\\/radiosul.net\\\/wp\\\/\"},{\"@type\":\"Person\",\"@id\":\"https:\\\/\\\/radiosul.net\\\/wp\\\/author\\\/alejo\\\/#author\",\"url\":\"https:\\\/\\\/radiosul.net\\\/wp\\\/author\\\/alejo\\\/\",\"name\":\"Alejo Bordon\",\"image\":{\"@type\":\"ImageObject\",\"@id\":\"https:\\\/\\\/radiosul.net\\\/wp\\\/2020\\\/auditores-avaliam-retirada-da-vacina-contra-a-aftosa-no-rs\\\/#authorImage\",\"url\":\"https:\\\/\\\/secure.gravatar.com\\\/avatar\\\/b3a7e7f1c71212e6a5b7183b79a2ab58dad8bdc4cd4eadd61c4434d010d0bae4?s=96&d=mm&r=g\",\"width\":96,\"height\":96,\"caption\":\"Alejo Bordon\"}},{\"@type\":\"WebPage\",\"@id\":\"https:\\\/\\\/radiosul.net\\\/wp\\\/2020\\\/auditores-avaliam-retirada-da-vacina-contra-a-aftosa-no-rs\\\/#webpage\",\"url\":\"https:\\\/\\\/radiosul.net\\\/wp\\\/2020\\\/auditores-avaliam-retirada-da-vacina-contra-a-aftosa-no-rs\\\/\",\"name\":\"Auditores avaliam retirada da vacina contra a aftosa no RS - radiosul.net\",\"description\":\"A Secretaria da Agricultura, Pecu\\u00e1ria e Desenvolvimento Rural (Seapdr) j\\u00e1 tem data definida para receber auditores do Minist\\u00e9rio da Agricultura (Mapa): dias 4 e 5 de agosto. Neste per\\u00edodo, o minist\\u00e9rio dever\\u00e1 avaliar o cumprimento dos 18 apontamentos levantados durante a auditoria realizada no ano passado para que o Rio Grande do Sul consiga o\",\"inLanguage\":\"pt-BR\",\"isPartOf\":{\"@id\":\"https:\\\/\\\/radiosul.net\\\/wp\\\/#website\"},\"breadcrumb\":{\"@id\":\"https:\\\/\\\/radiosul.net\\\/wp\\\/2020\\\/auditores-avaliam-retirada-da-vacina-contra-a-aftosa-no-rs\\\/#breadcrumblist\"},\"author\":{\"@id\":\"https:\\\/\\\/radiosul.net\\\/wp\\\/author\\\/alejo\\\/#author\"},\"creator\":{\"@id\":\"https:\\\/\\\/radiosul.net\\\/wp\\\/author\\\/alejo\\\/#author\"},\"image\":{\"@type\":\"ImageObject\",\"url\":\"https:\\\/\\\/radiosul.net\\\/wp\\\/wp-content\\\/uploads\\\/2020\\\/07\\\/F_0000110046.jpg\",\"@id\":\"https:\\\/\\\/radiosul.net\\\/wp\\\/2020\\\/auditores-avaliam-retirada-da-vacina-contra-a-aftosa-no-rs\\\/#mainImage\",\"width\":800,\"height\":600,\"caption\":\"Foto: ABA\\\/Divulga\\u00e7\\u00e3o\\\/JC\"},\"primaryImageOfPage\":{\"@id\":\"https:\\\/\\\/radiosul.net\\\/wp\\\/2020\\\/auditores-avaliam-retirada-da-vacina-contra-a-aftosa-no-rs\\\/#mainImage\"},\"datePublished\":\"2020-07-28T06:59:22-03:00\",\"dateModified\":\"2020-07-28T06:59:25-03:00\"},{\"@type\":\"WebSite\",\"@id\":\"https:\\\/\\\/radiosul.net\\\/wp\\\/#website\",\"url\":\"https:\\\/\\\/radiosul.net\\\/wp\\\/\",\"name\":\"radiosul.net\",\"description\":\"Regional por Excel\\u00eancia\",\"inLanguage\":\"pt-BR\",\"publisher\":{\"@id\":\"https:\\\/\\\/radiosul.net\\\/wp\\\/#organization\"}}]}\n\t\t<\/script>\n\t\t<!-- All in One SEO -->\n\n","aioseo_head_json":{"title":"Auditores avaliam retirada da vacina contra a aftosa no RS - radiosul.net","description":"A Secretaria da Agricultura, Pecu\u00e1ria e Desenvolvimento Rural (Seapdr) j\u00e1 tem data definida para receber auditores do Minist\u00e9rio da Agricultura (Mapa): dias 4 e 5 de agosto. Neste per\u00edodo, o minist\u00e9rio dever\u00e1 avaliar o cumprimento dos 18 apontamentos levantados durante a auditoria realizada no ano passado para que o Rio Grande do Sul consiga o","canonical_url":"https:\/\/radiosul.net\/wp\/2020\/auditores-avaliam-retirada-da-vacina-contra-a-aftosa-no-rs\/","robots":"max-image-preview:large","keywords":"","webmasterTools":{"miscellaneous":""},"schema":{"@context":"https:\/\/schema.org","@graph":[{"@type":"BlogPosting","@id":"https:\/\/radiosul.net\/wp\/2020\/auditores-avaliam-retirada-da-vacina-contra-a-aftosa-no-rs\/#blogposting","name":"Auditores avaliam retirada da vacina contra a aftosa no RS - radiosul.net","headline":"Auditores avaliam retirada da vacina contra a aftosa no RS","author":{"@id":"https:\/\/radiosul.net\/wp\/author\/alejo\/#author"},"publisher":{"@id":"https:\/\/radiosul.net\/wp\/#organization"},"image":{"@type":"ImageObject","url":"https:\/\/radiosul.net\/wp\/wp-content\/uploads\/2020\/07\/F_0000110046.jpg","width":800,"height":600,"caption":"Foto: ABA\/Divulga\u00e7\u00e3o\/JC"},"datePublished":"2020-07-28T06:59:22-03:00","dateModified":"2020-07-28T06:59:25-03:00","inLanguage":"pt-BR","mainEntityOfPage":{"@id":"https:\/\/radiosul.net\/wp\/2020\/auditores-avaliam-retirada-da-vacina-contra-a-aftosa-no-rs\/#webpage"},"isPartOf":{"@id":"https:\/\/radiosul.net\/wp\/2020\/auditores-avaliam-retirada-da-vacina-contra-a-aftosa-no-rs\/#webpage"},"articleSection":"Agroneg\u00f3cio, Destaque"},{"@type":"BreadcrumbList","@id":"https:\/\/radiosul.net\/wp\/2020\/auditores-avaliam-retirada-da-vacina-contra-a-aftosa-no-rs\/#breadcrumblist","itemListElement":[{"@type":"ListItem","@id":"https:\/\/radiosul.net\/wp#listItem","position":1,"name":"Home","item":"https:\/\/radiosul.net\/wp","nextItem":{"@type":"ListItem","@id":"https:\/\/radiosul.net\/wp\/category\/agro\/#listItem","name":"Agroneg\u00f3cio"}},{"@type":"ListItem","@id":"https:\/\/radiosul.net\/wp\/category\/agro\/#listItem","position":2,"name":"Agroneg\u00f3cio","item":"https:\/\/radiosul.net\/wp\/category\/agro\/","nextItem":{"@type":"ListItem","@id":"https:\/\/radiosul.net\/wp\/2020\/auditores-avaliam-retirada-da-vacina-contra-a-aftosa-no-rs\/#listItem","name":"Auditores avaliam retirada da vacina contra a aftosa no RS"},"previousItem":{"@type":"ListItem","@id":"https:\/\/radiosul.net\/wp#listItem","name":"Home"}},{"@type":"ListItem","@id":"https:\/\/radiosul.net\/wp\/2020\/auditores-avaliam-retirada-da-vacina-contra-a-aftosa-no-rs\/#listItem","position":3,"name":"Auditores avaliam retirada da vacina contra a aftosa no RS","previousItem":{"@type":"ListItem","@id":"https:\/\/radiosul.net\/wp\/category\/agro\/#listItem","name":"Agroneg\u00f3cio"}}]},{"@type":"Organization","@id":"https:\/\/radiosul.net\/wp\/#organization","name":"radiosul.net","description":"Regional por Excel\u00eancia","url":"https:\/\/radiosul.net\/wp\/"},{"@type":"Person","@id":"https:\/\/radiosul.net\/wp\/author\/alejo\/#author","url":"https:\/\/radiosul.net\/wp\/author\/alejo\/","name":"Alejo Bordon","image":{"@type":"ImageObject","@id":"https:\/\/radiosul.net\/wp\/2020\/auditores-avaliam-retirada-da-vacina-contra-a-aftosa-no-rs\/#authorImage","url":"https:\/\/secure.gravatar.com\/avatar\/b3a7e7f1c71212e6a5b7183b79a2ab58dad8bdc4cd4eadd61c4434d010d0bae4?s=96&d=mm&r=g","width":96,"height":96,"caption":"Alejo Bordon"}},{"@type":"WebPage","@id":"https:\/\/radiosul.net\/wp\/2020\/auditores-avaliam-retirada-da-vacina-contra-a-aftosa-no-rs\/#webpage","url":"https:\/\/radiosul.net\/wp\/2020\/auditores-avaliam-retirada-da-vacina-contra-a-aftosa-no-rs\/","name":"Auditores avaliam retirada da vacina contra a aftosa no RS - radiosul.net","description":"A Secretaria da Agricultura, Pecu\u00e1ria e Desenvolvimento Rural (Seapdr) j\u00e1 tem data definida para receber auditores do Minist\u00e9rio da Agricultura (Mapa): dias 4 e 5 de agosto. Neste per\u00edodo, o minist\u00e9rio dever\u00e1 avaliar o cumprimento dos 18 apontamentos levantados durante a auditoria realizada no ano passado para que o Rio Grande do Sul consiga o","inLanguage":"pt-BR","isPartOf":{"@id":"https:\/\/radiosul.net\/wp\/#website"},"breadcrumb":{"@id":"https:\/\/radiosul.net\/wp\/2020\/auditores-avaliam-retirada-da-vacina-contra-a-aftosa-no-rs\/#breadcrumblist"},"author":{"@id":"https:\/\/radiosul.net\/wp\/author\/alejo\/#author"},"creator":{"@id":"https:\/\/radiosul.net\/wp\/author\/alejo\/#author"},"image":{"@type":"ImageObject","url":"https:\/\/radiosul.net\/wp\/wp-content\/uploads\/2020\/07\/F_0000110046.jpg","@id":"https:\/\/radiosul.net\/wp\/2020\/auditores-avaliam-retirada-da-vacina-contra-a-aftosa-no-rs\/#mainImage","width":800,"height":600,"caption":"Foto: ABA\/Divulga\u00e7\u00e3o\/JC"},"primaryImageOfPage":{"@id":"https:\/\/radiosul.net\/wp\/2020\/auditores-avaliam-retirada-da-vacina-contra-a-aftosa-no-rs\/#mainImage"},"datePublished":"2020-07-28T06:59:22-03:00","dateModified":"2020-07-28T06:59:25-03:00"},{"@type":"WebSite","@id":"https:\/\/radiosul.net\/wp\/#website","url":"https:\/\/radiosul.net\/wp\/","name":"radiosul.net","description":"Regional por Excel\u00eancia","inLanguage":"pt-BR","publisher":{"@id":"https:\/\/radiosul.net\/wp\/#organization"}}]},"og:locale":"pt_BR","og:site_name":"radiosul.net - Regional por Excel\u00eancia","og:type":"article","og:title":"Auditores avaliam retirada da vacina contra a aftosa no RS - radiosul.net","og:description":"A Secretaria da Agricultura, Pecu\u00e1ria e Desenvolvimento Rural (Seapdr) j\u00e1 tem data definida para receber auditores do Minist\u00e9rio da Agricultura (Mapa): dias 4 e 5 de agosto. Neste per\u00edodo, o minist\u00e9rio dever\u00e1 avaliar o cumprimento dos 18 apontamentos levantados durante a auditoria realizada no ano passado para que o Rio Grande do Sul consiga o","og:url":"https:\/\/radiosul.net\/wp\/2020\/auditores-avaliam-retirada-da-vacina-contra-a-aftosa-no-rs\/","article:published_time":"2020-07-28T09:59:22+00:00","article:modified_time":"2020-07-28T09:59:25+00:00","twitter:card":"summary_large_image","twitter:title":"Auditores avaliam retirada da vacina contra a aftosa no RS - radiosul.net","twitter:description":"A Secretaria da Agricultura, Pecu\u00e1ria e Desenvolvimento Rural (Seapdr) j\u00e1 tem data definida para receber auditores do Minist\u00e9rio da Agricultura (Mapa): dias 4 e 5 de agosto. Neste per\u00edodo, o minist\u00e9rio dever\u00e1 avaliar o cumprimento dos 18 apontamentos levantados durante a auditoria realizada no ano passado para que o Rio Grande do Sul consiga o"},"aioseo_meta_data":{"post_id":"14255","title":null,"description":null,"keywords":null,"keyphrases":null,"primary_term":null,"canonical_url":null,"og_title":null,"og_description":null,"og_object_type":"default","og_image_type":"default","og_image_url":null,"og_image_width":null,"og_image_height":null,"og_image_custom_url":null,"og_image_custom_fields":null,"og_video":null,"og_custom_url":null,"og_article_section":null,"og_article_tags":null,"twitter_use_og":false,"twitter_card":"default","twitter_image_type":"default","twitter_image_url":null,"twitter_image_custom_url":null,"twitter_image_custom_fields":null,"twitter_title":null,"twitter_description":null,"schema":{"blockGraphs":[],"customGraphs":[],"default":{"data":{"Article":[],"Course":[],"Dataset":[],"FAQPage":[],"Movie":[],"Person":[],"Product":[],"ProductReview":[],"Car":[],"Recipe":[],"Service":[],"SoftwareApplication":[],"WebPage":[]},"graphName":"","isEnabled":true},"graphs":[]},"schema_type":"default","schema_type_options":null,"pillar_content":false,"robots_default":true,"robots_noindex":false,"robots_noarchive":false,"robots_nosnippet":false,"robots_nofollow":false,"robots_noimageindex":false,"robots_noodp":false,"robots_notranslate":false,"robots_max_snippet":null,"robots_max_videopreview":null,"robots_max_imagepreview":"large","priority":null,"frequency":null,"local_seo":null,"breadcrumb_settings":null,"limit_modified_date":false,"ai":null,"created":"2026-01-08 21:57:54","updated":"2026-01-08 21:57:54","seo_analyzer_scan_date":null,"focus_keyword":null,"additional_keywords":null,"truseo_locale":null},"aioseo_breadcrumb":"<div class=\"aioseo-breadcrumbs\"><span class=\"aioseo-breadcrumb\">\n\t\t\t<a href=\"https:\/\/radiosul.net\/wp\" title=\"Home\">Home<\/a>\n\t\t<\/span><span class=\"aioseo-breadcrumb-separator\">&raquo;<\/span><span class=\"aioseo-breadcrumb\">\n\t\t\t<a href=\"https:\/\/radiosul.net\/wp\/category\/agro\/\" title=\"Agroneg\u00f3cio\">Agroneg\u00f3cio<\/a>\n\t\t<\/span><span class=\"aioseo-breadcrumb-separator\">&raquo;<\/span><span class=\"aioseo-breadcrumb\">\n\t\t\tAuditores avaliam retirada da vacina contra a aftosa no RS\n\t\t<\/span><\/div>","aioseo_breadcrumb_json":[{"label":"Home","link":"https:\/\/radiosul.net\/wp"},{"label":"Agroneg\u00f3cio","link":"https:\/\/radiosul.net\/wp\/category\/agro\/"},{"label":"Auditores avaliam retirada da vacina contra a aftosa no RS","link":"https:\/\/radiosul.net\/wp\/2020\/auditores-avaliam-retirada-da-vacina-contra-a-aftosa-no-rs\/"}],"_links":{"self":[{"href":"https:\/\/radiosul.net\/wp\/wp-json\/wp\/v2\/posts\/14255","targetHints":{"allow":["GET"]}}],"collection":[{"href":"https:\/\/radiosul.net\/wp\/wp-json\/wp\/v2\/posts"}],"about":[{"href":"https:\/\/radiosul.net\/wp\/wp-json\/wp\/v2\/types\/post"}],"author":[{"embeddable":true,"href":"https:\/\/radiosul.net\/wp\/wp-json\/wp\/v2\/users\/9"}],"replies":[{"embeddable":true,"href":"https:\/\/radiosul.net\/wp\/wp-json\/wp\/v2\/comments?post=14255"}],"version-history":[{"count":1,"href":"https:\/\/radiosul.net\/wp\/wp-json\/wp\/v2\/posts\/14255\/revisions"}],"predecessor-version":[{"id":14263,"href":"https:\/\/radiosul.net\/wp\/wp-json\/wp\/v2\/posts\/14255\/revisions\/14263"}],"wp:featuredmedia":[{"embeddable":true,"href":"https:\/\/radiosul.net\/wp\/wp-json\/wp\/v2\/media\/14259"}],"wp:attachment":[{"href":"https:\/\/radiosul.net\/wp\/wp-json\/wp\/v2\/media?parent=14255"}],"wp:term":[{"taxonomy":"category","embeddable":true,"href":"https:\/\/radiosul.net\/wp\/wp-json\/wp\/v2\/categories?post=14255"},{"taxonomy":"post_tag","embeddable":true,"href":"https:\/\/radiosul.net\/wp\/wp-json\/wp\/v2\/tags?post=14255"}],"curies":[{"name":"wp","href":"https:\/\/api.w.org\/{rel}","templated":true}]}}