{"id":14056,"date":"2020-07-18T12:42:48","date_gmt":"2020-07-18T15:42:48","guid":{"rendered":"https:\/\/radiosul.net\/wp\/?p=14056"},"modified":"2020-07-18T12:42:51","modified_gmt":"2020-07-18T15:42:51","slug":"53a-edicao-da-expoaqui-e-adiada-para-agosto-de-2021","status":"publish","type":"post","link":"https:\/\/radiosul.net\/wp\/2020\/53a-edicao-da-expoaqui-e-adiada-para-agosto-de-2021\/","title":{"rendered":"53\u00aa edi\u00e7\u00e3o da ExpoAqui \u00e9 adiada para agosto de 2021"},"content":{"rendered":"\n<p class=\"wp-block-paragraph\"><em>A Exposi\u00e7\u00e3o agropecu\u00e1ria, considerada uma das tradicionais do Estado, aconteceria entre os dias 12 a 16 e agosto de 2020, em Aquidauana<\/em><\/p>\n\n\n\n<p class=\"wp-block-paragraph\">Uma das exposi\u00e7\u00f5es agropecu\u00e1rias mais tradicionais de Mato Grosso do Sul, a ExpoAqui, em Aquidauana, localizada a 140 km da Capital, foi cancelada devido \u00e0 pandemia do novo coronav\u00edrus (Covid-19), medida em sintonia com as recomenda\u00e7\u00f5es da Organiza\u00e7\u00e3o Mundial da Sa\u00fade (OMS).<\/p>\n\n\n\n<p class=\"wp-block-paragraph\">Respons\u00e1vel pelo evento, a diretoria do Sindicato Rural de Aquidauana informa que a edi\u00e7\u00e3o deste ano foi cancelada em virtude da crise de sa\u00fade e da falta de previs\u00e3o para a retomada segura da realiza\u00e7\u00e3o de grandes eventos em Mato Grosso do Sul.<\/p>\n\n\n\n<p class=\"wp-block-paragraph\">Diante das incertezas geradas pelo momento dif\u00edcil ao qual o Brasil ainda atravessa, a Diretoria do Sindicato n\u00e3o teve condi\u00e7\u00f5es de planejar adequadamente o evento, e assim, atrair patrocinadores, parceiros e expositores.<\/p>\n\n\n\n<p class=\"wp-block-paragraph\">\u201cComo n\u00e3o temos condi\u00e7\u00f5es de prever a retomada, n\u00e3o existe mais tempo h\u00e1bil para organizar o evento de tamanha magnitude. Com tantas incertezas e com a crise decorrente da pandemia, \u00e9 natural que os parceiros e expositores declinem sua participa\u00e7\u00e3o este ano. Seguindo o mesmo movimento dos grandes eventos pelo Brasil, infelizmente, n\u00e3o nos restou outra op\u00e7\u00e3o a n\u00e3o ser cancelar.\u201d, informou Carlos de Castro, presidente do Sindicato.<\/p>\n\n\n\n<p class=\"wp-block-paragraph\">Contudo, a Diretoria avalia que a n\u00e3o realiza\u00e7\u00e3o do evento neste ano pode ser uma oportunidade para melhorar a infraestrutura do Parque de Exposi\u00e7\u00f5es para a ExpoAqui 2021. O projeto inicial abrange desde a pintura de todo o parque, parte el\u00e9trica, paisagismo, at\u00e9 a reforma e moderniza\u00e7\u00e3o de alguns pr\u00e9dios. A ideia \u00e9 que a popula\u00e7\u00e3o de Aquidauana tenha um novo parque no ano que vem.<\/p>\n\n\n\n<p class=\"wp-block-paragraph\">Para isso, a partir de agora, o Sindicato Rural de Aquidauana est\u00e1 em busca de recursos para que esta reforma seja poss\u00edvel. A Tesoureira do Sindicato, Tatiana Scaff Telles, explica que como o valor da reforma \u00e9 alto, n\u00e3o seria poss\u00edvel apenas com os recursos provenientes do Sindicato. \u201cA ideia \u00e9 aproveitar que o Parque est\u00e1 fechado para fazer as altera\u00e7\u00f5es e reformas. Estamos agora em busca de recursos, que devem ser captados em v\u00e1rias esferas\u201d, afirmou.<\/p>\n\n\n\n<p class=\"wp-block-paragraph\">O Sindicato Rural ressalta ainda seu compromisso com a qualidade do evento e a seguran\u00e7a de todos os participantes em conson\u00e2ncia com as normas do governo de Mato Grosso do Sul. \u201cEstamos certos de que a pr\u00f3xima edi\u00e7\u00e3o ser\u00e1 uma grande oportunidade para o setor conhecer novas tecnologias, se reencontrar e fechar bons neg\u00f3cios, al\u00e9m de contribuir para o desenvolvimento do agroneg\u00f3cio e, consequentemente, para a retomada da economia da nossa regi\u00e3o\u201d, completa Tatiana Telles.<br><br>Outra inova\u00e7\u00e3o implementada pelo Sindicato este ano \u00e9 a comunica\u00e7\u00e3o com os associados. A partir de agora, ser\u00e1 enviada tamb\u00e9m uma newsletter informando todas as a\u00e7\u00f5es desenvolvidas no m\u00eas, uma esp\u00e9cie de presta\u00e7\u00e3o de contas e acompanhamento. &nbsp;<br><br>Com o parque totalmente renovado a ideia \u00e9 ampliar o n\u00famero de estandes em 2021 e trazer outras novidades que certamente v\u00e3o atrair mais pessoas e gerar mais neg\u00f3cios. Em 2019, a ExpoAqui reuniu cerca de 40 marcas expositoras com um p\u00fablico estimado em pouco mais de 30 mil pessoas durante os cinco dias de evento.<\/p>\n\n\n\n<p class=\"wp-block-paragraph\">O Sindicato rural de Aquidauana informa ainda que a data da realiza\u00e7\u00e3o da 53\u00aa edi\u00e7\u00e3o ocorrer\u00e1 em agosto de 2021. Mais informa\u00e7\u00f5es pelo telefone&nbsp;67. 3241 2826.<\/p>\n\n\n\n<p class=\"wp-block-paragraph\"><strong><em>Fonte:\u00a0Assessoria de imprensa do Sindicato Rural de Aquidauana<\/em><\/strong><\/p>\n","protected":false},"excerpt":{"rendered":"<p>A Exposi\u00e7\u00e3o agropecu\u00e1ria, considerada uma das tradicionais do Estado, aconteceria entre os dias 12 a 16 e agosto de 2020, em Aquidauana Uma das exposi\u00e7\u00f5es agropecu\u00e1rias mais tradicionais de Mato Grosso do Sul, a ExpoAqui, em Aquidauana, localizada a 140 km da Capital, foi cancelada devido \u00e0 pandemia do novo coronav\u00edrus (Covid-19), medida em sintonia &hellip;<\/p>\n","protected":false},"author":9,"featured_media":14057,"comment_status":"closed","ping_status":"closed","sticky":false,"template":"","format":"standard","meta":{"_monsterinsights_skip_tracking":false,"_uf_show_specific_survey":0,"_uf_disable_surveys":false,"footnotes":""},"categories":[1,126],"tags":[],"class_list":["post-14056","post","type-post","status-publish","format-standard","has-post-thumbnail","hentry","category-agro","category-destacados"],"aioseo_notices":[],"aioseo_head":"\n\t\t<!-- All in One SEO 5.0.1.1 - aioseo.com -->\n\t<meta name=\"description\" content=\"A Exposi\u00e7\u00e3o agropecu\u00e1ria, considerada uma das tradicionais do Estado, aconteceria entre os dias 12 a 16 e agosto de 2020, em Aquidauana Uma das exposi\u00e7\u00f5es agropecu\u00e1rias mais tradicionais de Mato Grosso do Sul, a ExpoAqui, em Aquidauana, localizada a 140 km da Capital, foi cancelada devido \u00e0 pandemia do novo coronav\u00edrus (Covid-19), medida em sintonia\" \/>\n\t<meta name=\"robots\" content=\"max-image-preview:large\" \/>\n\t<meta name=\"author\" content=\"Alejo Bordon\"\/>\n\t<link rel=\"canonical\" href=\"https:\/\/radiosul.net\/wp\/2020\/53a-edicao-da-expoaqui-e-adiada-para-agosto-de-2021\/\" \/>\n\t<meta name=\"generator\" content=\"All in One SEO (AIOSEO) 5.0.1.1\" \/>\n\t\t<meta property=\"og:locale\" content=\"pt_BR\" \/>\n\t\t<meta property=\"og:site_name\" content=\"radiosul.net - Regional por Excel\u00eancia\" \/>\n\t\t<meta property=\"og:type\" content=\"article\" \/>\n\t\t<meta property=\"og:title\" content=\"53\u00aa edi\u00e7\u00e3o da ExpoAqui \u00e9 adiada para agosto de 2021 - radiosul.net\" \/>\n\t\t<meta property=\"og:description\" content=\"A Exposi\u00e7\u00e3o agropecu\u00e1ria, considerada uma das tradicionais do Estado, aconteceria entre os dias 12 a 16 e agosto de 2020, em Aquidauana Uma das exposi\u00e7\u00f5es agropecu\u00e1rias mais tradicionais de Mato Grosso do Sul, a ExpoAqui, em Aquidauana, localizada a 140 km da Capital, foi cancelada devido \u00e0 pandemia do novo coronav\u00edrus (Covid-19), medida em sintonia\" \/>\n\t\t<meta property=\"og:url\" content=\"https:\/\/radiosul.net\/wp\/2020\/53a-edicao-da-expoaqui-e-adiada-para-agosto-de-2021\/\" \/>\n\t\t<meta property=\"article:published_time\" content=\"2020-07-18T15:42:48+00:00\" \/>\n\t\t<meta property=\"article:modified_time\" content=\"2020-07-18T15:42:51+00:00\" \/>\n\t\t<meta name=\"twitter:card\" content=\"summary_large_image\" \/>\n\t\t<meta name=\"twitter:title\" content=\"53\u00aa edi\u00e7\u00e3o da ExpoAqui \u00e9 adiada para agosto de 2021 - radiosul.net\" \/>\n\t\t<meta name=\"twitter:description\" content=\"A Exposi\u00e7\u00e3o agropecu\u00e1ria, considerada uma das tradicionais do Estado, aconteceria entre os dias 12 a 16 e agosto de 2020, em Aquidauana Uma das exposi\u00e7\u00f5es agropecu\u00e1rias mais tradicionais de Mato Grosso do Sul, a ExpoAqui, em Aquidauana, localizada a 140 km da Capital, foi cancelada devido \u00e0 pandemia do novo coronav\u00edrus (Covid-19), medida em sintonia\" \/>\n\t\t<script type=\"application\/ld+json\" class=\"aioseo-schema\">\n\t\t\t{\"@context\":\"https:\\\/\\\/schema.org\",\"@graph\":[{\"@type\":\"BlogPosting\",\"@id\":\"https:\\\/\\\/radiosul.net\\\/wp\\\/2020\\\/53a-edicao-da-expoaqui-e-adiada-para-agosto-de-2021\\\/#blogposting\",\"name\":\"53\\u00aa edi\\u00e7\\u00e3o da ExpoAqui \\u00e9 adiada para agosto de 2021 - radiosul.net\",\"headline\":\"53\\u00aa edi\\u00e7\\u00e3o da ExpoAqui \\u00e9 adiada para agosto de 2021\",\"author\":{\"@id\":\"https:\\\/\\\/radiosul.net\\\/wp\\\/author\\\/alejo\\\/#author\"},\"publisher\":{\"@id\":\"https:\\\/\\\/radiosul.net\\\/wp\\\/#organization\"},\"image\":{\"@type\":\"ImageObject\",\"url\":\"https:\\\/\\\/radiosul.net\\\/wp\\\/wp-content\\\/uploads\\\/2020\\\/07\\\/ExpoAqui_Lucas-Fialho.jpeg\",\"width\":1163,\"height\":797,\"caption\":\"Foto: Lucas Fialho\"},\"datePublished\":\"2020-07-18T12:42:48-03:00\",\"dateModified\":\"2020-07-18T12:42:51-03:00\",\"inLanguage\":\"pt-BR\",\"mainEntityOfPage\":{\"@id\":\"https:\\\/\\\/radiosul.net\\\/wp\\\/2020\\\/53a-edicao-da-expoaqui-e-adiada-para-agosto-de-2021\\\/#webpage\"},\"isPartOf\":{\"@id\":\"https:\\\/\\\/radiosul.net\\\/wp\\\/2020\\\/53a-edicao-da-expoaqui-e-adiada-para-agosto-de-2021\\\/#webpage\"},\"articleSection\":\"Agroneg\\u00f3cio, Destaque\"},{\"@type\":\"BreadcrumbList\",\"@id\":\"https:\\\/\\\/radiosul.net\\\/wp\\\/2020\\\/53a-edicao-da-expoaqui-e-adiada-para-agosto-de-2021\\\/#breadcrumblist\",\"itemListElement\":[{\"@type\":\"ListItem\",\"@id\":\"https:\\\/\\\/radiosul.net\\\/wp#listItem\",\"position\":1,\"name\":\"Home\",\"item\":\"https:\\\/\\\/radiosul.net\\\/wp\",\"nextItem\":{\"@type\":\"ListItem\",\"@id\":\"https:\\\/\\\/radiosul.net\\\/wp\\\/category\\\/agro\\\/#listItem\",\"name\":\"Agroneg\\u00f3cio\"}},{\"@type\":\"ListItem\",\"@id\":\"https:\\\/\\\/radiosul.net\\\/wp\\\/category\\\/agro\\\/#listItem\",\"position\":2,\"name\":\"Agroneg\\u00f3cio\",\"item\":\"https:\\\/\\\/radiosul.net\\\/wp\\\/category\\\/agro\\\/\",\"nextItem\":{\"@type\":\"ListItem\",\"@id\":\"https:\\\/\\\/radiosul.net\\\/wp\\\/2020\\\/53a-edicao-da-expoaqui-e-adiada-para-agosto-de-2021\\\/#listItem\",\"name\":\"53\\u00aa edi\\u00e7\\u00e3o da ExpoAqui \\u00e9 adiada para agosto de 2021\"},\"previousItem\":{\"@type\":\"ListItem\",\"@id\":\"https:\\\/\\\/radiosul.net\\\/wp#listItem\",\"name\":\"Home\"}},{\"@type\":\"ListItem\",\"@id\":\"https:\\\/\\\/radiosul.net\\\/wp\\\/2020\\\/53a-edicao-da-expoaqui-e-adiada-para-agosto-de-2021\\\/#listItem\",\"position\":3,\"name\":\"53\\u00aa edi\\u00e7\\u00e3o da ExpoAqui \\u00e9 adiada para agosto de 2021\",\"previousItem\":{\"@type\":\"ListItem\",\"@id\":\"https:\\\/\\\/radiosul.net\\\/wp\\\/category\\\/agro\\\/#listItem\",\"name\":\"Agroneg\\u00f3cio\"}}]},{\"@type\":\"Organization\",\"@id\":\"https:\\\/\\\/radiosul.net\\\/wp\\\/#organization\",\"name\":\"radiosul.net\",\"description\":\"Regional por Excel\\u00eancia\",\"url\":\"https:\\\/\\\/radiosul.net\\\/wp\\\/\"},{\"@type\":\"Person\",\"@id\":\"https:\\\/\\\/radiosul.net\\\/wp\\\/author\\\/alejo\\\/#author\",\"url\":\"https:\\\/\\\/radiosul.net\\\/wp\\\/author\\\/alejo\\\/\",\"name\":\"Alejo Bordon\",\"image\":{\"@type\":\"ImageObject\",\"@id\":\"https:\\\/\\\/radiosul.net\\\/wp\\\/2020\\\/53a-edicao-da-expoaqui-e-adiada-para-agosto-de-2021\\\/#authorImage\",\"url\":\"https:\\\/\\\/secure.gravatar.com\\\/avatar\\\/b3a7e7f1c71212e6a5b7183b79a2ab58dad8bdc4cd4eadd61c4434d010d0bae4?s=96&d=mm&r=g\",\"width\":96,\"height\":96,\"caption\":\"Alejo Bordon\"}},{\"@type\":\"WebPage\",\"@id\":\"https:\\\/\\\/radiosul.net\\\/wp\\\/2020\\\/53a-edicao-da-expoaqui-e-adiada-para-agosto-de-2021\\\/#webpage\",\"url\":\"https:\\\/\\\/radiosul.net\\\/wp\\\/2020\\\/53a-edicao-da-expoaqui-e-adiada-para-agosto-de-2021\\\/\",\"name\":\"53\\u00aa edi\\u00e7\\u00e3o da ExpoAqui \\u00e9 adiada para agosto de 2021 - radiosul.net\",\"description\":\"A Exposi\\u00e7\\u00e3o agropecu\\u00e1ria, considerada uma das tradicionais do Estado, aconteceria entre os dias 12 a 16 e agosto de 2020, em Aquidauana Uma das exposi\\u00e7\\u00f5es agropecu\\u00e1rias mais tradicionais de Mato Grosso do Sul, a ExpoAqui, em Aquidauana, localizada a 140 km da Capital, foi cancelada devido \\u00e0 pandemia do novo coronav\\u00edrus (Covid-19), medida em sintonia\",\"inLanguage\":\"pt-BR\",\"isPartOf\":{\"@id\":\"https:\\\/\\\/radiosul.net\\\/wp\\\/#website\"},\"breadcrumb\":{\"@id\":\"https:\\\/\\\/radiosul.net\\\/wp\\\/2020\\\/53a-edicao-da-expoaqui-e-adiada-para-agosto-de-2021\\\/#breadcrumblist\"},\"author\":{\"@id\":\"https:\\\/\\\/radiosul.net\\\/wp\\\/author\\\/alejo\\\/#author\"},\"creator\":{\"@id\":\"https:\\\/\\\/radiosul.net\\\/wp\\\/author\\\/alejo\\\/#author\"},\"image\":{\"@type\":\"ImageObject\",\"url\":\"https:\\\/\\\/radiosul.net\\\/wp\\\/wp-content\\\/uploads\\\/2020\\\/07\\\/ExpoAqui_Lucas-Fialho.jpeg\",\"@id\":\"https:\\\/\\\/radiosul.net\\\/wp\\\/2020\\\/53a-edicao-da-expoaqui-e-adiada-para-agosto-de-2021\\\/#mainImage\",\"width\":1163,\"height\":797,\"caption\":\"Foto: Lucas Fialho\"},\"primaryImageOfPage\":{\"@id\":\"https:\\\/\\\/radiosul.net\\\/wp\\\/2020\\\/53a-edicao-da-expoaqui-e-adiada-para-agosto-de-2021\\\/#mainImage\"},\"datePublished\":\"2020-07-18T12:42:48-03:00\",\"dateModified\":\"2020-07-18T12:42:51-03:00\"},{\"@type\":\"WebSite\",\"@id\":\"https:\\\/\\\/radiosul.net\\\/wp\\\/#website\",\"url\":\"https:\\\/\\\/radiosul.net\\\/wp\\\/\",\"name\":\"radiosul.net\",\"description\":\"Regional por Excel\\u00eancia\",\"inLanguage\":\"pt-BR\",\"publisher\":{\"@id\":\"https:\\\/\\\/radiosul.net\\\/wp\\\/#organization\"}}]}\n\t\t<\/script>\n\t\t<!-- All in One SEO -->\n\n","aioseo_head_json":{"title":"53\u00aa edi\u00e7\u00e3o da ExpoAqui \u00e9 adiada para agosto de 2021 - radiosul.net","description":"A Exposi\u00e7\u00e3o agropecu\u00e1ria, considerada uma das tradicionais do Estado, aconteceria entre os dias 12 a 16 e agosto de 2020, em Aquidauana Uma das exposi\u00e7\u00f5es agropecu\u00e1rias mais tradicionais de Mato Grosso do Sul, a ExpoAqui, em Aquidauana, localizada a 140 km da Capital, foi cancelada devido \u00e0 pandemia do novo coronav\u00edrus (Covid-19), medida em sintonia","canonical_url":"https:\/\/radiosul.net\/wp\/2020\/53a-edicao-da-expoaqui-e-adiada-para-agosto-de-2021\/","robots":"max-image-preview:large","keywords":"","webmasterTools":{"miscellaneous":""},"schema":{"@context":"https:\/\/schema.org","@graph":[{"@type":"BlogPosting","@id":"https:\/\/radiosul.net\/wp\/2020\/53a-edicao-da-expoaqui-e-adiada-para-agosto-de-2021\/#blogposting","name":"53\u00aa edi\u00e7\u00e3o da ExpoAqui \u00e9 adiada para agosto de 2021 - radiosul.net","headline":"53\u00aa edi\u00e7\u00e3o da ExpoAqui \u00e9 adiada para agosto de 2021","author":{"@id":"https:\/\/radiosul.net\/wp\/author\/alejo\/#author"},"publisher":{"@id":"https:\/\/radiosul.net\/wp\/#organization"},"image":{"@type":"ImageObject","url":"https:\/\/radiosul.net\/wp\/wp-content\/uploads\/2020\/07\/ExpoAqui_Lucas-Fialho.jpeg","width":1163,"height":797,"caption":"Foto: Lucas Fialho"},"datePublished":"2020-07-18T12:42:48-03:00","dateModified":"2020-07-18T12:42:51-03:00","inLanguage":"pt-BR","mainEntityOfPage":{"@id":"https:\/\/radiosul.net\/wp\/2020\/53a-edicao-da-expoaqui-e-adiada-para-agosto-de-2021\/#webpage"},"isPartOf":{"@id":"https:\/\/radiosul.net\/wp\/2020\/53a-edicao-da-expoaqui-e-adiada-para-agosto-de-2021\/#webpage"},"articleSection":"Agroneg\u00f3cio, Destaque"},{"@type":"BreadcrumbList","@id":"https:\/\/radiosul.net\/wp\/2020\/53a-edicao-da-expoaqui-e-adiada-para-agosto-de-2021\/#breadcrumblist","itemListElement":[{"@type":"ListItem","@id":"https:\/\/radiosul.net\/wp#listItem","position":1,"name":"Home","item":"https:\/\/radiosul.net\/wp","nextItem":{"@type":"ListItem","@id":"https:\/\/radiosul.net\/wp\/category\/agro\/#listItem","name":"Agroneg\u00f3cio"}},{"@type":"ListItem","@id":"https:\/\/radiosul.net\/wp\/category\/agro\/#listItem","position":2,"name":"Agroneg\u00f3cio","item":"https:\/\/radiosul.net\/wp\/category\/agro\/","nextItem":{"@type":"ListItem","@id":"https:\/\/radiosul.net\/wp\/2020\/53a-edicao-da-expoaqui-e-adiada-para-agosto-de-2021\/#listItem","name":"53\u00aa edi\u00e7\u00e3o da ExpoAqui \u00e9 adiada para agosto de 2021"},"previousItem":{"@type":"ListItem","@id":"https:\/\/radiosul.net\/wp#listItem","name":"Home"}},{"@type":"ListItem","@id":"https:\/\/radiosul.net\/wp\/2020\/53a-edicao-da-expoaqui-e-adiada-para-agosto-de-2021\/#listItem","position":3,"name":"53\u00aa edi\u00e7\u00e3o da ExpoAqui \u00e9 adiada para agosto de 2021","previousItem":{"@type":"ListItem","@id":"https:\/\/radiosul.net\/wp\/category\/agro\/#listItem","name":"Agroneg\u00f3cio"}}]},{"@type":"Organization","@id":"https:\/\/radiosul.net\/wp\/#organization","name":"radiosul.net","description":"Regional por Excel\u00eancia","url":"https:\/\/radiosul.net\/wp\/"},{"@type":"Person","@id":"https:\/\/radiosul.net\/wp\/author\/alejo\/#author","url":"https:\/\/radiosul.net\/wp\/author\/alejo\/","name":"Alejo Bordon","image":{"@type":"ImageObject","@id":"https:\/\/radiosul.net\/wp\/2020\/53a-edicao-da-expoaqui-e-adiada-para-agosto-de-2021\/#authorImage","url":"https:\/\/secure.gravatar.com\/avatar\/b3a7e7f1c71212e6a5b7183b79a2ab58dad8bdc4cd4eadd61c4434d010d0bae4?s=96&d=mm&r=g","width":96,"height":96,"caption":"Alejo Bordon"}},{"@type":"WebPage","@id":"https:\/\/radiosul.net\/wp\/2020\/53a-edicao-da-expoaqui-e-adiada-para-agosto-de-2021\/#webpage","url":"https:\/\/radiosul.net\/wp\/2020\/53a-edicao-da-expoaqui-e-adiada-para-agosto-de-2021\/","name":"53\u00aa edi\u00e7\u00e3o da ExpoAqui \u00e9 adiada para agosto de 2021 - radiosul.net","description":"A Exposi\u00e7\u00e3o agropecu\u00e1ria, considerada uma das tradicionais do Estado, aconteceria entre os dias 12 a 16 e agosto de 2020, em Aquidauana Uma das exposi\u00e7\u00f5es agropecu\u00e1rias mais tradicionais de Mato Grosso do Sul, a ExpoAqui, em Aquidauana, localizada a 140 km da Capital, foi cancelada devido \u00e0 pandemia do novo coronav\u00edrus (Covid-19), medida em sintonia","inLanguage":"pt-BR","isPartOf":{"@id":"https:\/\/radiosul.net\/wp\/#website"},"breadcrumb":{"@id":"https:\/\/radiosul.net\/wp\/2020\/53a-edicao-da-expoaqui-e-adiada-para-agosto-de-2021\/#breadcrumblist"},"author":{"@id":"https:\/\/radiosul.net\/wp\/author\/alejo\/#author"},"creator":{"@id":"https:\/\/radiosul.net\/wp\/author\/alejo\/#author"},"image":{"@type":"ImageObject","url":"https:\/\/radiosul.net\/wp\/wp-content\/uploads\/2020\/07\/ExpoAqui_Lucas-Fialho.jpeg","@id":"https:\/\/radiosul.net\/wp\/2020\/53a-edicao-da-expoaqui-e-adiada-para-agosto-de-2021\/#mainImage","width":1163,"height":797,"caption":"Foto: Lucas Fialho"},"primaryImageOfPage":{"@id":"https:\/\/radiosul.net\/wp\/2020\/53a-edicao-da-expoaqui-e-adiada-para-agosto-de-2021\/#mainImage"},"datePublished":"2020-07-18T12:42:48-03:00","dateModified":"2020-07-18T12:42:51-03:00"},{"@type":"WebSite","@id":"https:\/\/radiosul.net\/wp\/#website","url":"https:\/\/radiosul.net\/wp\/","name":"radiosul.net","description":"Regional por Excel\u00eancia","inLanguage":"pt-BR","publisher":{"@id":"https:\/\/radiosul.net\/wp\/#organization"}}]},"og:locale":"pt_BR","og:site_name":"radiosul.net - Regional por Excel\u00eancia","og:type":"article","og:title":"53\u00aa edi\u00e7\u00e3o da ExpoAqui \u00e9 adiada para agosto de 2021 - radiosul.net","og:description":"A Exposi\u00e7\u00e3o agropecu\u00e1ria, considerada uma das tradicionais do Estado, aconteceria entre os dias 12 a 16 e agosto de 2020, em Aquidauana Uma das exposi\u00e7\u00f5es agropecu\u00e1rias mais tradicionais de Mato Grosso do Sul, a ExpoAqui, em Aquidauana, localizada a 140 km da Capital, foi cancelada devido \u00e0 pandemia do novo coronav\u00edrus (Covid-19), medida em sintonia","og:url":"https:\/\/radiosul.net\/wp\/2020\/53a-edicao-da-expoaqui-e-adiada-para-agosto-de-2021\/","article:published_time":"2020-07-18T15:42:48+00:00","article:modified_time":"2020-07-18T15:42:51+00:00","twitter:card":"summary_large_image","twitter:title":"53\u00aa edi\u00e7\u00e3o da ExpoAqui \u00e9 adiada para agosto de 2021 - radiosul.net","twitter:description":"A Exposi\u00e7\u00e3o agropecu\u00e1ria, considerada uma das tradicionais do Estado, aconteceria entre os dias 12 a 16 e agosto de 2020, em Aquidauana Uma das exposi\u00e7\u00f5es agropecu\u00e1rias mais tradicionais de Mato Grosso do Sul, a ExpoAqui, em Aquidauana, localizada a 140 km da Capital, foi cancelada devido \u00e0 pandemia do novo coronav\u00edrus (Covid-19), medida em sintonia"},"aioseo_meta_data":{"post_id":"14056","title":null,"description":null,"keywords":null,"keyphrases":null,"primary_term":null,"canonical_url":null,"og_title":null,"og_description":null,"og_object_type":"default","og_image_type":"default","og_image_url":null,"og_image_width":null,"og_image_height":null,"og_image_custom_url":null,"og_image_custom_fields":null,"og_video":null,"og_custom_url":null,"og_article_section":null,"og_article_tags":null,"twitter_use_og":false,"twitter_card":"default","twitter_image_type":"default","twitter_image_url":null,"twitter_image_custom_url":null,"twitter_image_custom_fields":null,"twitter_title":null,"twitter_description":null,"schema":{"blockGraphs":[],"customGraphs":[],"default":{"data":{"Article":[],"Course":[],"Dataset":[],"FAQPage":[],"Movie":[],"Person":[],"Product":[],"ProductReview":[],"Car":[],"Recipe":[],"Service":[],"SoftwareApplication":[],"WebPage":[]},"graphName":"","isEnabled":true},"graphs":[]},"schema_type":"default","schema_type_options":null,"pillar_content":false,"robots_default":true,"robots_noindex":false,"robots_noarchive":false,"robots_nosnippet":false,"robots_nofollow":false,"robots_noimageindex":false,"robots_noodp":false,"robots_notranslate":false,"robots_max_snippet":null,"robots_max_videopreview":null,"robots_max_imagepreview":"large","priority":null,"frequency":null,"local_seo":null,"breadcrumb_settings":null,"limit_modified_date":false,"ai":null,"created":"2026-01-08 21:43:33","updated":"2026-01-08 21:43:33","seo_analyzer_scan_date":null,"focus_keyword":null,"additional_keywords":null,"truseo_locale":null},"aioseo_breadcrumb":"<div class=\"aioseo-breadcrumbs\"><span class=\"aioseo-breadcrumb\">\n\t\t\t<a href=\"https:\/\/radiosul.net\/wp\" title=\"Home\">Home<\/a>\n\t\t<\/span><span class=\"aioseo-breadcrumb-separator\">&raquo;<\/span><span class=\"aioseo-breadcrumb\">\n\t\t\t<a href=\"https:\/\/radiosul.net\/wp\/category\/agro\/\" title=\"Agroneg\u00f3cio\">Agroneg\u00f3cio<\/a>\n\t\t<\/span><span class=\"aioseo-breadcrumb-separator\">&raquo;<\/span><span class=\"aioseo-breadcrumb\">\n\t\t\t53\u00aa edi\u00e7\u00e3o da ExpoAqui \u00e9 adiada para agosto de 2021\n\t\t<\/span><\/div>","aioseo_breadcrumb_json":[{"label":"Home","link":"https:\/\/radiosul.net\/wp"},{"label":"Agroneg\u00f3cio","link":"https:\/\/radiosul.net\/wp\/category\/agro\/"},{"label":"53\u00aa edi\u00e7\u00e3o da ExpoAqui \u00e9 adiada para agosto de 2021","link":"https:\/\/radiosul.net\/wp\/2020\/53a-edicao-da-expoaqui-e-adiada-para-agosto-de-2021\/"}],"_links":{"self":[{"href":"https:\/\/radiosul.net\/wp\/wp-json\/wp\/v2\/posts\/14056","targetHints":{"allow":["GET"]}}],"collection":[{"href":"https:\/\/radiosul.net\/wp\/wp-json\/wp\/v2\/posts"}],"about":[{"href":"https:\/\/radiosul.net\/wp\/wp-json\/wp\/v2\/types\/post"}],"author":[{"embeddable":true,"href":"https:\/\/radiosul.net\/wp\/wp-json\/wp\/v2\/users\/9"}],"replies":[{"embeddable":true,"href":"https:\/\/radiosul.net\/wp\/wp-json\/wp\/v2\/comments?post=14056"}],"version-history":[{"count":1,"href":"https:\/\/radiosul.net\/wp\/wp-json\/wp\/v2\/posts\/14056\/revisions"}],"predecessor-version":[{"id":14058,"href":"https:\/\/radiosul.net\/wp\/wp-json\/wp\/v2\/posts\/14056\/revisions\/14058"}],"wp:featuredmedia":[{"embeddable":true,"href":"https:\/\/radiosul.net\/wp\/wp-json\/wp\/v2\/media\/14057"}],"wp:attachment":[{"href":"https:\/\/radiosul.net\/wp\/wp-json\/wp\/v2\/media?parent=14056"}],"wp:term":[{"taxonomy":"category","embeddable":true,"href":"https:\/\/radiosul.net\/wp\/wp-json\/wp\/v2\/categories?post=14056"},{"taxonomy":"post_tag","embeddable":true,"href":"https:\/\/radiosul.net\/wp\/wp-json\/wp\/v2\/tags?post=14056"}],"curies":[{"name":"wp","href":"https:\/\/api.w.org\/{rel}","templated":true}]}}