{"id":13904,"date":"2020-07-09T07:32:10","date_gmt":"2020-07-09T10:32:10","guid":{"rendered":"https:\/\/radiosul.net\/wp\/?p=13904"},"modified":"2020-07-09T07:32:13","modified_gmt":"2020-07-09T10:32:13","slug":"cna-debate-erradicacao-da-febre-aftosa-no-brasil","status":"publish","type":"post","link":"https:\/\/radiosul.net\/wp\/2020\/cna-debate-erradicacao-da-febre-aftosa-no-brasil\/","title":{"rendered":"CNA debate erradica\u00e7\u00e3o da febre aftosa no Brasil"},"content":{"rendered":"\n<p class=\"wp-block-paragraph\"><em>Transmiss\u00e3o ao vivo reuniu autoridades e representantes de entidades<\/em><\/p>\n\n\n\n<p class=\"wp-block-paragraph\">A Confedera\u00e7\u00e3o da Agricultura e Pecu\u00e1ria do Brasil (CNA) promoveu uma transmiss\u00e3o ao vivo pelas redes sociais sobre o tema &#8220;Febre aftosa: informa\u00e7\u00e3o \u00e9 a melhor defesa&#8221;, na ter\u00e7a (07).<\/p>\n\n\n\n<p class=\"wp-block-paragraph\">O debate contou com a participa\u00e7\u00e3o do presidente da Comiss\u00e3o Nacional de Bovinocultura de Corte da CNA, Antonio de Salvo; do secret\u00e1rio adjunto de Defesa Agropecu\u00e1ria do Minist\u00e9rio da Agricultura, Pecu\u00e1ria e Abastecimento (Mapa), Marcio Rezende; do diretor do Departamento de Sa\u00fade Animal e Insumos Pecu\u00e1rios do Mapa, Geraldo de Moraes; do vice-presidente executivo do Sindicato Nacional da Ind\u00fastria de Produtos para Sa\u00fade Animal (Sindan), Emilio Salani; e do presidente da Associa\u00e7\u00e3o Brasileira das Ind\u00fastrias Exportadoras de Carne (Abiec), Antonio Camardelli.<\/p>\n\n\n\n<p class=\"wp-block-paragraph\">O objetivo foi analisar o andamento do Plano Estrat\u00e9gico do Programa Nacional de Erradica\u00e7\u00e3o e Preven\u00e7\u00e3o da Febre Aftosa (PNEFA) e nivelar informa\u00e7\u00f5es sobre o que est\u00e1 sendo feito para o Brasil alcan\u00e7ar o status de livre da doen\u00e7a sem vacina\u00e7\u00e3o.<\/p>\n\n\n\n<p class=\"wp-block-paragraph\">&#8220;Precisamos informar para dar seguran\u00e7a aos produtores. Queremos que eles tenham tranquilidade para encarar esses bons ventos que sopram para a pecu\u00e1ria de corte brasileira, mas que saibam os riscos e o que precisa ser feito para manter o que j\u00e1 foi conquistado&#8221;, disse Antonio de Salvo.<\/p>\n\n\n\n<p class=\"wp-block-paragraph\">Segundo o diretor do Departamento de Sa\u00fade Animal e Insumos Pecu\u00e1rios do Mapa, Geraldo de Moraes, a pandemia provocada pelo coronav\u00edrus atrasou algumas etapas previstas dentro do calend\u00e1rio do Plano Estrat\u00e9gico para o fortalecimento do sistema de vigil\u00e2ncia e disponibilidade de vacinas para o pr\u00f3ximo ciclo.<\/p>\n\n\n\n<p class=\"wp-block-paragraph\">&#8220;A nossa previs\u00e3o \u00e9 ampliarmos a discuss\u00e3o no segundo semestre e definirmos os pr\u00f3ximos passos para a evolu\u00e7\u00e3o, com seguran\u00e7a, dessa fase final do nosso processo de erradica\u00e7\u00e3o da febre aftosa, que inclui a substitui\u00e7\u00e3o da vacina\u00e7\u00e3o por a\u00e7\u00f5es de vigil\u00e2ncia e preven\u00e7\u00e3o adequadas&#8221;, afirmou.<\/p>\n\n\n\n<p class=\"wp-block-paragraph\">Para o secret\u00e1rio adjunto de Defesa Agropecu\u00e1ria do Mapa, Marcio Rezende, o Brasil tem um programa bem estruturado e vem conseguindo acessar um n\u00famero cada vez maior de mercados internacionais para os seus produtos. Ele defende a import\u00e2ncia de avan\u00e7os, mas alerta que n\u00e3o existe a necessidade de &#8220;atropelar&#8221; etapas.<\/p>\n\n\n\n<p class=\"wp-block-paragraph\">Vacina &#8211; O representante do Sindan destacou que o Brasil conta com uma das vacinas mais seguras e eficientes para imunizar o rebanho. Na opini\u00e3o de Emilio Salani, o Mapa deve seguir com um planejamento definido e trabalhar com uma previsibilidade de 12 meses para que n\u00e3o faltem vacinas.<\/p>\n\n\n\n<p class=\"wp-block-paragraph\">&#8220;O produtor n\u00e3o tem motivo nenhum para tomar uma decis\u00e3o intempestiva. Pode tomar a decis\u00e3o com calma, apoiar o plano e continuar vacinando porque n\u00f3s temos, hoje, a vacina mais adequada para um rebanho dessa magnitude&#8221;, declarou.<\/p>\n\n\n\n<p class=\"wp-block-paragraph\">Na opini\u00e3o do presidente da Abiec, Antonio Camardelli, \u00e9 preciso cautela para avaliar as vantagens e desvantagens da retirada da vacina\u00e7\u00e3o dentro das condi\u00e7\u00f5es do Brasil. Ele ressalta que o Pa\u00eds vem aumentando as exporta\u00e7\u00f5es de carne para a China e abrindo mercados como o da Indon\u00e9sia, do Canad\u00e1 e do M\u00e9xico.<\/p>\n\n\n\n<p class=\"wp-block-paragraph\">&#8220;Tudo isso \u00e9 fruto de uma pecu\u00e1ria extremamente cuidadosa, com respeito a todos os procedimentos legais internacionais. Estamos diante de um cen\u00e1rio deslumbrante para o futuro, mas temos que ter muito cuidado para tomar a decis\u00e3o correta&#8221;, alertou.<\/p>\n\n\n\n<figure class=\"wp-block-embed-youtube wp-block-embed is-type-video is-provider-youtube wp-embed-aspect-16-9 wp-has-aspect-ratio\"><div class=\"wp-block-embed__wrapper\">\n<iframe loading=\"lazy\" title=\"Live - Febre Aftosa: Informa\u00e7\u00e3o \u00e9 a Melhor Defesa\" width=\"500\" height=\"281\" src=\"https:\/\/www.youtube.com\/embed\/ShBNHtfsa7k?feature=oembed\" frameborder=\"0\" allow=\"accelerometer; autoplay; clipboard-write; encrypted-media; gyroscope; picture-in-picture; web-share\" referrerpolicy=\"strict-origin-when-cross-origin\" allowfullscreen><\/iframe>\n<\/div><\/figure>\n\n\n\n<p class=\"wp-block-paragraph\"><strong><em>Fonte: Assessoria de Comunica\u00e7\u00e3o Sistema CNA<\/em><\/strong><\/p>\n","protected":false},"excerpt":{"rendered":"<p>Transmiss\u00e3o ao vivo reuniu autoridades e representantes de entidades A Confedera\u00e7\u00e3o da Agricultura e Pecu\u00e1ria do Brasil (CNA) promoveu uma transmiss\u00e3o ao vivo pelas redes sociais sobre o tema &#8220;Febre aftosa: informa\u00e7\u00e3o \u00e9 a melhor defesa&#8221;, na ter\u00e7a (07). O debate contou com a participa\u00e7\u00e3o do presidente da Comiss\u00e3o Nacional de Bovinocultura de Corte da &hellip;<\/p>\n","protected":false},"author":9,"featured_media":13891,"comment_status":"closed","ping_status":"closed","sticky":false,"template":"","format":"standard","meta":{"_monsterinsights_skip_tracking":false,"_uf_show_specific_survey":0,"_uf_disable_surveys":false,"footnotes":""},"categories":[1,126],"tags":[],"class_list":["post-13904","post","type-post","status-publish","format-standard","has-post-thumbnail","hentry","category-agro","category-destacados"],"aioseo_notices":[],"aioseo_head":"\n\t\t<!-- All in One SEO 5.0.1.1 - aioseo.com -->\n\t<meta name=\"description\" content=\"Transmiss\u00e3o ao vivo reuniu autoridades e representantes de entidades A Confedera\u00e7\u00e3o da Agricultura e Pecu\u00e1ria do Brasil (CNA) promoveu uma transmiss\u00e3o ao vivo pelas redes sociais sobre o tema &quot;Febre aftosa: informa\u00e7\u00e3o \u00e9 a melhor defesa&quot;, na ter\u00e7a (07). O debate contou com a participa\u00e7\u00e3o do presidente da Comiss\u00e3o Nacional de Bovinocultura de Corte da\" \/>\n\t<meta name=\"robots\" content=\"max-image-preview:large\" \/>\n\t<meta name=\"author\" content=\"Alejo Bordon\"\/>\n\t<link rel=\"canonical\" href=\"https:\/\/radiosul.net\/wp\/2020\/cna-debate-erradicacao-da-febre-aftosa-no-brasil\/\" \/>\n\t<meta name=\"generator\" content=\"All in One SEO (AIOSEO) 5.0.1.1\" \/>\n\t\t<meta property=\"og:locale\" content=\"pt_BR\" \/>\n\t\t<meta property=\"og:site_name\" content=\"radiosul.net - Regional por Excel\u00eancia\" \/>\n\t\t<meta property=\"og:type\" content=\"article\" \/>\n\t\t<meta property=\"og:title\" content=\"CNA debate erradica\u00e7\u00e3o da febre aftosa no Brasil - radiosul.net\" \/>\n\t\t<meta property=\"og:description\" content=\"Transmiss\u00e3o ao vivo reuniu autoridades e representantes de entidades A Confedera\u00e7\u00e3o da Agricultura e Pecu\u00e1ria do Brasil (CNA) promoveu uma transmiss\u00e3o ao vivo pelas redes sociais sobre o tema &quot;Febre aftosa: informa\u00e7\u00e3o \u00e9 a melhor defesa&quot;, na ter\u00e7a (07). O debate contou com a participa\u00e7\u00e3o do presidente da Comiss\u00e3o Nacional de Bovinocultura de Corte da\" \/>\n\t\t<meta property=\"og:url\" content=\"https:\/\/radiosul.net\/wp\/2020\/cna-debate-erradicacao-da-febre-aftosa-no-brasil\/\" \/>\n\t\t<meta property=\"article:published_time\" content=\"2020-07-09T10:32:10+00:00\" \/>\n\t\t<meta property=\"article:modified_time\" content=\"2020-07-09T10:32:13+00:00\" \/>\n\t\t<meta name=\"twitter:card\" content=\"summary_large_image\" \/>\n\t\t<meta name=\"twitter:title\" content=\"CNA debate erradica\u00e7\u00e3o da febre aftosa no Brasil - radiosul.net\" \/>\n\t\t<meta name=\"twitter:description\" content=\"Transmiss\u00e3o ao vivo reuniu autoridades e representantes de entidades A Confedera\u00e7\u00e3o da Agricultura e Pecu\u00e1ria do Brasil (CNA) promoveu uma transmiss\u00e3o ao vivo pelas redes sociais sobre o tema &quot;Febre aftosa: informa\u00e7\u00e3o \u00e9 a melhor defesa&quot;, na ter\u00e7a (07). O debate contou com a participa\u00e7\u00e3o do presidente da Comiss\u00e3o Nacional de Bovinocultura de Corte da\" \/>\n\t\t<script type=\"application\/ld+json\" class=\"aioseo-schema\">\n\t\t\t{\"@context\":\"https:\\\/\\\/schema.org\",\"@graph\":[{\"@type\":\"BlogPosting\",\"@id\":\"https:\\\/\\\/radiosul.net\\\/wp\\\/2020\\\/cna-debate-erradicacao-da-febre-aftosa-no-brasil\\\/#blogposting\",\"name\":\"CNA debate erradica\\u00e7\\u00e3o da febre aftosa no Brasil - radiosul.net\",\"headline\":\"CNA debate erradica\\u00e7\\u00e3o da febre aftosa no Brasil\",\"author\":{\"@id\":\"https:\\\/\\\/radiosul.net\\\/wp\\\/author\\\/alejo\\\/#author\"},\"publisher\":{\"@id\":\"https:\\\/\\\/radiosul.net\\\/wp\\\/#organization\"},\"image\":{\"@type\":\"ImageObject\",\"url\":\"https:\\\/\\\/radiosul.net\\\/wp\\\/wp-content\\\/uploads\\\/2020\\\/07\\\/image-1.jpg\",\"width\":556,\"height\":400},\"datePublished\":\"2020-07-09T07:32:10-03:00\",\"dateModified\":\"2020-07-09T07:32:13-03:00\",\"inLanguage\":\"pt-BR\",\"mainEntityOfPage\":{\"@id\":\"https:\\\/\\\/radiosul.net\\\/wp\\\/2020\\\/cna-debate-erradicacao-da-febre-aftosa-no-brasil\\\/#webpage\"},\"isPartOf\":{\"@id\":\"https:\\\/\\\/radiosul.net\\\/wp\\\/2020\\\/cna-debate-erradicacao-da-febre-aftosa-no-brasil\\\/#webpage\"},\"articleSection\":\"Agroneg\\u00f3cio, Destaque\"},{\"@type\":\"BreadcrumbList\",\"@id\":\"https:\\\/\\\/radiosul.net\\\/wp\\\/2020\\\/cna-debate-erradicacao-da-febre-aftosa-no-brasil\\\/#breadcrumblist\",\"itemListElement\":[{\"@type\":\"ListItem\",\"@id\":\"https:\\\/\\\/radiosul.net\\\/wp#listItem\",\"position\":1,\"name\":\"Home\",\"item\":\"https:\\\/\\\/radiosul.net\\\/wp\",\"nextItem\":{\"@type\":\"ListItem\",\"@id\":\"https:\\\/\\\/radiosul.net\\\/wp\\\/category\\\/agro\\\/#listItem\",\"name\":\"Agroneg\\u00f3cio\"}},{\"@type\":\"ListItem\",\"@id\":\"https:\\\/\\\/radiosul.net\\\/wp\\\/category\\\/agro\\\/#listItem\",\"position\":2,\"name\":\"Agroneg\\u00f3cio\",\"item\":\"https:\\\/\\\/radiosul.net\\\/wp\\\/category\\\/agro\\\/\",\"nextItem\":{\"@type\":\"ListItem\",\"@id\":\"https:\\\/\\\/radiosul.net\\\/wp\\\/2020\\\/cna-debate-erradicacao-da-febre-aftosa-no-brasil\\\/#listItem\",\"name\":\"CNA debate erradica\\u00e7\\u00e3o da febre aftosa no Brasil\"},\"previousItem\":{\"@type\":\"ListItem\",\"@id\":\"https:\\\/\\\/radiosul.net\\\/wp#listItem\",\"name\":\"Home\"}},{\"@type\":\"ListItem\",\"@id\":\"https:\\\/\\\/radiosul.net\\\/wp\\\/2020\\\/cna-debate-erradicacao-da-febre-aftosa-no-brasil\\\/#listItem\",\"position\":3,\"name\":\"CNA debate erradica\\u00e7\\u00e3o da febre aftosa no Brasil\",\"previousItem\":{\"@type\":\"ListItem\",\"@id\":\"https:\\\/\\\/radiosul.net\\\/wp\\\/category\\\/agro\\\/#listItem\",\"name\":\"Agroneg\\u00f3cio\"}}]},{\"@type\":\"Organization\",\"@id\":\"https:\\\/\\\/radiosul.net\\\/wp\\\/#organization\",\"name\":\"radiosul.net\",\"description\":\"Regional por Excel\\u00eancia\",\"url\":\"https:\\\/\\\/radiosul.net\\\/wp\\\/\"},{\"@type\":\"Person\",\"@id\":\"https:\\\/\\\/radiosul.net\\\/wp\\\/author\\\/alejo\\\/#author\",\"url\":\"https:\\\/\\\/radiosul.net\\\/wp\\\/author\\\/alejo\\\/\",\"name\":\"Alejo Bordon\",\"image\":{\"@type\":\"ImageObject\",\"@id\":\"https:\\\/\\\/radiosul.net\\\/wp\\\/2020\\\/cna-debate-erradicacao-da-febre-aftosa-no-brasil\\\/#authorImage\",\"url\":\"https:\\\/\\\/secure.gravatar.com\\\/avatar\\\/b3a7e7f1c71212e6a5b7183b79a2ab58dad8bdc4cd4eadd61c4434d010d0bae4?s=96&d=mm&r=g\",\"width\":96,\"height\":96,\"caption\":\"Alejo Bordon\"}},{\"@type\":\"WebPage\",\"@id\":\"https:\\\/\\\/radiosul.net\\\/wp\\\/2020\\\/cna-debate-erradicacao-da-febre-aftosa-no-brasil\\\/#webpage\",\"url\":\"https:\\\/\\\/radiosul.net\\\/wp\\\/2020\\\/cna-debate-erradicacao-da-febre-aftosa-no-brasil\\\/\",\"name\":\"CNA debate erradica\\u00e7\\u00e3o da febre aftosa no Brasil - radiosul.net\",\"description\":\"Transmiss\\u00e3o ao vivo reuniu autoridades e representantes de entidades A Confedera\\u00e7\\u00e3o da Agricultura e Pecu\\u00e1ria do Brasil (CNA) promoveu uma transmiss\\u00e3o ao vivo pelas redes sociais sobre o tema \\\"Febre aftosa: informa\\u00e7\\u00e3o \\u00e9 a melhor defesa\\\", na ter\\u00e7a (07). O debate contou com a participa\\u00e7\\u00e3o do presidente da Comiss\\u00e3o Nacional de Bovinocultura de Corte da\",\"inLanguage\":\"pt-BR\",\"isPartOf\":{\"@id\":\"https:\\\/\\\/radiosul.net\\\/wp\\\/#website\"},\"breadcrumb\":{\"@id\":\"https:\\\/\\\/radiosul.net\\\/wp\\\/2020\\\/cna-debate-erradicacao-da-febre-aftosa-no-brasil\\\/#breadcrumblist\"},\"author\":{\"@id\":\"https:\\\/\\\/radiosul.net\\\/wp\\\/author\\\/alejo\\\/#author\"},\"creator\":{\"@id\":\"https:\\\/\\\/radiosul.net\\\/wp\\\/author\\\/alejo\\\/#author\"},\"image\":{\"@type\":\"ImageObject\",\"url\":\"https:\\\/\\\/radiosul.net\\\/wp\\\/wp-content\\\/uploads\\\/2020\\\/07\\\/image-1.jpg\",\"@id\":\"https:\\\/\\\/radiosul.net\\\/wp\\\/2020\\\/cna-debate-erradicacao-da-febre-aftosa-no-brasil\\\/#mainImage\",\"width\":556,\"height\":400},\"primaryImageOfPage\":{\"@id\":\"https:\\\/\\\/radiosul.net\\\/wp\\\/2020\\\/cna-debate-erradicacao-da-febre-aftosa-no-brasil\\\/#mainImage\"},\"datePublished\":\"2020-07-09T07:32:10-03:00\",\"dateModified\":\"2020-07-09T07:32:13-03:00\"},{\"@type\":\"WebSite\",\"@id\":\"https:\\\/\\\/radiosul.net\\\/wp\\\/#website\",\"url\":\"https:\\\/\\\/radiosul.net\\\/wp\\\/\",\"name\":\"radiosul.net\",\"description\":\"Regional por Excel\\u00eancia\",\"inLanguage\":\"pt-BR\",\"publisher\":{\"@id\":\"https:\\\/\\\/radiosul.net\\\/wp\\\/#organization\"}}]}\n\t\t<\/script>\n\t\t<!-- All in One SEO -->\n\n","aioseo_head_json":{"title":"CNA debate erradica\u00e7\u00e3o da febre aftosa no Brasil - radiosul.net","description":"Transmiss\u00e3o ao vivo reuniu autoridades e representantes de entidades A Confedera\u00e7\u00e3o da Agricultura e Pecu\u00e1ria do Brasil (CNA) promoveu uma transmiss\u00e3o ao vivo pelas redes sociais sobre o tema \"Febre aftosa: informa\u00e7\u00e3o \u00e9 a melhor defesa\", na ter\u00e7a (07). O debate contou com a participa\u00e7\u00e3o do presidente da Comiss\u00e3o Nacional de Bovinocultura de Corte da","canonical_url":"https:\/\/radiosul.net\/wp\/2020\/cna-debate-erradicacao-da-febre-aftosa-no-brasil\/","robots":"max-image-preview:large","keywords":"","webmasterTools":{"miscellaneous":""},"schema":{"@context":"https:\/\/schema.org","@graph":[{"@type":"BlogPosting","@id":"https:\/\/radiosul.net\/wp\/2020\/cna-debate-erradicacao-da-febre-aftosa-no-brasil\/#blogposting","name":"CNA debate erradica\u00e7\u00e3o da febre aftosa no Brasil - radiosul.net","headline":"CNA debate erradica\u00e7\u00e3o da febre aftosa no Brasil","author":{"@id":"https:\/\/radiosul.net\/wp\/author\/alejo\/#author"},"publisher":{"@id":"https:\/\/radiosul.net\/wp\/#organization"},"image":{"@type":"ImageObject","url":"https:\/\/radiosul.net\/wp\/wp-content\/uploads\/2020\/07\/image-1.jpg","width":556,"height":400},"datePublished":"2020-07-09T07:32:10-03:00","dateModified":"2020-07-09T07:32:13-03:00","inLanguage":"pt-BR","mainEntityOfPage":{"@id":"https:\/\/radiosul.net\/wp\/2020\/cna-debate-erradicacao-da-febre-aftosa-no-brasil\/#webpage"},"isPartOf":{"@id":"https:\/\/radiosul.net\/wp\/2020\/cna-debate-erradicacao-da-febre-aftosa-no-brasil\/#webpage"},"articleSection":"Agroneg\u00f3cio, Destaque"},{"@type":"BreadcrumbList","@id":"https:\/\/radiosul.net\/wp\/2020\/cna-debate-erradicacao-da-febre-aftosa-no-brasil\/#breadcrumblist","itemListElement":[{"@type":"ListItem","@id":"https:\/\/radiosul.net\/wp#listItem","position":1,"name":"Home","item":"https:\/\/radiosul.net\/wp","nextItem":{"@type":"ListItem","@id":"https:\/\/radiosul.net\/wp\/category\/agro\/#listItem","name":"Agroneg\u00f3cio"}},{"@type":"ListItem","@id":"https:\/\/radiosul.net\/wp\/category\/agro\/#listItem","position":2,"name":"Agroneg\u00f3cio","item":"https:\/\/radiosul.net\/wp\/category\/agro\/","nextItem":{"@type":"ListItem","@id":"https:\/\/radiosul.net\/wp\/2020\/cna-debate-erradicacao-da-febre-aftosa-no-brasil\/#listItem","name":"CNA debate erradica\u00e7\u00e3o da febre aftosa no Brasil"},"previousItem":{"@type":"ListItem","@id":"https:\/\/radiosul.net\/wp#listItem","name":"Home"}},{"@type":"ListItem","@id":"https:\/\/radiosul.net\/wp\/2020\/cna-debate-erradicacao-da-febre-aftosa-no-brasil\/#listItem","position":3,"name":"CNA debate erradica\u00e7\u00e3o da febre aftosa no Brasil","previousItem":{"@type":"ListItem","@id":"https:\/\/radiosul.net\/wp\/category\/agro\/#listItem","name":"Agroneg\u00f3cio"}}]},{"@type":"Organization","@id":"https:\/\/radiosul.net\/wp\/#organization","name":"radiosul.net","description":"Regional por Excel\u00eancia","url":"https:\/\/radiosul.net\/wp\/"},{"@type":"Person","@id":"https:\/\/radiosul.net\/wp\/author\/alejo\/#author","url":"https:\/\/radiosul.net\/wp\/author\/alejo\/","name":"Alejo Bordon","image":{"@type":"ImageObject","@id":"https:\/\/radiosul.net\/wp\/2020\/cna-debate-erradicacao-da-febre-aftosa-no-brasil\/#authorImage","url":"https:\/\/secure.gravatar.com\/avatar\/b3a7e7f1c71212e6a5b7183b79a2ab58dad8bdc4cd4eadd61c4434d010d0bae4?s=96&d=mm&r=g","width":96,"height":96,"caption":"Alejo Bordon"}},{"@type":"WebPage","@id":"https:\/\/radiosul.net\/wp\/2020\/cna-debate-erradicacao-da-febre-aftosa-no-brasil\/#webpage","url":"https:\/\/radiosul.net\/wp\/2020\/cna-debate-erradicacao-da-febre-aftosa-no-brasil\/","name":"CNA debate erradica\u00e7\u00e3o da febre aftosa no Brasil - radiosul.net","description":"Transmiss\u00e3o ao vivo reuniu autoridades e representantes de entidades A Confedera\u00e7\u00e3o da Agricultura e Pecu\u00e1ria do Brasil (CNA) promoveu uma transmiss\u00e3o ao vivo pelas redes sociais sobre o tema \"Febre aftosa: informa\u00e7\u00e3o \u00e9 a melhor defesa\", na ter\u00e7a (07). O debate contou com a participa\u00e7\u00e3o do presidente da Comiss\u00e3o Nacional de Bovinocultura de Corte da","inLanguage":"pt-BR","isPartOf":{"@id":"https:\/\/radiosul.net\/wp\/#website"},"breadcrumb":{"@id":"https:\/\/radiosul.net\/wp\/2020\/cna-debate-erradicacao-da-febre-aftosa-no-brasil\/#breadcrumblist"},"author":{"@id":"https:\/\/radiosul.net\/wp\/author\/alejo\/#author"},"creator":{"@id":"https:\/\/radiosul.net\/wp\/author\/alejo\/#author"},"image":{"@type":"ImageObject","url":"https:\/\/radiosul.net\/wp\/wp-content\/uploads\/2020\/07\/image-1.jpg","@id":"https:\/\/radiosul.net\/wp\/2020\/cna-debate-erradicacao-da-febre-aftosa-no-brasil\/#mainImage","width":556,"height":400},"primaryImageOfPage":{"@id":"https:\/\/radiosul.net\/wp\/2020\/cna-debate-erradicacao-da-febre-aftosa-no-brasil\/#mainImage"},"datePublished":"2020-07-09T07:32:10-03:00","dateModified":"2020-07-09T07:32:13-03:00"},{"@type":"WebSite","@id":"https:\/\/radiosul.net\/wp\/#website","url":"https:\/\/radiosul.net\/wp\/","name":"radiosul.net","description":"Regional por Excel\u00eancia","inLanguage":"pt-BR","publisher":{"@id":"https:\/\/radiosul.net\/wp\/#organization"}}]},"og:locale":"pt_BR","og:site_name":"radiosul.net - Regional por Excel\u00eancia","og:type":"article","og:title":"CNA debate erradica\u00e7\u00e3o da febre aftosa no Brasil - radiosul.net","og:description":"Transmiss\u00e3o ao vivo reuniu autoridades e representantes de entidades A Confedera\u00e7\u00e3o da Agricultura e Pecu\u00e1ria do Brasil (CNA) promoveu uma transmiss\u00e3o ao vivo pelas redes sociais sobre o tema &quot;Febre aftosa: informa\u00e7\u00e3o \u00e9 a melhor defesa&quot;, na ter\u00e7a (07). O debate contou com a participa\u00e7\u00e3o do presidente da Comiss\u00e3o Nacional de Bovinocultura de Corte da","og:url":"https:\/\/radiosul.net\/wp\/2020\/cna-debate-erradicacao-da-febre-aftosa-no-brasil\/","article:published_time":"2020-07-09T10:32:10+00:00","article:modified_time":"2020-07-09T10:32:13+00:00","twitter:card":"summary_large_image","twitter:title":"CNA debate erradica\u00e7\u00e3o da febre aftosa no Brasil - radiosul.net","twitter:description":"Transmiss\u00e3o ao vivo reuniu autoridades e representantes de entidades A Confedera\u00e7\u00e3o da Agricultura e Pecu\u00e1ria do Brasil (CNA) promoveu uma transmiss\u00e3o ao vivo pelas redes sociais sobre o tema &quot;Febre aftosa: informa\u00e7\u00e3o \u00e9 a melhor defesa&quot;, na ter\u00e7a (07). O debate contou com a participa\u00e7\u00e3o do presidente da Comiss\u00e3o Nacional de Bovinocultura de Corte da"},"aioseo_meta_data":{"post_id":"13904","title":null,"description":null,"keywords":null,"keyphrases":null,"primary_term":null,"canonical_url":null,"og_title":null,"og_description":null,"og_object_type":"default","og_image_type":"default","og_image_url":null,"og_image_width":null,"og_image_height":null,"og_image_custom_url":null,"og_image_custom_fields":null,"og_video":null,"og_custom_url":null,"og_article_section":null,"og_article_tags":null,"twitter_use_og":false,"twitter_card":"default","twitter_image_type":"default","twitter_image_url":null,"twitter_image_custom_url":null,"twitter_image_custom_fields":null,"twitter_title":null,"twitter_description":null,"schema":{"blockGraphs":[],"customGraphs":[],"default":{"data":{"Article":[],"Course":[],"Dataset":[],"FAQPage":[],"Movie":[],"Person":[],"Product":[],"ProductReview":[],"Car":[],"Recipe":[],"Service":[],"SoftwareApplication":[],"WebPage":[]},"graphName":"","isEnabled":true},"graphs":[]},"schema_type":"default","schema_type_options":null,"pillar_content":false,"robots_default":true,"robots_noindex":false,"robots_noarchive":false,"robots_nosnippet":false,"robots_nofollow":false,"robots_noimageindex":false,"robots_noodp":false,"robots_notranslate":false,"robots_max_snippet":null,"robots_max_videopreview":null,"robots_max_imagepreview":"large","priority":null,"frequency":null,"local_seo":null,"breadcrumb_settings":null,"limit_modified_date":false,"ai":null,"created":"2026-01-08 21:41:38","updated":"2026-01-08 21:41:38","seo_analyzer_scan_date":null,"focus_keyword":null,"additional_keywords":null,"truseo_locale":null},"aioseo_breadcrumb":"<div class=\"aioseo-breadcrumbs\"><span class=\"aioseo-breadcrumb\">\n\t\t\t<a href=\"https:\/\/radiosul.net\/wp\" title=\"Home\">Home<\/a>\n\t\t<\/span><span class=\"aioseo-breadcrumb-separator\">&raquo;<\/span><span class=\"aioseo-breadcrumb\">\n\t\t\t<a href=\"https:\/\/radiosul.net\/wp\/category\/agro\/\" title=\"Agroneg\u00f3cio\">Agroneg\u00f3cio<\/a>\n\t\t<\/span><span class=\"aioseo-breadcrumb-separator\">&raquo;<\/span><span class=\"aioseo-breadcrumb\">\n\t\t\tCNA debate erradica\u00e7\u00e3o da febre aftosa no Brasil\n\t\t<\/span><\/div>","aioseo_breadcrumb_json":[{"label":"Home","link":"https:\/\/radiosul.net\/wp"},{"label":"Agroneg\u00f3cio","link":"https:\/\/radiosul.net\/wp\/category\/agro\/"},{"label":"CNA debate erradica\u00e7\u00e3o da febre aftosa no Brasil","link":"https:\/\/radiosul.net\/wp\/2020\/cna-debate-erradicacao-da-febre-aftosa-no-brasil\/"}],"_links":{"self":[{"href":"https:\/\/radiosul.net\/wp\/wp-json\/wp\/v2\/posts\/13904","targetHints":{"allow":["GET"]}}],"collection":[{"href":"https:\/\/radiosul.net\/wp\/wp-json\/wp\/v2\/posts"}],"about":[{"href":"https:\/\/radiosul.net\/wp\/wp-json\/wp\/v2\/types\/post"}],"author":[{"embeddable":true,"href":"https:\/\/radiosul.net\/wp\/wp-json\/wp\/v2\/users\/9"}],"replies":[{"embeddable":true,"href":"https:\/\/radiosul.net\/wp\/wp-json\/wp\/v2\/comments?post=13904"}],"version-history":[{"count":1,"href":"https:\/\/radiosul.net\/wp\/wp-json\/wp\/v2\/posts\/13904\/revisions"}],"predecessor-version":[{"id":13905,"href":"https:\/\/radiosul.net\/wp\/wp-json\/wp\/v2\/posts\/13904\/revisions\/13905"}],"wp:featuredmedia":[{"embeddable":true,"href":"https:\/\/radiosul.net\/wp\/wp-json\/wp\/v2\/media\/13891"}],"wp:attachment":[{"href":"https:\/\/radiosul.net\/wp\/wp-json\/wp\/v2\/media?parent=13904"}],"wp:term":[{"taxonomy":"category","embeddable":true,"href":"https:\/\/radiosul.net\/wp\/wp-json\/wp\/v2\/categories?post=13904"},{"taxonomy":"post_tag","embeddable":true,"href":"https:\/\/radiosul.net\/wp\/wp-json\/wp\/v2\/tags?post=13904"}],"curies":[{"name":"wp","href":"https:\/\/api.w.org\/{rel}","templated":true}]}}