{"id":13874,"date":"2020-07-08T07:00:36","date_gmt":"2020-07-08T10:00:36","guid":{"rendered":"https:\/\/radiosul.net\/wp\/?p=13874"},"modified":"2020-07-08T07:00:39","modified_gmt":"2020-07-08T10:00:39","slug":"comeca-em-bage-a-edicao-2020-2021-da-prova-de-avaliac%cc%a7a%cc%83o-a-campo","status":"publish","type":"post","link":"https:\/\/radiosul.net\/wp\/2020\/comeca-em-bage-a-edicao-2020-2021-da-prova-de-avaliac%cc%a7a%cc%83o-a-campo\/","title":{"rendered":"Come\u00e7a em Bag\u00e9 a edi\u00e7\u00e3o 2020\/2021 da Prova de Avaliac\u0327a\u0303o a Campo"},"content":{"rendered":"\n<p class=\"wp-block-paragraph\">Iniciou na manh\u00e3 desta ter\u00e7a-feira, dia 7 de julho, em Bag\u00e9 (RS) mais uma Prova de Avalia\u00e7\u00e3o a Campo (PAC) edi\u00e7\u00e3o 2020\/2021, realizada pela Associa\u00e7\u00e3o Brasileira de Hereford e Braford (ABHB) em parceria com a Embrapa Pecu\u00e1ria Sul. Os 24 animais passaram pelo manejo sanit\u00e1rio, identifica\u00e7\u00e3o do n\u00famero da prova e pesagem inicial.<\/p>\n\n\n\n<p class=\"wp-block-paragraph\">Conforme o coordenador da PAC pela Embrapa Pecu\u00e1ria Sul, Roberto Collares,\u00a0os animais est\u00e3o em um estado corporal satisfat\u00f3rio. \u201cOs exemplares Hereford e Braford est\u00e3o se desenvolvendo muito bem, expressando toda a gen\u00e9tica de qualidade das cabanhas. N\u00e3o poderia deixar de destacar que \u00e9 uma satisfa\u00e7\u00e3o muito grande estar ao lado da ABHB realizando mais uma edi\u00e7\u00e3o da prova\u201d.<\/p>\n\n\n\n<figure class=\"wp-block-image size-large\"><img loading=\"lazy\" decoding=\"async\" width=\"768\" height=\"512\" src=\"https:\/\/radiosul.net\/wp\/wp-content\/uploads\/2020\/07\/IMG_2565-768x512-1.jpg\" alt=\"\" class=\"wp-image-13864\" srcset=\"https:\/\/radiosul.net\/wp\/wp-content\/uploads\/2020\/07\/IMG_2565-768x512-1.jpg 768w, https:\/\/radiosul.net\/wp\/wp-content\/uploads\/2020\/07\/IMG_2565-768x512-1-300x200.jpg 300w\" sizes=\"auto, (max-width: 768px) 100vw, 768px\" \/><figcaption>Foto: Ana Virg\u00ednia Guterres<\/figcaption><\/figure>\n\n\n\n<p class=\"wp-block-paragraph\">O gerente de opera\u00e7\u00f5es, Felipe Azambuja, comenta a import\u00e2ncia da prova. \u201cMesmo com esse per\u00edodo dif\u00edcil que estamos enfrentando devido ao coronav\u00edrus, a ABHB e Embrapa est\u00e3o unidas sempre em busca de evidenciar, atrav\u00e9s dessas a\u00e7\u00f5es a gen\u00e9tica das ra\u00e7as Hereford e Braford\u201d.<\/p>\n\n\n\n<p class=\"wp-block-paragraph\">A prova, que ter\u00e1 a pr\u00f3xima pesagem realizada no in\u00edcio do m\u00eas de agosto, tem como objetivo identificar, dentro de um mesmo ambiente de cria\u00e7\u00e3o, reprodutores HB com maior potencial gen\u00e9tico para produzir carne com rentabilidade e qualidade que atenda \u00e0s exig\u00eancias da ind\u00fastria e do consumidor.<\/p>\n\n\n\n<figure class=\"wp-block-image size-large\"><img loading=\"lazy\" decoding=\"async\" width=\"768\" height=\"512\" src=\"https:\/\/radiosul.net\/wp\/wp-content\/uploads\/2020\/07\/IMG_2555-768x512-1.jpg\" alt=\"\" class=\"wp-image-13863\" srcset=\"https:\/\/radiosul.net\/wp\/wp-content\/uploads\/2020\/07\/IMG_2555-768x512-1.jpg 768w, https:\/\/radiosul.net\/wp\/wp-content\/uploads\/2020\/07\/IMG_2555-768x512-1-300x200.jpg 300w\" sizes=\"auto, (max-width: 768px) 100vw, 768px\" \/><figcaption>Foto: Ana Virg\u00ednia Guterres<\/figcaption><\/figure>\n\n\n\n<p class=\"wp-block-paragraph\">Na corrida pelo primeiro lugar da 17\u00aa edi\u00e7\u00e3o da PAC na ra\u00e7a\u00a0Hereford e da 26\u00aa edi\u00e7\u00e3o da ra\u00e7a Braford, participam da prova nove criat\u00f3rios ga\u00fachos: Agropecu\u00e1ria Sereno Ltda, de S\u00e3o Sep\u00e9; Est\u00e2ncia S\u00e3o Francisco Xavier e Guatambu, de Dom Pedrito; Est\u00e2ncia do Bolso, de S\u00e3o Gabriel; Est\u00e2ncia S\u00e3o Bento do Verde, de S\u00e3o Sep\u00e9; Fazenda Santa Tereza, de Arambar\u00e9; Agropecu\u00e1ria Dom Vitor, de Santa Vit\u00f3ria do Palmar; Cabanha Primavera, de S\u00e3o Pedro do Sul; e Fazendas Irapu\u00e1, de Cachoeira do Sul.<\/p>\n\n\n\n<figure class=\"wp-block-gallery columns-3 is-cropped wp-block-gallery-1 is-layout-flex wp-block-gallery-is-layout-flex\"><ul class=\"blocks-gallery-grid\"><li class=\"blocks-gallery-item\"><figure><img loading=\"lazy\" decoding=\"async\" width=\"1024\" height=\"670\" src=\"https:\/\/radiosul.net\/wp\/wp-content\/uploads\/2020\/07\/red01-1024x670.jpg\" alt=\"\" data-id=\"13875\" data-full-url=\"https:\/\/radiosul.net\/wp\/wp-content\/uploads\/2020\/07\/red01.jpg\" data-link=\"https:\/\/radiosul.net\/wp\/?attachment_id=13875\" class=\"wp-image-13875\" srcset=\"https:\/\/radiosul.net\/wp\/wp-content\/uploads\/2020\/07\/red01-1024x670.jpg 1024w, https:\/\/radiosul.net\/wp\/wp-content\/uploads\/2020\/07\/red01-300x196.jpg 300w, https:\/\/radiosul.net\/wp\/wp-content\/uploads\/2020\/07\/red01-768x502.jpg 768w, https:\/\/radiosul.net\/wp\/wp-content\/uploads\/2020\/07\/red01-1536x1005.jpg 1536w, https:\/\/radiosul.net\/wp\/wp-content\/uploads\/2020\/07\/red01.jpg 1752w\" sizes=\"auto, (max-width: 1024px) 100vw, 1024px\" \/><figcaption class=\"blocks-gallery-item__caption\">Foto: Ana Virg\u00ednia Guterres<\/figcaption><\/figure><\/li><li class=\"blocks-gallery-item\"><figure><img loading=\"lazy\" decoding=\"async\" width=\"1024\" height=\"670\" src=\"https:\/\/radiosul.net\/wp\/wp-content\/uploads\/2020\/07\/red02-1024x670.jpg\" alt=\"\" data-id=\"13876\" data-full-url=\"https:\/\/radiosul.net\/wp\/wp-content\/uploads\/2020\/07\/red02.jpg\" data-link=\"https:\/\/radiosul.net\/wp\/?attachment_id=13876\" class=\"wp-image-13876\" srcset=\"https:\/\/radiosul.net\/wp\/wp-content\/uploads\/2020\/07\/red02-1024x670.jpg 1024w, https:\/\/radiosul.net\/wp\/wp-content\/uploads\/2020\/07\/red02-300x196.jpg 300w, https:\/\/radiosul.net\/wp\/wp-content\/uploads\/2020\/07\/red02-768x502.jpg 768w, https:\/\/radiosul.net\/wp\/wp-content\/uploads\/2020\/07\/red02-1536x1005.jpg 1536w, https:\/\/radiosul.net\/wp\/wp-content\/uploads\/2020\/07\/red02.jpg 1752w\" sizes=\"auto, (max-width: 1024px) 100vw, 1024px\" \/><figcaption class=\"blocks-gallery-item__caption\">Foto: Ana Virg\u00ednia Guterres<\/figcaption><\/figure><\/li><li class=\"blocks-gallery-item\"><figure><img loading=\"lazy\" decoding=\"async\" width=\"1024\" height=\"670\" src=\"https:\/\/radiosul.net\/wp\/wp-content\/uploads\/2020\/07\/red04-1024x670.jpg\" alt=\"\" data-id=\"13878\" data-full-url=\"https:\/\/radiosul.net\/wp\/wp-content\/uploads\/2020\/07\/red04.jpg\" data-link=\"https:\/\/radiosul.net\/wp\/?attachment_id=13878\" class=\"wp-image-13878\" srcset=\"https:\/\/radiosul.net\/wp\/wp-content\/uploads\/2020\/07\/red04-1024x670.jpg 1024w, https:\/\/radiosul.net\/wp\/wp-content\/uploads\/2020\/07\/red04-300x196.jpg 300w, https:\/\/radiosul.net\/wp\/wp-content\/uploads\/2020\/07\/red04-768x502.jpg 768w, https:\/\/radiosul.net\/wp\/wp-content\/uploads\/2020\/07\/red04-1536x1005.jpg 1536w, https:\/\/radiosul.net\/wp\/wp-content\/uploads\/2020\/07\/red04.jpg 1752w\" sizes=\"auto, (max-width: 1024px) 100vw, 1024px\" \/><figcaption class=\"blocks-gallery-item__caption\">Foto: Ana Virg\u00ednia Guterres<\/figcaption><\/figure><\/li><li class=\"blocks-gallery-item\"><figure><img loading=\"lazy\" decoding=\"async\" width=\"1024\" height=\"670\" src=\"https:\/\/radiosul.net\/wp\/wp-content\/uploads\/2020\/07\/red03-1024x670.jpg\" alt=\"\" data-id=\"13877\" data-full-url=\"https:\/\/radiosul.net\/wp\/wp-content\/uploads\/2020\/07\/red03.jpg\" data-link=\"https:\/\/radiosul.net\/wp\/?attachment_id=13877\" class=\"wp-image-13877\" srcset=\"https:\/\/radiosul.net\/wp\/wp-content\/uploads\/2020\/07\/red03-1024x670.jpg 1024w, https:\/\/radiosul.net\/wp\/wp-content\/uploads\/2020\/07\/red03-300x196.jpg 300w, https:\/\/radiosul.net\/wp\/wp-content\/uploads\/2020\/07\/red03-768x502.jpg 768w, https:\/\/radiosul.net\/wp\/wp-content\/uploads\/2020\/07\/red03-1536x1005.jpg 1536w, https:\/\/radiosul.net\/wp\/wp-content\/uploads\/2020\/07\/red03.jpg 1752w\" sizes=\"auto, (max-width: 1024px) 100vw, 1024px\" \/><figcaption class=\"blocks-gallery-item__caption\">Foto: Ana Virg\u00ednia Guterres<\/figcaption><\/figure><\/li><\/ul><\/figure>\n\n\n\n<p class=\"wp-block-paragraph\"><strong><em>Fonte: Ascom ABHB<\/em><\/strong><\/p>\n","protected":false},"excerpt":{"rendered":"<p>Iniciou na manh\u00e3 desta ter\u00e7a-feira, dia 7 de julho, em Bag\u00e9 (RS) mais uma Prova de Avalia\u00e7\u00e3o a Campo (PAC) edi\u00e7\u00e3o 2020\/2021, realizada pela Associa\u00e7\u00e3o Brasileira de Hereford e Braford (ABHB) em parceria com a Embrapa Pecu\u00e1ria Sul. Os 24 animais passaram pelo manejo sanit\u00e1rio, identifica\u00e7\u00e3o do n\u00famero da prova e pesagem inicial. Conforme o &hellip;<\/p>\n","protected":false},"author":9,"featured_media":13862,"comment_status":"closed","ping_status":"closed","sticky":false,"template":"","format":"standard","meta":{"_monsterinsights_skip_tracking":false,"_uf_show_specific_survey":0,"_uf_disable_surveys":false,"footnotes":""},"categories":[1,126],"tags":[],"class_list":["post-13874","post","type-post","status-publish","format-standard","has-post-thumbnail","hentry","category-agro","category-destacados"],"aioseo_notices":[],"aioseo_head":"\n\t\t<!-- All in One SEO 5.0.1.1 - aioseo.com -->\n\t<meta name=\"description\" content=\"Iniciou na manh\u00e3 desta ter\u00e7a-feira, dia 7 de julho, em Bag\u00e9 (RS) mais uma Prova de Avalia\u00e7\u00e3o a Campo (PAC) edi\u00e7\u00e3o 2020\/2021, realizada pela Associa\u00e7\u00e3o Brasileira de Hereford e Braford (ABHB) em parceria com a Embrapa Pecu\u00e1ria Sul. Os 24 animais passaram pelo manejo sanit\u00e1rio, identifica\u00e7\u00e3o do n\u00famero da prova e pesagem inicial. Conforme o\" \/>\n\t<meta name=\"robots\" content=\"max-image-preview:large\" \/>\n\t<meta name=\"author\" content=\"Alejo Bordon\"\/>\n\t<link rel=\"canonical\" href=\"https:\/\/radiosul.net\/wp\/2020\/comeca-em-bage-a-edicao-2020-2021-da-prova-de-avaliac%cc%a7a%cc%83o-a-campo\/\" \/>\n\t<meta name=\"generator\" content=\"All in One SEO (AIOSEO) 5.0.1.1\" \/>\n\t\t<meta property=\"og:locale\" content=\"pt_BR\" \/>\n\t\t<meta property=\"og:site_name\" content=\"radiosul.net - Regional por Excel\u00eancia\" \/>\n\t\t<meta property=\"og:type\" content=\"article\" \/>\n\t\t<meta property=\"og:title\" content=\"Come\u00e7a em Bag\u00e9 a edi\u00e7\u00e3o 2020\/2021 da Prova de Avaliac\u0327a\u0303o a Campo - radiosul.net\" \/>\n\t\t<meta property=\"og:description\" content=\"Iniciou na manh\u00e3 desta ter\u00e7a-feira, dia 7 de julho, em Bag\u00e9 (RS) mais uma Prova de Avalia\u00e7\u00e3o a Campo (PAC) edi\u00e7\u00e3o 2020\/2021, realizada pela Associa\u00e7\u00e3o Brasileira de Hereford e Braford (ABHB) em parceria com a Embrapa Pecu\u00e1ria Sul. Os 24 animais passaram pelo manejo sanit\u00e1rio, identifica\u00e7\u00e3o do n\u00famero da prova e pesagem inicial. Conforme o\" \/>\n\t\t<meta property=\"og:url\" content=\"https:\/\/radiosul.net\/wp\/2020\/comeca-em-bage-a-edicao-2020-2021-da-prova-de-avaliac%cc%a7a%cc%83o-a-campo\/\" \/>\n\t\t<meta property=\"article:published_time\" content=\"2020-07-08T10:00:36+00:00\" \/>\n\t\t<meta property=\"article:modified_time\" content=\"2020-07-08T10:00:39+00:00\" \/>\n\t\t<meta name=\"twitter:card\" content=\"summary_large_image\" \/>\n\t\t<meta name=\"twitter:title\" content=\"Come\u00e7a em Bag\u00e9 a edi\u00e7\u00e3o 2020\/2021 da Prova de Avaliac\u0327a\u0303o a Campo - radiosul.net\" \/>\n\t\t<meta name=\"twitter:description\" content=\"Iniciou na manh\u00e3 desta ter\u00e7a-feira, dia 7 de julho, em Bag\u00e9 (RS) mais uma Prova de Avalia\u00e7\u00e3o a Campo (PAC) edi\u00e7\u00e3o 2020\/2021, realizada pela Associa\u00e7\u00e3o Brasileira de Hereford e Braford (ABHB) em parceria com a Embrapa Pecu\u00e1ria Sul. Os 24 animais passaram pelo manejo sanit\u00e1rio, identifica\u00e7\u00e3o do n\u00famero da prova e pesagem inicial. Conforme o\" \/>\n\t\t<script type=\"application\/ld+json\" class=\"aioseo-schema\">\n\t\t\t{\"@context\":\"https:\\\/\\\/schema.org\",\"@graph\":[{\"@type\":\"BlogPosting\",\"@id\":\"https:\\\/\\\/radiosul.net\\\/wp\\\/2020\\\/comeca-em-bage-a-edicao-2020-2021-da-prova-de-avaliac%cc%a7a%cc%83o-a-campo\\\/#blogposting\",\"name\":\"Come\\u00e7a em Bag\\u00e9 a edi\\u00e7\\u00e3o 2020\\\/2021 da Prova de Avaliac\\u0327a\\u0303o a Campo - radiosul.net\",\"headline\":\"Come\\u00e7a em Bag\\u00e9 a edi\\u00e7\\u00e3o 2020\\\/2021 da Prova de Avaliac\\u0327a\\u0303o a Campo\",\"author\":{\"@id\":\"https:\\\/\\\/radiosul.net\\\/wp\\\/author\\\/alejo\\\/#author\"},\"publisher\":{\"@id\":\"https:\\\/\\\/radiosul.net\\\/wp\\\/#organization\"},\"image\":{\"@type\":\"ImageObject\",\"url\":\"https:\\\/\\\/radiosul.net\\\/wp\\\/wp-content\\\/uploads\\\/2020\\\/07\\\/IMG_2552-1.jpg\",\"width\":700,\"height\":466,\"caption\":\"Foto: Ana Virg\\u00ednia Guterres\"},\"datePublished\":\"2020-07-08T07:00:36-03:00\",\"dateModified\":\"2020-07-08T07:00:39-03:00\",\"inLanguage\":\"pt-BR\",\"mainEntityOfPage\":{\"@id\":\"https:\\\/\\\/radiosul.net\\\/wp\\\/2020\\\/comeca-em-bage-a-edicao-2020-2021-da-prova-de-avaliac%cc%a7a%cc%83o-a-campo\\\/#webpage\"},\"isPartOf\":{\"@id\":\"https:\\\/\\\/radiosul.net\\\/wp\\\/2020\\\/comeca-em-bage-a-edicao-2020-2021-da-prova-de-avaliac%cc%a7a%cc%83o-a-campo\\\/#webpage\"},\"articleSection\":\"Agroneg\\u00f3cio, Destaque\"},{\"@type\":\"BreadcrumbList\",\"@id\":\"https:\\\/\\\/radiosul.net\\\/wp\\\/2020\\\/comeca-em-bage-a-edicao-2020-2021-da-prova-de-avaliac%cc%a7a%cc%83o-a-campo\\\/#breadcrumblist\",\"itemListElement\":[{\"@type\":\"ListItem\",\"@id\":\"https:\\\/\\\/radiosul.net\\\/wp#listItem\",\"position\":1,\"name\":\"Home\",\"item\":\"https:\\\/\\\/radiosul.net\\\/wp\",\"nextItem\":{\"@type\":\"ListItem\",\"@id\":\"https:\\\/\\\/radiosul.net\\\/wp\\\/category\\\/agro\\\/#listItem\",\"name\":\"Agroneg\\u00f3cio\"}},{\"@type\":\"ListItem\",\"@id\":\"https:\\\/\\\/radiosul.net\\\/wp\\\/category\\\/agro\\\/#listItem\",\"position\":2,\"name\":\"Agroneg\\u00f3cio\",\"item\":\"https:\\\/\\\/radiosul.net\\\/wp\\\/category\\\/agro\\\/\",\"nextItem\":{\"@type\":\"ListItem\",\"@id\":\"https:\\\/\\\/radiosul.net\\\/wp\\\/2020\\\/comeca-em-bage-a-edicao-2020-2021-da-prova-de-avaliac%cc%a7a%cc%83o-a-campo\\\/#listItem\",\"name\":\"Come\\u00e7a em Bag\\u00e9 a edi\\u00e7\\u00e3o 2020\\\/2021 da Prova de Avaliac\\u0327a\\u0303o a Campo\"},\"previousItem\":{\"@type\":\"ListItem\",\"@id\":\"https:\\\/\\\/radiosul.net\\\/wp#listItem\",\"name\":\"Home\"}},{\"@type\":\"ListItem\",\"@id\":\"https:\\\/\\\/radiosul.net\\\/wp\\\/2020\\\/comeca-em-bage-a-edicao-2020-2021-da-prova-de-avaliac%cc%a7a%cc%83o-a-campo\\\/#listItem\",\"position\":3,\"name\":\"Come\\u00e7a em Bag\\u00e9 a edi\\u00e7\\u00e3o 2020\\\/2021 da Prova de Avaliac\\u0327a\\u0303o a Campo\",\"previousItem\":{\"@type\":\"ListItem\",\"@id\":\"https:\\\/\\\/radiosul.net\\\/wp\\\/category\\\/agro\\\/#listItem\",\"name\":\"Agroneg\\u00f3cio\"}}]},{\"@type\":\"Organization\",\"@id\":\"https:\\\/\\\/radiosul.net\\\/wp\\\/#organization\",\"name\":\"radiosul.net\",\"description\":\"Regional por Excel\\u00eancia\",\"url\":\"https:\\\/\\\/radiosul.net\\\/wp\\\/\"},{\"@type\":\"Person\",\"@id\":\"https:\\\/\\\/radiosul.net\\\/wp\\\/author\\\/alejo\\\/#author\",\"url\":\"https:\\\/\\\/radiosul.net\\\/wp\\\/author\\\/alejo\\\/\",\"name\":\"Alejo Bordon\",\"image\":{\"@type\":\"ImageObject\",\"@id\":\"https:\\\/\\\/radiosul.net\\\/wp\\\/2020\\\/comeca-em-bage-a-edicao-2020-2021-da-prova-de-avaliac%cc%a7a%cc%83o-a-campo\\\/#authorImage\",\"url\":\"https:\\\/\\\/secure.gravatar.com\\\/avatar\\\/b3a7e7f1c71212e6a5b7183b79a2ab58dad8bdc4cd4eadd61c4434d010d0bae4?s=96&d=mm&r=g\",\"width\":96,\"height\":96,\"caption\":\"Alejo Bordon\"}},{\"@type\":\"WebPage\",\"@id\":\"https:\\\/\\\/radiosul.net\\\/wp\\\/2020\\\/comeca-em-bage-a-edicao-2020-2021-da-prova-de-avaliac%cc%a7a%cc%83o-a-campo\\\/#webpage\",\"url\":\"https:\\\/\\\/radiosul.net\\\/wp\\\/2020\\\/comeca-em-bage-a-edicao-2020-2021-da-prova-de-avaliac%cc%a7a%cc%83o-a-campo\\\/\",\"name\":\"Come\\u00e7a em Bag\\u00e9 a edi\\u00e7\\u00e3o 2020\\\/2021 da Prova de Avaliac\\u0327a\\u0303o a Campo - radiosul.net\",\"description\":\"Iniciou na manh\\u00e3 desta ter\\u00e7a-feira, dia 7 de julho, em Bag\\u00e9 (RS) mais uma Prova de Avalia\\u00e7\\u00e3o a Campo (PAC) edi\\u00e7\\u00e3o 2020\\\/2021, realizada pela Associa\\u00e7\\u00e3o Brasileira de Hereford e Braford (ABHB) em parceria com a Embrapa Pecu\\u00e1ria Sul. Os 24 animais passaram pelo manejo sanit\\u00e1rio, identifica\\u00e7\\u00e3o do n\\u00famero da prova e pesagem inicial. Conforme o\",\"inLanguage\":\"pt-BR\",\"isPartOf\":{\"@id\":\"https:\\\/\\\/radiosul.net\\\/wp\\\/#website\"},\"breadcrumb\":{\"@id\":\"https:\\\/\\\/radiosul.net\\\/wp\\\/2020\\\/comeca-em-bage-a-edicao-2020-2021-da-prova-de-avaliac%cc%a7a%cc%83o-a-campo\\\/#breadcrumblist\"},\"author\":{\"@id\":\"https:\\\/\\\/radiosul.net\\\/wp\\\/author\\\/alejo\\\/#author\"},\"creator\":{\"@id\":\"https:\\\/\\\/radiosul.net\\\/wp\\\/author\\\/alejo\\\/#author\"},\"image\":{\"@type\":\"ImageObject\",\"url\":\"https:\\\/\\\/radiosul.net\\\/wp\\\/wp-content\\\/uploads\\\/2020\\\/07\\\/IMG_2552-1.jpg\",\"@id\":\"https:\\\/\\\/radiosul.net\\\/wp\\\/2020\\\/comeca-em-bage-a-edicao-2020-2021-da-prova-de-avaliac%cc%a7a%cc%83o-a-campo\\\/#mainImage\",\"width\":700,\"height\":466,\"caption\":\"Foto: Ana Virg\\u00ednia Guterres\"},\"primaryImageOfPage\":{\"@id\":\"https:\\\/\\\/radiosul.net\\\/wp\\\/2020\\\/comeca-em-bage-a-edicao-2020-2021-da-prova-de-avaliac%cc%a7a%cc%83o-a-campo\\\/#mainImage\"},\"datePublished\":\"2020-07-08T07:00:36-03:00\",\"dateModified\":\"2020-07-08T07:00:39-03:00\"},{\"@type\":\"WebSite\",\"@id\":\"https:\\\/\\\/radiosul.net\\\/wp\\\/#website\",\"url\":\"https:\\\/\\\/radiosul.net\\\/wp\\\/\",\"name\":\"radiosul.net\",\"description\":\"Regional por Excel\\u00eancia\",\"inLanguage\":\"pt-BR\",\"publisher\":{\"@id\":\"https:\\\/\\\/radiosul.net\\\/wp\\\/#organization\"}}]}\n\t\t<\/script>\n\t\t<!-- All in One SEO -->\n\n","aioseo_head_json":{"title":"Come\u00e7a em Bag\u00e9 a edi\u00e7\u00e3o 2020\/2021 da Prova de Avaliac\u0327a\u0303o a Campo - radiosul.net","description":"Iniciou na manh\u00e3 desta ter\u00e7a-feira, dia 7 de julho, em Bag\u00e9 (RS) mais uma Prova de Avalia\u00e7\u00e3o a Campo (PAC) edi\u00e7\u00e3o 2020\/2021, realizada pela Associa\u00e7\u00e3o Brasileira de Hereford e Braford (ABHB) em parceria com a Embrapa Pecu\u00e1ria Sul. Os 24 animais passaram pelo manejo sanit\u00e1rio, identifica\u00e7\u00e3o do n\u00famero da prova e pesagem inicial. Conforme o","canonical_url":"https:\/\/radiosul.net\/wp\/2020\/comeca-em-bage-a-edicao-2020-2021-da-prova-de-avaliac%cc%a7a%cc%83o-a-campo\/","robots":"max-image-preview:large","keywords":"","webmasterTools":{"miscellaneous":""},"schema":{"@context":"https:\/\/schema.org","@graph":[{"@type":"BlogPosting","@id":"https:\/\/radiosul.net\/wp\/2020\/comeca-em-bage-a-edicao-2020-2021-da-prova-de-avaliac%cc%a7a%cc%83o-a-campo\/#blogposting","name":"Come\u00e7a em Bag\u00e9 a edi\u00e7\u00e3o 2020\/2021 da Prova de Avaliac\u0327a\u0303o a Campo - radiosul.net","headline":"Come\u00e7a em Bag\u00e9 a edi\u00e7\u00e3o 2020\/2021 da Prova de Avaliac\u0327a\u0303o a Campo","author":{"@id":"https:\/\/radiosul.net\/wp\/author\/alejo\/#author"},"publisher":{"@id":"https:\/\/radiosul.net\/wp\/#organization"},"image":{"@type":"ImageObject","url":"https:\/\/radiosul.net\/wp\/wp-content\/uploads\/2020\/07\/IMG_2552-1.jpg","width":700,"height":466,"caption":"Foto: Ana Virg\u00ednia Guterres"},"datePublished":"2020-07-08T07:00:36-03:00","dateModified":"2020-07-08T07:00:39-03:00","inLanguage":"pt-BR","mainEntityOfPage":{"@id":"https:\/\/radiosul.net\/wp\/2020\/comeca-em-bage-a-edicao-2020-2021-da-prova-de-avaliac%cc%a7a%cc%83o-a-campo\/#webpage"},"isPartOf":{"@id":"https:\/\/radiosul.net\/wp\/2020\/comeca-em-bage-a-edicao-2020-2021-da-prova-de-avaliac%cc%a7a%cc%83o-a-campo\/#webpage"},"articleSection":"Agroneg\u00f3cio, Destaque"},{"@type":"BreadcrumbList","@id":"https:\/\/radiosul.net\/wp\/2020\/comeca-em-bage-a-edicao-2020-2021-da-prova-de-avaliac%cc%a7a%cc%83o-a-campo\/#breadcrumblist","itemListElement":[{"@type":"ListItem","@id":"https:\/\/radiosul.net\/wp#listItem","position":1,"name":"Home","item":"https:\/\/radiosul.net\/wp","nextItem":{"@type":"ListItem","@id":"https:\/\/radiosul.net\/wp\/category\/agro\/#listItem","name":"Agroneg\u00f3cio"}},{"@type":"ListItem","@id":"https:\/\/radiosul.net\/wp\/category\/agro\/#listItem","position":2,"name":"Agroneg\u00f3cio","item":"https:\/\/radiosul.net\/wp\/category\/agro\/","nextItem":{"@type":"ListItem","@id":"https:\/\/radiosul.net\/wp\/2020\/comeca-em-bage-a-edicao-2020-2021-da-prova-de-avaliac%cc%a7a%cc%83o-a-campo\/#listItem","name":"Come\u00e7a em Bag\u00e9 a edi\u00e7\u00e3o 2020\/2021 da Prova de Avaliac\u0327a\u0303o a Campo"},"previousItem":{"@type":"ListItem","@id":"https:\/\/radiosul.net\/wp#listItem","name":"Home"}},{"@type":"ListItem","@id":"https:\/\/radiosul.net\/wp\/2020\/comeca-em-bage-a-edicao-2020-2021-da-prova-de-avaliac%cc%a7a%cc%83o-a-campo\/#listItem","position":3,"name":"Come\u00e7a em Bag\u00e9 a edi\u00e7\u00e3o 2020\/2021 da Prova de Avaliac\u0327a\u0303o a Campo","previousItem":{"@type":"ListItem","@id":"https:\/\/radiosul.net\/wp\/category\/agro\/#listItem","name":"Agroneg\u00f3cio"}}]},{"@type":"Organization","@id":"https:\/\/radiosul.net\/wp\/#organization","name":"radiosul.net","description":"Regional por Excel\u00eancia","url":"https:\/\/radiosul.net\/wp\/"},{"@type":"Person","@id":"https:\/\/radiosul.net\/wp\/author\/alejo\/#author","url":"https:\/\/radiosul.net\/wp\/author\/alejo\/","name":"Alejo Bordon","image":{"@type":"ImageObject","@id":"https:\/\/radiosul.net\/wp\/2020\/comeca-em-bage-a-edicao-2020-2021-da-prova-de-avaliac%cc%a7a%cc%83o-a-campo\/#authorImage","url":"https:\/\/secure.gravatar.com\/avatar\/b3a7e7f1c71212e6a5b7183b79a2ab58dad8bdc4cd4eadd61c4434d010d0bae4?s=96&d=mm&r=g","width":96,"height":96,"caption":"Alejo Bordon"}},{"@type":"WebPage","@id":"https:\/\/radiosul.net\/wp\/2020\/comeca-em-bage-a-edicao-2020-2021-da-prova-de-avaliac%cc%a7a%cc%83o-a-campo\/#webpage","url":"https:\/\/radiosul.net\/wp\/2020\/comeca-em-bage-a-edicao-2020-2021-da-prova-de-avaliac%cc%a7a%cc%83o-a-campo\/","name":"Come\u00e7a em Bag\u00e9 a edi\u00e7\u00e3o 2020\/2021 da Prova de Avaliac\u0327a\u0303o a Campo - radiosul.net","description":"Iniciou na manh\u00e3 desta ter\u00e7a-feira, dia 7 de julho, em Bag\u00e9 (RS) mais uma Prova de Avalia\u00e7\u00e3o a Campo (PAC) edi\u00e7\u00e3o 2020\/2021, realizada pela Associa\u00e7\u00e3o Brasileira de Hereford e Braford (ABHB) em parceria com a Embrapa Pecu\u00e1ria Sul. Os 24 animais passaram pelo manejo sanit\u00e1rio, identifica\u00e7\u00e3o do n\u00famero da prova e pesagem inicial. Conforme o","inLanguage":"pt-BR","isPartOf":{"@id":"https:\/\/radiosul.net\/wp\/#website"},"breadcrumb":{"@id":"https:\/\/radiosul.net\/wp\/2020\/comeca-em-bage-a-edicao-2020-2021-da-prova-de-avaliac%cc%a7a%cc%83o-a-campo\/#breadcrumblist"},"author":{"@id":"https:\/\/radiosul.net\/wp\/author\/alejo\/#author"},"creator":{"@id":"https:\/\/radiosul.net\/wp\/author\/alejo\/#author"},"image":{"@type":"ImageObject","url":"https:\/\/radiosul.net\/wp\/wp-content\/uploads\/2020\/07\/IMG_2552-1.jpg","@id":"https:\/\/radiosul.net\/wp\/2020\/comeca-em-bage-a-edicao-2020-2021-da-prova-de-avaliac%cc%a7a%cc%83o-a-campo\/#mainImage","width":700,"height":466,"caption":"Foto: Ana Virg\u00ednia Guterres"},"primaryImageOfPage":{"@id":"https:\/\/radiosul.net\/wp\/2020\/comeca-em-bage-a-edicao-2020-2021-da-prova-de-avaliac%cc%a7a%cc%83o-a-campo\/#mainImage"},"datePublished":"2020-07-08T07:00:36-03:00","dateModified":"2020-07-08T07:00:39-03:00"},{"@type":"WebSite","@id":"https:\/\/radiosul.net\/wp\/#website","url":"https:\/\/radiosul.net\/wp\/","name":"radiosul.net","description":"Regional por Excel\u00eancia","inLanguage":"pt-BR","publisher":{"@id":"https:\/\/radiosul.net\/wp\/#organization"}}]},"og:locale":"pt_BR","og:site_name":"radiosul.net - Regional por Excel\u00eancia","og:type":"article","og:title":"Come\u00e7a em Bag\u00e9 a edi\u00e7\u00e3o 2020\/2021 da Prova de Avaliac\u0327a\u0303o a Campo - radiosul.net","og:description":"Iniciou na manh\u00e3 desta ter\u00e7a-feira, dia 7 de julho, em Bag\u00e9 (RS) mais uma Prova de Avalia\u00e7\u00e3o a Campo (PAC) edi\u00e7\u00e3o 2020\/2021, realizada pela Associa\u00e7\u00e3o Brasileira de Hereford e Braford (ABHB) em parceria com a Embrapa Pecu\u00e1ria Sul. Os 24 animais passaram pelo manejo sanit\u00e1rio, identifica\u00e7\u00e3o do n\u00famero da prova e pesagem inicial. Conforme o","og:url":"https:\/\/radiosul.net\/wp\/2020\/comeca-em-bage-a-edicao-2020-2021-da-prova-de-avaliac%cc%a7a%cc%83o-a-campo\/","article:published_time":"2020-07-08T10:00:36+00:00","article:modified_time":"2020-07-08T10:00:39+00:00","twitter:card":"summary_large_image","twitter:title":"Come\u00e7a em Bag\u00e9 a edi\u00e7\u00e3o 2020\/2021 da Prova de Avaliac\u0327a\u0303o a Campo - radiosul.net","twitter:description":"Iniciou na manh\u00e3 desta ter\u00e7a-feira, dia 7 de julho, em Bag\u00e9 (RS) mais uma Prova de Avalia\u00e7\u00e3o a Campo (PAC) edi\u00e7\u00e3o 2020\/2021, realizada pela Associa\u00e7\u00e3o Brasileira de Hereford e Braford (ABHB) em parceria com a Embrapa Pecu\u00e1ria Sul. Os 24 animais passaram pelo manejo sanit\u00e1rio, identifica\u00e7\u00e3o do n\u00famero da prova e pesagem inicial. Conforme o"},"aioseo_meta_data":{"post_id":"13874","title":null,"description":null,"keywords":null,"keyphrases":null,"primary_term":null,"canonical_url":null,"og_title":null,"og_description":null,"og_object_type":"default","og_image_type":"default","og_image_url":null,"og_image_width":null,"og_image_height":null,"og_image_custom_url":null,"og_image_custom_fields":null,"og_video":null,"og_custom_url":null,"og_article_section":null,"og_article_tags":null,"twitter_use_og":false,"twitter_card":"default","twitter_image_type":"default","twitter_image_url":null,"twitter_image_custom_url":null,"twitter_image_custom_fields":null,"twitter_title":null,"twitter_description":null,"schema":{"blockGraphs":[],"customGraphs":[],"default":{"data":{"Article":[],"Course":[],"Dataset":[],"FAQPage":[],"Movie":[],"Person":[],"Product":[],"ProductReview":[],"Car":[],"Recipe":[],"Service":[],"SoftwareApplication":[],"WebPage":[]},"graphName":"","isEnabled":true},"graphs":[]},"schema_type":"default","schema_type_options":null,"pillar_content":false,"robots_default":true,"robots_noindex":false,"robots_noarchive":false,"robots_nosnippet":false,"robots_nofollow":false,"robots_noimageindex":false,"robots_noodp":false,"robots_notranslate":false,"robots_max_snippet":null,"robots_max_videopreview":null,"robots_max_imagepreview":"large","priority":null,"frequency":null,"local_seo":null,"breadcrumb_settings":null,"limit_modified_date":false,"ai":null,"created":"2026-01-08 21:41:38","updated":"2026-01-08 21:41:38","seo_analyzer_scan_date":null,"focus_keyword":null,"additional_keywords":null,"truseo_locale":null},"aioseo_breadcrumb":"<div class=\"aioseo-breadcrumbs\"><span class=\"aioseo-breadcrumb\">\n\t\t\t<a href=\"https:\/\/radiosul.net\/wp\" title=\"Home\">Home<\/a>\n\t\t<\/span><span class=\"aioseo-breadcrumb-separator\">&raquo;<\/span><span class=\"aioseo-breadcrumb\">\n\t\t\t<a href=\"https:\/\/radiosul.net\/wp\/category\/agro\/\" title=\"Agroneg\u00f3cio\">Agroneg\u00f3cio<\/a>\n\t\t<\/span><span class=\"aioseo-breadcrumb-separator\">&raquo;<\/span><span class=\"aioseo-breadcrumb\">\n\t\t\tCome\u00e7a em Bag\u00e9 a edi\u00e7\u00e3o 2020\/2021 da Prova de Avaliac\u0327a\u0303o a Campo\n\t\t<\/span><\/div>","aioseo_breadcrumb_json":[{"label":"Home","link":"https:\/\/radiosul.net\/wp"},{"label":"Agroneg\u00f3cio","link":"https:\/\/radiosul.net\/wp\/category\/agro\/"},{"label":"Come\u00e7a em Bag\u00e9 a edi\u00e7\u00e3o 2020\/2021 da Prova de Avaliac\u0327a\u0303o a Campo","link":"https:\/\/radiosul.net\/wp\/2020\/comeca-em-bage-a-edicao-2020-2021-da-prova-de-avaliac%cc%a7a%cc%83o-a-campo\/"}],"_links":{"self":[{"href":"https:\/\/radiosul.net\/wp\/wp-json\/wp\/v2\/posts\/13874","targetHints":{"allow":["GET"]}}],"collection":[{"href":"https:\/\/radiosul.net\/wp\/wp-json\/wp\/v2\/posts"}],"about":[{"href":"https:\/\/radiosul.net\/wp\/wp-json\/wp\/v2\/types\/post"}],"author":[{"embeddable":true,"href":"https:\/\/radiosul.net\/wp\/wp-json\/wp\/v2\/users\/9"}],"replies":[{"embeddable":true,"href":"https:\/\/radiosul.net\/wp\/wp-json\/wp\/v2\/comments?post=13874"}],"version-history":[{"count":1,"href":"https:\/\/radiosul.net\/wp\/wp-json\/wp\/v2\/posts\/13874\/revisions"}],"predecessor-version":[{"id":13879,"href":"https:\/\/radiosul.net\/wp\/wp-json\/wp\/v2\/posts\/13874\/revisions\/13879"}],"wp:featuredmedia":[{"embeddable":true,"href":"https:\/\/radiosul.net\/wp\/wp-json\/wp\/v2\/media\/13862"}],"wp:attachment":[{"href":"https:\/\/radiosul.net\/wp\/wp-json\/wp\/v2\/media?parent=13874"}],"wp:term":[{"taxonomy":"category","embeddable":true,"href":"https:\/\/radiosul.net\/wp\/wp-json\/wp\/v2\/categories?post=13874"},{"taxonomy":"post_tag","embeddable":true,"href":"https:\/\/radiosul.net\/wp\/wp-json\/wp\/v2\/tags?post=13874"}],"curies":[{"name":"wp","href":"https:\/\/api.w.org\/{rel}","templated":true}]}}