{"id":13805,"date":"2020-07-06T09:48:15","date_gmt":"2020-07-06T12:48:15","guid":{"rendered":"https:\/\/radiosul.net\/wp\/?p=13805"},"modified":"2020-07-06T09:55:05","modified_gmt":"2020-07-06T12:55:05","slug":"carne-angus-certificada-realizara-primeiro-treinamento-anual-on-line","status":"publish","type":"post","link":"https:\/\/radiosul.net\/wp\/2020\/carne-angus-certificada-realizara-primeiro-treinamento-anual-on-line\/","title":{"rendered":"Carne Angus Certificada realizar\u00e1 primeiro treinamento anual on-line"},"content":{"rendered":"\n<p class=\"wp-block-paragraph\">Pela primeira vez, o treinamento anual da equipe do Programa Carne Angus Certificada ser\u00e1 completamente virtual e unificado. Os 53 certificadores e inspetores da equipe acompanhar\u00e3o, a partir desta segunda-feira (6\/7) at\u00e9 quarta-feira (8\/7), palestras \u00e0 dist\u00e2ncia sobre padr\u00e3o racial, avalia\u00e7\u00e3o de carca\u00e7as, procedimentos internos e fatores que influenciam na qualidade. Al\u00e9m da equipe t\u00e9cnica e diretiva da Angus, a professora Ang\u00e9lica Pereira, do Departamento de Nutri\u00e7\u00e3o e Produ\u00e7\u00e3o Animal da Universidade de S\u00e3o Paulo (USP), ministrar\u00e1 palestra sobre qualidade de carne.<\/p>\n\n\n\n<p class=\"wp-block-paragraph\">Antes da pandemia de Covid-19, todos os treinamentos anuais eram feitos presencialmente, divididos em tr\u00eas regi\u00f5es. Com as recomenda\u00e7\u00f5es de isolamento social e limita\u00e7\u00f5es dentro dos frigor\u00edficos parceiros, a solu\u00e7\u00e3o foi congregar toda a equipe virtualmente. Para a gerente do Programa, Ana Doralina Menezes, o modo remoto traz benef\u00edcios, como uma maior organiza\u00e7\u00e3o de temas e abordagens. \u201cComo faz\u00edamos tr\u00eas treinamentos separados, por uma quest\u00e3o de log\u00edstica, nem sempre consegu\u00edamos abordar todos os assuntos da mesma forma, em todos os treinamentos. Assim, toda a equipe vai estar na mesma tela, na mesma sala, ao mesmo tempo. Com isso, teremos uma intera\u00e7\u00e3o maior pois, como est\u00e3o distantes, cada um em sua unidade, a maioria n\u00e3o se conhece pessoalmente, e esta ser\u00e1 uma bela oportunidade de estarmos todos juntos\u201d, diz Ana.<\/p>\n\n\n\n<p class=\"wp-block-paragraph\">A expectativa, segundo a m\u00e9dica veterin\u00e1ria, \u00e9 de que o formato seja produtivo, tirando as d\u00favidas de todos e simulando situa\u00e7\u00f5es do dia a dia dos frigor\u00edficos. \u201cEsperamos que isso traga reflex\u00f5es e todos compartilhem suas experi\u00eancias\u201d, pontua.<\/p>\n\n\n\n<p class=\"wp-block-paragraph\"><strong><em>Fonte: Associa\u00e7\u00e3o Brasileira de Angus<\/em><\/strong><\/p>\n","protected":false},"excerpt":{"rendered":"<p>Pela primeira vez, o treinamento anual da equipe do Programa Carne Angus Certificada ser\u00e1 completamente virtual e unificado. Os 53 certificadores e inspetores da equipe acompanhar\u00e3o, a partir desta segunda-feira (6\/7) at\u00e9 quarta-feira (8\/7), palestras \u00e0 dist\u00e2ncia sobre padr\u00e3o racial, avalia\u00e7\u00e3o de carca\u00e7as, procedimentos internos e fatores que influenciam na qualidade. Al\u00e9m da equipe t\u00e9cnica &hellip;<\/p>\n","protected":false},"author":9,"featured_media":13806,"comment_status":"closed","ping_status":"closed","sticky":false,"template":"","format":"standard","meta":{"_monsterinsights_skip_tracking":false,"_uf_show_specific_survey":0,"_uf_disable_surveys":false,"footnotes":""},"categories":[1,126],"tags":[],"class_list":["post-13805","post","type-post","status-publish","format-standard","has-post-thumbnail","hentry","category-agro","category-destacados"],"aioseo_notices":[],"aioseo_head":"\n\t\t<!-- All in One SEO 5.0.1.1 - aioseo.com -->\n\t<meta name=\"description\" content=\"Pela primeira vez, o treinamento anual da equipe do Programa Carne Angus Certificada ser\u00e1 completamente virtual e unificado. Os 53 certificadores e inspetores da equipe acompanhar\u00e3o, a partir desta segunda-feira (6\/7) at\u00e9 quarta-feira (8\/7), palestras \u00e0 dist\u00e2ncia sobre padr\u00e3o racial, avalia\u00e7\u00e3o de carca\u00e7as, procedimentos internos e fatores que influenciam na qualidade. Al\u00e9m da equipe t\u00e9cnica\" \/>\n\t<meta name=\"robots\" content=\"max-image-preview:large\" \/>\n\t<meta name=\"author\" content=\"Alejo Bordon\"\/>\n\t<link rel=\"canonical\" href=\"https:\/\/radiosul.net\/wp\/2020\/carne-angus-certificada-realizara-primeiro-treinamento-anual-on-line\/\" \/>\n\t<meta name=\"generator\" content=\"All in One SEO (AIOSEO) 5.0.1.1\" \/>\n\t\t<meta property=\"og:locale\" content=\"pt_BR\" \/>\n\t\t<meta property=\"og:site_name\" content=\"radiosul.net - Regional por Excel\u00eancia\" \/>\n\t\t<meta property=\"og:type\" content=\"article\" \/>\n\t\t<meta property=\"og:title\" content=\"Carne Angus Certificada realizar\u00e1 primeiro treinamento anual on-line - radiosul.net\" \/>\n\t\t<meta property=\"og:description\" content=\"Pela primeira vez, o treinamento anual da equipe do Programa Carne Angus Certificada ser\u00e1 completamente virtual e unificado. Os 53 certificadores e inspetores da equipe acompanhar\u00e3o, a partir desta segunda-feira (6\/7) at\u00e9 quarta-feira (8\/7), palestras \u00e0 dist\u00e2ncia sobre padr\u00e3o racial, avalia\u00e7\u00e3o de carca\u00e7as, procedimentos internos e fatores que influenciam na qualidade. Al\u00e9m da equipe t\u00e9cnica\" \/>\n\t\t<meta property=\"og:url\" content=\"https:\/\/radiosul.net\/wp\/2020\/carne-angus-certificada-realizara-primeiro-treinamento-anual-on-line\/\" \/>\n\t\t<meta property=\"article:published_time\" content=\"2020-07-06T12:48:15+00:00\" \/>\n\t\t<meta property=\"article:modified_time\" content=\"2020-07-06T12:55:05+00:00\" \/>\n\t\t<meta name=\"twitter:card\" content=\"summary_large_image\" \/>\n\t\t<meta name=\"twitter:title\" content=\"Carne Angus Certificada realizar\u00e1 primeiro treinamento anual on-line - radiosul.net\" \/>\n\t\t<meta name=\"twitter:description\" content=\"Pela primeira vez, o treinamento anual da equipe do Programa Carne Angus Certificada ser\u00e1 completamente virtual e unificado. Os 53 certificadores e inspetores da equipe acompanhar\u00e3o, a partir desta segunda-feira (6\/7) at\u00e9 quarta-feira (8\/7), palestras \u00e0 dist\u00e2ncia sobre padr\u00e3o racial, avalia\u00e7\u00e3o de carca\u00e7as, procedimentos internos e fatores que influenciam na qualidade. Al\u00e9m da equipe t\u00e9cnica\" \/>\n\t\t<script type=\"application\/ld+json\" class=\"aioseo-schema\">\n\t\t\t{\"@context\":\"https:\\\/\\\/schema.org\",\"@graph\":[{\"@type\":\"BlogPosting\",\"@id\":\"https:\\\/\\\/radiosul.net\\\/wp\\\/2020\\\/carne-angus-certificada-realizara-primeiro-treinamento-anual-on-line\\\/#blogposting\",\"name\":\"Carne Angus Certificada realizar\\u00e1 primeiro treinamento anual on-line - radiosul.net\",\"headline\":\"Carne Angus Certificada realizar\\u00e1 primeiro treinamento anual on-line\",\"author\":{\"@id\":\"https:\\\/\\\/radiosul.net\\\/wp\\\/author\\\/alejo\\\/#author\"},\"publisher\":{\"@id\":\"https:\\\/\\\/radiosul.net\\\/wp\\\/#organization\"},\"image\":{\"@type\":\"ImageObject\",\"url\":\"https:\\\/\\\/radiosul.net\\\/wp\\\/wp-content\\\/uploads\\\/2020\\\/07\\\/angusiste.png\",\"width\":650,\"height\":650},\"datePublished\":\"2020-07-06T09:48:15-03:00\",\"dateModified\":\"2020-07-06T09:55:05-03:00\",\"inLanguage\":\"pt-BR\",\"mainEntityOfPage\":{\"@id\":\"https:\\\/\\\/radiosul.net\\\/wp\\\/2020\\\/carne-angus-certificada-realizara-primeiro-treinamento-anual-on-line\\\/#webpage\"},\"isPartOf\":{\"@id\":\"https:\\\/\\\/radiosul.net\\\/wp\\\/2020\\\/carne-angus-certificada-realizara-primeiro-treinamento-anual-on-line\\\/#webpage\"},\"articleSection\":\"Agroneg\\u00f3cio, Destaque\"},{\"@type\":\"BreadcrumbList\",\"@id\":\"https:\\\/\\\/radiosul.net\\\/wp\\\/2020\\\/carne-angus-certificada-realizara-primeiro-treinamento-anual-on-line\\\/#breadcrumblist\",\"itemListElement\":[{\"@type\":\"ListItem\",\"@id\":\"https:\\\/\\\/radiosul.net\\\/wp#listItem\",\"position\":1,\"name\":\"Home\",\"item\":\"https:\\\/\\\/radiosul.net\\\/wp\",\"nextItem\":{\"@type\":\"ListItem\",\"@id\":\"https:\\\/\\\/radiosul.net\\\/wp\\\/category\\\/agro\\\/#listItem\",\"name\":\"Agroneg\\u00f3cio\"}},{\"@type\":\"ListItem\",\"@id\":\"https:\\\/\\\/radiosul.net\\\/wp\\\/category\\\/agro\\\/#listItem\",\"position\":2,\"name\":\"Agroneg\\u00f3cio\",\"item\":\"https:\\\/\\\/radiosul.net\\\/wp\\\/category\\\/agro\\\/\",\"nextItem\":{\"@type\":\"ListItem\",\"@id\":\"https:\\\/\\\/radiosul.net\\\/wp\\\/2020\\\/carne-angus-certificada-realizara-primeiro-treinamento-anual-on-line\\\/#listItem\",\"name\":\"Carne Angus Certificada realizar\\u00e1 primeiro treinamento anual on-line\"},\"previousItem\":{\"@type\":\"ListItem\",\"@id\":\"https:\\\/\\\/radiosul.net\\\/wp#listItem\",\"name\":\"Home\"}},{\"@type\":\"ListItem\",\"@id\":\"https:\\\/\\\/radiosul.net\\\/wp\\\/2020\\\/carne-angus-certificada-realizara-primeiro-treinamento-anual-on-line\\\/#listItem\",\"position\":3,\"name\":\"Carne Angus Certificada realizar\\u00e1 primeiro treinamento anual on-line\",\"previousItem\":{\"@type\":\"ListItem\",\"@id\":\"https:\\\/\\\/radiosul.net\\\/wp\\\/category\\\/agro\\\/#listItem\",\"name\":\"Agroneg\\u00f3cio\"}}]},{\"@type\":\"Organization\",\"@id\":\"https:\\\/\\\/radiosul.net\\\/wp\\\/#organization\",\"name\":\"radiosul.net\",\"description\":\"Regional por Excel\\u00eancia\",\"url\":\"https:\\\/\\\/radiosul.net\\\/wp\\\/\"},{\"@type\":\"Person\",\"@id\":\"https:\\\/\\\/radiosul.net\\\/wp\\\/author\\\/alejo\\\/#author\",\"url\":\"https:\\\/\\\/radiosul.net\\\/wp\\\/author\\\/alejo\\\/\",\"name\":\"Alejo Bordon\",\"image\":{\"@type\":\"ImageObject\",\"@id\":\"https:\\\/\\\/radiosul.net\\\/wp\\\/2020\\\/carne-angus-certificada-realizara-primeiro-treinamento-anual-on-line\\\/#authorImage\",\"url\":\"https:\\\/\\\/secure.gravatar.com\\\/avatar\\\/b3a7e7f1c71212e6a5b7183b79a2ab58dad8bdc4cd4eadd61c4434d010d0bae4?s=96&d=mm&r=g\",\"width\":96,\"height\":96,\"caption\":\"Alejo Bordon\"}},{\"@type\":\"WebPage\",\"@id\":\"https:\\\/\\\/radiosul.net\\\/wp\\\/2020\\\/carne-angus-certificada-realizara-primeiro-treinamento-anual-on-line\\\/#webpage\",\"url\":\"https:\\\/\\\/radiosul.net\\\/wp\\\/2020\\\/carne-angus-certificada-realizara-primeiro-treinamento-anual-on-line\\\/\",\"name\":\"Carne Angus Certificada realizar\\u00e1 primeiro treinamento anual on-line - radiosul.net\",\"description\":\"Pela primeira vez, o treinamento anual da equipe do Programa Carne Angus Certificada ser\\u00e1 completamente virtual e unificado. Os 53 certificadores e inspetores da equipe acompanhar\\u00e3o, a partir desta segunda-feira (6\\\/7) at\\u00e9 quarta-feira (8\\\/7), palestras \\u00e0 dist\\u00e2ncia sobre padr\\u00e3o racial, avalia\\u00e7\\u00e3o de carca\\u00e7as, procedimentos internos e fatores que influenciam na qualidade. Al\\u00e9m da equipe t\\u00e9cnica\",\"inLanguage\":\"pt-BR\",\"isPartOf\":{\"@id\":\"https:\\\/\\\/radiosul.net\\\/wp\\\/#website\"},\"breadcrumb\":{\"@id\":\"https:\\\/\\\/radiosul.net\\\/wp\\\/2020\\\/carne-angus-certificada-realizara-primeiro-treinamento-anual-on-line\\\/#breadcrumblist\"},\"author\":{\"@id\":\"https:\\\/\\\/radiosul.net\\\/wp\\\/author\\\/alejo\\\/#author\"},\"creator\":{\"@id\":\"https:\\\/\\\/radiosul.net\\\/wp\\\/author\\\/alejo\\\/#author\"},\"image\":{\"@type\":\"ImageObject\",\"url\":\"https:\\\/\\\/radiosul.net\\\/wp\\\/wp-content\\\/uploads\\\/2020\\\/07\\\/angusiste.png\",\"@id\":\"https:\\\/\\\/radiosul.net\\\/wp\\\/2020\\\/carne-angus-certificada-realizara-primeiro-treinamento-anual-on-line\\\/#mainImage\",\"width\":650,\"height\":650},\"primaryImageOfPage\":{\"@id\":\"https:\\\/\\\/radiosul.net\\\/wp\\\/2020\\\/carne-angus-certificada-realizara-primeiro-treinamento-anual-on-line\\\/#mainImage\"},\"datePublished\":\"2020-07-06T09:48:15-03:00\",\"dateModified\":\"2020-07-06T09:55:05-03:00\"},{\"@type\":\"WebSite\",\"@id\":\"https:\\\/\\\/radiosul.net\\\/wp\\\/#website\",\"url\":\"https:\\\/\\\/radiosul.net\\\/wp\\\/\",\"name\":\"radiosul.net\",\"description\":\"Regional por Excel\\u00eancia\",\"inLanguage\":\"pt-BR\",\"publisher\":{\"@id\":\"https:\\\/\\\/radiosul.net\\\/wp\\\/#organization\"}}]}\n\t\t<\/script>\n\t\t<!-- All in One SEO -->\n\n","aioseo_head_json":{"title":"Carne Angus Certificada realizar\u00e1 primeiro treinamento anual on-line - radiosul.net","description":"Pela primeira vez, o treinamento anual da equipe do Programa Carne Angus Certificada ser\u00e1 completamente virtual e unificado. Os 53 certificadores e inspetores da equipe acompanhar\u00e3o, a partir desta segunda-feira (6\/7) at\u00e9 quarta-feira (8\/7), palestras \u00e0 dist\u00e2ncia sobre padr\u00e3o racial, avalia\u00e7\u00e3o de carca\u00e7as, procedimentos internos e fatores que influenciam na qualidade. Al\u00e9m da equipe t\u00e9cnica","canonical_url":"https:\/\/radiosul.net\/wp\/2020\/carne-angus-certificada-realizara-primeiro-treinamento-anual-on-line\/","robots":"max-image-preview:large","keywords":"","webmasterTools":{"miscellaneous":""},"schema":{"@context":"https:\/\/schema.org","@graph":[{"@type":"BlogPosting","@id":"https:\/\/radiosul.net\/wp\/2020\/carne-angus-certificada-realizara-primeiro-treinamento-anual-on-line\/#blogposting","name":"Carne Angus Certificada realizar\u00e1 primeiro treinamento anual on-line - radiosul.net","headline":"Carne Angus Certificada realizar\u00e1 primeiro treinamento anual on-line","author":{"@id":"https:\/\/radiosul.net\/wp\/author\/alejo\/#author"},"publisher":{"@id":"https:\/\/radiosul.net\/wp\/#organization"},"image":{"@type":"ImageObject","url":"https:\/\/radiosul.net\/wp\/wp-content\/uploads\/2020\/07\/angusiste.png","width":650,"height":650},"datePublished":"2020-07-06T09:48:15-03:00","dateModified":"2020-07-06T09:55:05-03:00","inLanguage":"pt-BR","mainEntityOfPage":{"@id":"https:\/\/radiosul.net\/wp\/2020\/carne-angus-certificada-realizara-primeiro-treinamento-anual-on-line\/#webpage"},"isPartOf":{"@id":"https:\/\/radiosul.net\/wp\/2020\/carne-angus-certificada-realizara-primeiro-treinamento-anual-on-line\/#webpage"},"articleSection":"Agroneg\u00f3cio, Destaque"},{"@type":"BreadcrumbList","@id":"https:\/\/radiosul.net\/wp\/2020\/carne-angus-certificada-realizara-primeiro-treinamento-anual-on-line\/#breadcrumblist","itemListElement":[{"@type":"ListItem","@id":"https:\/\/radiosul.net\/wp#listItem","position":1,"name":"Home","item":"https:\/\/radiosul.net\/wp","nextItem":{"@type":"ListItem","@id":"https:\/\/radiosul.net\/wp\/category\/agro\/#listItem","name":"Agroneg\u00f3cio"}},{"@type":"ListItem","@id":"https:\/\/radiosul.net\/wp\/category\/agro\/#listItem","position":2,"name":"Agroneg\u00f3cio","item":"https:\/\/radiosul.net\/wp\/category\/agro\/","nextItem":{"@type":"ListItem","@id":"https:\/\/radiosul.net\/wp\/2020\/carne-angus-certificada-realizara-primeiro-treinamento-anual-on-line\/#listItem","name":"Carne Angus Certificada realizar\u00e1 primeiro treinamento anual on-line"},"previousItem":{"@type":"ListItem","@id":"https:\/\/radiosul.net\/wp#listItem","name":"Home"}},{"@type":"ListItem","@id":"https:\/\/radiosul.net\/wp\/2020\/carne-angus-certificada-realizara-primeiro-treinamento-anual-on-line\/#listItem","position":3,"name":"Carne Angus Certificada realizar\u00e1 primeiro treinamento anual on-line","previousItem":{"@type":"ListItem","@id":"https:\/\/radiosul.net\/wp\/category\/agro\/#listItem","name":"Agroneg\u00f3cio"}}]},{"@type":"Organization","@id":"https:\/\/radiosul.net\/wp\/#organization","name":"radiosul.net","description":"Regional por Excel\u00eancia","url":"https:\/\/radiosul.net\/wp\/"},{"@type":"Person","@id":"https:\/\/radiosul.net\/wp\/author\/alejo\/#author","url":"https:\/\/radiosul.net\/wp\/author\/alejo\/","name":"Alejo Bordon","image":{"@type":"ImageObject","@id":"https:\/\/radiosul.net\/wp\/2020\/carne-angus-certificada-realizara-primeiro-treinamento-anual-on-line\/#authorImage","url":"https:\/\/secure.gravatar.com\/avatar\/b3a7e7f1c71212e6a5b7183b79a2ab58dad8bdc4cd4eadd61c4434d010d0bae4?s=96&d=mm&r=g","width":96,"height":96,"caption":"Alejo Bordon"}},{"@type":"WebPage","@id":"https:\/\/radiosul.net\/wp\/2020\/carne-angus-certificada-realizara-primeiro-treinamento-anual-on-line\/#webpage","url":"https:\/\/radiosul.net\/wp\/2020\/carne-angus-certificada-realizara-primeiro-treinamento-anual-on-line\/","name":"Carne Angus Certificada realizar\u00e1 primeiro treinamento anual on-line - radiosul.net","description":"Pela primeira vez, o treinamento anual da equipe do Programa Carne Angus Certificada ser\u00e1 completamente virtual e unificado. Os 53 certificadores e inspetores da equipe acompanhar\u00e3o, a partir desta segunda-feira (6\/7) at\u00e9 quarta-feira (8\/7), palestras \u00e0 dist\u00e2ncia sobre padr\u00e3o racial, avalia\u00e7\u00e3o de carca\u00e7as, procedimentos internos e fatores que influenciam na qualidade. Al\u00e9m da equipe t\u00e9cnica","inLanguage":"pt-BR","isPartOf":{"@id":"https:\/\/radiosul.net\/wp\/#website"},"breadcrumb":{"@id":"https:\/\/radiosul.net\/wp\/2020\/carne-angus-certificada-realizara-primeiro-treinamento-anual-on-line\/#breadcrumblist"},"author":{"@id":"https:\/\/radiosul.net\/wp\/author\/alejo\/#author"},"creator":{"@id":"https:\/\/radiosul.net\/wp\/author\/alejo\/#author"},"image":{"@type":"ImageObject","url":"https:\/\/radiosul.net\/wp\/wp-content\/uploads\/2020\/07\/angusiste.png","@id":"https:\/\/radiosul.net\/wp\/2020\/carne-angus-certificada-realizara-primeiro-treinamento-anual-on-line\/#mainImage","width":650,"height":650},"primaryImageOfPage":{"@id":"https:\/\/radiosul.net\/wp\/2020\/carne-angus-certificada-realizara-primeiro-treinamento-anual-on-line\/#mainImage"},"datePublished":"2020-07-06T09:48:15-03:00","dateModified":"2020-07-06T09:55:05-03:00"},{"@type":"WebSite","@id":"https:\/\/radiosul.net\/wp\/#website","url":"https:\/\/radiosul.net\/wp\/","name":"radiosul.net","description":"Regional por Excel\u00eancia","inLanguage":"pt-BR","publisher":{"@id":"https:\/\/radiosul.net\/wp\/#organization"}}]},"og:locale":"pt_BR","og:site_name":"radiosul.net - Regional por Excel\u00eancia","og:type":"article","og:title":"Carne Angus Certificada realizar\u00e1 primeiro treinamento anual on-line - radiosul.net","og:description":"Pela primeira vez, o treinamento anual da equipe do Programa Carne Angus Certificada ser\u00e1 completamente virtual e unificado. Os 53 certificadores e inspetores da equipe acompanhar\u00e3o, a partir desta segunda-feira (6\/7) at\u00e9 quarta-feira (8\/7), palestras \u00e0 dist\u00e2ncia sobre padr\u00e3o racial, avalia\u00e7\u00e3o de carca\u00e7as, procedimentos internos e fatores que influenciam na qualidade. Al\u00e9m da equipe t\u00e9cnica","og:url":"https:\/\/radiosul.net\/wp\/2020\/carne-angus-certificada-realizara-primeiro-treinamento-anual-on-line\/","article:published_time":"2020-07-06T12:48:15+00:00","article:modified_time":"2020-07-06T12:55:05+00:00","twitter:card":"summary_large_image","twitter:title":"Carne Angus Certificada realizar\u00e1 primeiro treinamento anual on-line - radiosul.net","twitter:description":"Pela primeira vez, o treinamento anual da equipe do Programa Carne Angus Certificada ser\u00e1 completamente virtual e unificado. Os 53 certificadores e inspetores da equipe acompanhar\u00e3o, a partir desta segunda-feira (6\/7) at\u00e9 quarta-feira (8\/7), palestras \u00e0 dist\u00e2ncia sobre padr\u00e3o racial, avalia\u00e7\u00e3o de carca\u00e7as, procedimentos internos e fatores que influenciam na qualidade. Al\u00e9m da equipe t\u00e9cnica"},"aioseo_meta_data":{"post_id":"13805","title":null,"description":null,"keywords":null,"keyphrases":null,"primary_term":null,"canonical_url":null,"og_title":null,"og_description":null,"og_object_type":"default","og_image_type":"default","og_image_url":null,"og_image_width":null,"og_image_height":null,"og_image_custom_url":null,"og_image_custom_fields":null,"og_video":null,"og_custom_url":null,"og_article_section":null,"og_article_tags":null,"twitter_use_og":false,"twitter_card":"default","twitter_image_type":"default","twitter_image_url":null,"twitter_image_custom_url":null,"twitter_image_custom_fields":null,"twitter_title":null,"twitter_description":null,"schema":{"blockGraphs":[],"customGraphs":[],"default":{"data":{"Article":[],"Course":[],"Dataset":[],"FAQPage":[],"Movie":[],"Person":[],"Product":[],"ProductReview":[],"Car":[],"Recipe":[],"Service":[],"SoftwareApplication":[],"WebPage":[]},"graphName":"","isEnabled":true},"graphs":[]},"schema_type":"default","schema_type_options":null,"pillar_content":false,"robots_default":true,"robots_noindex":false,"robots_noarchive":false,"robots_nosnippet":false,"robots_nofollow":false,"robots_noimageindex":false,"robots_noodp":false,"robots_notranslate":false,"robots_max_snippet":null,"robots_max_videopreview":null,"robots_max_imagepreview":"large","priority":null,"frequency":null,"local_seo":null,"breadcrumb_settings":null,"limit_modified_date":false,"ai":null,"created":"2026-01-08 21:39:26","updated":"2026-01-08 21:39:26","seo_analyzer_scan_date":null,"focus_keyword":null,"additional_keywords":null,"truseo_locale":null},"aioseo_breadcrumb":"<div class=\"aioseo-breadcrumbs\"><span class=\"aioseo-breadcrumb\">\n\t\t\t<a href=\"https:\/\/radiosul.net\/wp\" title=\"Home\">Home<\/a>\n\t\t<\/span><span class=\"aioseo-breadcrumb-separator\">&raquo;<\/span><span class=\"aioseo-breadcrumb\">\n\t\t\t<a href=\"https:\/\/radiosul.net\/wp\/category\/agro\/\" title=\"Agroneg\u00f3cio\">Agroneg\u00f3cio<\/a>\n\t\t<\/span><span class=\"aioseo-breadcrumb-separator\">&raquo;<\/span><span class=\"aioseo-breadcrumb\">\n\t\t\tCarne Angus Certificada realizar\u00e1 primeiro treinamento anual on-line\n\t\t<\/span><\/div>","aioseo_breadcrumb_json":[{"label":"Home","link":"https:\/\/radiosul.net\/wp"},{"label":"Agroneg\u00f3cio","link":"https:\/\/radiosul.net\/wp\/category\/agro\/"},{"label":"Carne Angus Certificada realizar\u00e1 primeiro treinamento anual on-line","link":"https:\/\/radiosul.net\/wp\/2020\/carne-angus-certificada-realizara-primeiro-treinamento-anual-on-line\/"}],"_links":{"self":[{"href":"https:\/\/radiosul.net\/wp\/wp-json\/wp\/v2\/posts\/13805","targetHints":{"allow":["GET"]}}],"collection":[{"href":"https:\/\/radiosul.net\/wp\/wp-json\/wp\/v2\/posts"}],"about":[{"href":"https:\/\/radiosul.net\/wp\/wp-json\/wp\/v2\/types\/post"}],"author":[{"embeddable":true,"href":"https:\/\/radiosul.net\/wp\/wp-json\/wp\/v2\/users\/9"}],"replies":[{"embeddable":true,"href":"https:\/\/radiosul.net\/wp\/wp-json\/wp\/v2\/comments?post=13805"}],"version-history":[{"count":2,"href":"https:\/\/radiosul.net\/wp\/wp-json\/wp\/v2\/posts\/13805\/revisions"}],"predecessor-version":[{"id":13808,"href":"https:\/\/radiosul.net\/wp\/wp-json\/wp\/v2\/posts\/13805\/revisions\/13808"}],"wp:featuredmedia":[{"embeddable":true,"href":"https:\/\/radiosul.net\/wp\/wp-json\/wp\/v2\/media\/13806"}],"wp:attachment":[{"href":"https:\/\/radiosul.net\/wp\/wp-json\/wp\/v2\/media?parent=13805"}],"wp:term":[{"taxonomy":"category","embeddable":true,"href":"https:\/\/radiosul.net\/wp\/wp-json\/wp\/v2\/categories?post=13805"},{"taxonomy":"post_tag","embeddable":true,"href":"https:\/\/radiosul.net\/wp\/wp-json\/wp\/v2\/tags?post=13805"}],"curies":[{"name":"wp","href":"https:\/\/api.w.org\/{rel}","templated":true}]}}