{"id":13719,"date":"2020-06-30T17:03:43","date_gmt":"2020-06-30T20:03:43","guid":{"rendered":"https:\/\/radiosul.net\/wp\/?p=13719"},"modified":"2020-06-30T17:03:48","modified_gmt":"2020-06-30T20:03:48","slug":"30-de-junho-dia-do-auditor-fiscal-federal-agropecuario","status":"publish","type":"post","link":"https:\/\/radiosul.net\/wp\/2020\/30-de-junho-dia-do-auditor-fiscal-federal-agropecuario\/","title":{"rendered":"30 de junho \u2013 Dia do Auditor Fiscal Federal Agropecu\u00e1rio"},"content":{"rendered":"\n<p class=\"wp-block-paragraph\">Com atua\u00e7\u00e3o fundamental no segmento que mais tem contribu\u00eddo com a economia brasileira, o agroneg\u00f3cio, os auditores fiscais do Minist\u00e9rio da Agricultura comemoram no dia 30 de junho os 20 anos de cria\u00e7\u00e3o da carreira. A data marca o Dia do Auditor Fiscal Federal Agropecu\u00e1rio. Mas o trabalho da fiscaliza\u00e7\u00e3o agropecu\u00e1ria existe desde a cria\u00e7\u00e3o do Mapa, que teve sua origem em 1860, ainda pelas m\u00e3os de Dom Pedro II.<\/p>\n\n\n\n<figure class=\"wp-block-image size-large\"><img loading=\"lazy\" decoding=\"async\" width=\"768\" height=\"1024\" src=\"https:\/\/radiosul.net\/wp\/wp-content\/uploads\/2020\/06\/IMG-20200623-WA0071-768x1024.jpg\" alt=\"\" class=\"wp-image-13722\" srcset=\"https:\/\/radiosul.net\/wp\/wp-content\/uploads\/2020\/06\/IMG-20200623-WA0071-768x1024.jpg 768w, https:\/\/radiosul.net\/wp\/wp-content\/uploads\/2020\/06\/IMG-20200623-WA0071-225x300.jpg 225w, https:\/\/radiosul.net\/wp\/wp-content\/uploads\/2020\/06\/IMG-20200623-WA0071.jpg 960w\" sizes=\"auto, (max-width: 768px) 100vw, 768px\" \/><figcaption>Divulga\u00e7\u00e3o DS-RS Anffa Sindical<\/figcaption><\/figure>\n\n\n\n<p class=\"wp-block-paragraph\">Com todo o crescimento do agro nos \u00faltimos anos, a carreira vem se ressentindo da falta de colegas para ocuparem as vagas deixadas por outros que se aposentam. Conforme o delegado Sindical do Anffa no RS, Mario Peyrot Lopes, \u201ca DS-RS Anffa Sindical destaca, nesta data especial, a essencialidade do trabalho dos Affas, na expectativa de que haja a valoriza\u00e7\u00e3o da categoria por parte do governo e da popula\u00e7\u00e3o\u201d.<\/p>\n\n\n\n<p class=\"wp-block-paragraph\"><br>Atualmente integram a carreira de auditoria m\u00e9dicos veterin\u00e1rios, engenheiros agr\u00f4nomos, farmac\u00eauticos, qu\u00edmicos e zootecnistas, distribu\u00eddos em diferentes unidades em todo o pa\u00eds. No Rio Grande do Sul s\u00e3o pouco mais de duzentos profissionais na ativa, desdobrando-se em atividades que v\u00e3o desde abordagem e inspe\u00e7\u00e3o de cargas, at\u00e9 an\u00e1lises laboratoriais e fomento agropecu\u00e1rio.<\/p>\n\n\n\n<p class=\"wp-block-paragraph\"><br>Os Auditores Fiscais Federais Agropecu\u00e1rios atuam na inspe\u00e7\u00e3o de produtos de origem animal, dentro dos frigor\u00edficos, verificando as condi\u00e7\u00f5es de sanidade das carca\u00e7as e do produto final. Tamb\u00e9m trabalham na inspe\u00e7\u00e3o de produtos de origem vegetal, como sementes e mudas, vinhos,&nbsp; e azeites de oliva. Nas importa\u00e7\u00f5es e exporta\u00e7\u00f5es, em portos, aeroportos e fronteiras, os servidores atuam diretamente, inspecionando cargas, fiscalizando documenta\u00e7\u00f5es e emitindo certificados.&nbsp;<br><\/p>\n\n\n\n<p class=\"wp-block-paragraph\">Nos Laborat\u00f3rios Federais de Defesa Agropecu\u00e1ria, fazem a an\u00e1lise de amostras de produtos de origem animal e vegetal. Nos \u00faltimos meses, com a pandemia, o laborat\u00f3rio de Porto Alegre tem realizado, inclusive, diagn\u00f3sticos de Covid-19. \u00c9 papel dos auditores agropecu\u00e1rios tamb\u00e9m contribuir com a defini\u00e7\u00e3o e auditar a libera\u00e7\u00e3o de verbas parlamentares para projetos do agroneg\u00f3cio. O Rio Grande do sul concentra em torno de 30% de toda a verba de emendas parlamentares destinadas ao agroneg\u00f3cio no pa\u00eds.<\/p>\n\n\n\n<figure class=\"wp-block-audio\"><audio controls src=\"https:\/\/radiosul.net\/wp\/wp-content\/uploads\/2020\/06\/WhatsApp-Audio-2020-06-29-at-19.14.17.mp4\"><\/audio><figcaption>Thais D&#8217;avila<\/figcaption><\/figure>\n\n\n\n<p class=\"wp-block-paragraph\"><strong><em>Fonte: Thais D&#8217;Avila\/DS-RS Anffa Sindical<\/em><\/strong><\/p>\n","protected":false},"excerpt":{"rendered":"<p>Com atua\u00e7\u00e3o fundamental no segmento que mais tem contribu\u00eddo com a economia brasileira, o agroneg\u00f3cio, os auditores fiscais do Minist\u00e9rio da Agricultura comemoram no dia 30 de junho os 20 anos de cria\u00e7\u00e3o da carreira. A data marca o Dia do Auditor Fiscal Federal Agropecu\u00e1rio. Mas o trabalho da fiscaliza\u00e7\u00e3o agropecu\u00e1ria existe desde a cria\u00e7\u00e3o &hellip;<\/p>\n","protected":false},"author":9,"featured_media":13721,"comment_status":"closed","ping_status":"closed","sticky":false,"template":"","format":"standard","meta":{"_monsterinsights_skip_tracking":false,"_uf_show_specific_survey":0,"_uf_disable_surveys":false,"footnotes":""},"categories":[1,126],"tags":[],"class_list":["post-13719","post","type-post","status-publish","format-standard","has-post-thumbnail","hentry","category-agro","category-destacados"],"aioseo_notices":[],"aioseo_head":"\n\t\t<!-- All in One SEO 5.0.1.1 - aioseo.com -->\n\t<meta name=\"description\" content=\"Com atua\u00e7\u00e3o fundamental no segmento que mais tem contribu\u00eddo com a economia brasileira, o agroneg\u00f3cio, os auditores fiscais do Minist\u00e9rio da Agricultura comemoram no dia 30 de junho os 20 anos de cria\u00e7\u00e3o da carreira. A data marca o Dia do Auditor Fiscal Federal Agropecu\u00e1rio. Mas o trabalho da fiscaliza\u00e7\u00e3o agropecu\u00e1ria existe desde a cria\u00e7\u00e3o\" \/>\n\t<meta name=\"robots\" content=\"max-image-preview:large\" \/>\n\t<meta name=\"author\" content=\"Alejo Bordon\"\/>\n\t<link rel=\"canonical\" href=\"https:\/\/radiosul.net\/wp\/2020\/30-de-junho-dia-do-auditor-fiscal-federal-agropecuario\/\" \/>\n\t<meta name=\"generator\" content=\"All in One SEO (AIOSEO) 5.0.1.1\" \/>\n\t\t<meta property=\"og:locale\" content=\"pt_BR\" \/>\n\t\t<meta property=\"og:site_name\" content=\"radiosul.net - Regional por Excel\u00eancia\" \/>\n\t\t<meta property=\"og:type\" content=\"article\" \/>\n\t\t<meta property=\"og:title\" content=\"30 de junho \u2013 Dia do Auditor Fiscal Federal Agropecu\u00e1rio - radiosul.net\" \/>\n\t\t<meta property=\"og:description\" content=\"Com atua\u00e7\u00e3o fundamental no segmento que mais tem contribu\u00eddo com a economia brasileira, o agroneg\u00f3cio, os auditores fiscais do Minist\u00e9rio da Agricultura comemoram no dia 30 de junho os 20 anos de cria\u00e7\u00e3o da carreira. A data marca o Dia do Auditor Fiscal Federal Agropecu\u00e1rio. Mas o trabalho da fiscaliza\u00e7\u00e3o agropecu\u00e1ria existe desde a cria\u00e7\u00e3o\" \/>\n\t\t<meta property=\"og:url\" content=\"https:\/\/radiosul.net\/wp\/2020\/30-de-junho-dia-do-auditor-fiscal-federal-agropecuario\/\" \/>\n\t\t<meta property=\"article:published_time\" content=\"2020-06-30T20:03:43+00:00\" \/>\n\t\t<meta property=\"article:modified_time\" content=\"2020-06-30T20:03:48+00:00\" \/>\n\t\t<meta name=\"twitter:card\" content=\"summary_large_image\" \/>\n\t\t<meta name=\"twitter:title\" content=\"30 de junho \u2013 Dia do Auditor Fiscal Federal Agropecu\u00e1rio - radiosul.net\" \/>\n\t\t<meta name=\"twitter:description\" content=\"Com atua\u00e7\u00e3o fundamental no segmento que mais tem contribu\u00eddo com a economia brasileira, o agroneg\u00f3cio, os auditores fiscais do Minist\u00e9rio da Agricultura comemoram no dia 30 de junho os 20 anos de cria\u00e7\u00e3o da carreira. A data marca o Dia do Auditor Fiscal Federal Agropecu\u00e1rio. Mas o trabalho da fiscaliza\u00e7\u00e3o agropecu\u00e1ria existe desde a cria\u00e7\u00e3o\" \/>\n\t\t<script type=\"application\/ld+json\" class=\"aioseo-schema\">\n\t\t\t{\"@context\":\"https:\\\/\\\/schema.org\",\"@graph\":[{\"@type\":\"BlogPosting\",\"@id\":\"https:\\\/\\\/radiosul.net\\\/wp\\\/2020\\\/30-de-junho-dia-do-auditor-fiscal-federal-agropecuario\\\/#blogposting\",\"name\":\"30 de junho \\u2013 Dia do Auditor Fiscal Federal Agropecu\\u00e1rio - radiosul.net\",\"headline\":\"30 de junho \\u2013 Dia do Auditor Fiscal Federal Agropecu\\u00e1rio\",\"author\":{\"@id\":\"https:\\\/\\\/radiosul.net\\\/wp\\\/author\\\/alejo\\\/#author\"},\"publisher\":{\"@id\":\"https:\\\/\\\/radiosul.net\\\/wp\\\/#organization\"},\"image\":{\"@type\":\"ImageObject\",\"url\":\"https:\\\/\\\/radiosul.net\\\/wp\\\/wp-content\\\/uploads\\\/2020\\\/06\\\/IMG-20200623-WA0070.jpg\",\"width\":1280,\"height\":1069,\"caption\":\"Divulga\\u00e7\\u00e3o DS-RS Anffa Sindical\"},\"datePublished\":\"2020-06-30T17:03:43-03:00\",\"dateModified\":\"2020-06-30T17:03:48-03:00\",\"inLanguage\":\"pt-BR\",\"mainEntityOfPage\":{\"@id\":\"https:\\\/\\\/radiosul.net\\\/wp\\\/2020\\\/30-de-junho-dia-do-auditor-fiscal-federal-agropecuario\\\/#webpage\"},\"isPartOf\":{\"@id\":\"https:\\\/\\\/radiosul.net\\\/wp\\\/2020\\\/30-de-junho-dia-do-auditor-fiscal-federal-agropecuario\\\/#webpage\"},\"articleSection\":\"Agroneg\\u00f3cio, Destaque\"},{\"@type\":\"BreadcrumbList\",\"@id\":\"https:\\\/\\\/radiosul.net\\\/wp\\\/2020\\\/30-de-junho-dia-do-auditor-fiscal-federal-agropecuario\\\/#breadcrumblist\",\"itemListElement\":[{\"@type\":\"ListItem\",\"@id\":\"https:\\\/\\\/radiosul.net\\\/wp#listItem\",\"position\":1,\"name\":\"Home\",\"item\":\"https:\\\/\\\/radiosul.net\\\/wp\",\"nextItem\":{\"@type\":\"ListItem\",\"@id\":\"https:\\\/\\\/radiosul.net\\\/wp\\\/category\\\/agro\\\/#listItem\",\"name\":\"Agroneg\\u00f3cio\"}},{\"@type\":\"ListItem\",\"@id\":\"https:\\\/\\\/radiosul.net\\\/wp\\\/category\\\/agro\\\/#listItem\",\"position\":2,\"name\":\"Agroneg\\u00f3cio\",\"item\":\"https:\\\/\\\/radiosul.net\\\/wp\\\/category\\\/agro\\\/\",\"nextItem\":{\"@type\":\"ListItem\",\"@id\":\"https:\\\/\\\/radiosul.net\\\/wp\\\/2020\\\/30-de-junho-dia-do-auditor-fiscal-federal-agropecuario\\\/#listItem\",\"name\":\"30 de junho \\u2013 Dia do Auditor Fiscal Federal Agropecu\\u00e1rio\"},\"previousItem\":{\"@type\":\"ListItem\",\"@id\":\"https:\\\/\\\/radiosul.net\\\/wp#listItem\",\"name\":\"Home\"}},{\"@type\":\"ListItem\",\"@id\":\"https:\\\/\\\/radiosul.net\\\/wp\\\/2020\\\/30-de-junho-dia-do-auditor-fiscal-federal-agropecuario\\\/#listItem\",\"position\":3,\"name\":\"30 de junho \\u2013 Dia do Auditor Fiscal Federal Agropecu\\u00e1rio\",\"previousItem\":{\"@type\":\"ListItem\",\"@id\":\"https:\\\/\\\/radiosul.net\\\/wp\\\/category\\\/agro\\\/#listItem\",\"name\":\"Agroneg\\u00f3cio\"}}]},{\"@type\":\"Organization\",\"@id\":\"https:\\\/\\\/radiosul.net\\\/wp\\\/#organization\",\"name\":\"radiosul.net\",\"description\":\"Regional por Excel\\u00eancia\",\"url\":\"https:\\\/\\\/radiosul.net\\\/wp\\\/\"},{\"@type\":\"Person\",\"@id\":\"https:\\\/\\\/radiosul.net\\\/wp\\\/author\\\/alejo\\\/#author\",\"url\":\"https:\\\/\\\/radiosul.net\\\/wp\\\/author\\\/alejo\\\/\",\"name\":\"Alejo Bordon\",\"image\":{\"@type\":\"ImageObject\",\"@id\":\"https:\\\/\\\/radiosul.net\\\/wp\\\/2020\\\/30-de-junho-dia-do-auditor-fiscal-federal-agropecuario\\\/#authorImage\",\"url\":\"https:\\\/\\\/secure.gravatar.com\\\/avatar\\\/b3a7e7f1c71212e6a5b7183b79a2ab58dad8bdc4cd4eadd61c4434d010d0bae4?s=96&d=mm&r=g\",\"width\":96,\"height\":96,\"caption\":\"Alejo Bordon\"}},{\"@type\":\"WebPage\",\"@id\":\"https:\\\/\\\/radiosul.net\\\/wp\\\/2020\\\/30-de-junho-dia-do-auditor-fiscal-federal-agropecuario\\\/#webpage\",\"url\":\"https:\\\/\\\/radiosul.net\\\/wp\\\/2020\\\/30-de-junho-dia-do-auditor-fiscal-federal-agropecuario\\\/\",\"name\":\"30 de junho \\u2013 Dia do Auditor Fiscal Federal Agropecu\\u00e1rio - radiosul.net\",\"description\":\"Com atua\\u00e7\\u00e3o fundamental no segmento que mais tem contribu\\u00eddo com a economia brasileira, o agroneg\\u00f3cio, os auditores fiscais do Minist\\u00e9rio da Agricultura comemoram no dia 30 de junho os 20 anos de cria\\u00e7\\u00e3o da carreira. A data marca o Dia do Auditor Fiscal Federal Agropecu\\u00e1rio. Mas o trabalho da fiscaliza\\u00e7\\u00e3o agropecu\\u00e1ria existe desde a cria\\u00e7\\u00e3o\",\"inLanguage\":\"pt-BR\",\"isPartOf\":{\"@id\":\"https:\\\/\\\/radiosul.net\\\/wp\\\/#website\"},\"breadcrumb\":{\"@id\":\"https:\\\/\\\/radiosul.net\\\/wp\\\/2020\\\/30-de-junho-dia-do-auditor-fiscal-federal-agropecuario\\\/#breadcrumblist\"},\"author\":{\"@id\":\"https:\\\/\\\/radiosul.net\\\/wp\\\/author\\\/alejo\\\/#author\"},\"creator\":{\"@id\":\"https:\\\/\\\/radiosul.net\\\/wp\\\/author\\\/alejo\\\/#author\"},\"image\":{\"@type\":\"ImageObject\",\"url\":\"https:\\\/\\\/radiosul.net\\\/wp\\\/wp-content\\\/uploads\\\/2020\\\/06\\\/IMG-20200623-WA0070.jpg\",\"@id\":\"https:\\\/\\\/radiosul.net\\\/wp\\\/2020\\\/30-de-junho-dia-do-auditor-fiscal-federal-agropecuario\\\/#mainImage\",\"width\":1280,\"height\":1069,\"caption\":\"Divulga\\u00e7\\u00e3o DS-RS Anffa Sindical\"},\"primaryImageOfPage\":{\"@id\":\"https:\\\/\\\/radiosul.net\\\/wp\\\/2020\\\/30-de-junho-dia-do-auditor-fiscal-federal-agropecuario\\\/#mainImage\"},\"datePublished\":\"2020-06-30T17:03:43-03:00\",\"dateModified\":\"2020-06-30T17:03:48-03:00\"},{\"@type\":\"WebSite\",\"@id\":\"https:\\\/\\\/radiosul.net\\\/wp\\\/#website\",\"url\":\"https:\\\/\\\/radiosul.net\\\/wp\\\/\",\"name\":\"radiosul.net\",\"description\":\"Regional por Excel\\u00eancia\",\"inLanguage\":\"pt-BR\",\"publisher\":{\"@id\":\"https:\\\/\\\/radiosul.net\\\/wp\\\/#organization\"}}]}\n\t\t<\/script>\n\t\t<!-- All in One SEO -->\n\n","aioseo_head_json":{"title":"30 de junho \u2013 Dia do Auditor Fiscal Federal Agropecu\u00e1rio - radiosul.net","description":"Com atua\u00e7\u00e3o fundamental no segmento que mais tem contribu\u00eddo com a economia brasileira, o agroneg\u00f3cio, os auditores fiscais do Minist\u00e9rio da Agricultura comemoram no dia 30 de junho os 20 anos de cria\u00e7\u00e3o da carreira. A data marca o Dia do Auditor Fiscal Federal Agropecu\u00e1rio. Mas o trabalho da fiscaliza\u00e7\u00e3o agropecu\u00e1ria existe desde a cria\u00e7\u00e3o","canonical_url":"https:\/\/radiosul.net\/wp\/2020\/30-de-junho-dia-do-auditor-fiscal-federal-agropecuario\/","robots":"max-image-preview:large","keywords":"","webmasterTools":{"miscellaneous":""},"schema":{"@context":"https:\/\/schema.org","@graph":[{"@type":"BlogPosting","@id":"https:\/\/radiosul.net\/wp\/2020\/30-de-junho-dia-do-auditor-fiscal-federal-agropecuario\/#blogposting","name":"30 de junho \u2013 Dia do Auditor Fiscal Federal Agropecu\u00e1rio - radiosul.net","headline":"30 de junho \u2013 Dia do Auditor Fiscal Federal Agropecu\u00e1rio","author":{"@id":"https:\/\/radiosul.net\/wp\/author\/alejo\/#author"},"publisher":{"@id":"https:\/\/radiosul.net\/wp\/#organization"},"image":{"@type":"ImageObject","url":"https:\/\/radiosul.net\/wp\/wp-content\/uploads\/2020\/06\/IMG-20200623-WA0070.jpg","width":1280,"height":1069,"caption":"Divulga\u00e7\u00e3o DS-RS Anffa Sindical"},"datePublished":"2020-06-30T17:03:43-03:00","dateModified":"2020-06-30T17:03:48-03:00","inLanguage":"pt-BR","mainEntityOfPage":{"@id":"https:\/\/radiosul.net\/wp\/2020\/30-de-junho-dia-do-auditor-fiscal-federal-agropecuario\/#webpage"},"isPartOf":{"@id":"https:\/\/radiosul.net\/wp\/2020\/30-de-junho-dia-do-auditor-fiscal-federal-agropecuario\/#webpage"},"articleSection":"Agroneg\u00f3cio, Destaque"},{"@type":"BreadcrumbList","@id":"https:\/\/radiosul.net\/wp\/2020\/30-de-junho-dia-do-auditor-fiscal-federal-agropecuario\/#breadcrumblist","itemListElement":[{"@type":"ListItem","@id":"https:\/\/radiosul.net\/wp#listItem","position":1,"name":"Home","item":"https:\/\/radiosul.net\/wp","nextItem":{"@type":"ListItem","@id":"https:\/\/radiosul.net\/wp\/category\/agro\/#listItem","name":"Agroneg\u00f3cio"}},{"@type":"ListItem","@id":"https:\/\/radiosul.net\/wp\/category\/agro\/#listItem","position":2,"name":"Agroneg\u00f3cio","item":"https:\/\/radiosul.net\/wp\/category\/agro\/","nextItem":{"@type":"ListItem","@id":"https:\/\/radiosul.net\/wp\/2020\/30-de-junho-dia-do-auditor-fiscal-federal-agropecuario\/#listItem","name":"30 de junho \u2013 Dia do Auditor Fiscal Federal Agropecu\u00e1rio"},"previousItem":{"@type":"ListItem","@id":"https:\/\/radiosul.net\/wp#listItem","name":"Home"}},{"@type":"ListItem","@id":"https:\/\/radiosul.net\/wp\/2020\/30-de-junho-dia-do-auditor-fiscal-federal-agropecuario\/#listItem","position":3,"name":"30 de junho \u2013 Dia do Auditor Fiscal Federal Agropecu\u00e1rio","previousItem":{"@type":"ListItem","@id":"https:\/\/radiosul.net\/wp\/category\/agro\/#listItem","name":"Agroneg\u00f3cio"}}]},{"@type":"Organization","@id":"https:\/\/radiosul.net\/wp\/#organization","name":"radiosul.net","description":"Regional por Excel\u00eancia","url":"https:\/\/radiosul.net\/wp\/"},{"@type":"Person","@id":"https:\/\/radiosul.net\/wp\/author\/alejo\/#author","url":"https:\/\/radiosul.net\/wp\/author\/alejo\/","name":"Alejo Bordon","image":{"@type":"ImageObject","@id":"https:\/\/radiosul.net\/wp\/2020\/30-de-junho-dia-do-auditor-fiscal-federal-agropecuario\/#authorImage","url":"https:\/\/secure.gravatar.com\/avatar\/b3a7e7f1c71212e6a5b7183b79a2ab58dad8bdc4cd4eadd61c4434d010d0bae4?s=96&d=mm&r=g","width":96,"height":96,"caption":"Alejo Bordon"}},{"@type":"WebPage","@id":"https:\/\/radiosul.net\/wp\/2020\/30-de-junho-dia-do-auditor-fiscal-federal-agropecuario\/#webpage","url":"https:\/\/radiosul.net\/wp\/2020\/30-de-junho-dia-do-auditor-fiscal-federal-agropecuario\/","name":"30 de junho \u2013 Dia do Auditor Fiscal Federal Agropecu\u00e1rio - radiosul.net","description":"Com atua\u00e7\u00e3o fundamental no segmento que mais tem contribu\u00eddo com a economia brasileira, o agroneg\u00f3cio, os auditores fiscais do Minist\u00e9rio da Agricultura comemoram no dia 30 de junho os 20 anos de cria\u00e7\u00e3o da carreira. A data marca o Dia do Auditor Fiscal Federal Agropecu\u00e1rio. Mas o trabalho da fiscaliza\u00e7\u00e3o agropecu\u00e1ria existe desde a cria\u00e7\u00e3o","inLanguage":"pt-BR","isPartOf":{"@id":"https:\/\/radiosul.net\/wp\/#website"},"breadcrumb":{"@id":"https:\/\/radiosul.net\/wp\/2020\/30-de-junho-dia-do-auditor-fiscal-federal-agropecuario\/#breadcrumblist"},"author":{"@id":"https:\/\/radiosul.net\/wp\/author\/alejo\/#author"},"creator":{"@id":"https:\/\/radiosul.net\/wp\/author\/alejo\/#author"},"image":{"@type":"ImageObject","url":"https:\/\/radiosul.net\/wp\/wp-content\/uploads\/2020\/06\/IMG-20200623-WA0070.jpg","@id":"https:\/\/radiosul.net\/wp\/2020\/30-de-junho-dia-do-auditor-fiscal-federal-agropecuario\/#mainImage","width":1280,"height":1069,"caption":"Divulga\u00e7\u00e3o DS-RS Anffa Sindical"},"primaryImageOfPage":{"@id":"https:\/\/radiosul.net\/wp\/2020\/30-de-junho-dia-do-auditor-fiscal-federal-agropecuario\/#mainImage"},"datePublished":"2020-06-30T17:03:43-03:00","dateModified":"2020-06-30T17:03:48-03:00"},{"@type":"WebSite","@id":"https:\/\/radiosul.net\/wp\/#website","url":"https:\/\/radiosul.net\/wp\/","name":"radiosul.net","description":"Regional por Excel\u00eancia","inLanguage":"pt-BR","publisher":{"@id":"https:\/\/radiosul.net\/wp\/#organization"}}]},"og:locale":"pt_BR","og:site_name":"radiosul.net - Regional por Excel\u00eancia","og:type":"article","og:title":"30 de junho \u2013 Dia do Auditor Fiscal Federal Agropecu\u00e1rio - radiosul.net","og:description":"Com atua\u00e7\u00e3o fundamental no segmento que mais tem contribu\u00eddo com a economia brasileira, o agroneg\u00f3cio, os auditores fiscais do Minist\u00e9rio da Agricultura comemoram no dia 30 de junho os 20 anos de cria\u00e7\u00e3o da carreira. A data marca o Dia do Auditor Fiscal Federal Agropecu\u00e1rio. Mas o trabalho da fiscaliza\u00e7\u00e3o agropecu\u00e1ria existe desde a cria\u00e7\u00e3o","og:url":"https:\/\/radiosul.net\/wp\/2020\/30-de-junho-dia-do-auditor-fiscal-federal-agropecuario\/","article:published_time":"2020-06-30T20:03:43+00:00","article:modified_time":"2020-06-30T20:03:48+00:00","twitter:card":"summary_large_image","twitter:title":"30 de junho \u2013 Dia do Auditor Fiscal Federal Agropecu\u00e1rio - radiosul.net","twitter:description":"Com atua\u00e7\u00e3o fundamental no segmento que mais tem contribu\u00eddo com a economia brasileira, o agroneg\u00f3cio, os auditores fiscais do Minist\u00e9rio da Agricultura comemoram no dia 30 de junho os 20 anos de cria\u00e7\u00e3o da carreira. A data marca o Dia do Auditor Fiscal Federal Agropecu\u00e1rio. Mas o trabalho da fiscaliza\u00e7\u00e3o agropecu\u00e1ria existe desde a cria\u00e7\u00e3o"},"aioseo_meta_data":{"post_id":"13719","title":null,"description":null,"keywords":null,"keyphrases":null,"primary_term":null,"canonical_url":null,"og_title":null,"og_description":null,"og_object_type":"default","og_image_type":"default","og_image_url":null,"og_image_width":null,"og_image_height":null,"og_image_custom_url":null,"og_image_custom_fields":null,"og_video":null,"og_custom_url":null,"og_article_section":null,"og_article_tags":null,"twitter_use_og":false,"twitter_card":"default","twitter_image_type":"default","twitter_image_url":null,"twitter_image_custom_url":null,"twitter_image_custom_fields":null,"twitter_title":null,"twitter_description":null,"schema":{"blockGraphs":[],"customGraphs":[],"default":{"data":{"Article":[],"Course":[],"Dataset":[],"FAQPage":[],"Movie":[],"Person":[],"Product":[],"ProductReview":[],"Car":[],"Recipe":[],"Service":[],"SoftwareApplication":[],"WebPage":[]},"graphName":"","isEnabled":true},"graphs":[]},"schema_type":"default","schema_type_options":null,"pillar_content":false,"robots_default":true,"robots_noindex":false,"robots_noarchive":false,"robots_nosnippet":false,"robots_nofollow":false,"robots_noimageindex":false,"robots_noodp":false,"robots_notranslate":false,"robots_max_snippet":null,"robots_max_videopreview":null,"robots_max_imagepreview":"large","priority":null,"frequency":null,"local_seo":null,"breadcrumb_settings":null,"limit_modified_date":false,"ai":null,"created":"2026-01-08 21:33:37","updated":"2026-01-08 21:33:37","seo_analyzer_scan_date":null,"focus_keyword":null,"additional_keywords":null,"truseo_locale":null},"aioseo_breadcrumb":"<div class=\"aioseo-breadcrumbs\"><span class=\"aioseo-breadcrumb\">\n\t\t\t<a href=\"https:\/\/radiosul.net\/wp\" title=\"Home\">Home<\/a>\n\t\t<\/span><span class=\"aioseo-breadcrumb-separator\">&raquo;<\/span><span class=\"aioseo-breadcrumb\">\n\t\t\t<a href=\"https:\/\/radiosul.net\/wp\/category\/agro\/\" title=\"Agroneg\u00f3cio\">Agroneg\u00f3cio<\/a>\n\t\t<\/span><span class=\"aioseo-breadcrumb-separator\">&raquo;<\/span><span class=\"aioseo-breadcrumb\">\n\t\t\t30 de junho \u2013 Dia do Auditor Fiscal Federal Agropecu\u00e1rio\n\t\t<\/span><\/div>","aioseo_breadcrumb_json":[{"label":"Home","link":"https:\/\/radiosul.net\/wp"},{"label":"Agroneg\u00f3cio","link":"https:\/\/radiosul.net\/wp\/category\/agro\/"},{"label":"30 de junho \u2013 Dia do Auditor Fiscal Federal Agropecu\u00e1rio","link":"https:\/\/radiosul.net\/wp\/2020\/30-de-junho-dia-do-auditor-fiscal-federal-agropecuario\/"}],"_links":{"self":[{"href":"https:\/\/radiosul.net\/wp\/wp-json\/wp\/v2\/posts\/13719","targetHints":{"allow":["GET"]}}],"collection":[{"href":"https:\/\/radiosul.net\/wp\/wp-json\/wp\/v2\/posts"}],"about":[{"href":"https:\/\/radiosul.net\/wp\/wp-json\/wp\/v2\/types\/post"}],"author":[{"embeddable":true,"href":"https:\/\/radiosul.net\/wp\/wp-json\/wp\/v2\/users\/9"}],"replies":[{"embeddable":true,"href":"https:\/\/radiosul.net\/wp\/wp-json\/wp\/v2\/comments?post=13719"}],"version-history":[{"count":1,"href":"https:\/\/radiosul.net\/wp\/wp-json\/wp\/v2\/posts\/13719\/revisions"}],"predecessor-version":[{"id":13723,"href":"https:\/\/radiosul.net\/wp\/wp-json\/wp\/v2\/posts\/13719\/revisions\/13723"}],"wp:featuredmedia":[{"embeddable":true,"href":"https:\/\/radiosul.net\/wp\/wp-json\/wp\/v2\/media\/13721"}],"wp:attachment":[{"href":"https:\/\/radiosul.net\/wp\/wp-json\/wp\/v2\/media?parent=13719"}],"wp:term":[{"taxonomy":"category","embeddable":true,"href":"https:\/\/radiosul.net\/wp\/wp-json\/wp\/v2\/categories?post=13719"},{"taxonomy":"post_tag","embeddable":true,"href":"https:\/\/radiosul.net\/wp\/wp-json\/wp\/v2\/tags?post=13719"}],"curies":[{"name":"wp","href":"https:\/\/api.w.org\/{rel}","templated":true}]}}