{"id":13398,"date":"2020-06-15T07:38:02","date_gmt":"2020-06-15T10:38:02","guid":{"rendered":"https:\/\/radiosul.net\/wp\/?p=13398"},"modified":"2020-06-15T07:38:05","modified_gmt":"2020-06-15T10:38:05","slug":"senar-divulga-novo-formato-das-aulas-presenciais-do-curso-tecnico-em-agronegocio-durante-a-pandemia","status":"publish","type":"post","link":"https:\/\/radiosul.net\/wp\/2020\/senar-divulga-novo-formato-das-aulas-presenciais-do-curso-tecnico-em-agronegocio-durante-a-pandemia\/","title":{"rendered":"Senar divulga novo formato das aulas presenciais do curso T\u00e9cnico em Agroneg\u00f3cio durante a pandemia"},"content":{"rendered":"\n<p class=\"wp-block-paragraph\">O Servi\u00e7o Nacional de Aprendizagem Rural (Senar) anunciou ajustes com o intuito de readequar as atividades presenciais do curso T\u00e9cnico em Agroneg\u00f3cio no per\u00edodo de distanciamento social em raz\u00e3o da crise do coronav\u00edrus. Durante a pandemia, haver\u00e1 aprendizagem remota e o conte\u00fado presencial ser\u00e1 acessado no Ambiente Virtual de Aprendizagem.<\/p>\n\n\n\n<p class=\"wp-block-paragraph\">A coordenadora de Educa\u00e7\u00e3o Formal da Diretoria de Inova\u00e7\u00e3o e Conhecimento do Senar, Maria Cristina Ferreira, explica que, devido \u00e0 continuidade do isolamento social, as atividades presenciais do primeiro semestre de 2020 foram remodeladas para garantir seguran\u00e7a e bem-estar aos alunos e tutores.<\/p>\n\n\n\n<p class=\"wp-block-paragraph\">\u201cO Senar elaborou a estrat\u00e9gia de trabalhar com a aprendizagem remota porque \u00e9 uma solu\u00e7\u00e3o de ensino a dist\u00e2ncia compat\u00edvel com as aulas presenciais do curso T\u00e9cnico em Agroneg\u00f3cio e atende \u00e0s exig\u00eancias do Minist\u00e9rio da Educa\u00e7\u00e3o\u201d, destaca Maria Cristina.<\/p>\n\n\n\n<p class=\"wp-block-paragraph\">A coordenadora explica que a plataforma de ensino, j\u00e1 utilizada pelos estudantes para acessar o conte\u00fado \u00e0 dist\u00e2ncia, foi ajustada para transmitir os novos conte\u00fados pelos tutores presenciais.<\/p>\n\n\n\n<p class=\"wp-block-paragraph\">\u201cAl\u00e9m dos ajustes na plataforma, o Senar est\u00e1 capacitando os tutores presenciais para a utiliza\u00e7\u00e3o dessa nova ferramenta\u201d, ressalta a coordenadora. Atualmente, a forma\u00e7\u00e3o t\u00e9cnica tem carga hor\u00e1ria de 80% a dist\u00e2ncia e 20% presencial.<\/p>\n\n\n\n<p class=\"wp-block-paragraph\">As aulas presenciais remotas do primeiro semestre, incluindo as provas, ser\u00e3o realizadas de at\u00e9 dia 12 de agosto, de acordo com o calend\u00e1rio divulgado pelo polo de ensino aos alunos matriculados.<\/p>\n\n\n\n<p class=\"wp-block-paragraph\">Desde o in\u00edcio da pandemia, as aulas \u00e0 dist\u00e2ncia ocorrem normalmente para os mais de cinco mil alunos matriculados na forma\u00e7\u00e3o t\u00e9cnica em 150 polos de educa\u00e7\u00e3o distribu\u00eddos em todo o Pa\u00eds.<\/p>\n\n\n\n<p class=\"wp-block-paragraph\"><strong><em>Fonte: <\/em><\/strong><em><strong>Fecoagro\/<\/strong><\/em><em><strong>CNA\/SENAR<\/strong><\/em><\/p>\n","protected":false},"excerpt":{"rendered":"<p>O Servi\u00e7o Nacional de Aprendizagem Rural (Senar) anunciou ajustes com o intuito de readequar as atividades presenciais do curso T\u00e9cnico em Agroneg\u00f3cio no per\u00edodo de distanciamento social em raz\u00e3o da crise do coronav\u00edrus. Durante a pandemia, haver\u00e1 aprendizagem remota e o conte\u00fado presencial ser\u00e1 acessado no Ambiente Virtual de Aprendizagem. A coordenadora de Educa\u00e7\u00e3o Formal &hellip;<\/p>\n","protected":false},"author":9,"featured_media":13388,"comment_status":"closed","ping_status":"closed","sticky":false,"template":"","format":"standard","meta":{"_monsterinsights_skip_tracking":false,"_uf_show_specific_survey":0,"_uf_disable_surveys":false,"footnotes":""},"categories":[1,126],"tags":[],"class_list":["post-13398","post","type-post","status-publish","format-standard","has-post-thumbnail","hentry","category-agro","category-destacados"],"aioseo_notices":[],"aioseo_head":"\n\t\t<!-- All in One SEO 5.0.1.1 - aioseo.com -->\n\t<meta name=\"description\" content=\"O Servi\u00e7o Nacional de Aprendizagem Rural (Senar) anunciou ajustes com o intuito de readequar as atividades presenciais do curso T\u00e9cnico em Agroneg\u00f3cio no per\u00edodo de distanciamento social em raz\u00e3o da crise do coronav\u00edrus. Durante a pandemia, haver\u00e1 aprendizagem remota e o conte\u00fado presencial ser\u00e1 acessado no Ambiente Virtual de Aprendizagem. A coordenadora de Educa\u00e7\u00e3o Formal\" \/>\n\t<meta name=\"robots\" content=\"max-image-preview:large\" \/>\n\t<meta name=\"author\" content=\"Alejo Bordon\"\/>\n\t<link rel=\"canonical\" href=\"https:\/\/radiosul.net\/wp\/2020\/senar-divulga-novo-formato-das-aulas-presenciais-do-curso-tecnico-em-agronegocio-durante-a-pandemia\/\" \/>\n\t<meta name=\"generator\" content=\"All in One SEO (AIOSEO) 5.0.1.1\" \/>\n\t\t<meta property=\"og:locale\" content=\"pt_BR\" \/>\n\t\t<meta property=\"og:site_name\" content=\"radiosul.net - Regional por Excel\u00eancia\" \/>\n\t\t<meta property=\"og:type\" content=\"article\" \/>\n\t\t<meta property=\"og:title\" content=\"Senar divulga novo formato das aulas presenciais do curso T\u00e9cnico em Agroneg\u00f3cio durante a pandemia - radiosul.net\" \/>\n\t\t<meta property=\"og:description\" content=\"O Servi\u00e7o Nacional de Aprendizagem Rural (Senar) anunciou ajustes com o intuito de readequar as atividades presenciais do curso T\u00e9cnico em Agroneg\u00f3cio no per\u00edodo de distanciamento social em raz\u00e3o da crise do coronav\u00edrus. Durante a pandemia, haver\u00e1 aprendizagem remota e o conte\u00fado presencial ser\u00e1 acessado no Ambiente Virtual de Aprendizagem. A coordenadora de Educa\u00e7\u00e3o Formal\" \/>\n\t\t<meta property=\"og:url\" content=\"https:\/\/radiosul.net\/wp\/2020\/senar-divulga-novo-formato-das-aulas-presenciais-do-curso-tecnico-em-agronegocio-durante-a-pandemia\/\" \/>\n\t\t<meta property=\"article:published_time\" content=\"2020-06-15T10:38:02+00:00\" \/>\n\t\t<meta property=\"article:modified_time\" content=\"2020-06-15T10:38:05+00:00\" \/>\n\t\t<meta name=\"twitter:card\" content=\"summary_large_image\" \/>\n\t\t<meta name=\"twitter:title\" content=\"Senar divulga novo formato das aulas presenciais do curso T\u00e9cnico em Agroneg\u00f3cio durante a pandemia - radiosul.net\" \/>\n\t\t<meta name=\"twitter:description\" content=\"O Servi\u00e7o Nacional de Aprendizagem Rural (Senar) anunciou ajustes com o intuito de readequar as atividades presenciais do curso T\u00e9cnico em Agroneg\u00f3cio no per\u00edodo de distanciamento social em raz\u00e3o da crise do coronav\u00edrus. Durante a pandemia, haver\u00e1 aprendizagem remota e o conte\u00fado presencial ser\u00e1 acessado no Ambiente Virtual de Aprendizagem. A coordenadora de Educa\u00e7\u00e3o Formal\" \/>\n\t\t<script type=\"application\/ld+json\" class=\"aioseo-schema\">\n\t\t\t{\"@context\":\"https:\\\/\\\/schema.org\",\"@graph\":[{\"@type\":\"BlogPosting\",\"@id\":\"https:\\\/\\\/radiosul.net\\\/wp\\\/2020\\\/senar-divulga-novo-formato-das-aulas-presenciais-do-curso-tecnico-em-agronegocio-durante-a-pandemia\\\/#blogposting\",\"name\":\"Senar divulga novo formato das aulas presenciais do curso T\\u00e9cnico em Agroneg\\u00f3cio durante a pandemia - radiosul.net\",\"headline\":\"Senar divulga novo formato das aulas presenciais do curso T\\u00e9cnico em Agroneg\\u00f3cio durante a pandemia\",\"author\":{\"@id\":\"https:\\\/\\\/radiosul.net\\\/wp\\\/author\\\/alejo\\\/#author\"},\"publisher\":{\"@id\":\"https:\\\/\\\/radiosul.net\\\/wp\\\/#organization\"},\"image\":{\"@type\":\"ImageObject\",\"url\":\"https:\\\/\\\/radiosul.net\\\/wp\\\/wp-content\\\/uploads\\\/2020\\\/06\\\/Senar_novo_formato_eTec.jpeg\",\"width\":800,\"height\":500},\"datePublished\":\"2020-06-15T07:38:02-03:00\",\"dateModified\":\"2020-06-15T07:38:05-03:00\",\"inLanguage\":\"pt-BR\",\"mainEntityOfPage\":{\"@id\":\"https:\\\/\\\/radiosul.net\\\/wp\\\/2020\\\/senar-divulga-novo-formato-das-aulas-presenciais-do-curso-tecnico-em-agronegocio-durante-a-pandemia\\\/#webpage\"},\"isPartOf\":{\"@id\":\"https:\\\/\\\/radiosul.net\\\/wp\\\/2020\\\/senar-divulga-novo-formato-das-aulas-presenciais-do-curso-tecnico-em-agronegocio-durante-a-pandemia\\\/#webpage\"},\"articleSection\":\"Agroneg\\u00f3cio, Destaque\"},{\"@type\":\"BreadcrumbList\",\"@id\":\"https:\\\/\\\/radiosul.net\\\/wp\\\/2020\\\/senar-divulga-novo-formato-das-aulas-presenciais-do-curso-tecnico-em-agronegocio-durante-a-pandemia\\\/#breadcrumblist\",\"itemListElement\":[{\"@type\":\"ListItem\",\"@id\":\"https:\\\/\\\/radiosul.net\\\/wp#listItem\",\"position\":1,\"name\":\"Home\",\"item\":\"https:\\\/\\\/radiosul.net\\\/wp\",\"nextItem\":{\"@type\":\"ListItem\",\"@id\":\"https:\\\/\\\/radiosul.net\\\/wp\\\/category\\\/agro\\\/#listItem\",\"name\":\"Agroneg\\u00f3cio\"}},{\"@type\":\"ListItem\",\"@id\":\"https:\\\/\\\/radiosul.net\\\/wp\\\/category\\\/agro\\\/#listItem\",\"position\":2,\"name\":\"Agroneg\\u00f3cio\",\"item\":\"https:\\\/\\\/radiosul.net\\\/wp\\\/category\\\/agro\\\/\",\"nextItem\":{\"@type\":\"ListItem\",\"@id\":\"https:\\\/\\\/radiosul.net\\\/wp\\\/2020\\\/senar-divulga-novo-formato-das-aulas-presenciais-do-curso-tecnico-em-agronegocio-durante-a-pandemia\\\/#listItem\",\"name\":\"Senar divulga novo formato das aulas presenciais do curso T\\u00e9cnico em Agroneg\\u00f3cio durante a pandemia\"},\"previousItem\":{\"@type\":\"ListItem\",\"@id\":\"https:\\\/\\\/radiosul.net\\\/wp#listItem\",\"name\":\"Home\"}},{\"@type\":\"ListItem\",\"@id\":\"https:\\\/\\\/radiosul.net\\\/wp\\\/2020\\\/senar-divulga-novo-formato-das-aulas-presenciais-do-curso-tecnico-em-agronegocio-durante-a-pandemia\\\/#listItem\",\"position\":3,\"name\":\"Senar divulga novo formato das aulas presenciais do curso T\\u00e9cnico em Agroneg\\u00f3cio durante a pandemia\",\"previousItem\":{\"@type\":\"ListItem\",\"@id\":\"https:\\\/\\\/radiosul.net\\\/wp\\\/category\\\/agro\\\/#listItem\",\"name\":\"Agroneg\\u00f3cio\"}}]},{\"@type\":\"Organization\",\"@id\":\"https:\\\/\\\/radiosul.net\\\/wp\\\/#organization\",\"name\":\"radiosul.net\",\"description\":\"Regional por Excel\\u00eancia\",\"url\":\"https:\\\/\\\/radiosul.net\\\/wp\\\/\"},{\"@type\":\"Person\",\"@id\":\"https:\\\/\\\/radiosul.net\\\/wp\\\/author\\\/alejo\\\/#author\",\"url\":\"https:\\\/\\\/radiosul.net\\\/wp\\\/author\\\/alejo\\\/\",\"name\":\"Alejo Bordon\",\"image\":{\"@type\":\"ImageObject\",\"@id\":\"https:\\\/\\\/radiosul.net\\\/wp\\\/2020\\\/senar-divulga-novo-formato-das-aulas-presenciais-do-curso-tecnico-em-agronegocio-durante-a-pandemia\\\/#authorImage\",\"url\":\"https:\\\/\\\/secure.gravatar.com\\\/avatar\\\/b3a7e7f1c71212e6a5b7183b79a2ab58dad8bdc4cd4eadd61c4434d010d0bae4?s=96&d=mm&r=g\",\"width\":96,\"height\":96,\"caption\":\"Alejo Bordon\"}},{\"@type\":\"WebPage\",\"@id\":\"https:\\\/\\\/radiosul.net\\\/wp\\\/2020\\\/senar-divulga-novo-formato-das-aulas-presenciais-do-curso-tecnico-em-agronegocio-durante-a-pandemia\\\/#webpage\",\"url\":\"https:\\\/\\\/radiosul.net\\\/wp\\\/2020\\\/senar-divulga-novo-formato-das-aulas-presenciais-do-curso-tecnico-em-agronegocio-durante-a-pandemia\\\/\",\"name\":\"Senar divulga novo formato das aulas presenciais do curso T\\u00e9cnico em Agroneg\\u00f3cio durante a pandemia - radiosul.net\",\"description\":\"O Servi\\u00e7o Nacional de Aprendizagem Rural (Senar) anunciou ajustes com o intuito de readequar as atividades presenciais do curso T\\u00e9cnico em Agroneg\\u00f3cio no per\\u00edodo de distanciamento social em raz\\u00e3o da crise do coronav\\u00edrus. Durante a pandemia, haver\\u00e1 aprendizagem remota e o conte\\u00fado presencial ser\\u00e1 acessado no Ambiente Virtual de Aprendizagem. A coordenadora de Educa\\u00e7\\u00e3o Formal\",\"inLanguage\":\"pt-BR\",\"isPartOf\":{\"@id\":\"https:\\\/\\\/radiosul.net\\\/wp\\\/#website\"},\"breadcrumb\":{\"@id\":\"https:\\\/\\\/radiosul.net\\\/wp\\\/2020\\\/senar-divulga-novo-formato-das-aulas-presenciais-do-curso-tecnico-em-agronegocio-durante-a-pandemia\\\/#breadcrumblist\"},\"author\":{\"@id\":\"https:\\\/\\\/radiosul.net\\\/wp\\\/author\\\/alejo\\\/#author\"},\"creator\":{\"@id\":\"https:\\\/\\\/radiosul.net\\\/wp\\\/author\\\/alejo\\\/#author\"},\"image\":{\"@type\":\"ImageObject\",\"url\":\"https:\\\/\\\/radiosul.net\\\/wp\\\/wp-content\\\/uploads\\\/2020\\\/06\\\/Senar_novo_formato_eTec.jpeg\",\"@id\":\"https:\\\/\\\/radiosul.net\\\/wp\\\/2020\\\/senar-divulga-novo-formato-das-aulas-presenciais-do-curso-tecnico-em-agronegocio-durante-a-pandemia\\\/#mainImage\",\"width\":800,\"height\":500},\"primaryImageOfPage\":{\"@id\":\"https:\\\/\\\/radiosul.net\\\/wp\\\/2020\\\/senar-divulga-novo-formato-das-aulas-presenciais-do-curso-tecnico-em-agronegocio-durante-a-pandemia\\\/#mainImage\"},\"datePublished\":\"2020-06-15T07:38:02-03:00\",\"dateModified\":\"2020-06-15T07:38:05-03:00\"},{\"@type\":\"WebSite\",\"@id\":\"https:\\\/\\\/radiosul.net\\\/wp\\\/#website\",\"url\":\"https:\\\/\\\/radiosul.net\\\/wp\\\/\",\"name\":\"radiosul.net\",\"description\":\"Regional por Excel\\u00eancia\",\"inLanguage\":\"pt-BR\",\"publisher\":{\"@id\":\"https:\\\/\\\/radiosul.net\\\/wp\\\/#organization\"}}]}\n\t\t<\/script>\n\t\t<!-- All in One SEO -->\n\n","aioseo_head_json":{"title":"Senar divulga novo formato das aulas presenciais do curso T\u00e9cnico em Agroneg\u00f3cio durante a pandemia - radiosul.net","description":"O Servi\u00e7o Nacional de Aprendizagem Rural (Senar) anunciou ajustes com o intuito de readequar as atividades presenciais do curso T\u00e9cnico em Agroneg\u00f3cio no per\u00edodo de distanciamento social em raz\u00e3o da crise do coronav\u00edrus. Durante a pandemia, haver\u00e1 aprendizagem remota e o conte\u00fado presencial ser\u00e1 acessado no Ambiente Virtual de Aprendizagem. A coordenadora de Educa\u00e7\u00e3o Formal","canonical_url":"https:\/\/radiosul.net\/wp\/2020\/senar-divulga-novo-formato-das-aulas-presenciais-do-curso-tecnico-em-agronegocio-durante-a-pandemia\/","robots":"max-image-preview:large","keywords":"","webmasterTools":{"miscellaneous":""},"schema":{"@context":"https:\/\/schema.org","@graph":[{"@type":"BlogPosting","@id":"https:\/\/radiosul.net\/wp\/2020\/senar-divulga-novo-formato-das-aulas-presenciais-do-curso-tecnico-em-agronegocio-durante-a-pandemia\/#blogposting","name":"Senar divulga novo formato das aulas presenciais do curso T\u00e9cnico em Agroneg\u00f3cio durante a pandemia - radiosul.net","headline":"Senar divulga novo formato das aulas presenciais do curso T\u00e9cnico em Agroneg\u00f3cio durante a pandemia","author":{"@id":"https:\/\/radiosul.net\/wp\/author\/alejo\/#author"},"publisher":{"@id":"https:\/\/radiosul.net\/wp\/#organization"},"image":{"@type":"ImageObject","url":"https:\/\/radiosul.net\/wp\/wp-content\/uploads\/2020\/06\/Senar_novo_formato_eTec.jpeg","width":800,"height":500},"datePublished":"2020-06-15T07:38:02-03:00","dateModified":"2020-06-15T07:38:05-03:00","inLanguage":"pt-BR","mainEntityOfPage":{"@id":"https:\/\/radiosul.net\/wp\/2020\/senar-divulga-novo-formato-das-aulas-presenciais-do-curso-tecnico-em-agronegocio-durante-a-pandemia\/#webpage"},"isPartOf":{"@id":"https:\/\/radiosul.net\/wp\/2020\/senar-divulga-novo-formato-das-aulas-presenciais-do-curso-tecnico-em-agronegocio-durante-a-pandemia\/#webpage"},"articleSection":"Agroneg\u00f3cio, Destaque"},{"@type":"BreadcrumbList","@id":"https:\/\/radiosul.net\/wp\/2020\/senar-divulga-novo-formato-das-aulas-presenciais-do-curso-tecnico-em-agronegocio-durante-a-pandemia\/#breadcrumblist","itemListElement":[{"@type":"ListItem","@id":"https:\/\/radiosul.net\/wp#listItem","position":1,"name":"Home","item":"https:\/\/radiosul.net\/wp","nextItem":{"@type":"ListItem","@id":"https:\/\/radiosul.net\/wp\/category\/agro\/#listItem","name":"Agroneg\u00f3cio"}},{"@type":"ListItem","@id":"https:\/\/radiosul.net\/wp\/category\/agro\/#listItem","position":2,"name":"Agroneg\u00f3cio","item":"https:\/\/radiosul.net\/wp\/category\/agro\/","nextItem":{"@type":"ListItem","@id":"https:\/\/radiosul.net\/wp\/2020\/senar-divulga-novo-formato-das-aulas-presenciais-do-curso-tecnico-em-agronegocio-durante-a-pandemia\/#listItem","name":"Senar divulga novo formato das aulas presenciais do curso T\u00e9cnico em Agroneg\u00f3cio durante a pandemia"},"previousItem":{"@type":"ListItem","@id":"https:\/\/radiosul.net\/wp#listItem","name":"Home"}},{"@type":"ListItem","@id":"https:\/\/radiosul.net\/wp\/2020\/senar-divulga-novo-formato-das-aulas-presenciais-do-curso-tecnico-em-agronegocio-durante-a-pandemia\/#listItem","position":3,"name":"Senar divulga novo formato das aulas presenciais do curso T\u00e9cnico em Agroneg\u00f3cio durante a pandemia","previousItem":{"@type":"ListItem","@id":"https:\/\/radiosul.net\/wp\/category\/agro\/#listItem","name":"Agroneg\u00f3cio"}}]},{"@type":"Organization","@id":"https:\/\/radiosul.net\/wp\/#organization","name":"radiosul.net","description":"Regional por Excel\u00eancia","url":"https:\/\/radiosul.net\/wp\/"},{"@type":"Person","@id":"https:\/\/radiosul.net\/wp\/author\/alejo\/#author","url":"https:\/\/radiosul.net\/wp\/author\/alejo\/","name":"Alejo Bordon","image":{"@type":"ImageObject","@id":"https:\/\/radiosul.net\/wp\/2020\/senar-divulga-novo-formato-das-aulas-presenciais-do-curso-tecnico-em-agronegocio-durante-a-pandemia\/#authorImage","url":"https:\/\/secure.gravatar.com\/avatar\/b3a7e7f1c71212e6a5b7183b79a2ab58dad8bdc4cd4eadd61c4434d010d0bae4?s=96&d=mm&r=g","width":96,"height":96,"caption":"Alejo Bordon"}},{"@type":"WebPage","@id":"https:\/\/radiosul.net\/wp\/2020\/senar-divulga-novo-formato-das-aulas-presenciais-do-curso-tecnico-em-agronegocio-durante-a-pandemia\/#webpage","url":"https:\/\/radiosul.net\/wp\/2020\/senar-divulga-novo-formato-das-aulas-presenciais-do-curso-tecnico-em-agronegocio-durante-a-pandemia\/","name":"Senar divulga novo formato das aulas presenciais do curso T\u00e9cnico em Agroneg\u00f3cio durante a pandemia - radiosul.net","description":"O Servi\u00e7o Nacional de Aprendizagem Rural (Senar) anunciou ajustes com o intuito de readequar as atividades presenciais do curso T\u00e9cnico em Agroneg\u00f3cio no per\u00edodo de distanciamento social em raz\u00e3o da crise do coronav\u00edrus. Durante a pandemia, haver\u00e1 aprendizagem remota e o conte\u00fado presencial ser\u00e1 acessado no Ambiente Virtual de Aprendizagem. A coordenadora de Educa\u00e7\u00e3o Formal","inLanguage":"pt-BR","isPartOf":{"@id":"https:\/\/radiosul.net\/wp\/#website"},"breadcrumb":{"@id":"https:\/\/radiosul.net\/wp\/2020\/senar-divulga-novo-formato-das-aulas-presenciais-do-curso-tecnico-em-agronegocio-durante-a-pandemia\/#breadcrumblist"},"author":{"@id":"https:\/\/radiosul.net\/wp\/author\/alejo\/#author"},"creator":{"@id":"https:\/\/radiosul.net\/wp\/author\/alejo\/#author"},"image":{"@type":"ImageObject","url":"https:\/\/radiosul.net\/wp\/wp-content\/uploads\/2020\/06\/Senar_novo_formato_eTec.jpeg","@id":"https:\/\/radiosul.net\/wp\/2020\/senar-divulga-novo-formato-das-aulas-presenciais-do-curso-tecnico-em-agronegocio-durante-a-pandemia\/#mainImage","width":800,"height":500},"primaryImageOfPage":{"@id":"https:\/\/radiosul.net\/wp\/2020\/senar-divulga-novo-formato-das-aulas-presenciais-do-curso-tecnico-em-agronegocio-durante-a-pandemia\/#mainImage"},"datePublished":"2020-06-15T07:38:02-03:00","dateModified":"2020-06-15T07:38:05-03:00"},{"@type":"WebSite","@id":"https:\/\/radiosul.net\/wp\/#website","url":"https:\/\/radiosul.net\/wp\/","name":"radiosul.net","description":"Regional por Excel\u00eancia","inLanguage":"pt-BR","publisher":{"@id":"https:\/\/radiosul.net\/wp\/#organization"}}]},"og:locale":"pt_BR","og:site_name":"radiosul.net - Regional por Excel\u00eancia","og:type":"article","og:title":"Senar divulga novo formato das aulas presenciais do curso T\u00e9cnico em Agroneg\u00f3cio durante a pandemia - radiosul.net","og:description":"O Servi\u00e7o Nacional de Aprendizagem Rural (Senar) anunciou ajustes com o intuito de readequar as atividades presenciais do curso T\u00e9cnico em Agroneg\u00f3cio no per\u00edodo de distanciamento social em raz\u00e3o da crise do coronav\u00edrus. Durante a pandemia, haver\u00e1 aprendizagem remota e o conte\u00fado presencial ser\u00e1 acessado no Ambiente Virtual de Aprendizagem. A coordenadora de Educa\u00e7\u00e3o Formal","og:url":"https:\/\/radiosul.net\/wp\/2020\/senar-divulga-novo-formato-das-aulas-presenciais-do-curso-tecnico-em-agronegocio-durante-a-pandemia\/","article:published_time":"2020-06-15T10:38:02+00:00","article:modified_time":"2020-06-15T10:38:05+00:00","twitter:card":"summary_large_image","twitter:title":"Senar divulga novo formato das aulas presenciais do curso T\u00e9cnico em Agroneg\u00f3cio durante a pandemia - radiosul.net","twitter:description":"O Servi\u00e7o Nacional de Aprendizagem Rural (Senar) anunciou ajustes com o intuito de readequar as atividades presenciais do curso T\u00e9cnico em Agroneg\u00f3cio no per\u00edodo de distanciamento social em raz\u00e3o da crise do coronav\u00edrus. Durante a pandemia, haver\u00e1 aprendizagem remota e o conte\u00fado presencial ser\u00e1 acessado no Ambiente Virtual de Aprendizagem. A coordenadora de Educa\u00e7\u00e3o Formal"},"aioseo_meta_data":{"post_id":"13398","title":null,"description":null,"keywords":null,"keyphrases":null,"primary_term":null,"canonical_url":null,"og_title":null,"og_description":null,"og_object_type":"default","og_image_type":"default","og_image_url":null,"og_image_width":null,"og_image_height":null,"og_image_custom_url":null,"og_image_custom_fields":null,"og_video":null,"og_custom_url":null,"og_article_section":null,"og_article_tags":null,"twitter_use_og":false,"twitter_card":"default","twitter_image_type":"default","twitter_image_url":null,"twitter_image_custom_url":null,"twitter_image_custom_fields":null,"twitter_title":null,"twitter_description":null,"schema":{"blockGraphs":[],"customGraphs":[],"default":{"data":{"Article":[],"Course":[],"Dataset":[],"FAQPage":[],"Movie":[],"Person":[],"Product":[],"ProductReview":[],"Car":[],"Recipe":[],"Service":[],"SoftwareApplication":[],"WebPage":[]},"graphName":"","isEnabled":true},"graphs":[]},"schema_type":"default","schema_type_options":null,"pillar_content":false,"robots_default":true,"robots_noindex":false,"robots_noarchive":false,"robots_nosnippet":false,"robots_nofollow":false,"robots_noimageindex":false,"robots_noodp":false,"robots_notranslate":false,"robots_max_snippet":null,"robots_max_videopreview":null,"robots_max_imagepreview":"large","priority":null,"frequency":null,"local_seo":null,"breadcrumb_settings":null,"limit_modified_date":false,"ai":null,"created":"2026-01-08 21:14:42","updated":"2026-01-08 21:14:42","seo_analyzer_scan_date":null,"focus_keyword":null,"additional_keywords":null,"truseo_locale":null},"aioseo_breadcrumb":"<div class=\"aioseo-breadcrumbs\"><span class=\"aioseo-breadcrumb\">\n\t\t\t<a href=\"https:\/\/radiosul.net\/wp\" title=\"Home\">Home<\/a>\n\t\t<\/span><span class=\"aioseo-breadcrumb-separator\">&raquo;<\/span><span class=\"aioseo-breadcrumb\">\n\t\t\t<a href=\"https:\/\/radiosul.net\/wp\/category\/agro\/\" title=\"Agroneg\u00f3cio\">Agroneg\u00f3cio<\/a>\n\t\t<\/span><span class=\"aioseo-breadcrumb-separator\">&raquo;<\/span><span class=\"aioseo-breadcrumb\">\n\t\t\tSenar divulga novo formato das aulas presenciais do curso T\u00e9cnico em Agroneg\u00f3cio durante a pandemia\n\t\t<\/span><\/div>","aioseo_breadcrumb_json":[{"label":"Home","link":"https:\/\/radiosul.net\/wp"},{"label":"Agroneg\u00f3cio","link":"https:\/\/radiosul.net\/wp\/category\/agro\/"},{"label":"Senar divulga novo formato das aulas presenciais do curso T\u00e9cnico em Agroneg\u00f3cio durante a pandemia","link":"https:\/\/radiosul.net\/wp\/2020\/senar-divulga-novo-formato-das-aulas-presenciais-do-curso-tecnico-em-agronegocio-durante-a-pandemia\/"}],"_links":{"self":[{"href":"https:\/\/radiosul.net\/wp\/wp-json\/wp\/v2\/posts\/13398","targetHints":{"allow":["GET"]}}],"collection":[{"href":"https:\/\/radiosul.net\/wp\/wp-json\/wp\/v2\/posts"}],"about":[{"href":"https:\/\/radiosul.net\/wp\/wp-json\/wp\/v2\/types\/post"}],"author":[{"embeddable":true,"href":"https:\/\/radiosul.net\/wp\/wp-json\/wp\/v2\/users\/9"}],"replies":[{"embeddable":true,"href":"https:\/\/radiosul.net\/wp\/wp-json\/wp\/v2\/comments?post=13398"}],"version-history":[{"count":1,"href":"https:\/\/radiosul.net\/wp\/wp-json\/wp\/v2\/posts\/13398\/revisions"}],"predecessor-version":[{"id":13400,"href":"https:\/\/radiosul.net\/wp\/wp-json\/wp\/v2\/posts\/13398\/revisions\/13400"}],"wp:featuredmedia":[{"embeddable":true,"href":"https:\/\/radiosul.net\/wp\/wp-json\/wp\/v2\/media\/13388"}],"wp:attachment":[{"href":"https:\/\/radiosul.net\/wp\/wp-json\/wp\/v2\/media?parent=13398"}],"wp:term":[{"taxonomy":"category","embeddable":true,"href":"https:\/\/radiosul.net\/wp\/wp-json\/wp\/v2\/categories?post=13398"},{"taxonomy":"post_tag","embeddable":true,"href":"https:\/\/radiosul.net\/wp\/wp-json\/wp\/v2\/tags?post=13398"}],"curies":[{"name":"wp","href":"https:\/\/api.w.org\/{rel}","templated":true}]}}