{"id":13253,"date":"2020-06-08T14:07:46","date_gmt":"2020-06-08T17:07:46","guid":{"rendered":"https:\/\/radiosul.net\/wp\/?p=13253"},"modified":"2020-06-08T14:07:50","modified_gmt":"2020-06-08T17:07:50","slug":"dolar-abre-em-queda-com-otimismo-internacional-e-atinge-r-496","status":"publish","type":"post","link":"https:\/\/radiosul.net\/wp\/2020\/dolar-abre-em-queda-com-otimismo-internacional-e-atinge-r-496\/","title":{"rendered":"D\u00f3lar abre em queda com otimismo internacional e atinge R$ 4,96"},"content":{"rendered":"\n<p class=\"wp-block-paragraph\">De acordo com a Mirae Asset, o sentimento do investidor segue positivo e se confirma com o rali observado nas \u00faltimas semanas influenciado pela expectativa de reabertura de economias<\/p>\n\n\n\n<p class=\"wp-block-paragraph\">O d\u00f3lar comercial oscila sem rumo \u00fanico frente ao real nesta segunda-feira, 8, ap\u00f3s abrir em queda em busca dos R$ 4,90, acompanhando o exterior onde o ambiente, apesar de positivo, \u00e9 misto com investidores digerindo n\u00fameros da economia da \u00c1sia, em semana de decis\u00e3o de pol\u00edtica monet\u00e1ria do Federal Reserve (Fed, o banco central norte-americano), mesmo com a reabertura gradual de importantes economias.<\/p>\n\n\n\n<p class=\"wp-block-paragraph\">\u00c0s 10h04 (de Bras\u00edlia), a moeda norte-americana tinha queda de 0,38% no mercado \u00e0 vista, cotada a R$ 4,9670 para venda, enquanto o contrato para julho oscila com leve queda de 0,06%, a R$ 4,9690 para venda.<\/p>\n\n\n\n<p class=\"wp-block-paragraph\">Para o analista da corretora Mirae Asset, Pedro Galdi, o sentimento do investidor segue positivo e se confirma com o rali observado nas \u00faltimas semanas influenciado pela expectativa de reabertura de economias com o fim do isolamento social por causa da pandemia de covid-19.<\/p>\n\n\n\n<p class=\"wp-block-paragraph\">\u201cAl\u00e9m de amplos programas de est\u00edmulo dos bancos centrais, a melhora surpreendente do quadro de emprego nos Estados Unidos e a expectativa de que uma vacina para a doen\u00e7a seja criada mais r\u00e1pido do que era esperado\u201d, avalia.<\/p>\n\n\n\n<p class=\"wp-block-paragraph\">J\u00e1 o economista-chefe da SulAm\u00e9rica Investimentos, Newton Rosa, destaca que o otimismo \u00e9 moderado, diante os sinais de que a atividade ganha for\u00e7a em v\u00e1rias partes do mundo. \u201cNa China, as exporta\u00e7\u00f5es ca\u00edram menos do que o previsto em maio, enquanto no Jap\u00e3o, o PIB [Produto Interno Bruto] sofreu contra\u00e7\u00e3o menor do que havia sido calculado inicialmente para o primeiro trimestre\u201d, comenta.<\/p>\n\n\n\n<p class=\"wp-block-paragraph\">O diretor de uma corretora nacional, por\u00e9m, n\u00e3o descarta que o d\u00f3lar volte a recuperar as perdas da semana passa em movimento de ajuste t\u00e9cnico.<\/p>\n\n\n\n<p class=\"wp-block-paragraph\"><strong><em>Fonte: Ag\u00eancia Safras<\/em><\/strong><\/p>\n","protected":false},"excerpt":{"rendered":"<p>De acordo com a Mirae Asset, o sentimento do investidor segue positivo e se confirma com o rali observado nas \u00faltimas semanas influenciado pela expectativa de reabertura de economias O d\u00f3lar comercial oscila sem rumo \u00fanico frente ao real nesta segunda-feira, 8, ap\u00f3s abrir em queda em busca dos R$ 4,90, acompanhando o exterior onde &hellip;<\/p>\n","protected":false},"author":9,"featured_media":12715,"comment_status":"closed","ping_status":"closed","sticky":false,"template":"","format":"standard","meta":{"_monsterinsights_skip_tracking":false,"_uf_show_specific_survey":0,"_uf_disable_surveys":false,"footnotes":""},"categories":[126,147],"tags":[],"class_list":["post-13253","post","type-post","status-publish","format-standard","has-post-thumbnail","hentry","category-destacados","category-economia"],"aioseo_notices":[],"aioseo_head":"\n\t\t<!-- All in One SEO 5.0.1.1 - aioseo.com -->\n\t<meta name=\"description\" content=\"De acordo com a Mirae Asset, o sentimento do investidor segue positivo e se confirma com o rali observado nas \u00faltimas semanas influenciado pela expectativa de reabertura de economias O d\u00f3lar comercial oscila sem rumo \u00fanico frente ao real nesta segunda-feira, 8, ap\u00f3s abrir em queda em busca dos R$ 4,90, acompanhando o exterior onde\" \/>\n\t<meta name=\"robots\" content=\"max-image-preview:large\" \/>\n\t<meta name=\"author\" content=\"Alejo Bordon\"\/>\n\t<link rel=\"canonical\" href=\"https:\/\/radiosul.net\/wp\/2020\/dolar-abre-em-queda-com-otimismo-internacional-e-atinge-r-496\/\" \/>\n\t<meta name=\"generator\" content=\"All in One SEO (AIOSEO) 5.0.1.1\" \/>\n\t\t<meta property=\"og:locale\" content=\"pt_BR\" \/>\n\t\t<meta property=\"og:site_name\" content=\"radiosul.net - Regional por Excel\u00eancia\" \/>\n\t\t<meta property=\"og:type\" content=\"article\" \/>\n\t\t<meta property=\"og:title\" content=\"D\u00f3lar abre em queda com otimismo internacional e atinge R$ 4,96 - radiosul.net\" \/>\n\t\t<meta property=\"og:description\" content=\"De acordo com a Mirae Asset, o sentimento do investidor segue positivo e se confirma com o rali observado nas \u00faltimas semanas influenciado pela expectativa de reabertura de economias O d\u00f3lar comercial oscila sem rumo \u00fanico frente ao real nesta segunda-feira, 8, ap\u00f3s abrir em queda em busca dos R$ 4,90, acompanhando o exterior onde\" \/>\n\t\t<meta property=\"og:url\" content=\"https:\/\/radiosul.net\/wp\/2020\/dolar-abre-em-queda-com-otimismo-internacional-e-atinge-r-496\/\" \/>\n\t\t<meta property=\"article:published_time\" content=\"2020-06-08T17:07:46+00:00\" \/>\n\t\t<meta property=\"article:modified_time\" content=\"2020-06-08T17:07:50+00:00\" \/>\n\t\t<meta name=\"twitter:card\" content=\"summary_large_image\" \/>\n\t\t<meta name=\"twitter:title\" content=\"D\u00f3lar abre em queda com otimismo internacional e atinge R$ 4,96 - radiosul.net\" \/>\n\t\t<meta name=\"twitter:description\" content=\"De acordo com a Mirae Asset, o sentimento do investidor segue positivo e se confirma com o rali observado nas \u00faltimas semanas influenciado pela expectativa de reabertura de economias O d\u00f3lar comercial oscila sem rumo \u00fanico frente ao real nesta segunda-feira, 8, ap\u00f3s abrir em queda em busca dos R$ 4,90, acompanhando o exterior onde\" \/>\n\t\t<script type=\"application\/ld+json\" class=\"aioseo-schema\">\n\t\t\t{\"@context\":\"https:\\\/\\\/schema.org\",\"@graph\":[{\"@type\":\"BlogPosting\",\"@id\":\"https:\\\/\\\/radiosul.net\\\/wp\\\/2020\\\/dolar-abre-em-queda-com-otimismo-internacional-e-atinge-r-496\\\/#blogposting\",\"name\":\"D\\u00f3lar abre em queda com otimismo internacional e atinge R$ 4,96 - radiosul.net\",\"headline\":\"D\\u00f3lar abre em queda com otimismo internacional e atinge R$ 4,96\",\"author\":{\"@id\":\"https:\\\/\\\/radiosul.net\\\/wp\\\/author\\\/alejo\\\/#author\"},\"publisher\":{\"@id\":\"https:\\\/\\\/radiosul.net\\\/wp\\\/#organization\"},\"image\":{\"@type\":\"ImageObject\",\"url\":\"https:\\\/\\\/radiosul.net\\\/wp\\\/wp-content\\\/uploads\\\/2020\\\/05\\\/95a4fe1c-d\\u00f3lares-scaled.jpg\",\"width\":2560,\"height\":1669},\"datePublished\":\"2020-06-08T14:07:46-03:00\",\"dateModified\":\"2020-06-08T14:07:50-03:00\",\"inLanguage\":\"pt-BR\",\"mainEntityOfPage\":{\"@id\":\"https:\\\/\\\/radiosul.net\\\/wp\\\/2020\\\/dolar-abre-em-queda-com-otimismo-internacional-e-atinge-r-496\\\/#webpage\"},\"isPartOf\":{\"@id\":\"https:\\\/\\\/radiosul.net\\\/wp\\\/2020\\\/dolar-abre-em-queda-com-otimismo-internacional-e-atinge-r-496\\\/#webpage\"},\"articleSection\":\"Destaque, Economia\"},{\"@type\":\"BreadcrumbList\",\"@id\":\"https:\\\/\\\/radiosul.net\\\/wp\\\/2020\\\/dolar-abre-em-queda-com-otimismo-internacional-e-atinge-r-496\\\/#breadcrumblist\",\"itemListElement\":[{\"@type\":\"ListItem\",\"@id\":\"https:\\\/\\\/radiosul.net\\\/wp#listItem\",\"position\":1,\"name\":\"Home\",\"item\":\"https:\\\/\\\/radiosul.net\\\/wp\",\"nextItem\":{\"@type\":\"ListItem\",\"@id\":\"https:\\\/\\\/radiosul.net\\\/wp\\\/category\\\/destacados\\\/#listItem\",\"name\":\"Destaque\"}},{\"@type\":\"ListItem\",\"@id\":\"https:\\\/\\\/radiosul.net\\\/wp\\\/category\\\/destacados\\\/#listItem\",\"position\":2,\"name\":\"Destaque\",\"item\":\"https:\\\/\\\/radiosul.net\\\/wp\\\/category\\\/destacados\\\/\",\"nextItem\":{\"@type\":\"ListItem\",\"@id\":\"https:\\\/\\\/radiosul.net\\\/wp\\\/2020\\\/dolar-abre-em-queda-com-otimismo-internacional-e-atinge-r-496\\\/#listItem\",\"name\":\"D\\u00f3lar abre em queda com otimismo internacional e atinge R$ 4,96\"},\"previousItem\":{\"@type\":\"ListItem\",\"@id\":\"https:\\\/\\\/radiosul.net\\\/wp#listItem\",\"name\":\"Home\"}},{\"@type\":\"ListItem\",\"@id\":\"https:\\\/\\\/radiosul.net\\\/wp\\\/2020\\\/dolar-abre-em-queda-com-otimismo-internacional-e-atinge-r-496\\\/#listItem\",\"position\":3,\"name\":\"D\\u00f3lar abre em queda com otimismo internacional e atinge R$ 4,96\",\"previousItem\":{\"@type\":\"ListItem\",\"@id\":\"https:\\\/\\\/radiosul.net\\\/wp\\\/category\\\/destacados\\\/#listItem\",\"name\":\"Destaque\"}}]},{\"@type\":\"Organization\",\"@id\":\"https:\\\/\\\/radiosul.net\\\/wp\\\/#organization\",\"name\":\"radiosul.net\",\"description\":\"Regional por Excel\\u00eancia\",\"url\":\"https:\\\/\\\/radiosul.net\\\/wp\\\/\"},{\"@type\":\"Person\",\"@id\":\"https:\\\/\\\/radiosul.net\\\/wp\\\/author\\\/alejo\\\/#author\",\"url\":\"https:\\\/\\\/radiosul.net\\\/wp\\\/author\\\/alejo\\\/\",\"name\":\"Alejo Bordon\",\"image\":{\"@type\":\"ImageObject\",\"@id\":\"https:\\\/\\\/radiosul.net\\\/wp\\\/2020\\\/dolar-abre-em-queda-com-otimismo-internacional-e-atinge-r-496\\\/#authorImage\",\"url\":\"https:\\\/\\\/secure.gravatar.com\\\/avatar\\\/b3a7e7f1c71212e6a5b7183b79a2ab58dad8bdc4cd4eadd61c4434d010d0bae4?s=96&d=mm&r=g\",\"width\":96,\"height\":96,\"caption\":\"Alejo Bordon\"}},{\"@type\":\"WebPage\",\"@id\":\"https:\\\/\\\/radiosul.net\\\/wp\\\/2020\\\/dolar-abre-em-queda-com-otimismo-internacional-e-atinge-r-496\\\/#webpage\",\"url\":\"https:\\\/\\\/radiosul.net\\\/wp\\\/2020\\\/dolar-abre-em-queda-com-otimismo-internacional-e-atinge-r-496\\\/\",\"name\":\"D\\u00f3lar abre em queda com otimismo internacional e atinge R$ 4,96 - radiosul.net\",\"description\":\"De acordo com a Mirae Asset, o sentimento do investidor segue positivo e se confirma com o rali observado nas \\u00faltimas semanas influenciado pela expectativa de reabertura de economias O d\\u00f3lar comercial oscila sem rumo \\u00fanico frente ao real nesta segunda-feira, 8, ap\\u00f3s abrir em queda em busca dos R$ 4,90, acompanhando o exterior onde\",\"inLanguage\":\"pt-BR\",\"isPartOf\":{\"@id\":\"https:\\\/\\\/radiosul.net\\\/wp\\\/#website\"},\"breadcrumb\":{\"@id\":\"https:\\\/\\\/radiosul.net\\\/wp\\\/2020\\\/dolar-abre-em-queda-com-otimismo-internacional-e-atinge-r-496\\\/#breadcrumblist\"},\"author\":{\"@id\":\"https:\\\/\\\/radiosul.net\\\/wp\\\/author\\\/alejo\\\/#author\"},\"creator\":{\"@id\":\"https:\\\/\\\/radiosul.net\\\/wp\\\/author\\\/alejo\\\/#author\"},\"image\":{\"@type\":\"ImageObject\",\"url\":\"https:\\\/\\\/radiosul.net\\\/wp\\\/wp-content\\\/uploads\\\/2020\\\/05\\\/95a4fe1c-d\\u00f3lares-scaled.jpg\",\"@id\":\"https:\\\/\\\/radiosul.net\\\/wp\\\/2020\\\/dolar-abre-em-queda-com-otimismo-internacional-e-atinge-r-496\\\/#mainImage\",\"width\":2560,\"height\":1669},\"primaryImageOfPage\":{\"@id\":\"https:\\\/\\\/radiosul.net\\\/wp\\\/2020\\\/dolar-abre-em-queda-com-otimismo-internacional-e-atinge-r-496\\\/#mainImage\"},\"datePublished\":\"2020-06-08T14:07:46-03:00\",\"dateModified\":\"2020-06-08T14:07:50-03:00\"},{\"@type\":\"WebSite\",\"@id\":\"https:\\\/\\\/radiosul.net\\\/wp\\\/#website\",\"url\":\"https:\\\/\\\/radiosul.net\\\/wp\\\/\",\"name\":\"radiosul.net\",\"description\":\"Regional por Excel\\u00eancia\",\"inLanguage\":\"pt-BR\",\"publisher\":{\"@id\":\"https:\\\/\\\/radiosul.net\\\/wp\\\/#organization\"}}]}\n\t\t<\/script>\n\t\t<!-- All in One SEO -->\n\n","aioseo_head_json":{"title":"D\u00f3lar abre em queda com otimismo internacional e atinge R$ 4,96 - radiosul.net","description":"De acordo com a Mirae Asset, o sentimento do investidor segue positivo e se confirma com o rali observado nas \u00faltimas semanas influenciado pela expectativa de reabertura de economias O d\u00f3lar comercial oscila sem rumo \u00fanico frente ao real nesta segunda-feira, 8, ap\u00f3s abrir em queda em busca dos R$ 4,90, acompanhando o exterior onde","canonical_url":"https:\/\/radiosul.net\/wp\/2020\/dolar-abre-em-queda-com-otimismo-internacional-e-atinge-r-496\/","robots":"max-image-preview:large","keywords":"","webmasterTools":{"miscellaneous":""},"schema":{"@context":"https:\/\/schema.org","@graph":[{"@type":"BlogPosting","@id":"https:\/\/radiosul.net\/wp\/2020\/dolar-abre-em-queda-com-otimismo-internacional-e-atinge-r-496\/#blogposting","name":"D\u00f3lar abre em queda com otimismo internacional e atinge R$ 4,96 - radiosul.net","headline":"D\u00f3lar abre em queda com otimismo internacional e atinge R$ 4,96","author":{"@id":"https:\/\/radiosul.net\/wp\/author\/alejo\/#author"},"publisher":{"@id":"https:\/\/radiosul.net\/wp\/#organization"},"image":{"@type":"ImageObject","url":"https:\/\/radiosul.net\/wp\/wp-content\/uploads\/2020\/05\/95a4fe1c-d\u00f3lares-scaled.jpg","width":2560,"height":1669},"datePublished":"2020-06-08T14:07:46-03:00","dateModified":"2020-06-08T14:07:50-03:00","inLanguage":"pt-BR","mainEntityOfPage":{"@id":"https:\/\/radiosul.net\/wp\/2020\/dolar-abre-em-queda-com-otimismo-internacional-e-atinge-r-496\/#webpage"},"isPartOf":{"@id":"https:\/\/radiosul.net\/wp\/2020\/dolar-abre-em-queda-com-otimismo-internacional-e-atinge-r-496\/#webpage"},"articleSection":"Destaque, Economia"},{"@type":"BreadcrumbList","@id":"https:\/\/radiosul.net\/wp\/2020\/dolar-abre-em-queda-com-otimismo-internacional-e-atinge-r-496\/#breadcrumblist","itemListElement":[{"@type":"ListItem","@id":"https:\/\/radiosul.net\/wp#listItem","position":1,"name":"Home","item":"https:\/\/radiosul.net\/wp","nextItem":{"@type":"ListItem","@id":"https:\/\/radiosul.net\/wp\/category\/destacados\/#listItem","name":"Destaque"}},{"@type":"ListItem","@id":"https:\/\/radiosul.net\/wp\/category\/destacados\/#listItem","position":2,"name":"Destaque","item":"https:\/\/radiosul.net\/wp\/category\/destacados\/","nextItem":{"@type":"ListItem","@id":"https:\/\/radiosul.net\/wp\/2020\/dolar-abre-em-queda-com-otimismo-internacional-e-atinge-r-496\/#listItem","name":"D\u00f3lar abre em queda com otimismo internacional e atinge R$ 4,96"},"previousItem":{"@type":"ListItem","@id":"https:\/\/radiosul.net\/wp#listItem","name":"Home"}},{"@type":"ListItem","@id":"https:\/\/radiosul.net\/wp\/2020\/dolar-abre-em-queda-com-otimismo-internacional-e-atinge-r-496\/#listItem","position":3,"name":"D\u00f3lar abre em queda com otimismo internacional e atinge R$ 4,96","previousItem":{"@type":"ListItem","@id":"https:\/\/radiosul.net\/wp\/category\/destacados\/#listItem","name":"Destaque"}}]},{"@type":"Organization","@id":"https:\/\/radiosul.net\/wp\/#organization","name":"radiosul.net","description":"Regional por Excel\u00eancia","url":"https:\/\/radiosul.net\/wp\/"},{"@type":"Person","@id":"https:\/\/radiosul.net\/wp\/author\/alejo\/#author","url":"https:\/\/radiosul.net\/wp\/author\/alejo\/","name":"Alejo Bordon","image":{"@type":"ImageObject","@id":"https:\/\/radiosul.net\/wp\/2020\/dolar-abre-em-queda-com-otimismo-internacional-e-atinge-r-496\/#authorImage","url":"https:\/\/secure.gravatar.com\/avatar\/b3a7e7f1c71212e6a5b7183b79a2ab58dad8bdc4cd4eadd61c4434d010d0bae4?s=96&d=mm&r=g","width":96,"height":96,"caption":"Alejo Bordon"}},{"@type":"WebPage","@id":"https:\/\/radiosul.net\/wp\/2020\/dolar-abre-em-queda-com-otimismo-internacional-e-atinge-r-496\/#webpage","url":"https:\/\/radiosul.net\/wp\/2020\/dolar-abre-em-queda-com-otimismo-internacional-e-atinge-r-496\/","name":"D\u00f3lar abre em queda com otimismo internacional e atinge R$ 4,96 - radiosul.net","description":"De acordo com a Mirae Asset, o sentimento do investidor segue positivo e se confirma com o rali observado nas \u00faltimas semanas influenciado pela expectativa de reabertura de economias O d\u00f3lar comercial oscila sem rumo \u00fanico frente ao real nesta segunda-feira, 8, ap\u00f3s abrir em queda em busca dos R$ 4,90, acompanhando o exterior onde","inLanguage":"pt-BR","isPartOf":{"@id":"https:\/\/radiosul.net\/wp\/#website"},"breadcrumb":{"@id":"https:\/\/radiosul.net\/wp\/2020\/dolar-abre-em-queda-com-otimismo-internacional-e-atinge-r-496\/#breadcrumblist"},"author":{"@id":"https:\/\/radiosul.net\/wp\/author\/alejo\/#author"},"creator":{"@id":"https:\/\/radiosul.net\/wp\/author\/alejo\/#author"},"image":{"@type":"ImageObject","url":"https:\/\/radiosul.net\/wp\/wp-content\/uploads\/2020\/05\/95a4fe1c-d\u00f3lares-scaled.jpg","@id":"https:\/\/radiosul.net\/wp\/2020\/dolar-abre-em-queda-com-otimismo-internacional-e-atinge-r-496\/#mainImage","width":2560,"height":1669},"primaryImageOfPage":{"@id":"https:\/\/radiosul.net\/wp\/2020\/dolar-abre-em-queda-com-otimismo-internacional-e-atinge-r-496\/#mainImage"},"datePublished":"2020-06-08T14:07:46-03:00","dateModified":"2020-06-08T14:07:50-03:00"},{"@type":"WebSite","@id":"https:\/\/radiosul.net\/wp\/#website","url":"https:\/\/radiosul.net\/wp\/","name":"radiosul.net","description":"Regional por Excel\u00eancia","inLanguage":"pt-BR","publisher":{"@id":"https:\/\/radiosul.net\/wp\/#organization"}}]},"og:locale":"pt_BR","og:site_name":"radiosul.net - Regional por Excel\u00eancia","og:type":"article","og:title":"D\u00f3lar abre em queda com otimismo internacional e atinge R$ 4,96 - radiosul.net","og:description":"De acordo com a Mirae Asset, o sentimento do investidor segue positivo e se confirma com o rali observado nas \u00faltimas semanas influenciado pela expectativa de reabertura de economias O d\u00f3lar comercial oscila sem rumo \u00fanico frente ao real nesta segunda-feira, 8, ap\u00f3s abrir em queda em busca dos R$ 4,90, acompanhando o exterior onde","og:url":"https:\/\/radiosul.net\/wp\/2020\/dolar-abre-em-queda-com-otimismo-internacional-e-atinge-r-496\/","article:published_time":"2020-06-08T17:07:46+00:00","article:modified_time":"2020-06-08T17:07:50+00:00","twitter:card":"summary_large_image","twitter:title":"D\u00f3lar abre em queda com otimismo internacional e atinge R$ 4,96 - radiosul.net","twitter:description":"De acordo com a Mirae Asset, o sentimento do investidor segue positivo e se confirma com o rali observado nas \u00faltimas semanas influenciado pela expectativa de reabertura de economias O d\u00f3lar comercial oscila sem rumo \u00fanico frente ao real nesta segunda-feira, 8, ap\u00f3s abrir em queda em busca dos R$ 4,90, acompanhando o exterior onde"},"aioseo_meta_data":{"post_id":"13253","title":null,"description":null,"keywords":null,"keyphrases":null,"primary_term":null,"canonical_url":null,"og_title":null,"og_description":null,"og_object_type":"default","og_image_type":"default","og_image_url":null,"og_image_width":null,"og_image_height":null,"og_image_custom_url":null,"og_image_custom_fields":null,"og_video":null,"og_custom_url":null,"og_article_section":null,"og_article_tags":null,"twitter_use_og":false,"twitter_card":"default","twitter_image_type":"default","twitter_image_url":null,"twitter_image_custom_url":null,"twitter_image_custom_fields":null,"twitter_title":null,"twitter_description":null,"schema":{"blockGraphs":[],"customGraphs":[],"default":{"data":{"Article":[],"Course":[],"Dataset":[],"FAQPage":[],"Movie":[],"Person":[],"Product":[],"ProductReview":[],"Car":[],"Recipe":[],"Service":[],"SoftwareApplication":[],"WebPage":[]},"graphName":"","isEnabled":true},"graphs":[]},"schema_type":"default","schema_type_options":null,"pillar_content":false,"robots_default":true,"robots_noindex":false,"robots_noarchive":false,"robots_nosnippet":false,"robots_nofollow":false,"robots_noimageindex":false,"robots_noodp":false,"robots_notranslate":false,"robots_max_snippet":null,"robots_max_videopreview":null,"robots_max_imagepreview":"large","priority":null,"frequency":null,"local_seo":null,"breadcrumb_settings":null,"limit_modified_date":false,"ai":null,"created":"2026-01-08 21:03:27","updated":"2026-01-08 21:03:27","seo_analyzer_scan_date":null,"focus_keyword":null,"additional_keywords":null,"truseo_locale":null},"aioseo_breadcrumb":"<div class=\"aioseo-breadcrumbs\"><span class=\"aioseo-breadcrumb\">\n\t\t\t<a href=\"https:\/\/radiosul.net\/wp\" title=\"Home\">Home<\/a>\n\t\t<\/span><span class=\"aioseo-breadcrumb-separator\">&raquo;<\/span><span class=\"aioseo-breadcrumb\">\n\t\t\t<a href=\"https:\/\/radiosul.net\/wp\/category\/destacados\/\" title=\"Destaque\">Destaque<\/a>\n\t\t<\/span><span class=\"aioseo-breadcrumb-separator\">&raquo;<\/span><span class=\"aioseo-breadcrumb\">\n\t\t\tD\u00f3lar abre em queda com otimismo internacional e atinge R$ 4,96\n\t\t<\/span><\/div>","aioseo_breadcrumb_json":[{"label":"Home","link":"https:\/\/radiosul.net\/wp"},{"label":"Destaque","link":"https:\/\/radiosul.net\/wp\/category\/destacados\/"},{"label":"D\u00f3lar abre em queda com otimismo internacional e atinge R$ 4,96","link":"https:\/\/radiosul.net\/wp\/2020\/dolar-abre-em-queda-com-otimismo-internacional-e-atinge-r-496\/"}],"_links":{"self":[{"href":"https:\/\/radiosul.net\/wp\/wp-json\/wp\/v2\/posts\/13253","targetHints":{"allow":["GET"]}}],"collection":[{"href":"https:\/\/radiosul.net\/wp\/wp-json\/wp\/v2\/posts"}],"about":[{"href":"https:\/\/radiosul.net\/wp\/wp-json\/wp\/v2\/types\/post"}],"author":[{"embeddable":true,"href":"https:\/\/radiosul.net\/wp\/wp-json\/wp\/v2\/users\/9"}],"replies":[{"embeddable":true,"href":"https:\/\/radiosul.net\/wp\/wp-json\/wp\/v2\/comments?post=13253"}],"version-history":[{"count":1,"href":"https:\/\/radiosul.net\/wp\/wp-json\/wp\/v2\/posts\/13253\/revisions"}],"predecessor-version":[{"id":13254,"href":"https:\/\/radiosul.net\/wp\/wp-json\/wp\/v2\/posts\/13253\/revisions\/13254"}],"wp:featuredmedia":[{"embeddable":true,"href":"https:\/\/radiosul.net\/wp\/wp-json\/wp\/v2\/media\/12715"}],"wp:attachment":[{"href":"https:\/\/radiosul.net\/wp\/wp-json\/wp\/v2\/media?parent=13253"}],"wp:term":[{"taxonomy":"category","embeddable":true,"href":"https:\/\/radiosul.net\/wp\/wp-json\/wp\/v2\/categories?post=13253"},{"taxonomy":"post_tag","embeddable":true,"href":"https:\/\/radiosul.net\/wp\/wp-json\/wp\/v2\/tags?post=13253"}],"curies":[{"name":"wp","href":"https:\/\/api.w.org\/{rel}","templated":true}]}}