{"id":13174,"date":"2020-06-05T07:31:43","date_gmt":"2020-06-05T10:31:43","guid":{"rendered":"https:\/\/radiosul.net\/wp\/?p=13174"},"modified":"2020-06-05T07:31:46","modified_gmt":"2020-06-05T10:31:46","slug":"custo-beneficio-da-raca-angus-e-destaque-em-videoconferencia-com-a-alta-genetics","status":"publish","type":"post","link":"https:\/\/radiosul.net\/wp\/2020\/custo-beneficio-da-raca-angus-e-destaque-em-videoconferencia-com-a-alta-genetics\/","title":{"rendered":"Custo-benef\u00edcio da ra\u00e7a Angus \u00e9 destaque em videoconfer\u00eancia com a Alta Genetics"},"content":{"rendered":"\n<p class=\"wp-block-paragraph\">A busca por excel\u00eancia nas tr\u00eas frases da pecu\u00e1ria de corte \u2013 cria, recria e engorda \u2013 \u00e9 constante. Do pasto ao prato, a preocupa\u00e7\u00e3o por entregar qualidade e otimizar os ganhos atinge todos os elos da cadeia, indo do produtor ao frigor\u00edfico. Para alcan\u00e7ar esses resultados positivos, o acesso \u00e0 informa\u00e7\u00e3o \u00e9 essencial, pois facilita a tomada de decis\u00e3o dos pecuaristas na fazenda. Esse foi o foco da videoconfer\u00eancia entre a Alta Genetics e o Programa Carne Angus Certificada realizada nesta quarta-feira (3\/6). Com media\u00e7\u00e3o da t\u00e9cnica de corte Luiza Mangucci, a gerente nacional do Carne Angus, Ana Doralina Menezes, e o coordenador Maychel Borges apresentaram a rela\u00e7\u00e3o custo-benef\u00edcio da ra\u00e7a aos participantes.<\/p>\n\n\n\n<p class=\"wp-block-paragraph\">A valoriza\u00e7\u00e3o da Angus no mercado foi mostrada em n\u00fameros. Segundo relat\u00f3rio da Associa\u00e7\u00e3o Brasileira de Insemina\u00e7\u00e3o Artificial (Asbia), a ra\u00e7a possui o maior volume de comercializa\u00e7\u00e3o de doses de s\u00eamen das ra\u00e7as de corte no pa\u00eds, lideran\u00e7a que \u00e9 assumida desde 2019, com 11 milh\u00f5es de doses computadas no ano passado. Para Ana Doralina, os altos n\u00edveis positivos s\u00f3 s\u00e3o poss\u00edveis gra\u00e7as \u00e0 colabora\u00e7\u00e3o de todos os envolvidos na cadeia, como t\u00e9cnicos, produtores e empresas de insumo. \u201cOs n\u00fameros mostram que j\u00e1 conquistamos o nosso espa\u00e7o, por\u00e9m ainda temos muito trabalho pela frente. A gen\u00e9tica \u00e9 essencial dentro de um sistema produtivo quando se deseja produzir uma carne de qualidade, mas o pecuarista tamb\u00e9m deve atentar a nutri\u00e7\u00e3o, sanidade e manejo dos animais\u201d, afirma.<\/p>\n\n\n\n<p class=\"wp-block-paragraph\">Para Borges, o Programa Carne Angus \u00e9 um facilitador de neg\u00f3cios, que leva satisfa\u00e7\u00e3o ao produtor, ao frigor\u00edfico e \u00e0s empresas de gen\u00e9tica ao verem suas metas de trabalhos sendo batidas. O coordenador ainda refor\u00e7a que cada pecuarista precisa trabalhar com a gen\u00e9tica adequada para a realidade da sua propriedade. \u201cPara alcan\u00e7ar os objetivos da certifica\u00e7\u00e3o Angus, o produtor precisa se planejar e desenhar um modelo ideal para a sua fazenda. \u00c9 nesse contexto que empresas como a Alta Genetics entra, na posi\u00e7\u00e3o de parceira na busca da melhor gen\u00e9tica dentro da ra\u00e7a Angus\u201d, pondera.<\/p>\n\n\n\n<p class=\"wp-block-paragraph\">Outro ponto abordado na confer\u00eancia virtual foi a exig\u00eancia do consumidor por cortes que apresentem selos de qualidade. Segundo Borges, a import\u00e2ncia dos selos de certifica\u00e7\u00e3o j\u00e1 vinha crescendo na ponta final da cadeia, mas, com a pandemia, a tend\u00eancia \u00e9 que essa valoriza\u00e7\u00e3o aumente ainda mais. \u201cTanto o produtor como o consumidor tendem a dar mais import\u00e2ncia para a qualidade dos produtos. O pecuarista vai enxergar sua propriedade como uma empresa, se preocupando com o que o mercado est\u00e1 pedindo. Por outro lado, o consumidor est\u00e1 exigindo os selos, aumentando a demanda do varejo\u201d, refor\u00e7a.<\/p>\n\n\n\n<p class=\"wp-block-paragraph\">A Alta Genetics \u00e9 uma central de gen\u00e9tica que presa por construir relacionamento de longo prazo com seus clientes, entregando lucratividade e s\u00eamen de confian\u00e7a para os produtores. \u201cA Alta \u00e9 uma parceira antiga da Associa\u00e7\u00e3o Brasileira de Angus, que vem desempenhado um papel muito importante com a ra\u00e7a. O foco \u00e9 ajudar o produtor a aumentar seus resultados, trabalho que n\u00e3o busca apenas comercializar gen\u00e9tica, mas tamb\u00e9m levar produtividade para todos os elos da cadeia\u201d, afirma Ana.<\/p>\n\n\n\n<p class=\"wp-block-paragraph\"><strong><em>Fonte: Associa\u00e7\u00e3o Brasileira de Angus<\/em><\/strong><\/p>\n","protected":false},"excerpt":{"rendered":"<p>A busca por excel\u00eancia nas tr\u00eas frases da pecu\u00e1ria de corte \u2013 cria, recria e engorda \u2013 \u00e9 constante. Do pasto ao prato, a preocupa\u00e7\u00e3o por entregar qualidade e otimizar os ganhos atinge todos os elos da cadeia, indo do produtor ao frigor\u00edfico. Para alcan\u00e7ar esses resultados positivos, o acesso \u00e0 informa\u00e7\u00e3o \u00e9 essencial, pois &hellip;<\/p>\n","protected":false},"author":9,"featured_media":13175,"comment_status":"closed","ping_status":"closed","sticky":false,"template":"","format":"standard","meta":{"_monsterinsights_skip_tracking":false,"_uf_show_specific_survey":0,"_uf_disable_surveys":false,"footnotes":""},"categories":[1,126],"tags":[],"class_list":["post-13174","post","type-post","status-publish","format-standard","has-post-thumbnail","hentry","category-agro","category-destacados"],"aioseo_notices":[],"aioseo_head":"\n\t\t<!-- All in One SEO 5.0.1.1 - aioseo.com -->\n\t<meta name=\"description\" content=\"A busca por excel\u00eancia nas tr\u00eas frases da pecu\u00e1ria de corte \u2013 cria, recria e engorda \u2013 \u00e9 constante. Do pasto ao prato, a preocupa\u00e7\u00e3o por entregar qualidade e otimizar os ganhos atinge todos os elos da cadeia, indo do produtor ao frigor\u00edfico. Para alcan\u00e7ar esses resultados positivos, o acesso \u00e0 informa\u00e7\u00e3o \u00e9 essencial, pois\" \/>\n\t<meta name=\"robots\" content=\"max-image-preview:large\" \/>\n\t<meta name=\"author\" content=\"Alejo Bordon\"\/>\n\t<link rel=\"canonical\" href=\"https:\/\/radiosul.net\/wp\/2020\/custo-beneficio-da-raca-angus-e-destaque-em-videoconferencia-com-a-alta-genetics\/\" \/>\n\t<meta name=\"generator\" content=\"All in One SEO (AIOSEO) 5.0.1.1\" \/>\n\t\t<meta property=\"og:locale\" content=\"pt_BR\" \/>\n\t\t<meta property=\"og:site_name\" content=\"radiosul.net - Regional por Excel\u00eancia\" \/>\n\t\t<meta property=\"og:type\" content=\"article\" \/>\n\t\t<meta property=\"og:title\" content=\"Custo-benef\u00edcio da ra\u00e7a Angus \u00e9 destaque em videoconfer\u00eancia com a Alta Genetics - radiosul.net\" \/>\n\t\t<meta property=\"og:description\" content=\"A busca por excel\u00eancia nas tr\u00eas frases da pecu\u00e1ria de corte \u2013 cria, recria e engorda \u2013 \u00e9 constante. Do pasto ao prato, a preocupa\u00e7\u00e3o por entregar qualidade e otimizar os ganhos atinge todos os elos da cadeia, indo do produtor ao frigor\u00edfico. Para alcan\u00e7ar esses resultados positivos, o acesso \u00e0 informa\u00e7\u00e3o \u00e9 essencial, pois\" \/>\n\t\t<meta property=\"og:url\" content=\"https:\/\/radiosul.net\/wp\/2020\/custo-beneficio-da-raca-angus-e-destaque-em-videoconferencia-com-a-alta-genetics\/\" \/>\n\t\t<meta property=\"article:published_time\" content=\"2020-06-05T10:31:43+00:00\" \/>\n\t\t<meta property=\"article:modified_time\" content=\"2020-06-05T10:31:46+00:00\" \/>\n\t\t<meta name=\"twitter:card\" content=\"summary_large_image\" \/>\n\t\t<meta name=\"twitter:title\" content=\"Custo-benef\u00edcio da ra\u00e7a Angus \u00e9 destaque em videoconfer\u00eancia com a Alta Genetics - radiosul.net\" \/>\n\t\t<meta name=\"twitter:description\" content=\"A busca por excel\u00eancia nas tr\u00eas frases da pecu\u00e1ria de corte \u2013 cria, recria e engorda \u2013 \u00e9 constante. Do pasto ao prato, a preocupa\u00e7\u00e3o por entregar qualidade e otimizar os ganhos atinge todos os elos da cadeia, indo do produtor ao frigor\u00edfico. Para alcan\u00e7ar esses resultados positivos, o acesso \u00e0 informa\u00e7\u00e3o \u00e9 essencial, pois\" \/>\n\t\t<script type=\"application\/ld+json\" class=\"aioseo-schema\">\n\t\t\t{\"@context\":\"https:\\\/\\\/schema.org\",\"@graph\":[{\"@type\":\"BlogPosting\",\"@id\":\"https:\\\/\\\/radiosul.net\\\/wp\\\/2020\\\/custo-beneficio-da-raca-angus-e-destaque-em-videoconferencia-com-a-alta-genetics\\\/#blogposting\",\"name\":\"Custo-benef\\u00edcio da ra\\u00e7a Angus \\u00e9 destaque em videoconfer\\u00eancia com a Alta Genetics - radiosul.net\",\"headline\":\"Custo-benef\\u00edcio da ra\\u00e7a Angus \\u00e9 destaque em videoconfer\\u00eancia com a Alta Genetics\",\"author\":{\"@id\":\"https:\\\/\\\/radiosul.net\\\/wp\\\/author\\\/alejo\\\/#author\"},\"publisher\":{\"@id\":\"https:\\\/\\\/radiosul.net\\\/wp\\\/#organization\"},\"image\":{\"@type\":\"ImageObject\",\"url\":\"https:\\\/\\\/radiosul.net\\\/wp\\\/wp-content\\\/uploads\\\/2020\\\/06\\\/11-768x768-1.jpg\",\"width\":768,\"height\":768,\"caption\":\"Foto: Gabriel Olivera\"},\"datePublished\":\"2020-06-05T07:31:43-03:00\",\"dateModified\":\"2020-06-05T07:31:46-03:00\",\"inLanguage\":\"pt-BR\",\"mainEntityOfPage\":{\"@id\":\"https:\\\/\\\/radiosul.net\\\/wp\\\/2020\\\/custo-beneficio-da-raca-angus-e-destaque-em-videoconferencia-com-a-alta-genetics\\\/#webpage\"},\"isPartOf\":{\"@id\":\"https:\\\/\\\/radiosul.net\\\/wp\\\/2020\\\/custo-beneficio-da-raca-angus-e-destaque-em-videoconferencia-com-a-alta-genetics\\\/#webpage\"},\"articleSection\":\"Agroneg\\u00f3cio, Destaque\"},{\"@type\":\"BreadcrumbList\",\"@id\":\"https:\\\/\\\/radiosul.net\\\/wp\\\/2020\\\/custo-beneficio-da-raca-angus-e-destaque-em-videoconferencia-com-a-alta-genetics\\\/#breadcrumblist\",\"itemListElement\":[{\"@type\":\"ListItem\",\"@id\":\"https:\\\/\\\/radiosul.net\\\/wp#listItem\",\"position\":1,\"name\":\"Home\",\"item\":\"https:\\\/\\\/radiosul.net\\\/wp\",\"nextItem\":{\"@type\":\"ListItem\",\"@id\":\"https:\\\/\\\/radiosul.net\\\/wp\\\/category\\\/agro\\\/#listItem\",\"name\":\"Agroneg\\u00f3cio\"}},{\"@type\":\"ListItem\",\"@id\":\"https:\\\/\\\/radiosul.net\\\/wp\\\/category\\\/agro\\\/#listItem\",\"position\":2,\"name\":\"Agroneg\\u00f3cio\",\"item\":\"https:\\\/\\\/radiosul.net\\\/wp\\\/category\\\/agro\\\/\",\"nextItem\":{\"@type\":\"ListItem\",\"@id\":\"https:\\\/\\\/radiosul.net\\\/wp\\\/2020\\\/custo-beneficio-da-raca-angus-e-destaque-em-videoconferencia-com-a-alta-genetics\\\/#listItem\",\"name\":\"Custo-benef\\u00edcio da ra\\u00e7a Angus \\u00e9 destaque em videoconfer\\u00eancia com a Alta Genetics\"},\"previousItem\":{\"@type\":\"ListItem\",\"@id\":\"https:\\\/\\\/radiosul.net\\\/wp#listItem\",\"name\":\"Home\"}},{\"@type\":\"ListItem\",\"@id\":\"https:\\\/\\\/radiosul.net\\\/wp\\\/2020\\\/custo-beneficio-da-raca-angus-e-destaque-em-videoconferencia-com-a-alta-genetics\\\/#listItem\",\"position\":3,\"name\":\"Custo-benef\\u00edcio da ra\\u00e7a Angus \\u00e9 destaque em videoconfer\\u00eancia com a Alta Genetics\",\"previousItem\":{\"@type\":\"ListItem\",\"@id\":\"https:\\\/\\\/radiosul.net\\\/wp\\\/category\\\/agro\\\/#listItem\",\"name\":\"Agroneg\\u00f3cio\"}}]},{\"@type\":\"Organization\",\"@id\":\"https:\\\/\\\/radiosul.net\\\/wp\\\/#organization\",\"name\":\"radiosul.net\",\"description\":\"Regional por Excel\\u00eancia\",\"url\":\"https:\\\/\\\/radiosul.net\\\/wp\\\/\"},{\"@type\":\"Person\",\"@id\":\"https:\\\/\\\/radiosul.net\\\/wp\\\/author\\\/alejo\\\/#author\",\"url\":\"https:\\\/\\\/radiosul.net\\\/wp\\\/author\\\/alejo\\\/\",\"name\":\"Alejo Bordon\",\"image\":{\"@type\":\"ImageObject\",\"@id\":\"https:\\\/\\\/radiosul.net\\\/wp\\\/2020\\\/custo-beneficio-da-raca-angus-e-destaque-em-videoconferencia-com-a-alta-genetics\\\/#authorImage\",\"url\":\"https:\\\/\\\/secure.gravatar.com\\\/avatar\\\/b3a7e7f1c71212e6a5b7183b79a2ab58dad8bdc4cd4eadd61c4434d010d0bae4?s=96&d=mm&r=g\",\"width\":96,\"height\":96,\"caption\":\"Alejo Bordon\"}},{\"@type\":\"WebPage\",\"@id\":\"https:\\\/\\\/radiosul.net\\\/wp\\\/2020\\\/custo-beneficio-da-raca-angus-e-destaque-em-videoconferencia-com-a-alta-genetics\\\/#webpage\",\"url\":\"https:\\\/\\\/radiosul.net\\\/wp\\\/2020\\\/custo-beneficio-da-raca-angus-e-destaque-em-videoconferencia-com-a-alta-genetics\\\/\",\"name\":\"Custo-benef\\u00edcio da ra\\u00e7a Angus \\u00e9 destaque em videoconfer\\u00eancia com a Alta Genetics - radiosul.net\",\"description\":\"A busca por excel\\u00eancia nas tr\\u00eas frases da pecu\\u00e1ria de corte \\u2013 cria, recria e engorda \\u2013 \\u00e9 constante. Do pasto ao prato, a preocupa\\u00e7\\u00e3o por entregar qualidade e otimizar os ganhos atinge todos os elos da cadeia, indo do produtor ao frigor\\u00edfico. Para alcan\\u00e7ar esses resultados positivos, o acesso \\u00e0 informa\\u00e7\\u00e3o \\u00e9 essencial, pois\",\"inLanguage\":\"pt-BR\",\"isPartOf\":{\"@id\":\"https:\\\/\\\/radiosul.net\\\/wp\\\/#website\"},\"breadcrumb\":{\"@id\":\"https:\\\/\\\/radiosul.net\\\/wp\\\/2020\\\/custo-beneficio-da-raca-angus-e-destaque-em-videoconferencia-com-a-alta-genetics\\\/#breadcrumblist\"},\"author\":{\"@id\":\"https:\\\/\\\/radiosul.net\\\/wp\\\/author\\\/alejo\\\/#author\"},\"creator\":{\"@id\":\"https:\\\/\\\/radiosul.net\\\/wp\\\/author\\\/alejo\\\/#author\"},\"image\":{\"@type\":\"ImageObject\",\"url\":\"https:\\\/\\\/radiosul.net\\\/wp\\\/wp-content\\\/uploads\\\/2020\\\/06\\\/11-768x768-1.jpg\",\"@id\":\"https:\\\/\\\/radiosul.net\\\/wp\\\/2020\\\/custo-beneficio-da-raca-angus-e-destaque-em-videoconferencia-com-a-alta-genetics\\\/#mainImage\",\"width\":768,\"height\":768,\"caption\":\"Foto: Gabriel Olivera\"},\"primaryImageOfPage\":{\"@id\":\"https:\\\/\\\/radiosul.net\\\/wp\\\/2020\\\/custo-beneficio-da-raca-angus-e-destaque-em-videoconferencia-com-a-alta-genetics\\\/#mainImage\"},\"datePublished\":\"2020-06-05T07:31:43-03:00\",\"dateModified\":\"2020-06-05T07:31:46-03:00\"},{\"@type\":\"WebSite\",\"@id\":\"https:\\\/\\\/radiosul.net\\\/wp\\\/#website\",\"url\":\"https:\\\/\\\/radiosul.net\\\/wp\\\/\",\"name\":\"radiosul.net\",\"description\":\"Regional por Excel\\u00eancia\",\"inLanguage\":\"pt-BR\",\"publisher\":{\"@id\":\"https:\\\/\\\/radiosul.net\\\/wp\\\/#organization\"}}]}\n\t\t<\/script>\n\t\t<!-- All in One SEO -->\n\n","aioseo_head_json":{"title":"Custo-benef\u00edcio da ra\u00e7a Angus \u00e9 destaque em videoconfer\u00eancia com a Alta Genetics - radiosul.net","description":"A busca por excel\u00eancia nas tr\u00eas frases da pecu\u00e1ria de corte \u2013 cria, recria e engorda \u2013 \u00e9 constante. Do pasto ao prato, a preocupa\u00e7\u00e3o por entregar qualidade e otimizar os ganhos atinge todos os elos da cadeia, indo do produtor ao frigor\u00edfico. Para alcan\u00e7ar esses resultados positivos, o acesso \u00e0 informa\u00e7\u00e3o \u00e9 essencial, pois","canonical_url":"https:\/\/radiosul.net\/wp\/2020\/custo-beneficio-da-raca-angus-e-destaque-em-videoconferencia-com-a-alta-genetics\/","robots":"max-image-preview:large","keywords":"","webmasterTools":{"miscellaneous":""},"schema":{"@context":"https:\/\/schema.org","@graph":[{"@type":"BlogPosting","@id":"https:\/\/radiosul.net\/wp\/2020\/custo-beneficio-da-raca-angus-e-destaque-em-videoconferencia-com-a-alta-genetics\/#blogposting","name":"Custo-benef\u00edcio da ra\u00e7a Angus \u00e9 destaque em videoconfer\u00eancia com a Alta Genetics - radiosul.net","headline":"Custo-benef\u00edcio da ra\u00e7a Angus \u00e9 destaque em videoconfer\u00eancia com a Alta Genetics","author":{"@id":"https:\/\/radiosul.net\/wp\/author\/alejo\/#author"},"publisher":{"@id":"https:\/\/radiosul.net\/wp\/#organization"},"image":{"@type":"ImageObject","url":"https:\/\/radiosul.net\/wp\/wp-content\/uploads\/2020\/06\/11-768x768-1.jpg","width":768,"height":768,"caption":"Foto: Gabriel Olivera"},"datePublished":"2020-06-05T07:31:43-03:00","dateModified":"2020-06-05T07:31:46-03:00","inLanguage":"pt-BR","mainEntityOfPage":{"@id":"https:\/\/radiosul.net\/wp\/2020\/custo-beneficio-da-raca-angus-e-destaque-em-videoconferencia-com-a-alta-genetics\/#webpage"},"isPartOf":{"@id":"https:\/\/radiosul.net\/wp\/2020\/custo-beneficio-da-raca-angus-e-destaque-em-videoconferencia-com-a-alta-genetics\/#webpage"},"articleSection":"Agroneg\u00f3cio, Destaque"},{"@type":"BreadcrumbList","@id":"https:\/\/radiosul.net\/wp\/2020\/custo-beneficio-da-raca-angus-e-destaque-em-videoconferencia-com-a-alta-genetics\/#breadcrumblist","itemListElement":[{"@type":"ListItem","@id":"https:\/\/radiosul.net\/wp#listItem","position":1,"name":"Home","item":"https:\/\/radiosul.net\/wp","nextItem":{"@type":"ListItem","@id":"https:\/\/radiosul.net\/wp\/category\/agro\/#listItem","name":"Agroneg\u00f3cio"}},{"@type":"ListItem","@id":"https:\/\/radiosul.net\/wp\/category\/agro\/#listItem","position":2,"name":"Agroneg\u00f3cio","item":"https:\/\/radiosul.net\/wp\/category\/agro\/","nextItem":{"@type":"ListItem","@id":"https:\/\/radiosul.net\/wp\/2020\/custo-beneficio-da-raca-angus-e-destaque-em-videoconferencia-com-a-alta-genetics\/#listItem","name":"Custo-benef\u00edcio da ra\u00e7a Angus \u00e9 destaque em videoconfer\u00eancia com a Alta Genetics"},"previousItem":{"@type":"ListItem","@id":"https:\/\/radiosul.net\/wp#listItem","name":"Home"}},{"@type":"ListItem","@id":"https:\/\/radiosul.net\/wp\/2020\/custo-beneficio-da-raca-angus-e-destaque-em-videoconferencia-com-a-alta-genetics\/#listItem","position":3,"name":"Custo-benef\u00edcio da ra\u00e7a Angus \u00e9 destaque em videoconfer\u00eancia com a Alta Genetics","previousItem":{"@type":"ListItem","@id":"https:\/\/radiosul.net\/wp\/category\/agro\/#listItem","name":"Agroneg\u00f3cio"}}]},{"@type":"Organization","@id":"https:\/\/radiosul.net\/wp\/#organization","name":"radiosul.net","description":"Regional por Excel\u00eancia","url":"https:\/\/radiosul.net\/wp\/"},{"@type":"Person","@id":"https:\/\/radiosul.net\/wp\/author\/alejo\/#author","url":"https:\/\/radiosul.net\/wp\/author\/alejo\/","name":"Alejo Bordon","image":{"@type":"ImageObject","@id":"https:\/\/radiosul.net\/wp\/2020\/custo-beneficio-da-raca-angus-e-destaque-em-videoconferencia-com-a-alta-genetics\/#authorImage","url":"https:\/\/secure.gravatar.com\/avatar\/b3a7e7f1c71212e6a5b7183b79a2ab58dad8bdc4cd4eadd61c4434d010d0bae4?s=96&d=mm&r=g","width":96,"height":96,"caption":"Alejo Bordon"}},{"@type":"WebPage","@id":"https:\/\/radiosul.net\/wp\/2020\/custo-beneficio-da-raca-angus-e-destaque-em-videoconferencia-com-a-alta-genetics\/#webpage","url":"https:\/\/radiosul.net\/wp\/2020\/custo-beneficio-da-raca-angus-e-destaque-em-videoconferencia-com-a-alta-genetics\/","name":"Custo-benef\u00edcio da ra\u00e7a Angus \u00e9 destaque em videoconfer\u00eancia com a Alta Genetics - radiosul.net","description":"A busca por excel\u00eancia nas tr\u00eas frases da pecu\u00e1ria de corte \u2013 cria, recria e engorda \u2013 \u00e9 constante. Do pasto ao prato, a preocupa\u00e7\u00e3o por entregar qualidade e otimizar os ganhos atinge todos os elos da cadeia, indo do produtor ao frigor\u00edfico. Para alcan\u00e7ar esses resultados positivos, o acesso \u00e0 informa\u00e7\u00e3o \u00e9 essencial, pois","inLanguage":"pt-BR","isPartOf":{"@id":"https:\/\/radiosul.net\/wp\/#website"},"breadcrumb":{"@id":"https:\/\/radiosul.net\/wp\/2020\/custo-beneficio-da-raca-angus-e-destaque-em-videoconferencia-com-a-alta-genetics\/#breadcrumblist"},"author":{"@id":"https:\/\/radiosul.net\/wp\/author\/alejo\/#author"},"creator":{"@id":"https:\/\/radiosul.net\/wp\/author\/alejo\/#author"},"image":{"@type":"ImageObject","url":"https:\/\/radiosul.net\/wp\/wp-content\/uploads\/2020\/06\/11-768x768-1.jpg","@id":"https:\/\/radiosul.net\/wp\/2020\/custo-beneficio-da-raca-angus-e-destaque-em-videoconferencia-com-a-alta-genetics\/#mainImage","width":768,"height":768,"caption":"Foto: Gabriel Olivera"},"primaryImageOfPage":{"@id":"https:\/\/radiosul.net\/wp\/2020\/custo-beneficio-da-raca-angus-e-destaque-em-videoconferencia-com-a-alta-genetics\/#mainImage"},"datePublished":"2020-06-05T07:31:43-03:00","dateModified":"2020-06-05T07:31:46-03:00"},{"@type":"WebSite","@id":"https:\/\/radiosul.net\/wp\/#website","url":"https:\/\/radiosul.net\/wp\/","name":"radiosul.net","description":"Regional por Excel\u00eancia","inLanguage":"pt-BR","publisher":{"@id":"https:\/\/radiosul.net\/wp\/#organization"}}]},"og:locale":"pt_BR","og:site_name":"radiosul.net - Regional por Excel\u00eancia","og:type":"article","og:title":"Custo-benef\u00edcio da ra\u00e7a Angus \u00e9 destaque em videoconfer\u00eancia com a Alta Genetics - radiosul.net","og:description":"A busca por excel\u00eancia nas tr\u00eas frases da pecu\u00e1ria de corte \u2013 cria, recria e engorda \u2013 \u00e9 constante. Do pasto ao prato, a preocupa\u00e7\u00e3o por entregar qualidade e otimizar os ganhos atinge todos os elos da cadeia, indo do produtor ao frigor\u00edfico. Para alcan\u00e7ar esses resultados positivos, o acesso \u00e0 informa\u00e7\u00e3o \u00e9 essencial, pois","og:url":"https:\/\/radiosul.net\/wp\/2020\/custo-beneficio-da-raca-angus-e-destaque-em-videoconferencia-com-a-alta-genetics\/","article:published_time":"2020-06-05T10:31:43+00:00","article:modified_time":"2020-06-05T10:31:46+00:00","twitter:card":"summary_large_image","twitter:title":"Custo-benef\u00edcio da ra\u00e7a Angus \u00e9 destaque em videoconfer\u00eancia com a Alta Genetics - radiosul.net","twitter:description":"A busca por excel\u00eancia nas tr\u00eas frases da pecu\u00e1ria de corte \u2013 cria, recria e engorda \u2013 \u00e9 constante. Do pasto ao prato, a preocupa\u00e7\u00e3o por entregar qualidade e otimizar os ganhos atinge todos os elos da cadeia, indo do produtor ao frigor\u00edfico. Para alcan\u00e7ar esses resultados positivos, o acesso \u00e0 informa\u00e7\u00e3o \u00e9 essencial, pois"},"aioseo_meta_data":{"post_id":"13174","title":null,"description":null,"keywords":null,"keyphrases":null,"primary_term":null,"canonical_url":null,"og_title":null,"og_description":null,"og_object_type":"default","og_image_type":"default","og_image_url":null,"og_image_width":null,"og_image_height":null,"og_image_custom_url":null,"og_image_custom_fields":null,"og_video":null,"og_custom_url":null,"og_article_section":null,"og_article_tags":null,"twitter_use_og":false,"twitter_card":"default","twitter_image_type":"default","twitter_image_url":null,"twitter_image_custom_url":null,"twitter_image_custom_fields":null,"twitter_title":null,"twitter_description":null,"schema":{"blockGraphs":[],"customGraphs":[],"default":{"data":{"Article":[],"Course":[],"Dataset":[],"FAQPage":[],"Movie":[],"Person":[],"Product":[],"ProductReview":[],"Car":[],"Recipe":[],"Service":[],"SoftwareApplication":[],"WebPage":[]},"graphName":"","isEnabled":true},"graphs":[]},"schema_type":"default","schema_type_options":null,"pillar_content":false,"robots_default":true,"robots_noindex":false,"robots_noarchive":false,"robots_nosnippet":false,"robots_nofollow":false,"robots_noimageindex":false,"robots_noodp":false,"robots_notranslate":false,"robots_max_snippet":null,"robots_max_videopreview":null,"robots_max_imagepreview":"large","priority":null,"frequency":null,"local_seo":null,"breadcrumb_settings":null,"limit_modified_date":false,"ai":null,"created":"2026-01-08 21:02:50","updated":"2026-01-08 21:02:50","seo_analyzer_scan_date":null,"focus_keyword":null,"additional_keywords":null,"truseo_locale":null},"aioseo_breadcrumb":"<div class=\"aioseo-breadcrumbs\"><span class=\"aioseo-breadcrumb\">\n\t\t\t<a href=\"https:\/\/radiosul.net\/wp\" title=\"Home\">Home<\/a>\n\t\t<\/span><span class=\"aioseo-breadcrumb-separator\">&raquo;<\/span><span class=\"aioseo-breadcrumb\">\n\t\t\t<a href=\"https:\/\/radiosul.net\/wp\/category\/agro\/\" title=\"Agroneg\u00f3cio\">Agroneg\u00f3cio<\/a>\n\t\t<\/span><span class=\"aioseo-breadcrumb-separator\">&raquo;<\/span><span class=\"aioseo-breadcrumb\">\n\t\t\tCusto-benef\u00edcio da ra\u00e7a Angus \u00e9 destaque em videoconfer\u00eancia com a Alta Genetics\n\t\t<\/span><\/div>","aioseo_breadcrumb_json":[{"label":"Home","link":"https:\/\/radiosul.net\/wp"},{"label":"Agroneg\u00f3cio","link":"https:\/\/radiosul.net\/wp\/category\/agro\/"},{"label":"Custo-benef\u00edcio da ra\u00e7a Angus \u00e9 destaque em videoconfer\u00eancia com a Alta Genetics","link":"https:\/\/radiosul.net\/wp\/2020\/custo-beneficio-da-raca-angus-e-destaque-em-videoconferencia-com-a-alta-genetics\/"}],"_links":{"self":[{"href":"https:\/\/radiosul.net\/wp\/wp-json\/wp\/v2\/posts\/13174","targetHints":{"allow":["GET"]}}],"collection":[{"href":"https:\/\/radiosul.net\/wp\/wp-json\/wp\/v2\/posts"}],"about":[{"href":"https:\/\/radiosul.net\/wp\/wp-json\/wp\/v2\/types\/post"}],"author":[{"embeddable":true,"href":"https:\/\/radiosul.net\/wp\/wp-json\/wp\/v2\/users\/9"}],"replies":[{"embeddable":true,"href":"https:\/\/radiosul.net\/wp\/wp-json\/wp\/v2\/comments?post=13174"}],"version-history":[{"count":1,"href":"https:\/\/radiosul.net\/wp\/wp-json\/wp\/v2\/posts\/13174\/revisions"}],"predecessor-version":[{"id":13176,"href":"https:\/\/radiosul.net\/wp\/wp-json\/wp\/v2\/posts\/13174\/revisions\/13176"}],"wp:featuredmedia":[{"embeddable":true,"href":"https:\/\/radiosul.net\/wp\/wp-json\/wp\/v2\/media\/13175"}],"wp:attachment":[{"href":"https:\/\/radiosul.net\/wp\/wp-json\/wp\/v2\/media?parent=13174"}],"wp:term":[{"taxonomy":"category","embeddable":true,"href":"https:\/\/radiosul.net\/wp\/wp-json\/wp\/v2\/categories?post=13174"},{"taxonomy":"post_tag","embeddable":true,"href":"https:\/\/radiosul.net\/wp\/wp-json\/wp\/v2\/tags?post=13174"}],"curies":[{"name":"wp","href":"https:\/\/api.w.org\/{rel}","templated":true}]}}