{"id":13073,"date":"2020-05-29T16:03:48","date_gmt":"2020-05-29T19:03:48","guid":{"rendered":"https:\/\/radiosul.net\/wp\/?p=13073"},"modified":"2020-05-29T16:03:51","modified_gmt":"2020-05-29T19:03:51","slug":"prazo-para-atualizacao-do-rebanho-termina-domingo","status":"publish","type":"post","link":"https:\/\/radiosul.net\/wp\/2020\/prazo-para-atualizacao-do-rebanho-termina-domingo\/","title":{"rendered":"Prazo para atualiza\u00e7\u00e3o do rebanho termina domingo"},"content":{"rendered":"\n<p class=\"wp-block-paragraph\">Termina neste domingo (31) o prazo para os produtores rurais do Rio Grande do Sul realizarem a Declara\u00e7\u00e3o Anual do Rebanho. A medida \u00e9 obrigat\u00f3ria para propriet\u00e1rios de todas as esp\u00e9cies de produ\u00e7\u00e3o, como bovinos, su\u00ednos, equ\u00eddeos, aves e peixes. At\u00e9 a \u00faltima segunda-feira, a declara\u00e7\u00e3o de quase 70% dos produtores j\u00e1 havia sido registrada no Sistema de Defesa Agropecu\u00e1ria da Secretaria da Agricultura.<\/p>\n\n\n\n<p class=\"wp-block-paragraph\">Conforme o fiscal estadual agropecu\u00e1rio Endrigo Pradel, da Divis\u00e3o de Controle e Informa\u00e7\u00f5es Sanit\u00e1rias, no que diz respeito aos bovinos, a maioria dos produtores j\u00e1 est\u00e1 com a declara\u00e7\u00e3o atualizada, em fun\u00e7\u00e3o de que muitos fazem o procedimento junto com a comprova\u00e7\u00e3o de vacina\u00e7\u00e3o contra a febre aftosa.<\/p>\n\n\n\n<p class=\"wp-block-paragraph\">O produtor que n\u00e3o entregar a declara\u00e7\u00e3o at\u00e9 domingo (por vias digitais), est\u00e1 sujeito a advert\u00eancia e multa. O documento impresso para declara\u00e7\u00e3o de rebanho pode ser retirado at\u00e9 esta sexta-feira nas Inspetorias de Defesa Agropecu\u00e1ria e tamb\u00e9m h\u00e1 a possibilidade de imprimir o arquivo dispon\u00edvel\u00a0no item 6 deste link no site da SeapDR:\u00a0<a rel=\"noreferrer noopener\" href=\"https:\/\/www.agricultura.rs.gov.br\/see\" target=\"_blank\">https:\/\/www.agricultura.rs.gov.br\/see<\/a>, e enviar o documento preenchido para o contato da inspetoria local.\u00a0\u00a0<\/p>\n\n\n\n<p class=\"wp-block-paragraph\">O presidente do Fundesa-RS, Rog\u00e9rio Kerber destaca a import\u00e2ncia do produtor rural realizar esse procedimento, como forma de fornecer ao Servi\u00e7o Veterin\u00e1rio Oficial as informa\u00e7\u00f5es necess\u00e1rias para o prosseguimento das pol\u00edticas de avan\u00e7o de status sanit\u00e1rio. \u201cA sanidade animal \u00e9 responsabilidade de todos e o papel do produtor \u00e9 simples e pode ser resolvido de v\u00e1rias formas, mesmo em tempos de pandemia\u201d, alerta.<\/p>\n\n\n\n<p class=\"wp-block-paragraph\"><strong><em>Fonte: Thais D&#8217;Avila<\/em><\/strong><\/p>\n","protected":false},"excerpt":{"rendered":"<p>Termina neste domingo (31) o prazo para os produtores rurais do Rio Grande do Sul realizarem a Declara\u00e7\u00e3o Anual do Rebanho. A medida \u00e9 obrigat\u00f3ria para propriet\u00e1rios de todas as esp\u00e9cies de produ\u00e7\u00e3o, como bovinos, su\u00ednos, equ\u00eddeos, aves e peixes. At\u00e9 a \u00faltima segunda-feira, a declara\u00e7\u00e3o de quase 70% dos produtores j\u00e1 havia sido registrada &hellip;<\/p>\n","protected":false},"author":9,"featured_media":8401,"comment_status":"closed","ping_status":"closed","sticky":false,"template":"","format":"standard","meta":{"_monsterinsights_skip_tracking":false,"_uf_show_specific_survey":0,"_uf_disable_surveys":false,"footnotes":""},"categories":[1,126],"tags":[],"class_list":["post-13073","post","type-post","status-publish","format-standard","has-post-thumbnail","hentry","category-agro","category-destacados"],"aioseo_notices":[],"aioseo_head":"\n\t\t<!-- All in One SEO 5.0.1.1 - aioseo.com -->\n\t<meta name=\"description\" content=\"Termina neste domingo (31) o prazo para os produtores rurais do Rio Grande do Sul realizarem a Declara\u00e7\u00e3o Anual do Rebanho. A medida \u00e9 obrigat\u00f3ria para propriet\u00e1rios de todas as esp\u00e9cies de produ\u00e7\u00e3o, como bovinos, su\u00ednos, equ\u00eddeos, aves e peixes. At\u00e9 a \u00faltima segunda-feira, a declara\u00e7\u00e3o de quase 70% dos produtores j\u00e1 havia sido registrada\" \/>\n\t<meta name=\"robots\" content=\"max-image-preview:large\" \/>\n\t<meta name=\"author\" content=\"Alejo Bordon\"\/>\n\t<link rel=\"canonical\" href=\"https:\/\/radiosul.net\/wp\/2020\/prazo-para-atualizacao-do-rebanho-termina-domingo\/\" \/>\n\t<meta name=\"generator\" content=\"All in One SEO (AIOSEO) 5.0.1.1\" \/>\n\t\t<meta property=\"og:locale\" content=\"pt_BR\" \/>\n\t\t<meta property=\"og:site_name\" content=\"radiosul.net - Regional por Excel\u00eancia\" \/>\n\t\t<meta property=\"og:type\" content=\"article\" \/>\n\t\t<meta property=\"og:title\" content=\"Prazo para atualiza\u00e7\u00e3o do rebanho termina domingo - radiosul.net\" \/>\n\t\t<meta property=\"og:description\" content=\"Termina neste domingo (31) o prazo para os produtores rurais do Rio Grande do Sul realizarem a Declara\u00e7\u00e3o Anual do Rebanho. A medida \u00e9 obrigat\u00f3ria para propriet\u00e1rios de todas as esp\u00e9cies de produ\u00e7\u00e3o, como bovinos, su\u00ednos, equ\u00eddeos, aves e peixes. At\u00e9 a \u00faltima segunda-feira, a declara\u00e7\u00e3o de quase 70% dos produtores j\u00e1 havia sido registrada\" \/>\n\t\t<meta property=\"og:url\" content=\"https:\/\/radiosul.net\/wp\/2020\/prazo-para-atualizacao-do-rebanho-termina-domingo\/\" \/>\n\t\t<meta property=\"article:published_time\" content=\"2020-05-29T19:03:48+00:00\" \/>\n\t\t<meta property=\"article:modified_time\" content=\"2020-05-29T19:03:51+00:00\" \/>\n\t\t<meta name=\"twitter:card\" content=\"summary_large_image\" \/>\n\t\t<meta name=\"twitter:title\" content=\"Prazo para atualiza\u00e7\u00e3o do rebanho termina domingo - radiosul.net\" \/>\n\t\t<meta name=\"twitter:description\" content=\"Termina neste domingo (31) o prazo para os produtores rurais do Rio Grande do Sul realizarem a Declara\u00e7\u00e3o Anual do Rebanho. A medida \u00e9 obrigat\u00f3ria para propriet\u00e1rios de todas as esp\u00e9cies de produ\u00e7\u00e3o, como bovinos, su\u00ednos, equ\u00eddeos, aves e peixes. At\u00e9 a \u00faltima segunda-feira, a declara\u00e7\u00e3o de quase 70% dos produtores j\u00e1 havia sido registrada\" \/>\n\t\t<script type=\"application\/ld+json\" class=\"aioseo-schema\">\n\t\t\t{\"@context\":\"https:\\\/\\\/schema.org\",\"@graph\":[{\"@type\":\"BlogPosting\",\"@id\":\"https:\\\/\\\/radiosul.net\\\/wp\\\/2020\\\/prazo-para-atualizacao-do-rebanho-termina-domingo\\\/#blogposting\",\"name\":\"Prazo para atualiza\\u00e7\\u00e3o do rebanho termina domingo - radiosul.net\",\"headline\":\"Prazo para atualiza\\u00e7\\u00e3o do rebanho termina domingo\",\"author\":{\"@id\":\"https:\\\/\\\/radiosul.net\\\/wp\\\/author\\\/alejo\\\/#author\"},\"publisher\":{\"@id\":\"https:\\\/\\\/radiosul.net\\\/wp\\\/#organization\"},\"image\":{\"@type\":\"ImageObject\",\"url\":\"https:\\\/\\\/radiosul.net\\\/wp\\\/wp-content\\\/uploads\\\/2019\\\/10\\\/capa-not\\u00edcias-2.jpg\",\"width\":780,\"height\":405},\"datePublished\":\"2020-05-29T16:03:48-03:00\",\"dateModified\":\"2020-05-29T16:03:51-03:00\",\"inLanguage\":\"pt-BR\",\"mainEntityOfPage\":{\"@id\":\"https:\\\/\\\/radiosul.net\\\/wp\\\/2020\\\/prazo-para-atualizacao-do-rebanho-termina-domingo\\\/#webpage\"},\"isPartOf\":{\"@id\":\"https:\\\/\\\/radiosul.net\\\/wp\\\/2020\\\/prazo-para-atualizacao-do-rebanho-termina-domingo\\\/#webpage\"},\"articleSection\":\"Agroneg\\u00f3cio, Destaque\"},{\"@type\":\"BreadcrumbList\",\"@id\":\"https:\\\/\\\/radiosul.net\\\/wp\\\/2020\\\/prazo-para-atualizacao-do-rebanho-termina-domingo\\\/#breadcrumblist\",\"itemListElement\":[{\"@type\":\"ListItem\",\"@id\":\"https:\\\/\\\/radiosul.net\\\/wp#listItem\",\"position\":1,\"name\":\"Home\",\"item\":\"https:\\\/\\\/radiosul.net\\\/wp\",\"nextItem\":{\"@type\":\"ListItem\",\"@id\":\"https:\\\/\\\/radiosul.net\\\/wp\\\/category\\\/agro\\\/#listItem\",\"name\":\"Agroneg\\u00f3cio\"}},{\"@type\":\"ListItem\",\"@id\":\"https:\\\/\\\/radiosul.net\\\/wp\\\/category\\\/agro\\\/#listItem\",\"position\":2,\"name\":\"Agroneg\\u00f3cio\",\"item\":\"https:\\\/\\\/radiosul.net\\\/wp\\\/category\\\/agro\\\/\",\"nextItem\":{\"@type\":\"ListItem\",\"@id\":\"https:\\\/\\\/radiosul.net\\\/wp\\\/2020\\\/prazo-para-atualizacao-do-rebanho-termina-domingo\\\/#listItem\",\"name\":\"Prazo para atualiza\\u00e7\\u00e3o do rebanho termina domingo\"},\"previousItem\":{\"@type\":\"ListItem\",\"@id\":\"https:\\\/\\\/radiosul.net\\\/wp#listItem\",\"name\":\"Home\"}},{\"@type\":\"ListItem\",\"@id\":\"https:\\\/\\\/radiosul.net\\\/wp\\\/2020\\\/prazo-para-atualizacao-do-rebanho-termina-domingo\\\/#listItem\",\"position\":3,\"name\":\"Prazo para atualiza\\u00e7\\u00e3o do rebanho termina domingo\",\"previousItem\":{\"@type\":\"ListItem\",\"@id\":\"https:\\\/\\\/radiosul.net\\\/wp\\\/category\\\/agro\\\/#listItem\",\"name\":\"Agroneg\\u00f3cio\"}}]},{\"@type\":\"Organization\",\"@id\":\"https:\\\/\\\/radiosul.net\\\/wp\\\/#organization\",\"name\":\"radiosul.net\",\"description\":\"Regional por Excel\\u00eancia\",\"url\":\"https:\\\/\\\/radiosul.net\\\/wp\\\/\"},{\"@type\":\"Person\",\"@id\":\"https:\\\/\\\/radiosul.net\\\/wp\\\/author\\\/alejo\\\/#author\",\"url\":\"https:\\\/\\\/radiosul.net\\\/wp\\\/author\\\/alejo\\\/\",\"name\":\"Alejo Bordon\",\"image\":{\"@type\":\"ImageObject\",\"@id\":\"https:\\\/\\\/radiosul.net\\\/wp\\\/2020\\\/prazo-para-atualizacao-do-rebanho-termina-domingo\\\/#authorImage\",\"url\":\"https:\\\/\\\/secure.gravatar.com\\\/avatar\\\/b3a7e7f1c71212e6a5b7183b79a2ab58dad8bdc4cd4eadd61c4434d010d0bae4?s=96&d=mm&r=g\",\"width\":96,\"height\":96,\"caption\":\"Alejo Bordon\"}},{\"@type\":\"WebPage\",\"@id\":\"https:\\\/\\\/radiosul.net\\\/wp\\\/2020\\\/prazo-para-atualizacao-do-rebanho-termina-domingo\\\/#webpage\",\"url\":\"https:\\\/\\\/radiosul.net\\\/wp\\\/2020\\\/prazo-para-atualizacao-do-rebanho-termina-domingo\\\/\",\"name\":\"Prazo para atualiza\\u00e7\\u00e3o do rebanho termina domingo - radiosul.net\",\"description\":\"Termina neste domingo (31) o prazo para os produtores rurais do Rio Grande do Sul realizarem a Declara\\u00e7\\u00e3o Anual do Rebanho. A medida \\u00e9 obrigat\\u00f3ria para propriet\\u00e1rios de todas as esp\\u00e9cies de produ\\u00e7\\u00e3o, como bovinos, su\\u00ednos, equ\\u00eddeos, aves e peixes. At\\u00e9 a \\u00faltima segunda-feira, a declara\\u00e7\\u00e3o de quase 70% dos produtores j\\u00e1 havia sido registrada\",\"inLanguage\":\"pt-BR\",\"isPartOf\":{\"@id\":\"https:\\\/\\\/radiosul.net\\\/wp\\\/#website\"},\"breadcrumb\":{\"@id\":\"https:\\\/\\\/radiosul.net\\\/wp\\\/2020\\\/prazo-para-atualizacao-do-rebanho-termina-domingo\\\/#breadcrumblist\"},\"author\":{\"@id\":\"https:\\\/\\\/radiosul.net\\\/wp\\\/author\\\/alejo\\\/#author\"},\"creator\":{\"@id\":\"https:\\\/\\\/radiosul.net\\\/wp\\\/author\\\/alejo\\\/#author\"},\"image\":{\"@type\":\"ImageObject\",\"url\":\"https:\\\/\\\/radiosul.net\\\/wp\\\/wp-content\\\/uploads\\\/2019\\\/10\\\/capa-not\\u00edcias-2.jpg\",\"@id\":\"https:\\\/\\\/radiosul.net\\\/wp\\\/2020\\\/prazo-para-atualizacao-do-rebanho-termina-domingo\\\/#mainImage\",\"width\":780,\"height\":405},\"primaryImageOfPage\":{\"@id\":\"https:\\\/\\\/radiosul.net\\\/wp\\\/2020\\\/prazo-para-atualizacao-do-rebanho-termina-domingo\\\/#mainImage\"},\"datePublished\":\"2020-05-29T16:03:48-03:00\",\"dateModified\":\"2020-05-29T16:03:51-03:00\"},{\"@type\":\"WebSite\",\"@id\":\"https:\\\/\\\/radiosul.net\\\/wp\\\/#website\",\"url\":\"https:\\\/\\\/radiosul.net\\\/wp\\\/\",\"name\":\"radiosul.net\",\"description\":\"Regional por Excel\\u00eancia\",\"inLanguage\":\"pt-BR\",\"publisher\":{\"@id\":\"https:\\\/\\\/radiosul.net\\\/wp\\\/#organization\"}}]}\n\t\t<\/script>\n\t\t<!-- All in One SEO -->\n\n","aioseo_head_json":{"title":"Prazo para atualiza\u00e7\u00e3o do rebanho termina domingo - radiosul.net","description":"Termina neste domingo (31) o prazo para os produtores rurais do Rio Grande do Sul realizarem a Declara\u00e7\u00e3o Anual do Rebanho. A medida \u00e9 obrigat\u00f3ria para propriet\u00e1rios de todas as esp\u00e9cies de produ\u00e7\u00e3o, como bovinos, su\u00ednos, equ\u00eddeos, aves e peixes. At\u00e9 a \u00faltima segunda-feira, a declara\u00e7\u00e3o de quase 70% dos produtores j\u00e1 havia sido registrada","canonical_url":"https:\/\/radiosul.net\/wp\/2020\/prazo-para-atualizacao-do-rebanho-termina-domingo\/","robots":"max-image-preview:large","keywords":"","webmasterTools":{"miscellaneous":""},"schema":{"@context":"https:\/\/schema.org","@graph":[{"@type":"BlogPosting","@id":"https:\/\/radiosul.net\/wp\/2020\/prazo-para-atualizacao-do-rebanho-termina-domingo\/#blogposting","name":"Prazo para atualiza\u00e7\u00e3o do rebanho termina domingo - radiosul.net","headline":"Prazo para atualiza\u00e7\u00e3o do rebanho termina domingo","author":{"@id":"https:\/\/radiosul.net\/wp\/author\/alejo\/#author"},"publisher":{"@id":"https:\/\/radiosul.net\/wp\/#organization"},"image":{"@type":"ImageObject","url":"https:\/\/radiosul.net\/wp\/wp-content\/uploads\/2019\/10\/capa-not\u00edcias-2.jpg","width":780,"height":405},"datePublished":"2020-05-29T16:03:48-03:00","dateModified":"2020-05-29T16:03:51-03:00","inLanguage":"pt-BR","mainEntityOfPage":{"@id":"https:\/\/radiosul.net\/wp\/2020\/prazo-para-atualizacao-do-rebanho-termina-domingo\/#webpage"},"isPartOf":{"@id":"https:\/\/radiosul.net\/wp\/2020\/prazo-para-atualizacao-do-rebanho-termina-domingo\/#webpage"},"articleSection":"Agroneg\u00f3cio, Destaque"},{"@type":"BreadcrumbList","@id":"https:\/\/radiosul.net\/wp\/2020\/prazo-para-atualizacao-do-rebanho-termina-domingo\/#breadcrumblist","itemListElement":[{"@type":"ListItem","@id":"https:\/\/radiosul.net\/wp#listItem","position":1,"name":"Home","item":"https:\/\/radiosul.net\/wp","nextItem":{"@type":"ListItem","@id":"https:\/\/radiosul.net\/wp\/category\/agro\/#listItem","name":"Agroneg\u00f3cio"}},{"@type":"ListItem","@id":"https:\/\/radiosul.net\/wp\/category\/agro\/#listItem","position":2,"name":"Agroneg\u00f3cio","item":"https:\/\/radiosul.net\/wp\/category\/agro\/","nextItem":{"@type":"ListItem","@id":"https:\/\/radiosul.net\/wp\/2020\/prazo-para-atualizacao-do-rebanho-termina-domingo\/#listItem","name":"Prazo para atualiza\u00e7\u00e3o do rebanho termina domingo"},"previousItem":{"@type":"ListItem","@id":"https:\/\/radiosul.net\/wp#listItem","name":"Home"}},{"@type":"ListItem","@id":"https:\/\/radiosul.net\/wp\/2020\/prazo-para-atualizacao-do-rebanho-termina-domingo\/#listItem","position":3,"name":"Prazo para atualiza\u00e7\u00e3o do rebanho termina domingo","previousItem":{"@type":"ListItem","@id":"https:\/\/radiosul.net\/wp\/category\/agro\/#listItem","name":"Agroneg\u00f3cio"}}]},{"@type":"Organization","@id":"https:\/\/radiosul.net\/wp\/#organization","name":"radiosul.net","description":"Regional por Excel\u00eancia","url":"https:\/\/radiosul.net\/wp\/"},{"@type":"Person","@id":"https:\/\/radiosul.net\/wp\/author\/alejo\/#author","url":"https:\/\/radiosul.net\/wp\/author\/alejo\/","name":"Alejo Bordon","image":{"@type":"ImageObject","@id":"https:\/\/radiosul.net\/wp\/2020\/prazo-para-atualizacao-do-rebanho-termina-domingo\/#authorImage","url":"https:\/\/secure.gravatar.com\/avatar\/b3a7e7f1c71212e6a5b7183b79a2ab58dad8bdc4cd4eadd61c4434d010d0bae4?s=96&d=mm&r=g","width":96,"height":96,"caption":"Alejo Bordon"}},{"@type":"WebPage","@id":"https:\/\/radiosul.net\/wp\/2020\/prazo-para-atualizacao-do-rebanho-termina-domingo\/#webpage","url":"https:\/\/radiosul.net\/wp\/2020\/prazo-para-atualizacao-do-rebanho-termina-domingo\/","name":"Prazo para atualiza\u00e7\u00e3o do rebanho termina domingo - radiosul.net","description":"Termina neste domingo (31) o prazo para os produtores rurais do Rio Grande do Sul realizarem a Declara\u00e7\u00e3o Anual do Rebanho. A medida \u00e9 obrigat\u00f3ria para propriet\u00e1rios de todas as esp\u00e9cies de produ\u00e7\u00e3o, como bovinos, su\u00ednos, equ\u00eddeos, aves e peixes. At\u00e9 a \u00faltima segunda-feira, a declara\u00e7\u00e3o de quase 70% dos produtores j\u00e1 havia sido registrada","inLanguage":"pt-BR","isPartOf":{"@id":"https:\/\/radiosul.net\/wp\/#website"},"breadcrumb":{"@id":"https:\/\/radiosul.net\/wp\/2020\/prazo-para-atualizacao-do-rebanho-termina-domingo\/#breadcrumblist"},"author":{"@id":"https:\/\/radiosul.net\/wp\/author\/alejo\/#author"},"creator":{"@id":"https:\/\/radiosul.net\/wp\/author\/alejo\/#author"},"image":{"@type":"ImageObject","url":"https:\/\/radiosul.net\/wp\/wp-content\/uploads\/2019\/10\/capa-not\u00edcias-2.jpg","@id":"https:\/\/radiosul.net\/wp\/2020\/prazo-para-atualizacao-do-rebanho-termina-domingo\/#mainImage","width":780,"height":405},"primaryImageOfPage":{"@id":"https:\/\/radiosul.net\/wp\/2020\/prazo-para-atualizacao-do-rebanho-termina-domingo\/#mainImage"},"datePublished":"2020-05-29T16:03:48-03:00","dateModified":"2020-05-29T16:03:51-03:00"},{"@type":"WebSite","@id":"https:\/\/radiosul.net\/wp\/#website","url":"https:\/\/radiosul.net\/wp\/","name":"radiosul.net","description":"Regional por Excel\u00eancia","inLanguage":"pt-BR","publisher":{"@id":"https:\/\/radiosul.net\/wp\/#organization"}}]},"og:locale":"pt_BR","og:site_name":"radiosul.net - Regional por Excel\u00eancia","og:type":"article","og:title":"Prazo para atualiza\u00e7\u00e3o do rebanho termina domingo - radiosul.net","og:description":"Termina neste domingo (31) o prazo para os produtores rurais do Rio Grande do Sul realizarem a Declara\u00e7\u00e3o Anual do Rebanho. A medida \u00e9 obrigat\u00f3ria para propriet\u00e1rios de todas as esp\u00e9cies de produ\u00e7\u00e3o, como bovinos, su\u00ednos, equ\u00eddeos, aves e peixes. At\u00e9 a \u00faltima segunda-feira, a declara\u00e7\u00e3o de quase 70% dos produtores j\u00e1 havia sido registrada","og:url":"https:\/\/radiosul.net\/wp\/2020\/prazo-para-atualizacao-do-rebanho-termina-domingo\/","article:published_time":"2020-05-29T19:03:48+00:00","article:modified_time":"2020-05-29T19:03:51+00:00","twitter:card":"summary_large_image","twitter:title":"Prazo para atualiza\u00e7\u00e3o do rebanho termina domingo - radiosul.net","twitter:description":"Termina neste domingo (31) o prazo para os produtores rurais do Rio Grande do Sul realizarem a Declara\u00e7\u00e3o Anual do Rebanho. A medida \u00e9 obrigat\u00f3ria para propriet\u00e1rios de todas as esp\u00e9cies de produ\u00e7\u00e3o, como bovinos, su\u00ednos, equ\u00eddeos, aves e peixes. At\u00e9 a \u00faltima segunda-feira, a declara\u00e7\u00e3o de quase 70% dos produtores j\u00e1 havia sido registrada"},"aioseo_meta_data":{"post_id":"13073","title":null,"description":null,"keywords":null,"keyphrases":null,"primary_term":null,"canonical_url":null,"og_title":null,"og_description":null,"og_object_type":"default","og_image_type":"default","og_image_url":null,"og_image_width":null,"og_image_height":null,"og_image_custom_url":null,"og_image_custom_fields":null,"og_video":null,"og_custom_url":null,"og_article_section":null,"og_article_tags":null,"twitter_use_og":false,"twitter_card":"default","twitter_image_type":"default","twitter_image_url":null,"twitter_image_custom_url":null,"twitter_image_custom_fields":null,"twitter_title":null,"twitter_description":null,"schema":{"blockGraphs":[],"customGraphs":[],"default":{"data":{"Article":[],"Course":[],"Dataset":[],"FAQPage":[],"Movie":[],"Person":[],"Product":[],"ProductReview":[],"Car":[],"Recipe":[],"Service":[],"SoftwareApplication":[],"WebPage":[]},"graphName":"","isEnabled":true},"graphs":[]},"schema_type":"default","schema_type_options":null,"pillar_content":false,"robots_default":true,"robots_noindex":false,"robots_noarchive":false,"robots_nosnippet":false,"robots_nofollow":false,"robots_noimageindex":false,"robots_noodp":false,"robots_notranslate":false,"robots_max_snippet":null,"robots_max_videopreview":null,"robots_max_imagepreview":"large","priority":null,"frequency":null,"local_seo":null,"breadcrumb_settings":null,"limit_modified_date":false,"ai":null,"created":"2026-01-08 20:45:57","updated":"2026-01-08 20:45:57","seo_analyzer_scan_date":null,"focus_keyword":null,"additional_keywords":null,"truseo_locale":null},"aioseo_breadcrumb":"<div class=\"aioseo-breadcrumbs\"><span class=\"aioseo-breadcrumb\">\n\t\t\t<a href=\"https:\/\/radiosul.net\/wp\" title=\"Home\">Home<\/a>\n\t\t<\/span><span class=\"aioseo-breadcrumb-separator\">&raquo;<\/span><span class=\"aioseo-breadcrumb\">\n\t\t\t<a href=\"https:\/\/radiosul.net\/wp\/category\/agro\/\" title=\"Agroneg\u00f3cio\">Agroneg\u00f3cio<\/a>\n\t\t<\/span><span class=\"aioseo-breadcrumb-separator\">&raquo;<\/span><span class=\"aioseo-breadcrumb\">\n\t\t\tPrazo para atualiza\u00e7\u00e3o do rebanho termina domingo\n\t\t<\/span><\/div>","aioseo_breadcrumb_json":[{"label":"Home","link":"https:\/\/radiosul.net\/wp"},{"label":"Agroneg\u00f3cio","link":"https:\/\/radiosul.net\/wp\/category\/agro\/"},{"label":"Prazo para atualiza\u00e7\u00e3o do rebanho termina domingo","link":"https:\/\/radiosul.net\/wp\/2020\/prazo-para-atualizacao-do-rebanho-termina-domingo\/"}],"_links":{"self":[{"href":"https:\/\/radiosul.net\/wp\/wp-json\/wp\/v2\/posts\/13073","targetHints":{"allow":["GET"]}}],"collection":[{"href":"https:\/\/radiosul.net\/wp\/wp-json\/wp\/v2\/posts"}],"about":[{"href":"https:\/\/radiosul.net\/wp\/wp-json\/wp\/v2\/types\/post"}],"author":[{"embeddable":true,"href":"https:\/\/radiosul.net\/wp\/wp-json\/wp\/v2\/users\/9"}],"replies":[{"embeddable":true,"href":"https:\/\/radiosul.net\/wp\/wp-json\/wp\/v2\/comments?post=13073"}],"version-history":[{"count":1,"href":"https:\/\/radiosul.net\/wp\/wp-json\/wp\/v2\/posts\/13073\/revisions"}],"predecessor-version":[{"id":13074,"href":"https:\/\/radiosul.net\/wp\/wp-json\/wp\/v2\/posts\/13073\/revisions\/13074"}],"wp:featuredmedia":[{"embeddable":true,"href":"https:\/\/radiosul.net\/wp\/wp-json\/wp\/v2\/media\/8401"}],"wp:attachment":[{"href":"https:\/\/radiosul.net\/wp\/wp-json\/wp\/v2\/media?parent=13073"}],"wp:term":[{"taxonomy":"category","embeddable":true,"href":"https:\/\/radiosul.net\/wp\/wp-json\/wp\/v2\/categories?post=13073"},{"taxonomy":"post_tag","embeddable":true,"href":"https:\/\/radiosul.net\/wp\/wp-json\/wp\/v2\/tags?post=13073"}],"curies":[{"name":"wp","href":"https:\/\/api.w.org\/{rel}","templated":true}]}}