{"id":12857,"date":"2020-05-20T06:57:29","date_gmt":"2020-05-20T09:57:29","guid":{"rendered":"https:\/\/radiosul.net\/wp\/?p=12857"},"modified":"2020-05-20T06:57:36","modified_gmt":"2020-05-20T09:57:36","slug":"como-evitar-artrite-no-frango-doenca-pode-comprometer-abate","status":"publish","type":"post","link":"https:\/\/radiosul.net\/wp\/2020\/como-evitar-artrite-no-frango-doenca-pode-comprometer-abate\/","title":{"rendered":"Como evitar artrite no frango? Doen\u00e7a pode comprometer abate"},"content":{"rendered":"\n<p class=\"wp-block-paragraph\"><em>A les\u00e3o pode ser causada tanto por manejo incorreto quanto por v\u00edrus ou bact\u00e9rias. Observar os animais v\u00e1rias vezes ao dia \u00e9 regra<\/em><\/p>\n\n\n\n<p class=\"wp-block-paragraph\">Cada uma das etapas de produ\u00e7\u00e3o deve ser realizada com muita aten\u00e7\u00e3o, afinal, \u00e9 um ciclo. O que aparentemente \u00e9 s\u00f3 um probleminha pode se tornar um problem\u00e3o. Voc\u00ea j\u00e1 reparou se as aves na sua granja apresentam algum desconforto ou dificuldade de locomo\u00e7\u00e3o? As artrites em frangos de corte podem causar danos irrevers\u00edveis \u00e0 sa\u00fade dos animais. E acende o bot\u00e3o de alerta, Sinal de que alguma coisa vai mal no manejo. O m\u00e9dico veterin\u00e1rio Willian Biazolli, de Caarap\u00f3 (MS), explica que a artrite&nbsp; \u00e9 uma inflama\u00e7\u00e3o que pode ocorrer em uma ou mais articula\u00e7\u00f5es das aves, reduzindo a movimenta\u00e7\u00e3o e influenciando no desempenho zoot\u00e9cnico.<\/p>\n\n\n\n<p class=\"wp-block-paragraph\">De acordo com Willian, as artrites levam \u00e0s condena\u00e7\u00f5es de abate e, portanto, podem gerar grandes perdas econ\u00f4micas. O produtor deve ficar atento ao comportamento das aves para identificar o problema. \u201cS\u00e3o diversas as causas da artrite, como agentes patog\u00eanicos, bact\u00e9rias, v\u00edrus e manejo incorreto, quando a ambi\u00eancia dentro do galp\u00e3o deixa a desejar. O excesso de ventila\u00e7\u00e3o sobre as aves, por exemplo, faz com que os animais permanecem acamados por muito tempo, e o contato prolongado das articula\u00e7\u00f5es com a cama exerce press\u00e3o sobre o vaso sangu\u00edneo, dando in\u00edcio a um processo de inflama\u00e7\u00e3o. A situa\u00e7\u00e3o pode se agravar se a cama n\u00e3o for de qualidade e liberar am\u00f4nia. As t\u00e9cnicas de manejo do programa de luz, o ganho de peso&nbsp; acelerado e as densidades elevadas tamb\u00e9m podem predispor o surgimento de artrite\u201d, aponta.&nbsp;<\/p>\n\n\n\n<p class=\"wp-block-paragraph\">As caracter\u00edsticas das les\u00f5es de artrite s\u00e3o diversas e, para evitar o problema, o produtor deve seguir algumas orienta\u00e7\u00f5es t\u00e9cnicas. Willian d\u00e1 dicas de manejo para garantir a sa\u00fade dos animais. \u201cInvista na quantidade adequada de equipamentos, como bebedouros e comedouros, e fa\u00e7a a regulagem di\u00e1ria para facilitar o acesso e o consumo; use cercas divis\u00f3rias para melhorar a distribui\u00e7\u00e3o das aves dentro do galp\u00e3o; mantenha a cama seca e macia e a ambi\u00eancia ideal de acordo com as necessidades das aves em cada idade do lote. Promova o m\u00e1ximo de conforto e bem estar \u00e0s aves e n\u00e3o hesite em comunicar seu extensionista sempre que houver necessidade\u201d, conclui.<\/p>\n\n\n\n<p class=\"wp-block-paragraph\">A m\u00e9dica veterin\u00e1ria Priscila Diniz explica que os problemas de artrite podem ser notados quando est\u00e3o come\u00e7ando a se desenvolver, mas, dependendo da gravidade, s\u00e3o irrevers\u00edveis. \u201cLogo no in\u00edcio podemos observar sinais cl\u00ednicos, como problemas de locomo\u00e7\u00e3o, baixo ganho de peso e desuniformidade do lote. Em rela\u00e7\u00e3o \u00e0s les\u00f5es nas articula\u00e7\u00f5es, notamos aumento de volume na regi\u00e3o e colora\u00e7\u00e3o esverdeada devido ao vazamento de sangue, que \u00e9 uma caracter\u00edstica de hemorragia. Precisamos avaliar se o quadro \u00e9 infeccioso ou n\u00e3o, e se as caracter\u00edstica s\u00e3o agudas ou cr\u00f4nicas. Se for um problema de manejo, h\u00e1 chances de revers\u00e3o. J\u00e1 em casos infecciosos, a agress\u00e3o vai permanecer e pode se tornar cr\u00f4nica, e a\u00ed a defini\u00e7\u00e3o acontece no momento do abate\u201d, diz.&nbsp;<\/p>\n\n\n\n<p class=\"wp-block-paragraph\">Priscila afirma que as causas infecciosas da artrite ainda passam por estudos. A veterin\u00e1ria\u00a0 destaca que as causas bacterianas e virais est\u00e3o sendo avaliadas em laborat\u00f3rios. \u201cSe o problema for bacteriano, podemos fazer o tratamento com antibioticoterapia. No caso do v\u00edrus, existem medidas de preven\u00e7\u00e3o e controle da enfermidade. Estamos desenvolvendo mais estudos nesse sentido\u201d, finaliza.<\/p>\n\n\n\n<p class=\"wp-block-paragraph\"><strong><em>Fonte: Canal Rural<\/em><\/strong><\/p>\n","protected":false},"excerpt":{"rendered":"<p>A les\u00e3o pode ser causada tanto por manejo incorreto quanto por v\u00edrus ou bact\u00e9rias. Observar os animais v\u00e1rias vezes ao dia \u00e9 regra Cada uma das etapas de produ\u00e7\u00e3o deve ser realizada com muita aten\u00e7\u00e3o, afinal, \u00e9 um ciclo. O que aparentemente \u00e9 s\u00f3 um probleminha pode se tornar um problem\u00e3o. Voc\u00ea j\u00e1 reparou se &hellip;<\/p>\n","protected":false},"author":9,"featured_media":12858,"comment_status":"closed","ping_status":"closed","sticky":false,"template":"","format":"standard","meta":{"_monsterinsights_skip_tracking":false,"_uf_show_specific_survey":0,"_uf_disable_surveys":false,"footnotes":""},"categories":[1,126],"tags":[],"class_list":["post-12857","post","type-post","status-publish","format-standard","has-post-thumbnail","hentry","category-agro","category-destacados"],"aioseo_notices":[],"aioseo_head":"\n\t\t<!-- All in One SEO 5.0.1.1 - aioseo.com -->\n\t<meta name=\"description\" content=\"A les\u00e3o pode ser causada tanto por manejo incorreto quanto por v\u00edrus ou bact\u00e9rias. Observar os animais v\u00e1rias vezes ao dia \u00e9 regra Cada uma das etapas de produ\u00e7\u00e3o deve ser realizada com muita aten\u00e7\u00e3o, afinal, \u00e9 um ciclo. O que aparentemente \u00e9 s\u00f3 um probleminha pode se tornar um problem\u00e3o. Voc\u00ea j\u00e1 reparou se\" \/>\n\t<meta name=\"robots\" content=\"max-image-preview:large\" \/>\n\t<meta name=\"author\" content=\"Alejo Bordon\"\/>\n\t<link rel=\"canonical\" href=\"https:\/\/radiosul.net\/wp\/2020\/como-evitar-artrite-no-frango-doenca-pode-comprometer-abate\/\" \/>\n\t<meta name=\"generator\" content=\"All in One SEO (AIOSEO) 5.0.1.1\" \/>\n\t\t<meta property=\"og:locale\" content=\"pt_BR\" \/>\n\t\t<meta property=\"og:site_name\" content=\"radiosul.net - Regional por Excel\u00eancia\" \/>\n\t\t<meta property=\"og:type\" content=\"article\" \/>\n\t\t<meta property=\"og:title\" content=\"Como evitar artrite no frango? Doen\u00e7a pode comprometer abate - radiosul.net\" \/>\n\t\t<meta property=\"og:description\" content=\"A les\u00e3o pode ser causada tanto por manejo incorreto quanto por v\u00edrus ou bact\u00e9rias. Observar os animais v\u00e1rias vezes ao dia \u00e9 regra Cada uma das etapas de produ\u00e7\u00e3o deve ser realizada com muita aten\u00e7\u00e3o, afinal, \u00e9 um ciclo. O que aparentemente \u00e9 s\u00f3 um probleminha pode se tornar um problem\u00e3o. Voc\u00ea j\u00e1 reparou se\" \/>\n\t\t<meta property=\"og:url\" content=\"https:\/\/radiosul.net\/wp\/2020\/como-evitar-artrite-no-frango-doenca-pode-comprometer-abate\/\" \/>\n\t\t<meta property=\"article:published_time\" content=\"2020-05-20T09:57:29+00:00\" \/>\n\t\t<meta property=\"article:modified_time\" content=\"2020-05-20T09:57:36+00:00\" \/>\n\t\t<meta name=\"twitter:card\" content=\"summary_large_image\" \/>\n\t\t<meta name=\"twitter:title\" content=\"Como evitar artrite no frango? Doen\u00e7a pode comprometer abate - radiosul.net\" \/>\n\t\t<meta name=\"twitter:description\" content=\"A les\u00e3o pode ser causada tanto por manejo incorreto quanto por v\u00edrus ou bact\u00e9rias. Observar os animais v\u00e1rias vezes ao dia \u00e9 regra Cada uma das etapas de produ\u00e7\u00e3o deve ser realizada com muita aten\u00e7\u00e3o, afinal, \u00e9 um ciclo. O que aparentemente \u00e9 s\u00f3 um probleminha pode se tornar um problem\u00e3o. Voc\u00ea j\u00e1 reparou se\" \/>\n\t\t<script type=\"application\/ld+json\" class=\"aioseo-schema\">\n\t\t\t{\"@context\":\"https:\\\/\\\/schema.org\",\"@graph\":[{\"@type\":\"BlogPosting\",\"@id\":\"https:\\\/\\\/radiosul.net\\\/wp\\\/2020\\\/como-evitar-artrite-no-frango-doenca-pode-comprometer-abate\\\/#blogposting\",\"name\":\"Como evitar artrite no frango? Doen\\u00e7a pode comprometer abate - radiosul.net\",\"headline\":\"Como evitar artrite no frango? Doen\\u00e7a pode comprometer abate\",\"author\":{\"@id\":\"https:\\\/\\\/radiosul.net\\\/wp\\\/author\\\/alejo\\\/#author\"},\"publisher\":{\"@id\":\"https:\\\/\\\/radiosul.net\\\/wp\\\/#organization\"},\"image\":{\"@type\":\"ImageObject\",\"url\":\"https:\\\/\\\/radiosul.net\\\/wp\\\/wp-content\\\/uploads\\\/2020\\\/05\\\/dyr-hane-hone-kuk-37114-scaled.jpg\",\"width\":2560,\"height\":1709},\"datePublished\":\"2020-05-20T06:57:29-03:00\",\"dateModified\":\"2020-05-20T06:57:36-03:00\",\"inLanguage\":\"pt-BR\",\"mainEntityOfPage\":{\"@id\":\"https:\\\/\\\/radiosul.net\\\/wp\\\/2020\\\/como-evitar-artrite-no-frango-doenca-pode-comprometer-abate\\\/#webpage\"},\"isPartOf\":{\"@id\":\"https:\\\/\\\/radiosul.net\\\/wp\\\/2020\\\/como-evitar-artrite-no-frango-doenca-pode-comprometer-abate\\\/#webpage\"},\"articleSection\":\"Agroneg\\u00f3cio, Destaque\"},{\"@type\":\"BreadcrumbList\",\"@id\":\"https:\\\/\\\/radiosul.net\\\/wp\\\/2020\\\/como-evitar-artrite-no-frango-doenca-pode-comprometer-abate\\\/#breadcrumblist\",\"itemListElement\":[{\"@type\":\"ListItem\",\"@id\":\"https:\\\/\\\/radiosul.net\\\/wp#listItem\",\"position\":1,\"name\":\"Home\",\"item\":\"https:\\\/\\\/radiosul.net\\\/wp\",\"nextItem\":{\"@type\":\"ListItem\",\"@id\":\"https:\\\/\\\/radiosul.net\\\/wp\\\/category\\\/agro\\\/#listItem\",\"name\":\"Agroneg\\u00f3cio\"}},{\"@type\":\"ListItem\",\"@id\":\"https:\\\/\\\/radiosul.net\\\/wp\\\/category\\\/agro\\\/#listItem\",\"position\":2,\"name\":\"Agroneg\\u00f3cio\",\"item\":\"https:\\\/\\\/radiosul.net\\\/wp\\\/category\\\/agro\\\/\",\"nextItem\":{\"@type\":\"ListItem\",\"@id\":\"https:\\\/\\\/radiosul.net\\\/wp\\\/2020\\\/como-evitar-artrite-no-frango-doenca-pode-comprometer-abate\\\/#listItem\",\"name\":\"Como evitar artrite no frango? Doen\\u00e7a pode comprometer abate\"},\"previousItem\":{\"@type\":\"ListItem\",\"@id\":\"https:\\\/\\\/radiosul.net\\\/wp#listItem\",\"name\":\"Home\"}},{\"@type\":\"ListItem\",\"@id\":\"https:\\\/\\\/radiosul.net\\\/wp\\\/2020\\\/como-evitar-artrite-no-frango-doenca-pode-comprometer-abate\\\/#listItem\",\"position\":3,\"name\":\"Como evitar artrite no frango? Doen\\u00e7a pode comprometer abate\",\"previousItem\":{\"@type\":\"ListItem\",\"@id\":\"https:\\\/\\\/radiosul.net\\\/wp\\\/category\\\/agro\\\/#listItem\",\"name\":\"Agroneg\\u00f3cio\"}}]},{\"@type\":\"Organization\",\"@id\":\"https:\\\/\\\/radiosul.net\\\/wp\\\/#organization\",\"name\":\"radiosul.net\",\"description\":\"Regional por Excel\\u00eancia\",\"url\":\"https:\\\/\\\/radiosul.net\\\/wp\\\/\"},{\"@type\":\"Person\",\"@id\":\"https:\\\/\\\/radiosul.net\\\/wp\\\/author\\\/alejo\\\/#author\",\"url\":\"https:\\\/\\\/radiosul.net\\\/wp\\\/author\\\/alejo\\\/\",\"name\":\"Alejo Bordon\",\"image\":{\"@type\":\"ImageObject\",\"@id\":\"https:\\\/\\\/radiosul.net\\\/wp\\\/2020\\\/como-evitar-artrite-no-frango-doenca-pode-comprometer-abate\\\/#authorImage\",\"url\":\"https:\\\/\\\/secure.gravatar.com\\\/avatar\\\/b3a7e7f1c71212e6a5b7183b79a2ab58dad8bdc4cd4eadd61c4434d010d0bae4?s=96&d=mm&r=g\",\"width\":96,\"height\":96,\"caption\":\"Alejo Bordon\"}},{\"@type\":\"WebPage\",\"@id\":\"https:\\\/\\\/radiosul.net\\\/wp\\\/2020\\\/como-evitar-artrite-no-frango-doenca-pode-comprometer-abate\\\/#webpage\",\"url\":\"https:\\\/\\\/radiosul.net\\\/wp\\\/2020\\\/como-evitar-artrite-no-frango-doenca-pode-comprometer-abate\\\/\",\"name\":\"Como evitar artrite no frango? Doen\\u00e7a pode comprometer abate - radiosul.net\",\"description\":\"A les\\u00e3o pode ser causada tanto por manejo incorreto quanto por v\\u00edrus ou bact\\u00e9rias. Observar os animais v\\u00e1rias vezes ao dia \\u00e9 regra Cada uma das etapas de produ\\u00e7\\u00e3o deve ser realizada com muita aten\\u00e7\\u00e3o, afinal, \\u00e9 um ciclo. O que aparentemente \\u00e9 s\\u00f3 um probleminha pode se tornar um problem\\u00e3o. Voc\\u00ea j\\u00e1 reparou se\",\"inLanguage\":\"pt-BR\",\"isPartOf\":{\"@id\":\"https:\\\/\\\/radiosul.net\\\/wp\\\/#website\"},\"breadcrumb\":{\"@id\":\"https:\\\/\\\/radiosul.net\\\/wp\\\/2020\\\/como-evitar-artrite-no-frango-doenca-pode-comprometer-abate\\\/#breadcrumblist\"},\"author\":{\"@id\":\"https:\\\/\\\/radiosul.net\\\/wp\\\/author\\\/alejo\\\/#author\"},\"creator\":{\"@id\":\"https:\\\/\\\/radiosul.net\\\/wp\\\/author\\\/alejo\\\/#author\"},\"image\":{\"@type\":\"ImageObject\",\"url\":\"https:\\\/\\\/radiosul.net\\\/wp\\\/wp-content\\\/uploads\\\/2020\\\/05\\\/dyr-hane-hone-kuk-37114-scaled.jpg\",\"@id\":\"https:\\\/\\\/radiosul.net\\\/wp\\\/2020\\\/como-evitar-artrite-no-frango-doenca-pode-comprometer-abate\\\/#mainImage\",\"width\":2560,\"height\":1709},\"primaryImageOfPage\":{\"@id\":\"https:\\\/\\\/radiosul.net\\\/wp\\\/2020\\\/como-evitar-artrite-no-frango-doenca-pode-comprometer-abate\\\/#mainImage\"},\"datePublished\":\"2020-05-20T06:57:29-03:00\",\"dateModified\":\"2020-05-20T06:57:36-03:00\"},{\"@type\":\"WebSite\",\"@id\":\"https:\\\/\\\/radiosul.net\\\/wp\\\/#website\",\"url\":\"https:\\\/\\\/radiosul.net\\\/wp\\\/\",\"name\":\"radiosul.net\",\"description\":\"Regional por Excel\\u00eancia\",\"inLanguage\":\"pt-BR\",\"publisher\":{\"@id\":\"https:\\\/\\\/radiosul.net\\\/wp\\\/#organization\"}}]}\n\t\t<\/script>\n\t\t<!-- All in One SEO -->\n\n","aioseo_head_json":{"title":"Como evitar artrite no frango? Doen\u00e7a pode comprometer abate - radiosul.net","description":"A les\u00e3o pode ser causada tanto por manejo incorreto quanto por v\u00edrus ou bact\u00e9rias. Observar os animais v\u00e1rias vezes ao dia \u00e9 regra Cada uma das etapas de produ\u00e7\u00e3o deve ser realizada com muita aten\u00e7\u00e3o, afinal, \u00e9 um ciclo. O que aparentemente \u00e9 s\u00f3 um probleminha pode se tornar um problem\u00e3o. Voc\u00ea j\u00e1 reparou se","canonical_url":"https:\/\/radiosul.net\/wp\/2020\/como-evitar-artrite-no-frango-doenca-pode-comprometer-abate\/","robots":"max-image-preview:large","keywords":"","webmasterTools":{"miscellaneous":""},"schema":{"@context":"https:\/\/schema.org","@graph":[{"@type":"BlogPosting","@id":"https:\/\/radiosul.net\/wp\/2020\/como-evitar-artrite-no-frango-doenca-pode-comprometer-abate\/#blogposting","name":"Como evitar artrite no frango? Doen\u00e7a pode comprometer abate - radiosul.net","headline":"Como evitar artrite no frango? Doen\u00e7a pode comprometer abate","author":{"@id":"https:\/\/radiosul.net\/wp\/author\/alejo\/#author"},"publisher":{"@id":"https:\/\/radiosul.net\/wp\/#organization"},"image":{"@type":"ImageObject","url":"https:\/\/radiosul.net\/wp\/wp-content\/uploads\/2020\/05\/dyr-hane-hone-kuk-37114-scaled.jpg","width":2560,"height":1709},"datePublished":"2020-05-20T06:57:29-03:00","dateModified":"2020-05-20T06:57:36-03:00","inLanguage":"pt-BR","mainEntityOfPage":{"@id":"https:\/\/radiosul.net\/wp\/2020\/como-evitar-artrite-no-frango-doenca-pode-comprometer-abate\/#webpage"},"isPartOf":{"@id":"https:\/\/radiosul.net\/wp\/2020\/como-evitar-artrite-no-frango-doenca-pode-comprometer-abate\/#webpage"},"articleSection":"Agroneg\u00f3cio, Destaque"},{"@type":"BreadcrumbList","@id":"https:\/\/radiosul.net\/wp\/2020\/como-evitar-artrite-no-frango-doenca-pode-comprometer-abate\/#breadcrumblist","itemListElement":[{"@type":"ListItem","@id":"https:\/\/radiosul.net\/wp#listItem","position":1,"name":"Home","item":"https:\/\/radiosul.net\/wp","nextItem":{"@type":"ListItem","@id":"https:\/\/radiosul.net\/wp\/category\/agro\/#listItem","name":"Agroneg\u00f3cio"}},{"@type":"ListItem","@id":"https:\/\/radiosul.net\/wp\/category\/agro\/#listItem","position":2,"name":"Agroneg\u00f3cio","item":"https:\/\/radiosul.net\/wp\/category\/agro\/","nextItem":{"@type":"ListItem","@id":"https:\/\/radiosul.net\/wp\/2020\/como-evitar-artrite-no-frango-doenca-pode-comprometer-abate\/#listItem","name":"Como evitar artrite no frango? Doen\u00e7a pode comprometer abate"},"previousItem":{"@type":"ListItem","@id":"https:\/\/radiosul.net\/wp#listItem","name":"Home"}},{"@type":"ListItem","@id":"https:\/\/radiosul.net\/wp\/2020\/como-evitar-artrite-no-frango-doenca-pode-comprometer-abate\/#listItem","position":3,"name":"Como evitar artrite no frango? Doen\u00e7a pode comprometer abate","previousItem":{"@type":"ListItem","@id":"https:\/\/radiosul.net\/wp\/category\/agro\/#listItem","name":"Agroneg\u00f3cio"}}]},{"@type":"Organization","@id":"https:\/\/radiosul.net\/wp\/#organization","name":"radiosul.net","description":"Regional por Excel\u00eancia","url":"https:\/\/radiosul.net\/wp\/"},{"@type":"Person","@id":"https:\/\/radiosul.net\/wp\/author\/alejo\/#author","url":"https:\/\/radiosul.net\/wp\/author\/alejo\/","name":"Alejo Bordon","image":{"@type":"ImageObject","@id":"https:\/\/radiosul.net\/wp\/2020\/como-evitar-artrite-no-frango-doenca-pode-comprometer-abate\/#authorImage","url":"https:\/\/secure.gravatar.com\/avatar\/b3a7e7f1c71212e6a5b7183b79a2ab58dad8bdc4cd4eadd61c4434d010d0bae4?s=96&d=mm&r=g","width":96,"height":96,"caption":"Alejo Bordon"}},{"@type":"WebPage","@id":"https:\/\/radiosul.net\/wp\/2020\/como-evitar-artrite-no-frango-doenca-pode-comprometer-abate\/#webpage","url":"https:\/\/radiosul.net\/wp\/2020\/como-evitar-artrite-no-frango-doenca-pode-comprometer-abate\/","name":"Como evitar artrite no frango? Doen\u00e7a pode comprometer abate - radiosul.net","description":"A les\u00e3o pode ser causada tanto por manejo incorreto quanto por v\u00edrus ou bact\u00e9rias. Observar os animais v\u00e1rias vezes ao dia \u00e9 regra Cada uma das etapas de produ\u00e7\u00e3o deve ser realizada com muita aten\u00e7\u00e3o, afinal, \u00e9 um ciclo. O que aparentemente \u00e9 s\u00f3 um probleminha pode se tornar um problem\u00e3o. Voc\u00ea j\u00e1 reparou se","inLanguage":"pt-BR","isPartOf":{"@id":"https:\/\/radiosul.net\/wp\/#website"},"breadcrumb":{"@id":"https:\/\/radiosul.net\/wp\/2020\/como-evitar-artrite-no-frango-doenca-pode-comprometer-abate\/#breadcrumblist"},"author":{"@id":"https:\/\/radiosul.net\/wp\/author\/alejo\/#author"},"creator":{"@id":"https:\/\/radiosul.net\/wp\/author\/alejo\/#author"},"image":{"@type":"ImageObject","url":"https:\/\/radiosul.net\/wp\/wp-content\/uploads\/2020\/05\/dyr-hane-hone-kuk-37114-scaled.jpg","@id":"https:\/\/radiosul.net\/wp\/2020\/como-evitar-artrite-no-frango-doenca-pode-comprometer-abate\/#mainImage","width":2560,"height":1709},"primaryImageOfPage":{"@id":"https:\/\/radiosul.net\/wp\/2020\/como-evitar-artrite-no-frango-doenca-pode-comprometer-abate\/#mainImage"},"datePublished":"2020-05-20T06:57:29-03:00","dateModified":"2020-05-20T06:57:36-03:00"},{"@type":"WebSite","@id":"https:\/\/radiosul.net\/wp\/#website","url":"https:\/\/radiosul.net\/wp\/","name":"radiosul.net","description":"Regional por Excel\u00eancia","inLanguage":"pt-BR","publisher":{"@id":"https:\/\/radiosul.net\/wp\/#organization"}}]},"og:locale":"pt_BR","og:site_name":"radiosul.net - Regional por Excel\u00eancia","og:type":"article","og:title":"Como evitar artrite no frango? Doen\u00e7a pode comprometer abate - radiosul.net","og:description":"A les\u00e3o pode ser causada tanto por manejo incorreto quanto por v\u00edrus ou bact\u00e9rias. Observar os animais v\u00e1rias vezes ao dia \u00e9 regra Cada uma das etapas de produ\u00e7\u00e3o deve ser realizada com muita aten\u00e7\u00e3o, afinal, \u00e9 um ciclo. O que aparentemente \u00e9 s\u00f3 um probleminha pode se tornar um problem\u00e3o. Voc\u00ea j\u00e1 reparou se","og:url":"https:\/\/radiosul.net\/wp\/2020\/como-evitar-artrite-no-frango-doenca-pode-comprometer-abate\/","article:published_time":"2020-05-20T09:57:29+00:00","article:modified_time":"2020-05-20T09:57:36+00:00","twitter:card":"summary_large_image","twitter:title":"Como evitar artrite no frango? Doen\u00e7a pode comprometer abate - radiosul.net","twitter:description":"A les\u00e3o pode ser causada tanto por manejo incorreto quanto por v\u00edrus ou bact\u00e9rias. Observar os animais v\u00e1rias vezes ao dia \u00e9 regra Cada uma das etapas de produ\u00e7\u00e3o deve ser realizada com muita aten\u00e7\u00e3o, afinal, \u00e9 um ciclo. O que aparentemente \u00e9 s\u00f3 um probleminha pode se tornar um problem\u00e3o. Voc\u00ea j\u00e1 reparou se"},"aioseo_meta_data":{"post_id":"12857","title":null,"description":null,"keywords":null,"keyphrases":null,"primary_term":null,"canonical_url":null,"og_title":null,"og_description":null,"og_object_type":"default","og_image_type":"default","og_image_url":null,"og_image_width":null,"og_image_height":null,"og_image_custom_url":null,"og_image_custom_fields":null,"og_video":null,"og_custom_url":null,"og_article_section":null,"og_article_tags":null,"twitter_use_og":false,"twitter_card":"default","twitter_image_type":"default","twitter_image_url":null,"twitter_image_custom_url":null,"twitter_image_custom_fields":null,"twitter_title":null,"twitter_description":null,"schema":{"blockGraphs":[],"customGraphs":[],"default":{"data":{"Article":[],"Course":[],"Dataset":[],"FAQPage":[],"Movie":[],"Person":[],"Product":[],"ProductReview":[],"Car":[],"Recipe":[],"Service":[],"SoftwareApplication":[],"WebPage":[]},"graphName":"","isEnabled":true},"graphs":[]},"schema_type":"default","schema_type_options":null,"pillar_content":false,"robots_default":true,"robots_noindex":false,"robots_noarchive":false,"robots_nosnippet":false,"robots_nofollow":false,"robots_noimageindex":false,"robots_noodp":false,"robots_notranslate":false,"robots_max_snippet":null,"robots_max_videopreview":null,"robots_max_imagepreview":"large","priority":null,"frequency":null,"local_seo":null,"breadcrumb_settings":null,"limit_modified_date":false,"ai":null,"created":"2026-01-08 20:43:00","updated":"2026-01-08 20:43:00","seo_analyzer_scan_date":null,"focus_keyword":null,"additional_keywords":null,"truseo_locale":null},"aioseo_breadcrumb":"<div class=\"aioseo-breadcrumbs\"><span class=\"aioseo-breadcrumb\">\n\t\t\t<a href=\"https:\/\/radiosul.net\/wp\" title=\"Home\">Home<\/a>\n\t\t<\/span><span class=\"aioseo-breadcrumb-separator\">&raquo;<\/span><span class=\"aioseo-breadcrumb\">\n\t\t\t<a href=\"https:\/\/radiosul.net\/wp\/category\/agro\/\" title=\"Agroneg\u00f3cio\">Agroneg\u00f3cio<\/a>\n\t\t<\/span><span class=\"aioseo-breadcrumb-separator\">&raquo;<\/span><span class=\"aioseo-breadcrumb\">\n\t\t\tComo evitar artrite no frango? Doen\u00e7a pode comprometer abate\n\t\t<\/span><\/div>","aioseo_breadcrumb_json":[{"label":"Home","link":"https:\/\/radiosul.net\/wp"},{"label":"Agroneg\u00f3cio","link":"https:\/\/radiosul.net\/wp\/category\/agro\/"},{"label":"Como evitar artrite no frango? Doen\u00e7a pode comprometer abate","link":"https:\/\/radiosul.net\/wp\/2020\/como-evitar-artrite-no-frango-doenca-pode-comprometer-abate\/"}],"_links":{"self":[{"href":"https:\/\/radiosul.net\/wp\/wp-json\/wp\/v2\/posts\/12857","targetHints":{"allow":["GET"]}}],"collection":[{"href":"https:\/\/radiosul.net\/wp\/wp-json\/wp\/v2\/posts"}],"about":[{"href":"https:\/\/radiosul.net\/wp\/wp-json\/wp\/v2\/types\/post"}],"author":[{"embeddable":true,"href":"https:\/\/radiosul.net\/wp\/wp-json\/wp\/v2\/users\/9"}],"replies":[{"embeddable":true,"href":"https:\/\/radiosul.net\/wp\/wp-json\/wp\/v2\/comments?post=12857"}],"version-history":[{"count":1,"href":"https:\/\/radiosul.net\/wp\/wp-json\/wp\/v2\/posts\/12857\/revisions"}],"predecessor-version":[{"id":12859,"href":"https:\/\/radiosul.net\/wp\/wp-json\/wp\/v2\/posts\/12857\/revisions\/12859"}],"wp:featuredmedia":[{"embeddable":true,"href":"https:\/\/radiosul.net\/wp\/wp-json\/wp\/v2\/media\/12858"}],"wp:attachment":[{"href":"https:\/\/radiosul.net\/wp\/wp-json\/wp\/v2\/media?parent=12857"}],"wp:term":[{"taxonomy":"category","embeddable":true,"href":"https:\/\/radiosul.net\/wp\/wp-json\/wp\/v2\/categories?post=12857"},{"taxonomy":"post_tag","embeddable":true,"href":"https:\/\/radiosul.net\/wp\/wp-json\/wp\/v2\/tags?post=12857"}],"curies":[{"name":"wp","href":"https:\/\/api.w.org\/{rel}","templated":true}]}}