{"id":12779,"date":"2020-05-15T01:50:48","date_gmt":"2020-05-15T04:50:48","guid":{"rendered":"https:\/\/radiosul.net\/wp\/?p=12779"},"modified":"2020-05-15T01:50:50","modified_gmt":"2020-05-15T04:50:50","slug":"programa-carne-angus-fecha-novas-parcerias-no-mato-grosso-do-sul","status":"publish","type":"post","link":"https:\/\/radiosul.net\/wp\/2020\/programa-carne-angus-fecha-novas-parcerias-no-mato-grosso-do-sul\/","title":{"rendered":"Programa Carne Angus fecha novas parcerias no Mato Grosso do Sul"},"content":{"rendered":"\n<p class=\"wp-block-paragraph\">O Programa Carne Angus Certificada fechou novas parcerias para certifica\u00e7\u00e3o de cortes no Mato Grosso do Sul. Os projetos foram firmados com a rede de Supermercados Comper e com o Frigor\u00edfico Boibras para oferta de Carne Angus Certificada no Centro-Oeste. Inicialmente, a produ\u00e7\u00e3o de 7,5 toneladas\/m\u00eas est\u00e1 sendo distribu\u00edda em seis lojas em Campo Grande (MS), mas a meta \u00e9 levar os produtos Angus certificados para os cinco pontos de venda do Comper em Cuiab\u00e1 (MT) ainda em maio e, at\u00e9 o final do ano, chegar a tr\u00eas lojas no Distrito Federal. Com isso, estima-se movimentar 21 toneladas de cortes certificados\/m\u00eas, um mercado que vem se mantendo aquecido mesmo durante a pandemia de coronav\u00edrus. Segundo a gerente Nacional do Programa Carne Angus, Ana Doralina Menezes, h\u00e1 espa\u00e7o para se trabalhar mais a carne Premium no Brasil Central. \u201cA regi\u00e3o j\u00e1 \u00e9 polo de produ\u00e7\u00e3o de Carne Angus, mas ainda tem muito a crescer em consumo\u201d, frisou. O Programa Carne Angus Certificada tem atualmente 18 parceiros em 11 estados brasileiros.<\/p>\n\n\n\n<p class=\"wp-block-paragraph\">O projeto \u2013 que vai levar o nome Nobratta Angus \u2013 nasceu dentro do Comper com a ideia de qualificar os cortes ofertados aos seus consumidores. Como j\u00e1 atuava como fornecedor da rede varejista, o Frigor\u00edfico Boibras foi procurado para unir-se ao programa que viu na Angus a ra\u00e7a perfeita para chancela de qualidade e padr\u00e3o que se buscava. Segundo o gerente comercial do Comper, Fernando Bariani, o consumidor reconhece o diferencial desses produtos e est\u00e1 disposto a pagar um adicional por isso. \u201cO campograndense conhece carne, mas a Angus agregou ainda mais qualidade ao produto que o consumidor estava habituado. Tamb\u00e9m temos muitos clientes de fora que buscam pela Angus\u201d, pontuou, lembrando que, em m\u00e9dia, os cortes Angus Nobratta t\u00eam pre\u00e7o de 35% e 40% superior em rela\u00e7\u00e3o \u00e0 produ\u00e7\u00e3o tradicional comercializada nos a\u00e7ougues da rede.<\/p>\n\n\n\n<p class=\"wp-block-paragraph\">A aposta vem agradando aos consumidores de Campo Grande. O grande diferencial da produ\u00e7\u00e3o, explica o gerente nacional de forma\u00e7\u00e3o do Comper, M\u00e1rcio Silva, \u00e9 a diversidade nas prateleiras. Ao todo, s\u00e3o 23 cortes com destaque para pe\u00e7as com osso como o Contrafil\u00e9 Cot\u00ea e o T-Bone. \u201cOs cortes Nobratta valorizam tanto a produ\u00e7\u00e3o de dianteiro quanto do traseiro, em um mix que traz op\u00e7\u00f5es diferenciadas ao cliente\u201d, salientou Silva.<\/p>\n\n\n\n<p class=\"wp-block-paragraph\">No Boibras, a chancela Angus \u00e9 vista com potencial de grandes neg\u00f3cios. A aceita\u00e7\u00e3o da parceria com o Comper foi t\u00e3o positiva que o frigor\u00edfico j\u00e1 prepara sua linha pr\u00f3pria que ser\u00e1 lan\u00e7ada nas pr\u00f3ximas semanas, a linha BOIBRAS ANGUS, o que deve elevar ainda mais os abates de animais Angus. A meta do Boibras \u00e9 abater 160 cabe\u00e7as\/m\u00eas at\u00e9 2021, sendo 100 dentro do projeto Nobratta e 60 para a marca Boibras.<\/p>\n\n\n\n<p class=\"wp-block-paragraph\">Para conseguir o melhor aproveitamento das carca\u00e7as, a Boibras investiu em um sistema de parceria junto aos produtores. Com apoio da consultoria PECBR, o frigor\u00edfico selecionou fornecedores de animais Angus para garantir const\u00e2ncia de entrega e qualidade de acabamento. Conforme o consultor de qualidade do Boibras, Caio Rossato, o trabalho inclui a escolha criteriosa de pecuaristas e seus respectivos lotes v\u00e3o para o frigor\u00edfico. \u201cDe um grupo de 140 fornecedores selecionamos aqueles com capacidade de abastecer o projeto com a qualidade que o Boibras e o Comper buscam\u201d. Atualmente, os animais abatidos v\u00eam de cinco criat\u00f3rios no Mato Grosso do Sul localizados nos munic\u00edpios de S\u00e3o Gabriel do Oeste, Cassil\u00e2ndia e Bodoquena.<\/p>\n\n\n\n<p class=\"wp-block-paragraph\"><strong><em>Fonte: Associa\u00e7\u00e3o Brasileira de Angus<\/em><\/strong><\/p>\n","protected":false},"excerpt":{"rendered":"<p>O Programa Carne Angus Certificada fechou novas parcerias para certifica\u00e7\u00e3o de cortes no Mato Grosso do Sul. Os projetos foram firmados com a rede de Supermercados Comper e com o Frigor\u00edfico Boibras para oferta de Carne Angus Certificada no Centro-Oeste. Inicialmente, a produ\u00e7\u00e3o de 7,5 toneladas\/m\u00eas est\u00e1 sendo distribu\u00edda em seis lojas em Campo Grande &hellip;<\/p>\n","protected":false},"author":9,"featured_media":12781,"comment_status":"closed","ping_status":"closed","sticky":false,"template":"","format":"standard","meta":{"_monsterinsights_skip_tracking":false,"_uf_show_specific_survey":0,"_uf_disable_surveys":false,"footnotes":""},"categories":[1,126],"tags":[],"class_list":["post-12779","post","type-post","status-publish","format-standard","has-post-thumbnail","hentry","category-agro","category-destacados"],"aioseo_notices":[],"aioseo_head":"\n\t\t<!-- All in One SEO 5.0.1.1 - aioseo.com -->\n\t<meta name=\"description\" content=\"O Programa Carne Angus Certificada fechou novas parcerias para certifica\u00e7\u00e3o de cortes no Mato Grosso do Sul. Os projetos foram firmados com a rede de Supermercados Comper e com o Frigor\u00edfico Boibras para oferta de Carne Angus Certificada no Centro-Oeste. Inicialmente, a produ\u00e7\u00e3o de 7,5 toneladas\/m\u00eas est\u00e1 sendo distribu\u00edda em seis lojas em Campo Grande\" \/>\n\t<meta name=\"robots\" content=\"max-image-preview:large\" \/>\n\t<meta name=\"author\" content=\"Alejo Bordon\"\/>\n\t<link rel=\"canonical\" href=\"https:\/\/radiosul.net\/wp\/2020\/programa-carne-angus-fecha-novas-parcerias-no-mato-grosso-do-sul\/\" \/>\n\t<meta name=\"generator\" content=\"All in One SEO (AIOSEO) 5.0.1.1\" \/>\n\t\t<meta property=\"og:locale\" content=\"pt_BR\" \/>\n\t\t<meta property=\"og:site_name\" content=\"radiosul.net - Regional por Excel\u00eancia\" \/>\n\t\t<meta property=\"og:type\" content=\"article\" \/>\n\t\t<meta property=\"og:title\" content=\"Programa Carne Angus fecha novas parcerias no Mato Grosso do Sul - radiosul.net\" \/>\n\t\t<meta property=\"og:description\" content=\"O Programa Carne Angus Certificada fechou novas parcerias para certifica\u00e7\u00e3o de cortes no Mato Grosso do Sul. Os projetos foram firmados com a rede de Supermercados Comper e com o Frigor\u00edfico Boibras para oferta de Carne Angus Certificada no Centro-Oeste. Inicialmente, a produ\u00e7\u00e3o de 7,5 toneladas\/m\u00eas est\u00e1 sendo distribu\u00edda em seis lojas em Campo Grande\" \/>\n\t\t<meta property=\"og:url\" content=\"https:\/\/radiosul.net\/wp\/2020\/programa-carne-angus-fecha-novas-parcerias-no-mato-grosso-do-sul\/\" \/>\n\t\t<meta property=\"article:published_time\" content=\"2020-05-15T04:50:48+00:00\" \/>\n\t\t<meta property=\"article:modified_time\" content=\"2020-05-15T04:50:50+00:00\" \/>\n\t\t<meta name=\"twitter:card\" content=\"summary_large_image\" \/>\n\t\t<meta name=\"twitter:title\" content=\"Programa Carne Angus fecha novas parcerias no Mato Grosso do Sul - radiosul.net\" \/>\n\t\t<meta name=\"twitter:description\" content=\"O Programa Carne Angus Certificada fechou novas parcerias para certifica\u00e7\u00e3o de cortes no Mato Grosso do Sul. Os projetos foram firmados com a rede de Supermercados Comper e com o Frigor\u00edfico Boibras para oferta de Carne Angus Certificada no Centro-Oeste. Inicialmente, a produ\u00e7\u00e3o de 7,5 toneladas\/m\u00eas est\u00e1 sendo distribu\u00edda em seis lojas em Campo Grande\" \/>\n\t\t<script type=\"application\/ld+json\" class=\"aioseo-schema\">\n\t\t\t{\"@context\":\"https:\\\/\\\/schema.org\",\"@graph\":[{\"@type\":\"BlogPosting\",\"@id\":\"https:\\\/\\\/radiosul.net\\\/wp\\\/2020\\\/programa-carne-angus-fecha-novas-parcerias-no-mato-grosso-do-sul\\\/#blogposting\",\"name\":\"Programa Carne Angus fecha novas parcerias no Mato Grosso do Sul - radiosul.net\",\"headline\":\"Programa Carne Angus fecha novas parcerias no Mato Grosso do Sul\",\"author\":{\"@id\":\"https:\\\/\\\/radiosul.net\\\/wp\\\/author\\\/alejo\\\/#author\"},\"publisher\":{\"@id\":\"https:\\\/\\\/radiosul.net\\\/wp\\\/#organization\"},\"image\":{\"@type\":\"ImageObject\",\"url\":\"https:\\\/\\\/radiosul.net\\\/wp\\\/wp-content\\\/uploads\\\/2020\\\/05\\\/nobratta-1-768x768-1.jpg\",\"width\":768,\"height\":768,\"caption\":\"Foto: Suelen Prado\"},\"datePublished\":\"2020-05-15T01:50:48-03:00\",\"dateModified\":\"2020-05-15T01:50:50-03:00\",\"inLanguage\":\"pt-BR\",\"mainEntityOfPage\":{\"@id\":\"https:\\\/\\\/radiosul.net\\\/wp\\\/2020\\\/programa-carne-angus-fecha-novas-parcerias-no-mato-grosso-do-sul\\\/#webpage\"},\"isPartOf\":{\"@id\":\"https:\\\/\\\/radiosul.net\\\/wp\\\/2020\\\/programa-carne-angus-fecha-novas-parcerias-no-mato-grosso-do-sul\\\/#webpage\"},\"articleSection\":\"Agroneg\\u00f3cio, Destaque\"},{\"@type\":\"BreadcrumbList\",\"@id\":\"https:\\\/\\\/radiosul.net\\\/wp\\\/2020\\\/programa-carne-angus-fecha-novas-parcerias-no-mato-grosso-do-sul\\\/#breadcrumblist\",\"itemListElement\":[{\"@type\":\"ListItem\",\"@id\":\"https:\\\/\\\/radiosul.net\\\/wp#listItem\",\"position\":1,\"name\":\"Home\",\"item\":\"https:\\\/\\\/radiosul.net\\\/wp\",\"nextItem\":{\"@type\":\"ListItem\",\"@id\":\"https:\\\/\\\/radiosul.net\\\/wp\\\/category\\\/agro\\\/#listItem\",\"name\":\"Agroneg\\u00f3cio\"}},{\"@type\":\"ListItem\",\"@id\":\"https:\\\/\\\/radiosul.net\\\/wp\\\/category\\\/agro\\\/#listItem\",\"position\":2,\"name\":\"Agroneg\\u00f3cio\",\"item\":\"https:\\\/\\\/radiosul.net\\\/wp\\\/category\\\/agro\\\/\",\"nextItem\":{\"@type\":\"ListItem\",\"@id\":\"https:\\\/\\\/radiosul.net\\\/wp\\\/2020\\\/programa-carne-angus-fecha-novas-parcerias-no-mato-grosso-do-sul\\\/#listItem\",\"name\":\"Programa Carne Angus fecha novas parcerias no Mato Grosso do Sul\"},\"previousItem\":{\"@type\":\"ListItem\",\"@id\":\"https:\\\/\\\/radiosul.net\\\/wp#listItem\",\"name\":\"Home\"}},{\"@type\":\"ListItem\",\"@id\":\"https:\\\/\\\/radiosul.net\\\/wp\\\/2020\\\/programa-carne-angus-fecha-novas-parcerias-no-mato-grosso-do-sul\\\/#listItem\",\"position\":3,\"name\":\"Programa Carne Angus fecha novas parcerias no Mato Grosso do Sul\",\"previousItem\":{\"@type\":\"ListItem\",\"@id\":\"https:\\\/\\\/radiosul.net\\\/wp\\\/category\\\/agro\\\/#listItem\",\"name\":\"Agroneg\\u00f3cio\"}}]},{\"@type\":\"Organization\",\"@id\":\"https:\\\/\\\/radiosul.net\\\/wp\\\/#organization\",\"name\":\"radiosul.net\",\"description\":\"Regional por Excel\\u00eancia\",\"url\":\"https:\\\/\\\/radiosul.net\\\/wp\\\/\"},{\"@type\":\"Person\",\"@id\":\"https:\\\/\\\/radiosul.net\\\/wp\\\/author\\\/alejo\\\/#author\",\"url\":\"https:\\\/\\\/radiosul.net\\\/wp\\\/author\\\/alejo\\\/\",\"name\":\"Alejo Bordon\",\"image\":{\"@type\":\"ImageObject\",\"@id\":\"https:\\\/\\\/radiosul.net\\\/wp\\\/2020\\\/programa-carne-angus-fecha-novas-parcerias-no-mato-grosso-do-sul\\\/#authorImage\",\"url\":\"https:\\\/\\\/secure.gravatar.com\\\/avatar\\\/b3a7e7f1c71212e6a5b7183b79a2ab58dad8bdc4cd4eadd61c4434d010d0bae4?s=96&d=mm&r=g\",\"width\":96,\"height\":96,\"caption\":\"Alejo Bordon\"}},{\"@type\":\"WebPage\",\"@id\":\"https:\\\/\\\/radiosul.net\\\/wp\\\/2020\\\/programa-carne-angus-fecha-novas-parcerias-no-mato-grosso-do-sul\\\/#webpage\",\"url\":\"https:\\\/\\\/radiosul.net\\\/wp\\\/2020\\\/programa-carne-angus-fecha-novas-parcerias-no-mato-grosso-do-sul\\\/\",\"name\":\"Programa Carne Angus fecha novas parcerias no Mato Grosso do Sul - radiosul.net\",\"description\":\"O Programa Carne Angus Certificada fechou novas parcerias para certifica\\u00e7\\u00e3o de cortes no Mato Grosso do Sul. Os projetos foram firmados com a rede de Supermercados Comper e com o Frigor\\u00edfico Boibras para oferta de Carne Angus Certificada no Centro-Oeste. Inicialmente, a produ\\u00e7\\u00e3o de 7,5 toneladas\\\/m\\u00eas est\\u00e1 sendo distribu\\u00edda em seis lojas em Campo Grande\",\"inLanguage\":\"pt-BR\",\"isPartOf\":{\"@id\":\"https:\\\/\\\/radiosul.net\\\/wp\\\/#website\"},\"breadcrumb\":{\"@id\":\"https:\\\/\\\/radiosul.net\\\/wp\\\/2020\\\/programa-carne-angus-fecha-novas-parcerias-no-mato-grosso-do-sul\\\/#breadcrumblist\"},\"author\":{\"@id\":\"https:\\\/\\\/radiosul.net\\\/wp\\\/author\\\/alejo\\\/#author\"},\"creator\":{\"@id\":\"https:\\\/\\\/radiosul.net\\\/wp\\\/author\\\/alejo\\\/#author\"},\"image\":{\"@type\":\"ImageObject\",\"url\":\"https:\\\/\\\/radiosul.net\\\/wp\\\/wp-content\\\/uploads\\\/2020\\\/05\\\/nobratta-1-768x768-1.jpg\",\"@id\":\"https:\\\/\\\/radiosul.net\\\/wp\\\/2020\\\/programa-carne-angus-fecha-novas-parcerias-no-mato-grosso-do-sul\\\/#mainImage\",\"width\":768,\"height\":768,\"caption\":\"Foto: Suelen Prado\"},\"primaryImageOfPage\":{\"@id\":\"https:\\\/\\\/radiosul.net\\\/wp\\\/2020\\\/programa-carne-angus-fecha-novas-parcerias-no-mato-grosso-do-sul\\\/#mainImage\"},\"datePublished\":\"2020-05-15T01:50:48-03:00\",\"dateModified\":\"2020-05-15T01:50:50-03:00\"},{\"@type\":\"WebSite\",\"@id\":\"https:\\\/\\\/radiosul.net\\\/wp\\\/#website\",\"url\":\"https:\\\/\\\/radiosul.net\\\/wp\\\/\",\"name\":\"radiosul.net\",\"description\":\"Regional por Excel\\u00eancia\",\"inLanguage\":\"pt-BR\",\"publisher\":{\"@id\":\"https:\\\/\\\/radiosul.net\\\/wp\\\/#organization\"}}]}\n\t\t<\/script>\n\t\t<!-- All in One SEO -->\n\n","aioseo_head_json":{"title":"Programa Carne Angus fecha novas parcerias no Mato Grosso do Sul - radiosul.net","description":"O Programa Carne Angus Certificada fechou novas parcerias para certifica\u00e7\u00e3o de cortes no Mato Grosso do Sul. Os projetos foram firmados com a rede de Supermercados Comper e com o Frigor\u00edfico Boibras para oferta de Carne Angus Certificada no Centro-Oeste. Inicialmente, a produ\u00e7\u00e3o de 7,5 toneladas\/m\u00eas est\u00e1 sendo distribu\u00edda em seis lojas em Campo Grande","canonical_url":"https:\/\/radiosul.net\/wp\/2020\/programa-carne-angus-fecha-novas-parcerias-no-mato-grosso-do-sul\/","robots":"max-image-preview:large","keywords":"","webmasterTools":{"miscellaneous":""},"schema":{"@context":"https:\/\/schema.org","@graph":[{"@type":"BlogPosting","@id":"https:\/\/radiosul.net\/wp\/2020\/programa-carne-angus-fecha-novas-parcerias-no-mato-grosso-do-sul\/#blogposting","name":"Programa Carne Angus fecha novas parcerias no Mato Grosso do Sul - radiosul.net","headline":"Programa Carne Angus fecha novas parcerias no Mato Grosso do Sul","author":{"@id":"https:\/\/radiosul.net\/wp\/author\/alejo\/#author"},"publisher":{"@id":"https:\/\/radiosul.net\/wp\/#organization"},"image":{"@type":"ImageObject","url":"https:\/\/radiosul.net\/wp\/wp-content\/uploads\/2020\/05\/nobratta-1-768x768-1.jpg","width":768,"height":768,"caption":"Foto: Suelen Prado"},"datePublished":"2020-05-15T01:50:48-03:00","dateModified":"2020-05-15T01:50:50-03:00","inLanguage":"pt-BR","mainEntityOfPage":{"@id":"https:\/\/radiosul.net\/wp\/2020\/programa-carne-angus-fecha-novas-parcerias-no-mato-grosso-do-sul\/#webpage"},"isPartOf":{"@id":"https:\/\/radiosul.net\/wp\/2020\/programa-carne-angus-fecha-novas-parcerias-no-mato-grosso-do-sul\/#webpage"},"articleSection":"Agroneg\u00f3cio, Destaque"},{"@type":"BreadcrumbList","@id":"https:\/\/radiosul.net\/wp\/2020\/programa-carne-angus-fecha-novas-parcerias-no-mato-grosso-do-sul\/#breadcrumblist","itemListElement":[{"@type":"ListItem","@id":"https:\/\/radiosul.net\/wp#listItem","position":1,"name":"Home","item":"https:\/\/radiosul.net\/wp","nextItem":{"@type":"ListItem","@id":"https:\/\/radiosul.net\/wp\/category\/agro\/#listItem","name":"Agroneg\u00f3cio"}},{"@type":"ListItem","@id":"https:\/\/radiosul.net\/wp\/category\/agro\/#listItem","position":2,"name":"Agroneg\u00f3cio","item":"https:\/\/radiosul.net\/wp\/category\/agro\/","nextItem":{"@type":"ListItem","@id":"https:\/\/radiosul.net\/wp\/2020\/programa-carne-angus-fecha-novas-parcerias-no-mato-grosso-do-sul\/#listItem","name":"Programa Carne Angus fecha novas parcerias no Mato Grosso do Sul"},"previousItem":{"@type":"ListItem","@id":"https:\/\/radiosul.net\/wp#listItem","name":"Home"}},{"@type":"ListItem","@id":"https:\/\/radiosul.net\/wp\/2020\/programa-carne-angus-fecha-novas-parcerias-no-mato-grosso-do-sul\/#listItem","position":3,"name":"Programa Carne Angus fecha novas parcerias no Mato Grosso do Sul","previousItem":{"@type":"ListItem","@id":"https:\/\/radiosul.net\/wp\/category\/agro\/#listItem","name":"Agroneg\u00f3cio"}}]},{"@type":"Organization","@id":"https:\/\/radiosul.net\/wp\/#organization","name":"radiosul.net","description":"Regional por Excel\u00eancia","url":"https:\/\/radiosul.net\/wp\/"},{"@type":"Person","@id":"https:\/\/radiosul.net\/wp\/author\/alejo\/#author","url":"https:\/\/radiosul.net\/wp\/author\/alejo\/","name":"Alejo Bordon","image":{"@type":"ImageObject","@id":"https:\/\/radiosul.net\/wp\/2020\/programa-carne-angus-fecha-novas-parcerias-no-mato-grosso-do-sul\/#authorImage","url":"https:\/\/secure.gravatar.com\/avatar\/b3a7e7f1c71212e6a5b7183b79a2ab58dad8bdc4cd4eadd61c4434d010d0bae4?s=96&d=mm&r=g","width":96,"height":96,"caption":"Alejo Bordon"}},{"@type":"WebPage","@id":"https:\/\/radiosul.net\/wp\/2020\/programa-carne-angus-fecha-novas-parcerias-no-mato-grosso-do-sul\/#webpage","url":"https:\/\/radiosul.net\/wp\/2020\/programa-carne-angus-fecha-novas-parcerias-no-mato-grosso-do-sul\/","name":"Programa Carne Angus fecha novas parcerias no Mato Grosso do Sul - radiosul.net","description":"O Programa Carne Angus Certificada fechou novas parcerias para certifica\u00e7\u00e3o de cortes no Mato Grosso do Sul. Os projetos foram firmados com a rede de Supermercados Comper e com o Frigor\u00edfico Boibras para oferta de Carne Angus Certificada no Centro-Oeste. Inicialmente, a produ\u00e7\u00e3o de 7,5 toneladas\/m\u00eas est\u00e1 sendo distribu\u00edda em seis lojas em Campo Grande","inLanguage":"pt-BR","isPartOf":{"@id":"https:\/\/radiosul.net\/wp\/#website"},"breadcrumb":{"@id":"https:\/\/radiosul.net\/wp\/2020\/programa-carne-angus-fecha-novas-parcerias-no-mato-grosso-do-sul\/#breadcrumblist"},"author":{"@id":"https:\/\/radiosul.net\/wp\/author\/alejo\/#author"},"creator":{"@id":"https:\/\/radiosul.net\/wp\/author\/alejo\/#author"},"image":{"@type":"ImageObject","url":"https:\/\/radiosul.net\/wp\/wp-content\/uploads\/2020\/05\/nobratta-1-768x768-1.jpg","@id":"https:\/\/radiosul.net\/wp\/2020\/programa-carne-angus-fecha-novas-parcerias-no-mato-grosso-do-sul\/#mainImage","width":768,"height":768,"caption":"Foto: Suelen Prado"},"primaryImageOfPage":{"@id":"https:\/\/radiosul.net\/wp\/2020\/programa-carne-angus-fecha-novas-parcerias-no-mato-grosso-do-sul\/#mainImage"},"datePublished":"2020-05-15T01:50:48-03:00","dateModified":"2020-05-15T01:50:50-03:00"},{"@type":"WebSite","@id":"https:\/\/radiosul.net\/wp\/#website","url":"https:\/\/radiosul.net\/wp\/","name":"radiosul.net","description":"Regional por Excel\u00eancia","inLanguage":"pt-BR","publisher":{"@id":"https:\/\/radiosul.net\/wp\/#organization"}}]},"og:locale":"pt_BR","og:site_name":"radiosul.net - Regional por Excel\u00eancia","og:type":"article","og:title":"Programa Carne Angus fecha novas parcerias no Mato Grosso do Sul - radiosul.net","og:description":"O Programa Carne Angus Certificada fechou novas parcerias para certifica\u00e7\u00e3o de cortes no Mato Grosso do Sul. Os projetos foram firmados com a rede de Supermercados Comper e com o Frigor\u00edfico Boibras para oferta de Carne Angus Certificada no Centro-Oeste. Inicialmente, a produ\u00e7\u00e3o de 7,5 toneladas\/m\u00eas est\u00e1 sendo distribu\u00edda em seis lojas em Campo Grande","og:url":"https:\/\/radiosul.net\/wp\/2020\/programa-carne-angus-fecha-novas-parcerias-no-mato-grosso-do-sul\/","article:published_time":"2020-05-15T04:50:48+00:00","article:modified_time":"2020-05-15T04:50:50+00:00","twitter:card":"summary_large_image","twitter:title":"Programa Carne Angus fecha novas parcerias no Mato Grosso do Sul - radiosul.net","twitter:description":"O Programa Carne Angus Certificada fechou novas parcerias para certifica\u00e7\u00e3o de cortes no Mato Grosso do Sul. Os projetos foram firmados com a rede de Supermercados Comper e com o Frigor\u00edfico Boibras para oferta de Carne Angus Certificada no Centro-Oeste. Inicialmente, a produ\u00e7\u00e3o de 7,5 toneladas\/m\u00eas est\u00e1 sendo distribu\u00edda em seis lojas em Campo Grande"},"aioseo_meta_data":{"post_id":"12779","title":null,"description":null,"keywords":null,"keyphrases":null,"primary_term":null,"canonical_url":null,"og_title":null,"og_description":null,"og_object_type":"default","og_image_type":"default","og_image_url":null,"og_image_width":null,"og_image_height":null,"og_image_custom_url":null,"og_image_custom_fields":null,"og_video":null,"og_custom_url":null,"og_article_section":null,"og_article_tags":null,"twitter_use_og":false,"twitter_card":"default","twitter_image_type":"default","twitter_image_url":null,"twitter_image_custom_url":null,"twitter_image_custom_fields":null,"twitter_title":null,"twitter_description":null,"schema":{"blockGraphs":[],"customGraphs":[],"default":{"data":{"Article":[],"Course":[],"Dataset":[],"FAQPage":[],"Movie":[],"Person":[],"Product":[],"ProductReview":[],"Car":[],"Recipe":[],"Service":[],"SoftwareApplication":[],"WebPage":[]},"graphName":"","isEnabled":true},"graphs":[]},"schema_type":"default","schema_type_options":null,"pillar_content":false,"robots_default":true,"robots_noindex":false,"robots_noarchive":false,"robots_nosnippet":false,"robots_nofollow":false,"robots_noimageindex":false,"robots_noodp":false,"robots_notranslate":false,"robots_max_snippet":null,"robots_max_videopreview":null,"robots_max_imagepreview":"large","priority":null,"frequency":null,"local_seo":null,"breadcrumb_settings":null,"limit_modified_date":false,"ai":null,"created":"2026-01-08 20:38:40","updated":"2026-01-08 20:38:40","seo_analyzer_scan_date":null,"focus_keyword":null,"additional_keywords":null,"truseo_locale":null},"aioseo_breadcrumb":"<div class=\"aioseo-breadcrumbs\"><span class=\"aioseo-breadcrumb\">\n\t\t\t<a href=\"https:\/\/radiosul.net\/wp\" title=\"Home\">Home<\/a>\n\t\t<\/span><span class=\"aioseo-breadcrumb-separator\">&raquo;<\/span><span class=\"aioseo-breadcrumb\">\n\t\t\t<a href=\"https:\/\/radiosul.net\/wp\/category\/agro\/\" title=\"Agroneg\u00f3cio\">Agroneg\u00f3cio<\/a>\n\t\t<\/span><span class=\"aioseo-breadcrumb-separator\">&raquo;<\/span><span class=\"aioseo-breadcrumb\">\n\t\t\tPrograma Carne Angus fecha novas parcerias no Mato Grosso do Sul\n\t\t<\/span><\/div>","aioseo_breadcrumb_json":[{"label":"Home","link":"https:\/\/radiosul.net\/wp"},{"label":"Agroneg\u00f3cio","link":"https:\/\/radiosul.net\/wp\/category\/agro\/"},{"label":"Programa Carne Angus fecha novas parcerias no Mato Grosso do Sul","link":"https:\/\/radiosul.net\/wp\/2020\/programa-carne-angus-fecha-novas-parcerias-no-mato-grosso-do-sul\/"}],"_links":{"self":[{"href":"https:\/\/radiosul.net\/wp\/wp-json\/wp\/v2\/posts\/12779","targetHints":{"allow":["GET"]}}],"collection":[{"href":"https:\/\/radiosul.net\/wp\/wp-json\/wp\/v2\/posts"}],"about":[{"href":"https:\/\/radiosul.net\/wp\/wp-json\/wp\/v2\/types\/post"}],"author":[{"embeddable":true,"href":"https:\/\/radiosul.net\/wp\/wp-json\/wp\/v2\/users\/9"}],"replies":[{"embeddable":true,"href":"https:\/\/radiosul.net\/wp\/wp-json\/wp\/v2\/comments?post=12779"}],"version-history":[{"count":1,"href":"https:\/\/radiosul.net\/wp\/wp-json\/wp\/v2\/posts\/12779\/revisions"}],"predecessor-version":[{"id":12782,"href":"https:\/\/radiosul.net\/wp\/wp-json\/wp\/v2\/posts\/12779\/revisions\/12782"}],"wp:featuredmedia":[{"embeddable":true,"href":"https:\/\/radiosul.net\/wp\/wp-json\/wp\/v2\/media\/12781"}],"wp:attachment":[{"href":"https:\/\/radiosul.net\/wp\/wp-json\/wp\/v2\/media?parent=12779"}],"wp:term":[{"taxonomy":"category","embeddable":true,"href":"https:\/\/radiosul.net\/wp\/wp-json\/wp\/v2\/categories?post=12779"},{"taxonomy":"post_tag","embeddable":true,"href":"https:\/\/radiosul.net\/wp\/wp-json\/wp\/v2\/tags?post=12779"}],"curies":[{"name":"wp","href":"https:\/\/api.w.org\/{rel}","templated":true}]}}