{"id":12251,"date":"2020-04-15T08:03:25","date_gmt":"2020-04-15T11:03:25","guid":{"rendered":"https:\/\/radiosul.net\/wp\/?p=12251"},"modified":"2020-04-15T08:03:27","modified_gmt":"2020-04-15T11:03:27","slug":"associado-da-coperdia-e-produtor-destaque-na-aurora-alimentos","status":"publish","type":"post","link":"https:\/\/radiosul.net\/wp\/2020\/associado-da-coperdia-e-produtor-destaque-na-aurora-alimentos\/","title":{"rendered":"Associado da Cop\u00e9rdia \u00e9 Produtor Destaque na Aurora Alimentos"},"content":{"rendered":"\n<p class=\"wp-block-paragraph\">O produtor de su\u00ednos (termina\u00e7\u00e3o), Agostinho Jos\u00e9 Presotto,\u00a0 ficou em primeiro lugar em premia\u00e7\u00e3o realizada pela Cooperativa Central Aurora na categoria \u00a0Produtor Destaque Suicooper\/Mercado Brasil. A Aurora Alimentos homenageou os produtores rurais, os t\u00e9cnicos e as cooperativas destaques no setor de suinocultura. Foram avaliados os seguintes crit\u00e9rios: convers\u00e3o alimentar, mortalidade, check list, certifica\u00e7\u00e3o dos estabelecimentos rurais e licen\u00e7a ambiental. O objetivo \u00e9 promover o crescimento dos t\u00e9cnicos, dos produtores rurais e das cooperativas, que se destacam em suas atividades. Presotto mant\u00e9m uma parceria com a Cop\u00e9rdia h\u00e1 dez anos. O cooperado, que tem propriedade em Linha Rio Azul, Aratiba -RS, \u00e9 casado com Sandra Presotto e tem dois filhos: Cassiano, 15 anos, e Emily, 5 anos.<\/p>\n\n\n\n<figure class=\"wp-block-image size-large\"><img loading=\"lazy\" decoding=\"async\" width=\"768\" height=\"1024\" src=\"https:\/\/radiosul.net\/wp\/wp-content\/uploads\/2020\/04\/COPERDIA-768x1024.jpg\" alt=\"\" class=\"wp-image-12252\" srcset=\"https:\/\/radiosul.net\/wp\/wp-content\/uploads\/2020\/04\/COPERDIA-768x1024.jpg 768w, https:\/\/radiosul.net\/wp\/wp-content\/uploads\/2020\/04\/COPERDIA-225x300.jpg 225w, https:\/\/radiosul.net\/wp\/wp-content\/uploads\/2020\/04\/COPERDIA.jpg 960w\" sizes=\"auto, (max-width: 768px) 100vw, 768px\" \/><\/figure>\n\n\n\n<p class=\"wp-block-paragraph\">A fam\u00edlia Presotto conquistou a premia\u00e7\u00e3o pela segunda vez. Um motivo de orgulho e satisfa\u00e7\u00e3o para o casal que trabalha diariamente em busca do aprimoramento das atividades. \u201cPara n\u00f3s foi uma grande surpresa. Apesar de um ano dif\u00edcil, conseguimos obter bons resultados em nossa propriedade. Acreditamos que isso se deve a nossa dedica\u00e7\u00e3o e trabalho e, principalmente, pelo fato de gostarmos daquilo que fazemos. &nbsp;Estamos muito felizes pela conquista. Isso nos motiva a continuar na atividade, sempre trabalhando para melhorar\u201d, destaca Agostinho Presotto. O casal foi contemplado com uma viagem a Bras\u00edlia.<\/p>\n\n\n\n<p class=\"wp-block-paragraph\">Conforme Presotto, um dos fatores que contribuem para os resultados conquistados \u00e9 o atendimento \u00e0s orienta\u00e7\u00f5es t\u00e9cnicas. \u201cSeguimos rigorosamente as orienta\u00e7\u00f5es repassadas pelos t\u00e9cnicos da Cop\u00e9rdia. Entendemos que isso nos d\u00e1 muita seguran\u00e7a e a certeza de que estamos no caminho certo. A assist\u00eancia t\u00e9cnica da Cop\u00e9rdia \u00e9 fundamental para desenvolvermos as a\u00e7\u00f5es que nos garantam os melhores resultados poss\u00edveis. Os t\u00e9cnicos da cooperativa nos auxiliam muito no dia a dia\u201d, observa.<\/p>\n\n\n\n<p class=\"wp-block-paragraph\">A cooperada Sandra Presotto (esposa de Agostinho) aprova a parceria com a Cop\u00e9rdia. \u201c\u00c9 uma parceria muito s\u00f3lida. Estamos muito satisfeitos. S\u00e3o pessoas muito atenciosas que nos d\u00e3o um grane suporte. Ficamos satisfeitos por pertencermos a uma cooperativa que cresce a cada ano. Isso nos d\u00e1 seguran\u00e7a para prosseguirmos com nossas atividades. Nossa rela\u00e7\u00e3o com a Cop\u00e9rdia \u00e9 muito boa\u201d, acrescenta.<\/p>\n\n\n\n<p class=\"wp-block-paragraph\">A fam\u00edlia Presotto viveu um momento singular ao receber a premia\u00e7\u00e3o da Cooperativa Central Aurora. Foi um pr\u00eamio para quem se dedica e quer fazer o melhor todos os dias. \u201cFoi muito emocionante. N\u00f3s trabalhamos com muito empenho para buscar a excel\u00eancia. \u00c9 claro que sempre h\u00e1 dificuldades no caminho, mas isso n\u00e3o nos impede que executar as a\u00e7\u00f5es recomendadas por nossos t\u00e9cnicos. A premia\u00e7\u00e3o oferecida pela Aurora para n\u00f3s foi um grande incentivo para melhorarmos ainda mais\u201d, finaliza Sandra Presotto.<\/p>\n\n\n\n<p class=\"wp-block-paragraph\"><strong><em>Fonte: Cop\u00e9rdia\/Fecoagro<\/em><\/strong><\/p>\n","protected":false},"excerpt":{"rendered":"<p>O produtor de su\u00ednos (termina\u00e7\u00e3o), Agostinho Jos\u00e9 Presotto,\u00a0 ficou em primeiro lugar em premia\u00e7\u00e3o realizada pela Cooperativa Central Aurora na categoria \u00a0Produtor Destaque Suicooper\/Mercado Brasil. A Aurora Alimentos homenageou os produtores rurais, os t\u00e9cnicos e as cooperativas destaques no setor de suinocultura. Foram avaliados os seguintes crit\u00e9rios: convers\u00e3o alimentar, mortalidade, check list, certifica\u00e7\u00e3o dos estabelecimentos &hellip;<\/p>\n","protected":false},"author":9,"featured_media":12253,"comment_status":"closed","ping_status":"closed","sticky":false,"template":"","format":"standard","meta":{"_monsterinsights_skip_tracking":false,"_uf_show_specific_survey":0,"_uf_disable_surveys":false,"footnotes":""},"categories":[1],"tags":[],"class_list":["post-12251","post","type-post","status-publish","format-standard","has-post-thumbnail","hentry","category-agro"],"aioseo_notices":[],"aioseo_head":"\n\t\t<!-- All in One SEO 5.0.1.1 - aioseo.com -->\n\t<meta name=\"description\" content=\"O produtor de su\u00ednos (termina\u00e7\u00e3o), Agostinho Jos\u00e9 Presotto, ficou em primeiro lugar em premia\u00e7\u00e3o realizada pela Cooperativa Central Aurora na categoria Produtor Destaque Suicooper\/Mercado Brasil. A Aurora Alimentos homenageou os produtores rurais, os t\u00e9cnicos e as cooperativas destaques no setor de suinocultura. Foram avaliados os seguintes crit\u00e9rios: convers\u00e3o alimentar, mortalidade, check list, certifica\u00e7\u00e3o dos estabelecimentos\" \/>\n\t<meta name=\"robots\" content=\"max-image-preview:large\" \/>\n\t<meta name=\"author\" content=\"Alejo Bordon\"\/>\n\t<link rel=\"canonical\" href=\"https:\/\/radiosul.net\/wp\/2020\/associado-da-coperdia-e-produtor-destaque-na-aurora-alimentos\/\" \/>\n\t<meta name=\"generator\" content=\"All in One SEO (AIOSEO) 5.0.1.1\" \/>\n\t\t<meta property=\"og:locale\" content=\"pt_BR\" \/>\n\t\t<meta property=\"og:site_name\" content=\"radiosul.net - Regional por Excel\u00eancia\" \/>\n\t\t<meta property=\"og:type\" content=\"article\" \/>\n\t\t<meta property=\"og:title\" content=\"Associado da Cop\u00e9rdia \u00e9 Produtor Destaque na Aurora Alimentos - radiosul.net\" \/>\n\t\t<meta property=\"og:description\" content=\"O produtor de su\u00ednos (termina\u00e7\u00e3o), Agostinho Jos\u00e9 Presotto, ficou em primeiro lugar em premia\u00e7\u00e3o realizada pela Cooperativa Central Aurora na categoria Produtor Destaque Suicooper\/Mercado Brasil. A Aurora Alimentos homenageou os produtores rurais, os t\u00e9cnicos e as cooperativas destaques no setor de suinocultura. Foram avaliados os seguintes crit\u00e9rios: convers\u00e3o alimentar, mortalidade, check list, certifica\u00e7\u00e3o dos estabelecimentos\" \/>\n\t\t<meta property=\"og:url\" content=\"https:\/\/radiosul.net\/wp\/2020\/associado-da-coperdia-e-produtor-destaque-na-aurora-alimentos\/\" \/>\n\t\t<meta property=\"article:published_time\" content=\"2020-04-15T11:03:25+00:00\" \/>\n\t\t<meta property=\"article:modified_time\" content=\"2020-04-15T11:03:27+00:00\" \/>\n\t\t<meta name=\"twitter:card\" content=\"summary_large_image\" \/>\n\t\t<meta name=\"twitter:title\" content=\"Associado da Cop\u00e9rdia \u00e9 Produtor Destaque na Aurora Alimentos - radiosul.net\" \/>\n\t\t<meta name=\"twitter:description\" content=\"O produtor de su\u00ednos (termina\u00e7\u00e3o), Agostinho Jos\u00e9 Presotto, ficou em primeiro lugar em premia\u00e7\u00e3o realizada pela Cooperativa Central Aurora na categoria Produtor Destaque Suicooper\/Mercado Brasil. A Aurora Alimentos homenageou os produtores rurais, os t\u00e9cnicos e as cooperativas destaques no setor de suinocultura. Foram avaliados os seguintes crit\u00e9rios: convers\u00e3o alimentar, mortalidade, check list, certifica\u00e7\u00e3o dos estabelecimentos\" \/>\n\t\t<script type=\"application\/ld+json\" class=\"aioseo-schema\">\n\t\t\t{\"@context\":\"https:\\\/\\\/schema.org\",\"@graph\":[{\"@type\":\"BlogPosting\",\"@id\":\"https:\\\/\\\/radiosul.net\\\/wp\\\/2020\\\/associado-da-coperdia-e-produtor-destaque-na-aurora-alimentos\\\/#blogposting\",\"name\":\"Associado da Cop\\u00e9rdia \\u00e9 Produtor Destaque na Aurora Alimentos - radiosul.net\",\"headline\":\"Associado da Cop\\u00e9rdia \\u00e9 Produtor Destaque na Aurora Alimentos\",\"author\":{\"@id\":\"https:\\\/\\\/radiosul.net\\\/wp\\\/author\\\/alejo\\\/#author\"},\"publisher\":{\"@id\":\"https:\\\/\\\/radiosul.net\\\/wp\\\/#organization\"},\"image\":{\"@type\":\"ImageObject\",\"url\":\"https:\\\/\\\/radiosul.net\\\/wp\\\/wp-content\\\/uploads\\\/2020\\\/04\\\/DD-1.jpg\",\"width\":800,\"height\":507},\"datePublished\":\"2020-04-15T08:03:25-03:00\",\"dateModified\":\"2020-04-15T08:03:27-03:00\",\"inLanguage\":\"pt-BR\",\"mainEntityOfPage\":{\"@id\":\"https:\\\/\\\/radiosul.net\\\/wp\\\/2020\\\/associado-da-coperdia-e-produtor-destaque-na-aurora-alimentos\\\/#webpage\"},\"isPartOf\":{\"@id\":\"https:\\\/\\\/radiosul.net\\\/wp\\\/2020\\\/associado-da-coperdia-e-produtor-destaque-na-aurora-alimentos\\\/#webpage\"},\"articleSection\":\"Agroneg\\u00f3cio\"},{\"@type\":\"BreadcrumbList\",\"@id\":\"https:\\\/\\\/radiosul.net\\\/wp\\\/2020\\\/associado-da-coperdia-e-produtor-destaque-na-aurora-alimentos\\\/#breadcrumblist\",\"itemListElement\":[{\"@type\":\"ListItem\",\"@id\":\"https:\\\/\\\/radiosul.net\\\/wp#listItem\",\"position\":1,\"name\":\"Home\",\"item\":\"https:\\\/\\\/radiosul.net\\\/wp\",\"nextItem\":{\"@type\":\"ListItem\",\"@id\":\"https:\\\/\\\/radiosul.net\\\/wp\\\/category\\\/agro\\\/#listItem\",\"name\":\"Agroneg\\u00f3cio\"}},{\"@type\":\"ListItem\",\"@id\":\"https:\\\/\\\/radiosul.net\\\/wp\\\/category\\\/agro\\\/#listItem\",\"position\":2,\"name\":\"Agroneg\\u00f3cio\",\"item\":\"https:\\\/\\\/radiosul.net\\\/wp\\\/category\\\/agro\\\/\",\"nextItem\":{\"@type\":\"ListItem\",\"@id\":\"https:\\\/\\\/radiosul.net\\\/wp\\\/2020\\\/associado-da-coperdia-e-produtor-destaque-na-aurora-alimentos\\\/#listItem\",\"name\":\"Associado da Cop\\u00e9rdia \\u00e9 Produtor Destaque na Aurora Alimentos\"},\"previousItem\":{\"@type\":\"ListItem\",\"@id\":\"https:\\\/\\\/radiosul.net\\\/wp#listItem\",\"name\":\"Home\"}},{\"@type\":\"ListItem\",\"@id\":\"https:\\\/\\\/radiosul.net\\\/wp\\\/2020\\\/associado-da-coperdia-e-produtor-destaque-na-aurora-alimentos\\\/#listItem\",\"position\":3,\"name\":\"Associado da Cop\\u00e9rdia \\u00e9 Produtor Destaque na Aurora Alimentos\",\"previousItem\":{\"@type\":\"ListItem\",\"@id\":\"https:\\\/\\\/radiosul.net\\\/wp\\\/category\\\/agro\\\/#listItem\",\"name\":\"Agroneg\\u00f3cio\"}}]},{\"@type\":\"Organization\",\"@id\":\"https:\\\/\\\/radiosul.net\\\/wp\\\/#organization\",\"name\":\"radiosul.net\",\"description\":\"Regional por Excel\\u00eancia\",\"url\":\"https:\\\/\\\/radiosul.net\\\/wp\\\/\"},{\"@type\":\"Person\",\"@id\":\"https:\\\/\\\/radiosul.net\\\/wp\\\/author\\\/alejo\\\/#author\",\"url\":\"https:\\\/\\\/radiosul.net\\\/wp\\\/author\\\/alejo\\\/\",\"name\":\"Alejo Bordon\",\"image\":{\"@type\":\"ImageObject\",\"@id\":\"https:\\\/\\\/radiosul.net\\\/wp\\\/2020\\\/associado-da-coperdia-e-produtor-destaque-na-aurora-alimentos\\\/#authorImage\",\"url\":\"https:\\\/\\\/secure.gravatar.com\\\/avatar\\\/b3a7e7f1c71212e6a5b7183b79a2ab58dad8bdc4cd4eadd61c4434d010d0bae4?s=96&d=mm&r=g\",\"width\":96,\"height\":96,\"caption\":\"Alejo Bordon\"}},{\"@type\":\"WebPage\",\"@id\":\"https:\\\/\\\/radiosul.net\\\/wp\\\/2020\\\/associado-da-coperdia-e-produtor-destaque-na-aurora-alimentos\\\/#webpage\",\"url\":\"https:\\\/\\\/radiosul.net\\\/wp\\\/2020\\\/associado-da-coperdia-e-produtor-destaque-na-aurora-alimentos\\\/\",\"name\":\"Associado da Cop\\u00e9rdia \\u00e9 Produtor Destaque na Aurora Alimentos - radiosul.net\",\"description\":\"O produtor de su\\u00ednos (termina\\u00e7\\u00e3o), Agostinho Jos\\u00e9 Presotto, ficou em primeiro lugar em premia\\u00e7\\u00e3o realizada pela Cooperativa Central Aurora na categoria Produtor Destaque Suicooper\\\/Mercado Brasil. A Aurora Alimentos homenageou os produtores rurais, os t\\u00e9cnicos e as cooperativas destaques no setor de suinocultura. Foram avaliados os seguintes crit\\u00e9rios: convers\\u00e3o alimentar, mortalidade, check list, certifica\\u00e7\\u00e3o dos estabelecimentos\",\"inLanguage\":\"pt-BR\",\"isPartOf\":{\"@id\":\"https:\\\/\\\/radiosul.net\\\/wp\\\/#website\"},\"breadcrumb\":{\"@id\":\"https:\\\/\\\/radiosul.net\\\/wp\\\/2020\\\/associado-da-coperdia-e-produtor-destaque-na-aurora-alimentos\\\/#breadcrumblist\"},\"author\":{\"@id\":\"https:\\\/\\\/radiosul.net\\\/wp\\\/author\\\/alejo\\\/#author\"},\"creator\":{\"@id\":\"https:\\\/\\\/radiosul.net\\\/wp\\\/author\\\/alejo\\\/#author\"},\"image\":{\"@type\":\"ImageObject\",\"url\":\"https:\\\/\\\/radiosul.net\\\/wp\\\/wp-content\\\/uploads\\\/2020\\\/04\\\/DD-1.jpg\",\"@id\":\"https:\\\/\\\/radiosul.net\\\/wp\\\/2020\\\/associado-da-coperdia-e-produtor-destaque-na-aurora-alimentos\\\/#mainImage\",\"width\":800,\"height\":507},\"primaryImageOfPage\":{\"@id\":\"https:\\\/\\\/radiosul.net\\\/wp\\\/2020\\\/associado-da-coperdia-e-produtor-destaque-na-aurora-alimentos\\\/#mainImage\"},\"datePublished\":\"2020-04-15T08:03:25-03:00\",\"dateModified\":\"2020-04-15T08:03:27-03:00\"},{\"@type\":\"WebSite\",\"@id\":\"https:\\\/\\\/radiosul.net\\\/wp\\\/#website\",\"url\":\"https:\\\/\\\/radiosul.net\\\/wp\\\/\",\"name\":\"radiosul.net\",\"description\":\"Regional por Excel\\u00eancia\",\"inLanguage\":\"pt-BR\",\"publisher\":{\"@id\":\"https:\\\/\\\/radiosul.net\\\/wp\\\/#organization\"}}]}\n\t\t<\/script>\n\t\t<!-- All in One SEO -->\n\n","aioseo_head_json":{"title":"Associado da Cop\u00e9rdia \u00e9 Produtor Destaque na Aurora Alimentos - radiosul.net","description":"O produtor de su\u00ednos (termina\u00e7\u00e3o), Agostinho Jos\u00e9 Presotto, ficou em primeiro lugar em premia\u00e7\u00e3o realizada pela Cooperativa Central Aurora na categoria Produtor Destaque Suicooper\/Mercado Brasil. A Aurora Alimentos homenageou os produtores rurais, os t\u00e9cnicos e as cooperativas destaques no setor de suinocultura. Foram avaliados os seguintes crit\u00e9rios: convers\u00e3o alimentar, mortalidade, check list, certifica\u00e7\u00e3o dos estabelecimentos","canonical_url":"https:\/\/radiosul.net\/wp\/2020\/associado-da-coperdia-e-produtor-destaque-na-aurora-alimentos\/","robots":"max-image-preview:large","keywords":"","webmasterTools":{"miscellaneous":""},"schema":{"@context":"https:\/\/schema.org","@graph":[{"@type":"BlogPosting","@id":"https:\/\/radiosul.net\/wp\/2020\/associado-da-coperdia-e-produtor-destaque-na-aurora-alimentos\/#blogposting","name":"Associado da Cop\u00e9rdia \u00e9 Produtor Destaque na Aurora Alimentos - radiosul.net","headline":"Associado da Cop\u00e9rdia \u00e9 Produtor Destaque na Aurora Alimentos","author":{"@id":"https:\/\/radiosul.net\/wp\/author\/alejo\/#author"},"publisher":{"@id":"https:\/\/radiosul.net\/wp\/#organization"},"image":{"@type":"ImageObject","url":"https:\/\/radiosul.net\/wp\/wp-content\/uploads\/2020\/04\/DD-1.jpg","width":800,"height":507},"datePublished":"2020-04-15T08:03:25-03:00","dateModified":"2020-04-15T08:03:27-03:00","inLanguage":"pt-BR","mainEntityOfPage":{"@id":"https:\/\/radiosul.net\/wp\/2020\/associado-da-coperdia-e-produtor-destaque-na-aurora-alimentos\/#webpage"},"isPartOf":{"@id":"https:\/\/radiosul.net\/wp\/2020\/associado-da-coperdia-e-produtor-destaque-na-aurora-alimentos\/#webpage"},"articleSection":"Agroneg\u00f3cio"},{"@type":"BreadcrumbList","@id":"https:\/\/radiosul.net\/wp\/2020\/associado-da-coperdia-e-produtor-destaque-na-aurora-alimentos\/#breadcrumblist","itemListElement":[{"@type":"ListItem","@id":"https:\/\/radiosul.net\/wp#listItem","position":1,"name":"Home","item":"https:\/\/radiosul.net\/wp","nextItem":{"@type":"ListItem","@id":"https:\/\/radiosul.net\/wp\/category\/agro\/#listItem","name":"Agroneg\u00f3cio"}},{"@type":"ListItem","@id":"https:\/\/radiosul.net\/wp\/category\/agro\/#listItem","position":2,"name":"Agroneg\u00f3cio","item":"https:\/\/radiosul.net\/wp\/category\/agro\/","nextItem":{"@type":"ListItem","@id":"https:\/\/radiosul.net\/wp\/2020\/associado-da-coperdia-e-produtor-destaque-na-aurora-alimentos\/#listItem","name":"Associado da Cop\u00e9rdia \u00e9 Produtor Destaque na Aurora Alimentos"},"previousItem":{"@type":"ListItem","@id":"https:\/\/radiosul.net\/wp#listItem","name":"Home"}},{"@type":"ListItem","@id":"https:\/\/radiosul.net\/wp\/2020\/associado-da-coperdia-e-produtor-destaque-na-aurora-alimentos\/#listItem","position":3,"name":"Associado da Cop\u00e9rdia \u00e9 Produtor Destaque na Aurora Alimentos","previousItem":{"@type":"ListItem","@id":"https:\/\/radiosul.net\/wp\/category\/agro\/#listItem","name":"Agroneg\u00f3cio"}}]},{"@type":"Organization","@id":"https:\/\/radiosul.net\/wp\/#organization","name":"radiosul.net","description":"Regional por Excel\u00eancia","url":"https:\/\/radiosul.net\/wp\/"},{"@type":"Person","@id":"https:\/\/radiosul.net\/wp\/author\/alejo\/#author","url":"https:\/\/radiosul.net\/wp\/author\/alejo\/","name":"Alejo Bordon","image":{"@type":"ImageObject","@id":"https:\/\/radiosul.net\/wp\/2020\/associado-da-coperdia-e-produtor-destaque-na-aurora-alimentos\/#authorImage","url":"https:\/\/secure.gravatar.com\/avatar\/b3a7e7f1c71212e6a5b7183b79a2ab58dad8bdc4cd4eadd61c4434d010d0bae4?s=96&d=mm&r=g","width":96,"height":96,"caption":"Alejo Bordon"}},{"@type":"WebPage","@id":"https:\/\/radiosul.net\/wp\/2020\/associado-da-coperdia-e-produtor-destaque-na-aurora-alimentos\/#webpage","url":"https:\/\/radiosul.net\/wp\/2020\/associado-da-coperdia-e-produtor-destaque-na-aurora-alimentos\/","name":"Associado da Cop\u00e9rdia \u00e9 Produtor Destaque na Aurora Alimentos - radiosul.net","description":"O produtor de su\u00ednos (termina\u00e7\u00e3o), Agostinho Jos\u00e9 Presotto, ficou em primeiro lugar em premia\u00e7\u00e3o realizada pela Cooperativa Central Aurora na categoria Produtor Destaque Suicooper\/Mercado Brasil. A Aurora Alimentos homenageou os produtores rurais, os t\u00e9cnicos e as cooperativas destaques no setor de suinocultura. Foram avaliados os seguintes crit\u00e9rios: convers\u00e3o alimentar, mortalidade, check list, certifica\u00e7\u00e3o dos estabelecimentos","inLanguage":"pt-BR","isPartOf":{"@id":"https:\/\/radiosul.net\/wp\/#website"},"breadcrumb":{"@id":"https:\/\/radiosul.net\/wp\/2020\/associado-da-coperdia-e-produtor-destaque-na-aurora-alimentos\/#breadcrumblist"},"author":{"@id":"https:\/\/radiosul.net\/wp\/author\/alejo\/#author"},"creator":{"@id":"https:\/\/radiosul.net\/wp\/author\/alejo\/#author"},"image":{"@type":"ImageObject","url":"https:\/\/radiosul.net\/wp\/wp-content\/uploads\/2020\/04\/DD-1.jpg","@id":"https:\/\/radiosul.net\/wp\/2020\/associado-da-coperdia-e-produtor-destaque-na-aurora-alimentos\/#mainImage","width":800,"height":507},"primaryImageOfPage":{"@id":"https:\/\/radiosul.net\/wp\/2020\/associado-da-coperdia-e-produtor-destaque-na-aurora-alimentos\/#mainImage"},"datePublished":"2020-04-15T08:03:25-03:00","dateModified":"2020-04-15T08:03:27-03:00"},{"@type":"WebSite","@id":"https:\/\/radiosul.net\/wp\/#website","url":"https:\/\/radiosul.net\/wp\/","name":"radiosul.net","description":"Regional por Excel\u00eancia","inLanguage":"pt-BR","publisher":{"@id":"https:\/\/radiosul.net\/wp\/#organization"}}]},"og:locale":"pt_BR","og:site_name":"radiosul.net - Regional por Excel\u00eancia","og:type":"article","og:title":"Associado da Cop\u00e9rdia \u00e9 Produtor Destaque na Aurora Alimentos - radiosul.net","og:description":"O produtor de su\u00ednos (termina\u00e7\u00e3o), Agostinho Jos\u00e9 Presotto, ficou em primeiro lugar em premia\u00e7\u00e3o realizada pela Cooperativa Central Aurora na categoria Produtor Destaque Suicooper\/Mercado Brasil. A Aurora Alimentos homenageou os produtores rurais, os t\u00e9cnicos e as cooperativas destaques no setor de suinocultura. Foram avaliados os seguintes crit\u00e9rios: convers\u00e3o alimentar, mortalidade, check list, certifica\u00e7\u00e3o dos estabelecimentos","og:url":"https:\/\/radiosul.net\/wp\/2020\/associado-da-coperdia-e-produtor-destaque-na-aurora-alimentos\/","article:published_time":"2020-04-15T11:03:25+00:00","article:modified_time":"2020-04-15T11:03:27+00:00","twitter:card":"summary_large_image","twitter:title":"Associado da Cop\u00e9rdia \u00e9 Produtor Destaque na Aurora Alimentos - radiosul.net","twitter:description":"O produtor de su\u00ednos (termina\u00e7\u00e3o), Agostinho Jos\u00e9 Presotto, ficou em primeiro lugar em premia\u00e7\u00e3o realizada pela Cooperativa Central Aurora na categoria Produtor Destaque Suicooper\/Mercado Brasil. A Aurora Alimentos homenageou os produtores rurais, os t\u00e9cnicos e as cooperativas destaques no setor de suinocultura. Foram avaliados os seguintes crit\u00e9rios: convers\u00e3o alimentar, mortalidade, check list, certifica\u00e7\u00e3o dos estabelecimentos"},"aioseo_meta_data":{"post_id":"12251","title":null,"description":null,"keywords":null,"keyphrases":null,"primary_term":null,"canonical_url":null,"og_title":null,"og_description":null,"og_object_type":"default","og_image_type":"default","og_image_url":null,"og_image_width":null,"og_image_height":null,"og_image_custom_url":null,"og_image_custom_fields":null,"og_video":null,"og_custom_url":null,"og_article_section":null,"og_article_tags":null,"twitter_use_og":false,"twitter_card":"default","twitter_image_type":"default","twitter_image_url":null,"twitter_image_custom_url":null,"twitter_image_custom_fields":null,"twitter_title":null,"twitter_description":null,"schema":{"blockGraphs":[],"customGraphs":[],"default":{"data":{"Article":[],"Course":[],"Dataset":[],"FAQPage":[],"Movie":[],"Person":[],"Product":[],"ProductReview":[],"Car":[],"Recipe":[],"Service":[],"SoftwareApplication":[],"WebPage":[]},"graphName":"","isEnabled":true},"graphs":[]},"schema_type":"default","schema_type_options":null,"pillar_content":false,"robots_default":true,"robots_noindex":false,"robots_noarchive":false,"robots_nosnippet":false,"robots_nofollow":false,"robots_noimageindex":false,"robots_noodp":false,"robots_notranslate":false,"robots_max_snippet":null,"robots_max_videopreview":null,"robots_max_imagepreview":"large","priority":null,"frequency":null,"local_seo":null,"breadcrumb_settings":null,"limit_modified_date":false,"ai":null,"created":"2026-01-08 20:14:21","updated":"2026-01-08 20:14:21","seo_analyzer_scan_date":null,"focus_keyword":null,"additional_keywords":null,"truseo_locale":null},"aioseo_breadcrumb":"<div class=\"aioseo-breadcrumbs\"><span class=\"aioseo-breadcrumb\">\n\t\t\t<a href=\"https:\/\/radiosul.net\/wp\" title=\"Home\">Home<\/a>\n\t\t<\/span><span class=\"aioseo-breadcrumb-separator\">&raquo;<\/span><span class=\"aioseo-breadcrumb\">\n\t\t\t<a href=\"https:\/\/radiosul.net\/wp\/category\/agro\/\" title=\"Agroneg\u00f3cio\">Agroneg\u00f3cio<\/a>\n\t\t<\/span><span class=\"aioseo-breadcrumb-separator\">&raquo;<\/span><span class=\"aioseo-breadcrumb\">\n\t\t\tAssociado da Cop\u00e9rdia \u00e9 Produtor Destaque na Aurora Alimentos\n\t\t<\/span><\/div>","aioseo_breadcrumb_json":[{"label":"Home","link":"https:\/\/radiosul.net\/wp"},{"label":"Agroneg\u00f3cio","link":"https:\/\/radiosul.net\/wp\/category\/agro\/"},{"label":"Associado da Cop\u00e9rdia \u00e9 Produtor Destaque na Aurora Alimentos","link":"https:\/\/radiosul.net\/wp\/2020\/associado-da-coperdia-e-produtor-destaque-na-aurora-alimentos\/"}],"_links":{"self":[{"href":"https:\/\/radiosul.net\/wp\/wp-json\/wp\/v2\/posts\/12251","targetHints":{"allow":["GET"]}}],"collection":[{"href":"https:\/\/radiosul.net\/wp\/wp-json\/wp\/v2\/posts"}],"about":[{"href":"https:\/\/radiosul.net\/wp\/wp-json\/wp\/v2\/types\/post"}],"author":[{"embeddable":true,"href":"https:\/\/radiosul.net\/wp\/wp-json\/wp\/v2\/users\/9"}],"replies":[{"embeddable":true,"href":"https:\/\/radiosul.net\/wp\/wp-json\/wp\/v2\/comments?post=12251"}],"version-history":[{"count":1,"href":"https:\/\/radiosul.net\/wp\/wp-json\/wp\/v2\/posts\/12251\/revisions"}],"predecessor-version":[{"id":12254,"href":"https:\/\/radiosul.net\/wp\/wp-json\/wp\/v2\/posts\/12251\/revisions\/12254"}],"wp:featuredmedia":[{"embeddable":true,"href":"https:\/\/radiosul.net\/wp\/wp-json\/wp\/v2\/media\/12253"}],"wp:attachment":[{"href":"https:\/\/radiosul.net\/wp\/wp-json\/wp\/v2\/media?parent=12251"}],"wp:term":[{"taxonomy":"category","embeddable":true,"href":"https:\/\/radiosul.net\/wp\/wp-json\/wp\/v2\/categories?post=12251"},{"taxonomy":"post_tag","embeddable":true,"href":"https:\/\/radiosul.net\/wp\/wp-json\/wp\/v2\/tags?post=12251"}],"curies":[{"name":"wp","href":"https:\/\/api.w.org\/{rel}","templated":true}]}}