{"id":12224,"date":"2020-04-14T09:50:39","date_gmt":"2020-04-14T12:50:39","guid":{"rendered":"https:\/\/radiosul.net\/wp\/?p=12224"},"modified":"2020-04-14T09:50:48","modified_gmt":"2020-04-14T12:50:48","slug":"governo-de-sc-prorroga-validade-de-drecreto-de-isolamento-social","status":"publish","type":"post","link":"https:\/\/radiosul.net\/wp\/2020\/governo-de-sc-prorroga-validade-de-drecreto-de-isolamento-social\/","title":{"rendered":"Governo de SC prorroga validade de drecreto de isolamento social"},"content":{"rendered":"\n<p class=\"wp-block-paragraph\">O Governo de Santa Catarina prorrogou a quarentena adotada para minimizar o cont\u00e1gio do novo coronav\u00edrus. Um novo decreto, publicado no domingo, dia 12, trouxe a rela\u00e7\u00e3o de atividades que permanecem suspensas ou autorizadas no estado. O governador Carlos Mois\u00e9s antecipou que continuar\u00e3o proibidas at\u00e9 30 de abril a abertura de centros comerciais, shoppings e galerias, assim como o transporte coletivo e a perman\u00eancia de pessoas em restaurantes, bares, caf\u00e9s e lanchonetes. J\u00e1 os eventos, reuni\u00f5es de qualquer natureza, como aulas presenciais, cursos, missas e cultos, eventos do calend\u00e1rio esportivo, perman\u00eancia de pessoas em espa\u00e7os p\u00fablicos, atividades como cinema, teatro, shows, casas noturnas e similares tiveram a proibi\u00e7\u00e3o estendida at\u00e9 o dia 31 de maio.<\/p>\n\n\n\n<p class=\"wp-block-paragraph\">\u201cEssas medidas restritivas est\u00e3o sendo mantidas porque s\u00e3o atividades de alta possibilidade de cont\u00e1gio\u201d, afirmou o governador Carlos Mois\u00e9s. De acordo com ele, todas as decis\u00f5es s\u00e3o baseadas no acompanhamento di\u00e1rio de dados como n\u00famero de casos, mortes e a proje\u00e7\u00e3o para os dias seguintes. \u201cEstamos em guerra contra um inimigo poderoso e invis\u00edvel. \u00c9 papel do Estado coordenar para que os danos sejam os menores poss\u00edveis, mas tamb\u00e9m contamos com o cidad\u00e3o para se prevenir e fiscalizar, porque todos n\u00f3s seremos atingidos de alguma forma por este v\u00edrus\u201d, exp\u00f4s o governador.<\/p>\n\n\n\n<p class=\"wp-block-paragraph\">J\u00e1 em Florian\u00f3polis o prefeito Jean Loureiro&nbsp; anunciou mais medidas restritivas para o munic\u00edpio,&nbsp;&nbsp;ap\u00f3s o governador do Estado Carlos Mois\u00e9s&nbsp; liberar o com\u00e9rcio de rua.<\/p>\n\n\n\n<p class=\"wp-block-paragraph\">Os hot\u00e9is, empresas de aluguel de ve\u00edculos \u2013 que estavam funcionando \u2013 ter\u00e3o que fechar, novamente, pelo prazo de mais sete dias. Segundo o prefeito, a medida serve para evitar que a cidade se torne um atrativo para que turistas estejam circulando pela cidade. O servi\u00e7o p\u00fablico, em Florian\u00f3polis, estar\u00e1 funcionando apenas os servi\u00e7os essenciais. Segundo Loureiro, a iniciativa \u00e9 para evitar que milhares de funcion\u00e1rios p\u00fablicos estejam circulando e mantendo contato com outras pessoas. No entanto, lembrou que isso n\u00e3o significa que os servi\u00e7os p\u00fablicos n\u00e3o est\u00e3o funcionando. Os com\u00e9rcios que seguir\u00e3o funcionando como, por exemplo, materiais de constru\u00e7\u00e3o, mercado, casas lot\u00e9ricas ter\u00e3o que seguir recomenda\u00e7\u00f5es. Entre elas, est\u00e1 permitido um funcion\u00e1rio a cada 4m\u00b2 e um funcion\u00e1rio liberado para atendimento individual. Uma&nbsp; barreira sanit\u00e1ria foi instalada no munic\u00edpio. A ideia \u00e9 que realiza\u00e7\u00e3o de testes para quem desembarca no Aeroporto Internacional de Florian\u00f3polis.<\/p>\n\n\n\n<p class=\"wp-block-paragraph\"><em><strong>Fonte: Secom\/Fecoagro<\/strong><\/em><\/p>\n","protected":false},"excerpt":{"rendered":"<p>O Governo de Santa Catarina prorrogou a quarentena adotada para minimizar o cont\u00e1gio do novo coronav\u00edrus. Um novo decreto, publicado no domingo, dia 12, trouxe a rela\u00e7\u00e3o de atividades que permanecem suspensas ou autorizadas no estado. O governador Carlos Mois\u00e9s antecipou que continuar\u00e3o proibidas at\u00e9 30 de abril a abertura de centros comerciais, shoppings e &hellip;<\/p>\n","protected":false},"author":9,"featured_media":12225,"comment_status":"closed","ping_status":"closed","sticky":false,"template":"","format":"standard","meta":{"_monsterinsights_skip_tracking":false,"_uf_show_specific_survey":0,"_uf_disable_surveys":false,"footnotes":""},"categories":[1,126,714],"tags":[],"class_list":["post-12224","post","type-post","status-publish","format-standard","has-post-thumbnail","hentry","category-agro","category-destacados","category-saude"],"aioseo_notices":[],"aioseo_head":"\n\t\t<!-- All in One SEO 5.0.1.1 - aioseo.com -->\n\t<meta name=\"description\" content=\"O Governo de Santa Catarina prorrogou a quarentena adotada para minimizar o cont\u00e1gio do novo coronav\u00edrus. Um novo decreto, publicado no domingo, dia 12, trouxe a rela\u00e7\u00e3o de atividades que permanecem suspensas ou autorizadas no estado. O governador Carlos Mois\u00e9s antecipou que continuar\u00e3o proibidas at\u00e9 30 de abril a abertura de centros comerciais, shoppings e\" \/>\n\t<meta name=\"robots\" content=\"max-image-preview:large\" \/>\n\t<meta name=\"author\" content=\"Alejo Bordon\"\/>\n\t<link rel=\"canonical\" href=\"https:\/\/radiosul.net\/wp\/2020\/governo-de-sc-prorroga-validade-de-drecreto-de-isolamento-social\/\" \/>\n\t<meta name=\"generator\" content=\"All in One SEO (AIOSEO) 5.0.1.1\" \/>\n\t\t<meta property=\"og:locale\" content=\"pt_BR\" \/>\n\t\t<meta property=\"og:site_name\" content=\"radiosul.net - Regional por Excel\u00eancia\" \/>\n\t\t<meta property=\"og:type\" content=\"article\" \/>\n\t\t<meta property=\"og:title\" content=\"Governo de SC prorroga validade de drecreto de isolamento social - radiosul.net\" \/>\n\t\t<meta property=\"og:description\" content=\"O Governo de Santa Catarina prorrogou a quarentena adotada para minimizar o cont\u00e1gio do novo coronav\u00edrus. Um novo decreto, publicado no domingo, dia 12, trouxe a rela\u00e7\u00e3o de atividades que permanecem suspensas ou autorizadas no estado. O governador Carlos Mois\u00e9s antecipou que continuar\u00e3o proibidas at\u00e9 30 de abril a abertura de centros comerciais, shoppings e\" \/>\n\t\t<meta property=\"og:url\" content=\"https:\/\/radiosul.net\/wp\/2020\/governo-de-sc-prorroga-validade-de-drecreto-de-isolamento-social\/\" \/>\n\t\t<meta property=\"article:published_time\" content=\"2020-04-14T12:50:39+00:00\" \/>\n\t\t<meta property=\"article:modified_time\" content=\"2020-04-14T12:50:48+00:00\" \/>\n\t\t<meta name=\"twitter:card\" content=\"summary_large_image\" \/>\n\t\t<meta name=\"twitter:title\" content=\"Governo de SC prorroga validade de drecreto de isolamento social - radiosul.net\" \/>\n\t\t<meta name=\"twitter:description\" content=\"O Governo de Santa Catarina prorrogou a quarentena adotada para minimizar o cont\u00e1gio do novo coronav\u00edrus. Um novo decreto, publicado no domingo, dia 12, trouxe a rela\u00e7\u00e3o de atividades que permanecem suspensas ou autorizadas no estado. O governador Carlos Mois\u00e9s antecipou que continuar\u00e3o proibidas at\u00e9 30 de abril a abertura de centros comerciais, shoppings e\" \/>\n\t\t<script type=\"application\/ld+json\" class=\"aioseo-schema\">\n\t\t\t{\"@context\":\"https:\\\/\\\/schema.org\",\"@graph\":[{\"@type\":\"BlogPosting\",\"@id\":\"https:\\\/\\\/radiosul.net\\\/wp\\\/2020\\\/governo-de-sc-prorroga-validade-de-drecreto-de-isolamento-social\\\/#blogposting\",\"name\":\"Governo de SC prorroga validade de drecreto de isolamento social - radiosul.net\",\"headline\":\"Governo de SC prorroga validade de drecreto de isolamento social\",\"author\":{\"@id\":\"https:\\\/\\\/radiosul.net\\\/wp\\\/author\\\/alejo\\\/#author\"},\"publisher\":{\"@id\":\"https:\\\/\\\/radiosul.net\\\/wp\\\/#organization\"},\"image\":{\"@type\":\"ImageObject\",\"url\":\"https:\\\/\\\/radiosul.net\\\/wp\\\/wp-content\\\/uploads\\\/2020\\\/04\\\/coronavirus-4914026_1920.jpg\",\"width\":1920,\"height\":1080},\"datePublished\":\"2020-04-14T09:50:39-03:00\",\"dateModified\":\"2020-04-14T09:50:48-03:00\",\"inLanguage\":\"pt-BR\",\"mainEntityOfPage\":{\"@id\":\"https:\\\/\\\/radiosul.net\\\/wp\\\/2020\\\/governo-de-sc-prorroga-validade-de-drecreto-de-isolamento-social\\\/#webpage\"},\"isPartOf\":{\"@id\":\"https:\\\/\\\/radiosul.net\\\/wp\\\/2020\\\/governo-de-sc-prorroga-validade-de-drecreto-de-isolamento-social\\\/#webpage\"},\"articleSection\":\"Agroneg\\u00f3cio, Destaque, Sa\\u00fade\"},{\"@type\":\"BreadcrumbList\",\"@id\":\"https:\\\/\\\/radiosul.net\\\/wp\\\/2020\\\/governo-de-sc-prorroga-validade-de-drecreto-de-isolamento-social\\\/#breadcrumblist\",\"itemListElement\":[{\"@type\":\"ListItem\",\"@id\":\"https:\\\/\\\/radiosul.net\\\/wp#listItem\",\"position\":1,\"name\":\"Home\",\"item\":\"https:\\\/\\\/radiosul.net\\\/wp\",\"nextItem\":{\"@type\":\"ListItem\",\"@id\":\"https:\\\/\\\/radiosul.net\\\/wp\\\/category\\\/agro\\\/#listItem\",\"name\":\"Agroneg\\u00f3cio\"}},{\"@type\":\"ListItem\",\"@id\":\"https:\\\/\\\/radiosul.net\\\/wp\\\/category\\\/agro\\\/#listItem\",\"position\":2,\"name\":\"Agroneg\\u00f3cio\",\"item\":\"https:\\\/\\\/radiosul.net\\\/wp\\\/category\\\/agro\\\/\",\"nextItem\":{\"@type\":\"ListItem\",\"@id\":\"https:\\\/\\\/radiosul.net\\\/wp\\\/2020\\\/governo-de-sc-prorroga-validade-de-drecreto-de-isolamento-social\\\/#listItem\",\"name\":\"Governo de SC prorroga validade de drecreto de isolamento social\"},\"previousItem\":{\"@type\":\"ListItem\",\"@id\":\"https:\\\/\\\/radiosul.net\\\/wp#listItem\",\"name\":\"Home\"}},{\"@type\":\"ListItem\",\"@id\":\"https:\\\/\\\/radiosul.net\\\/wp\\\/2020\\\/governo-de-sc-prorroga-validade-de-drecreto-de-isolamento-social\\\/#listItem\",\"position\":3,\"name\":\"Governo de SC prorroga validade de drecreto de isolamento social\",\"previousItem\":{\"@type\":\"ListItem\",\"@id\":\"https:\\\/\\\/radiosul.net\\\/wp\\\/category\\\/agro\\\/#listItem\",\"name\":\"Agroneg\\u00f3cio\"}}]},{\"@type\":\"Organization\",\"@id\":\"https:\\\/\\\/radiosul.net\\\/wp\\\/#organization\",\"name\":\"radiosul.net\",\"description\":\"Regional por Excel\\u00eancia\",\"url\":\"https:\\\/\\\/radiosul.net\\\/wp\\\/\"},{\"@type\":\"Person\",\"@id\":\"https:\\\/\\\/radiosul.net\\\/wp\\\/author\\\/alejo\\\/#author\",\"url\":\"https:\\\/\\\/radiosul.net\\\/wp\\\/author\\\/alejo\\\/\",\"name\":\"Alejo Bordon\",\"image\":{\"@type\":\"ImageObject\",\"@id\":\"https:\\\/\\\/radiosul.net\\\/wp\\\/2020\\\/governo-de-sc-prorroga-validade-de-drecreto-de-isolamento-social\\\/#authorImage\",\"url\":\"https:\\\/\\\/secure.gravatar.com\\\/avatar\\\/b3a7e7f1c71212e6a5b7183b79a2ab58dad8bdc4cd4eadd61c4434d010d0bae4?s=96&d=mm&r=g\",\"width\":96,\"height\":96,\"caption\":\"Alejo Bordon\"}},{\"@type\":\"WebPage\",\"@id\":\"https:\\\/\\\/radiosul.net\\\/wp\\\/2020\\\/governo-de-sc-prorroga-validade-de-drecreto-de-isolamento-social\\\/#webpage\",\"url\":\"https:\\\/\\\/radiosul.net\\\/wp\\\/2020\\\/governo-de-sc-prorroga-validade-de-drecreto-de-isolamento-social\\\/\",\"name\":\"Governo de SC prorroga validade de drecreto de isolamento social - radiosul.net\",\"description\":\"O Governo de Santa Catarina prorrogou a quarentena adotada para minimizar o cont\\u00e1gio do novo coronav\\u00edrus. Um novo decreto, publicado no domingo, dia 12, trouxe a rela\\u00e7\\u00e3o de atividades que permanecem suspensas ou autorizadas no estado. O governador Carlos Mois\\u00e9s antecipou que continuar\\u00e3o proibidas at\\u00e9 30 de abril a abertura de centros comerciais, shoppings e\",\"inLanguage\":\"pt-BR\",\"isPartOf\":{\"@id\":\"https:\\\/\\\/radiosul.net\\\/wp\\\/#website\"},\"breadcrumb\":{\"@id\":\"https:\\\/\\\/radiosul.net\\\/wp\\\/2020\\\/governo-de-sc-prorroga-validade-de-drecreto-de-isolamento-social\\\/#breadcrumblist\"},\"author\":{\"@id\":\"https:\\\/\\\/radiosul.net\\\/wp\\\/author\\\/alejo\\\/#author\"},\"creator\":{\"@id\":\"https:\\\/\\\/radiosul.net\\\/wp\\\/author\\\/alejo\\\/#author\"},\"image\":{\"@type\":\"ImageObject\",\"url\":\"https:\\\/\\\/radiosul.net\\\/wp\\\/wp-content\\\/uploads\\\/2020\\\/04\\\/coronavirus-4914026_1920.jpg\",\"@id\":\"https:\\\/\\\/radiosul.net\\\/wp\\\/2020\\\/governo-de-sc-prorroga-validade-de-drecreto-de-isolamento-social\\\/#mainImage\",\"width\":1920,\"height\":1080},\"primaryImageOfPage\":{\"@id\":\"https:\\\/\\\/radiosul.net\\\/wp\\\/2020\\\/governo-de-sc-prorroga-validade-de-drecreto-de-isolamento-social\\\/#mainImage\"},\"datePublished\":\"2020-04-14T09:50:39-03:00\",\"dateModified\":\"2020-04-14T09:50:48-03:00\"},{\"@type\":\"WebSite\",\"@id\":\"https:\\\/\\\/radiosul.net\\\/wp\\\/#website\",\"url\":\"https:\\\/\\\/radiosul.net\\\/wp\\\/\",\"name\":\"radiosul.net\",\"description\":\"Regional por Excel\\u00eancia\",\"inLanguage\":\"pt-BR\",\"publisher\":{\"@id\":\"https:\\\/\\\/radiosul.net\\\/wp\\\/#organization\"}}]}\n\t\t<\/script>\n\t\t<!-- All in One SEO -->\n\n","aioseo_head_json":{"title":"Governo de SC prorroga validade de drecreto de isolamento social - radiosul.net","description":"O Governo de Santa Catarina prorrogou a quarentena adotada para minimizar o cont\u00e1gio do novo coronav\u00edrus. Um novo decreto, publicado no domingo, dia 12, trouxe a rela\u00e7\u00e3o de atividades que permanecem suspensas ou autorizadas no estado. O governador Carlos Mois\u00e9s antecipou que continuar\u00e3o proibidas at\u00e9 30 de abril a abertura de centros comerciais, shoppings e","canonical_url":"https:\/\/radiosul.net\/wp\/2020\/governo-de-sc-prorroga-validade-de-drecreto-de-isolamento-social\/","robots":"max-image-preview:large","keywords":"","webmasterTools":{"miscellaneous":""},"schema":{"@context":"https:\/\/schema.org","@graph":[{"@type":"BlogPosting","@id":"https:\/\/radiosul.net\/wp\/2020\/governo-de-sc-prorroga-validade-de-drecreto-de-isolamento-social\/#blogposting","name":"Governo de SC prorroga validade de drecreto de isolamento social - radiosul.net","headline":"Governo de SC prorroga validade de drecreto de isolamento social","author":{"@id":"https:\/\/radiosul.net\/wp\/author\/alejo\/#author"},"publisher":{"@id":"https:\/\/radiosul.net\/wp\/#organization"},"image":{"@type":"ImageObject","url":"https:\/\/radiosul.net\/wp\/wp-content\/uploads\/2020\/04\/coronavirus-4914026_1920.jpg","width":1920,"height":1080},"datePublished":"2020-04-14T09:50:39-03:00","dateModified":"2020-04-14T09:50:48-03:00","inLanguage":"pt-BR","mainEntityOfPage":{"@id":"https:\/\/radiosul.net\/wp\/2020\/governo-de-sc-prorroga-validade-de-drecreto-de-isolamento-social\/#webpage"},"isPartOf":{"@id":"https:\/\/radiosul.net\/wp\/2020\/governo-de-sc-prorroga-validade-de-drecreto-de-isolamento-social\/#webpage"},"articleSection":"Agroneg\u00f3cio, Destaque, Sa\u00fade"},{"@type":"BreadcrumbList","@id":"https:\/\/radiosul.net\/wp\/2020\/governo-de-sc-prorroga-validade-de-drecreto-de-isolamento-social\/#breadcrumblist","itemListElement":[{"@type":"ListItem","@id":"https:\/\/radiosul.net\/wp#listItem","position":1,"name":"Home","item":"https:\/\/radiosul.net\/wp","nextItem":{"@type":"ListItem","@id":"https:\/\/radiosul.net\/wp\/category\/agro\/#listItem","name":"Agroneg\u00f3cio"}},{"@type":"ListItem","@id":"https:\/\/radiosul.net\/wp\/category\/agro\/#listItem","position":2,"name":"Agroneg\u00f3cio","item":"https:\/\/radiosul.net\/wp\/category\/agro\/","nextItem":{"@type":"ListItem","@id":"https:\/\/radiosul.net\/wp\/2020\/governo-de-sc-prorroga-validade-de-drecreto-de-isolamento-social\/#listItem","name":"Governo de SC prorroga validade de drecreto de isolamento social"},"previousItem":{"@type":"ListItem","@id":"https:\/\/radiosul.net\/wp#listItem","name":"Home"}},{"@type":"ListItem","@id":"https:\/\/radiosul.net\/wp\/2020\/governo-de-sc-prorroga-validade-de-drecreto-de-isolamento-social\/#listItem","position":3,"name":"Governo de SC prorroga validade de drecreto de isolamento social","previousItem":{"@type":"ListItem","@id":"https:\/\/radiosul.net\/wp\/category\/agro\/#listItem","name":"Agroneg\u00f3cio"}}]},{"@type":"Organization","@id":"https:\/\/radiosul.net\/wp\/#organization","name":"radiosul.net","description":"Regional por Excel\u00eancia","url":"https:\/\/radiosul.net\/wp\/"},{"@type":"Person","@id":"https:\/\/radiosul.net\/wp\/author\/alejo\/#author","url":"https:\/\/radiosul.net\/wp\/author\/alejo\/","name":"Alejo Bordon","image":{"@type":"ImageObject","@id":"https:\/\/radiosul.net\/wp\/2020\/governo-de-sc-prorroga-validade-de-drecreto-de-isolamento-social\/#authorImage","url":"https:\/\/secure.gravatar.com\/avatar\/b3a7e7f1c71212e6a5b7183b79a2ab58dad8bdc4cd4eadd61c4434d010d0bae4?s=96&d=mm&r=g","width":96,"height":96,"caption":"Alejo Bordon"}},{"@type":"WebPage","@id":"https:\/\/radiosul.net\/wp\/2020\/governo-de-sc-prorroga-validade-de-drecreto-de-isolamento-social\/#webpage","url":"https:\/\/radiosul.net\/wp\/2020\/governo-de-sc-prorroga-validade-de-drecreto-de-isolamento-social\/","name":"Governo de SC prorroga validade de drecreto de isolamento social - radiosul.net","description":"O Governo de Santa Catarina prorrogou a quarentena adotada para minimizar o cont\u00e1gio do novo coronav\u00edrus. Um novo decreto, publicado no domingo, dia 12, trouxe a rela\u00e7\u00e3o de atividades que permanecem suspensas ou autorizadas no estado. O governador Carlos Mois\u00e9s antecipou que continuar\u00e3o proibidas at\u00e9 30 de abril a abertura de centros comerciais, shoppings e","inLanguage":"pt-BR","isPartOf":{"@id":"https:\/\/radiosul.net\/wp\/#website"},"breadcrumb":{"@id":"https:\/\/radiosul.net\/wp\/2020\/governo-de-sc-prorroga-validade-de-drecreto-de-isolamento-social\/#breadcrumblist"},"author":{"@id":"https:\/\/radiosul.net\/wp\/author\/alejo\/#author"},"creator":{"@id":"https:\/\/radiosul.net\/wp\/author\/alejo\/#author"},"image":{"@type":"ImageObject","url":"https:\/\/radiosul.net\/wp\/wp-content\/uploads\/2020\/04\/coronavirus-4914026_1920.jpg","@id":"https:\/\/radiosul.net\/wp\/2020\/governo-de-sc-prorroga-validade-de-drecreto-de-isolamento-social\/#mainImage","width":1920,"height":1080},"primaryImageOfPage":{"@id":"https:\/\/radiosul.net\/wp\/2020\/governo-de-sc-prorroga-validade-de-drecreto-de-isolamento-social\/#mainImage"},"datePublished":"2020-04-14T09:50:39-03:00","dateModified":"2020-04-14T09:50:48-03:00"},{"@type":"WebSite","@id":"https:\/\/radiosul.net\/wp\/#website","url":"https:\/\/radiosul.net\/wp\/","name":"radiosul.net","description":"Regional por Excel\u00eancia","inLanguage":"pt-BR","publisher":{"@id":"https:\/\/radiosul.net\/wp\/#organization"}}]},"og:locale":"pt_BR","og:site_name":"radiosul.net - Regional por Excel\u00eancia","og:type":"article","og:title":"Governo de SC prorroga validade de drecreto de isolamento social - radiosul.net","og:description":"O Governo de Santa Catarina prorrogou a quarentena adotada para minimizar o cont\u00e1gio do novo coronav\u00edrus. Um novo decreto, publicado no domingo, dia 12, trouxe a rela\u00e7\u00e3o de atividades que permanecem suspensas ou autorizadas no estado. O governador Carlos Mois\u00e9s antecipou que continuar\u00e3o proibidas at\u00e9 30 de abril a abertura de centros comerciais, shoppings e","og:url":"https:\/\/radiosul.net\/wp\/2020\/governo-de-sc-prorroga-validade-de-drecreto-de-isolamento-social\/","article:published_time":"2020-04-14T12:50:39+00:00","article:modified_time":"2020-04-14T12:50:48+00:00","twitter:card":"summary_large_image","twitter:title":"Governo de SC prorroga validade de drecreto de isolamento social - radiosul.net","twitter:description":"O Governo de Santa Catarina prorrogou a quarentena adotada para minimizar o cont\u00e1gio do novo coronav\u00edrus. Um novo decreto, publicado no domingo, dia 12, trouxe a rela\u00e7\u00e3o de atividades que permanecem suspensas ou autorizadas no estado. O governador Carlos Mois\u00e9s antecipou que continuar\u00e3o proibidas at\u00e9 30 de abril a abertura de centros comerciais, shoppings e"},"aioseo_meta_data":{"post_id":"12224","title":null,"description":null,"keywords":null,"keyphrases":null,"primary_term":null,"canonical_url":null,"og_title":null,"og_description":null,"og_object_type":"default","og_image_type":"default","og_image_url":null,"og_image_width":null,"og_image_height":null,"og_image_custom_url":null,"og_image_custom_fields":null,"og_video":null,"og_custom_url":null,"og_article_section":null,"og_article_tags":null,"twitter_use_og":false,"twitter_card":"default","twitter_image_type":"default","twitter_image_url":null,"twitter_image_custom_url":null,"twitter_image_custom_fields":null,"twitter_title":null,"twitter_description":null,"schema":{"blockGraphs":[],"customGraphs":[],"default":{"data":{"Article":[],"Course":[],"Dataset":[],"FAQPage":[],"Movie":[],"Person":[],"Product":[],"ProductReview":[],"Car":[],"Recipe":[],"Service":[],"SoftwareApplication":[],"WebPage":[]},"graphName":"","isEnabled":true},"graphs":[]},"schema_type":"default","schema_type_options":null,"pillar_content":false,"robots_default":true,"robots_noindex":false,"robots_noarchive":false,"robots_nosnippet":false,"robots_nofollow":false,"robots_noimageindex":false,"robots_noodp":false,"robots_notranslate":false,"robots_max_snippet":null,"robots_max_videopreview":null,"robots_max_imagepreview":"large","priority":null,"frequency":null,"local_seo":null,"breadcrumb_settings":null,"limit_modified_date":false,"ai":null,"created":"2026-01-08 20:12:32","updated":"2026-01-08 20:12:32","seo_analyzer_scan_date":null,"focus_keyword":null,"additional_keywords":null,"truseo_locale":null},"aioseo_breadcrumb":"<div class=\"aioseo-breadcrumbs\"><span class=\"aioseo-breadcrumb\">\n\t\t\t<a href=\"https:\/\/radiosul.net\/wp\" title=\"Home\">Home<\/a>\n\t\t<\/span><span class=\"aioseo-breadcrumb-separator\">&raquo;<\/span><span class=\"aioseo-breadcrumb\">\n\t\t\t<a href=\"https:\/\/radiosul.net\/wp\/category\/agro\/\" title=\"Agroneg\u00f3cio\">Agroneg\u00f3cio<\/a>\n\t\t<\/span><span class=\"aioseo-breadcrumb-separator\">&raquo;<\/span><span class=\"aioseo-breadcrumb\">\n\t\t\tGoverno de SC prorroga validade de drecreto de isolamento social\n\t\t<\/span><\/div>","aioseo_breadcrumb_json":[{"label":"Home","link":"https:\/\/radiosul.net\/wp"},{"label":"Agroneg\u00f3cio","link":"https:\/\/radiosul.net\/wp\/category\/agro\/"},{"label":"Governo de SC prorroga validade de drecreto de isolamento social","link":"https:\/\/radiosul.net\/wp\/2020\/governo-de-sc-prorroga-validade-de-drecreto-de-isolamento-social\/"}],"_links":{"self":[{"href":"https:\/\/radiosul.net\/wp\/wp-json\/wp\/v2\/posts\/12224","targetHints":{"allow":["GET"]}}],"collection":[{"href":"https:\/\/radiosul.net\/wp\/wp-json\/wp\/v2\/posts"}],"about":[{"href":"https:\/\/radiosul.net\/wp\/wp-json\/wp\/v2\/types\/post"}],"author":[{"embeddable":true,"href":"https:\/\/radiosul.net\/wp\/wp-json\/wp\/v2\/users\/9"}],"replies":[{"embeddable":true,"href":"https:\/\/radiosul.net\/wp\/wp-json\/wp\/v2\/comments?post=12224"}],"version-history":[{"count":1,"href":"https:\/\/radiosul.net\/wp\/wp-json\/wp\/v2\/posts\/12224\/revisions"}],"predecessor-version":[{"id":12226,"href":"https:\/\/radiosul.net\/wp\/wp-json\/wp\/v2\/posts\/12224\/revisions\/12226"}],"wp:featuredmedia":[{"embeddable":true,"href":"https:\/\/radiosul.net\/wp\/wp-json\/wp\/v2\/media\/12225"}],"wp:attachment":[{"href":"https:\/\/radiosul.net\/wp\/wp-json\/wp\/v2\/media?parent=12224"}],"wp:term":[{"taxonomy":"category","embeddable":true,"href":"https:\/\/radiosul.net\/wp\/wp-json\/wp\/v2\/categories?post=12224"},{"taxonomy":"post_tag","embeddable":true,"href":"https:\/\/radiosul.net\/wp\/wp-json\/wp\/v2\/tags?post=12224"}],"curies":[{"name":"wp","href":"https:\/\/api.w.org\/{rel}","templated":true}]}}