{"id":12201,"date":"2020-04-13T13:00:44","date_gmt":"2020-04-13T16:00:44","guid":{"rendered":"https:\/\/radiosul.net\/wp\/?p=12201"},"modified":"2020-04-13T13:00:47","modified_gmt":"2020-04-13T16:00:47","slug":"campanha-antecipada-de-vacinacao-contra-aftosa-encerra-nesta-terca-no-estado","status":"publish","type":"post","link":"https:\/\/radiosul.net\/wp\/2020\/campanha-antecipada-de-vacinacao-contra-aftosa-encerra-nesta-terca-no-estado\/","title":{"rendered":"Campanha antecipada de vacina\u00e7\u00e3o contra aftosa encerra nesta ter\u00e7a no Estado"},"content":{"rendered":"\n<p class=\"wp-block-paragraph\">A campanha de vacina\u00e7\u00e3o antecipada contra a febre aftosa no Rio Grande do Sul se encerra nesta ter\u00e7a-feira, 14 de abril.&nbsp;Em todo o Estado, a expectativa \u00e9 de que 12,6 milh\u00f5es de animais sejam imunizados, entre bovinos e bubalinos de todas as idades.&nbsp;\u201c\u00c9 muito importante a mobiliza\u00e7\u00e3o do produtor rural nesta reta final da campanha, para garantir a imuniza\u00e7\u00e3o do rebanho, sempre seguindo as recomenda\u00e7\u00f5es para prevenir o cont\u00e1gio pelo coronav\u00edrus\u201d, refor\u00e7a o secret\u00e1rio da Agricultura, Pecu\u00e1ria e Desenvolvimento Rural, Covatti Filho.<\/p>\n\n\n\n<p class=\"wp-block-paragraph\">Para evitar aglomera\u00e7\u00f5es nas inspetorias locais e deter o avan\u00e7o da pandemia do novo coronav\u00edrus no Rio Grande do Sul, os produtores podem enviar os comprovantes de vacina\u00e7\u00e3o por e-mail ou WhatsApp. A lista com os e-mails das inspetorias locais de defesa agropecu\u00e1ria pode ser consultada <strong><a href=\"https:\/\/www.agricultura.rs.gov.br\/e-mails-das-inspetorias\">aqui<\/a><\/strong>. O&nbsp;n\u00famero de WhatsApp da inspetoria \u00e9 o mesmo do telefone fixo.&nbsp;O prazo para a apresenta\u00e7\u00e3o de notas ficais de compra de vacinas contra a febre aftosa foi prorrogado&nbsp;at\u00e9 30 de abril.&nbsp;<\/p>\n\n\n\n<p class=\"wp-block-paragraph\">A campanha de vacina\u00e7\u00e3o, que ocorre tradicionalmente em maio, foi antecipada como\u00a0parte da estrat\u00e9gia do Estado para ser declarado pelo Mapa como livre de aftosa sem vacina\u00e7\u00e3o, a fim de obter, num segundo momento, o reconhecimento internacional dessa condi\u00e7\u00e3o pela Organiza\u00e7\u00e3o Mundial de Sa\u00fade Animal (OIE). At\u00e9 o momento, no Brasil, apenas os estados de Santa Catarina e Paran\u00e1 conquistaram o status sanit\u00e1rio de zona livre de aftosa sem vacina\u00e7\u00e3o.<\/p>\n\n\n\n<p class=\"wp-block-paragraph\"><strong><em>Fonte: Secretaria da Agricultura, Pecu\u00e1ria e Desenvolvimento Rural<\/em><\/strong><\/p>\n","protected":false},"excerpt":{"rendered":"<p>A campanha de vacina\u00e7\u00e3o antecipada contra a febre aftosa no Rio Grande do Sul se encerra nesta ter\u00e7a-feira, 14 de abril.&nbsp;Em todo o Estado, a expectativa \u00e9 de que 12,6 milh\u00f5es de animais sejam imunizados, entre bovinos e bubalinos de todas as idades.&nbsp;\u201c\u00c9 muito importante a mobiliza\u00e7\u00e3o do produtor rural nesta reta final da campanha, &hellip;<\/p>\n","protected":false},"author":9,"featured_media":12202,"comment_status":"closed","ping_status":"closed","sticky":false,"template":"","format":"standard","meta":{"_monsterinsights_skip_tracking":false,"_uf_show_specific_survey":0,"_uf_disable_surveys":false,"footnotes":""},"categories":[1,126],"tags":[],"class_list":["post-12201","post","type-post","status-publish","format-standard","has-post-thumbnail","hentry","category-agro","category-destacados"],"aioseo_notices":[],"aioseo_head":"\n\t\t<!-- All in One SEO 5.0.1.1 - aioseo.com -->\n\t<meta name=\"description\" content=\"A campanha de vacina\u00e7\u00e3o antecipada contra a febre aftosa no Rio Grande do Sul se encerra nesta ter\u00e7a-feira, 14 de abril. Em todo o Estado, a expectativa \u00e9 de que 12,6 milh\u00f5es de animais sejam imunizados, entre bovinos e bubalinos de todas as idades. \u201c\u00c9 muito importante a mobiliza\u00e7\u00e3o do produtor rural nesta reta final da campanha,\" \/>\n\t<meta name=\"robots\" content=\"max-image-preview:large\" \/>\n\t<meta name=\"author\" content=\"Alejo Bordon\"\/>\n\t<link rel=\"canonical\" href=\"https:\/\/radiosul.net\/wp\/2020\/campanha-antecipada-de-vacinacao-contra-aftosa-encerra-nesta-terca-no-estado\/\" \/>\n\t<meta name=\"generator\" content=\"All in One SEO (AIOSEO) 5.0.1.1\" \/>\n\t\t<meta property=\"og:locale\" content=\"pt_BR\" \/>\n\t\t<meta property=\"og:site_name\" content=\"radiosul.net - Regional por Excel\u00eancia\" \/>\n\t\t<meta property=\"og:type\" content=\"article\" \/>\n\t\t<meta property=\"og:title\" content=\"Campanha antecipada de vacina\u00e7\u00e3o contra aftosa encerra nesta ter\u00e7a no Estado - radiosul.net\" \/>\n\t\t<meta property=\"og:description\" content=\"A campanha de vacina\u00e7\u00e3o antecipada contra a febre aftosa no Rio Grande do Sul se encerra nesta ter\u00e7a-feira, 14 de abril. Em todo o Estado, a expectativa \u00e9 de que 12,6 milh\u00f5es de animais sejam imunizados, entre bovinos e bubalinos de todas as idades. \u201c\u00c9 muito importante a mobiliza\u00e7\u00e3o do produtor rural nesta reta final da campanha,\" \/>\n\t\t<meta property=\"og:url\" content=\"https:\/\/radiosul.net\/wp\/2020\/campanha-antecipada-de-vacinacao-contra-aftosa-encerra-nesta-terca-no-estado\/\" \/>\n\t\t<meta property=\"article:published_time\" content=\"2020-04-13T16:00:44+00:00\" \/>\n\t\t<meta property=\"article:modified_time\" content=\"2020-04-13T16:00:47+00:00\" \/>\n\t\t<meta name=\"twitter:card\" content=\"summary_large_image\" \/>\n\t\t<meta name=\"twitter:title\" content=\"Campanha antecipada de vacina\u00e7\u00e3o contra aftosa encerra nesta ter\u00e7a no Estado - radiosul.net\" \/>\n\t\t<meta name=\"twitter:description\" content=\"A campanha de vacina\u00e7\u00e3o antecipada contra a febre aftosa no Rio Grande do Sul se encerra nesta ter\u00e7a-feira, 14 de abril. Em todo o Estado, a expectativa \u00e9 de que 12,6 milh\u00f5es de animais sejam imunizados, entre bovinos e bubalinos de todas as idades. \u201c\u00c9 muito importante a mobiliza\u00e7\u00e3o do produtor rural nesta reta final da campanha,\" \/>\n\t\t<script type=\"application\/ld+json\" class=\"aioseo-schema\">\n\t\t\t{\"@context\":\"https:\\\/\\\/schema.org\",\"@graph\":[{\"@type\":\"BlogPosting\",\"@id\":\"https:\\\/\\\/radiosul.net\\\/wp\\\/2020\\\/campanha-antecipada-de-vacinacao-contra-aftosa-encerra-nesta-terca-no-estado\\\/#blogposting\",\"name\":\"Campanha antecipada de vacina\\u00e7\\u00e3o contra aftosa encerra nesta ter\\u00e7a no Estado - radiosul.net\",\"headline\":\"Campanha antecipada de vacina\\u00e7\\u00e3o contra aftosa encerra nesta ter\\u00e7a no Estado\",\"author\":{\"@id\":\"https:\\\/\\\/radiosul.net\\\/wp\\\/author\\\/alejo\\\/#author\"},\"publisher\":{\"@id\":\"https:\\\/\\\/radiosul.net\\\/wp\\\/#organization\"},\"image\":{\"@type\":\"ImageObject\",\"url\":\"https:\\\/\\\/radiosul.net\\\/wp\\\/wp-content\\\/uploads\\\/2020\\\/04\\\/09150150_101507_GD.jpg\",\"width\":800,\"height\":450,\"caption\":\"Expectativa \\u00e9 de imunizar 12,6 milh\\u00f5es de bovinos e bubalinos de todas as idades - Foto: Fernando Dias\\\/Seapdr\"},\"datePublished\":\"2020-04-13T13:00:44-03:00\",\"dateModified\":\"2020-04-13T13:00:47-03:00\",\"inLanguage\":\"pt-BR\",\"mainEntityOfPage\":{\"@id\":\"https:\\\/\\\/radiosul.net\\\/wp\\\/2020\\\/campanha-antecipada-de-vacinacao-contra-aftosa-encerra-nesta-terca-no-estado\\\/#webpage\"},\"isPartOf\":{\"@id\":\"https:\\\/\\\/radiosul.net\\\/wp\\\/2020\\\/campanha-antecipada-de-vacinacao-contra-aftosa-encerra-nesta-terca-no-estado\\\/#webpage\"},\"articleSection\":\"Agroneg\\u00f3cio, Destaque\"},{\"@type\":\"BreadcrumbList\",\"@id\":\"https:\\\/\\\/radiosul.net\\\/wp\\\/2020\\\/campanha-antecipada-de-vacinacao-contra-aftosa-encerra-nesta-terca-no-estado\\\/#breadcrumblist\",\"itemListElement\":[{\"@type\":\"ListItem\",\"@id\":\"https:\\\/\\\/radiosul.net\\\/wp#listItem\",\"position\":1,\"name\":\"Home\",\"item\":\"https:\\\/\\\/radiosul.net\\\/wp\",\"nextItem\":{\"@type\":\"ListItem\",\"@id\":\"https:\\\/\\\/radiosul.net\\\/wp\\\/category\\\/agro\\\/#listItem\",\"name\":\"Agroneg\\u00f3cio\"}},{\"@type\":\"ListItem\",\"@id\":\"https:\\\/\\\/radiosul.net\\\/wp\\\/category\\\/agro\\\/#listItem\",\"position\":2,\"name\":\"Agroneg\\u00f3cio\",\"item\":\"https:\\\/\\\/radiosul.net\\\/wp\\\/category\\\/agro\\\/\",\"nextItem\":{\"@type\":\"ListItem\",\"@id\":\"https:\\\/\\\/radiosul.net\\\/wp\\\/2020\\\/campanha-antecipada-de-vacinacao-contra-aftosa-encerra-nesta-terca-no-estado\\\/#listItem\",\"name\":\"Campanha antecipada de vacina\\u00e7\\u00e3o contra aftosa encerra nesta ter\\u00e7a no Estado\"},\"previousItem\":{\"@type\":\"ListItem\",\"@id\":\"https:\\\/\\\/radiosul.net\\\/wp#listItem\",\"name\":\"Home\"}},{\"@type\":\"ListItem\",\"@id\":\"https:\\\/\\\/radiosul.net\\\/wp\\\/2020\\\/campanha-antecipada-de-vacinacao-contra-aftosa-encerra-nesta-terca-no-estado\\\/#listItem\",\"position\":3,\"name\":\"Campanha antecipada de vacina\\u00e7\\u00e3o contra aftosa encerra nesta ter\\u00e7a no Estado\",\"previousItem\":{\"@type\":\"ListItem\",\"@id\":\"https:\\\/\\\/radiosul.net\\\/wp\\\/category\\\/agro\\\/#listItem\",\"name\":\"Agroneg\\u00f3cio\"}}]},{\"@type\":\"Organization\",\"@id\":\"https:\\\/\\\/radiosul.net\\\/wp\\\/#organization\",\"name\":\"radiosul.net\",\"description\":\"Regional por Excel\\u00eancia\",\"url\":\"https:\\\/\\\/radiosul.net\\\/wp\\\/\"},{\"@type\":\"Person\",\"@id\":\"https:\\\/\\\/radiosul.net\\\/wp\\\/author\\\/alejo\\\/#author\",\"url\":\"https:\\\/\\\/radiosul.net\\\/wp\\\/author\\\/alejo\\\/\",\"name\":\"Alejo Bordon\",\"image\":{\"@type\":\"ImageObject\",\"@id\":\"https:\\\/\\\/radiosul.net\\\/wp\\\/2020\\\/campanha-antecipada-de-vacinacao-contra-aftosa-encerra-nesta-terca-no-estado\\\/#authorImage\",\"url\":\"https:\\\/\\\/secure.gravatar.com\\\/avatar\\\/b3a7e7f1c71212e6a5b7183b79a2ab58dad8bdc4cd4eadd61c4434d010d0bae4?s=96&d=mm&r=g\",\"width\":96,\"height\":96,\"caption\":\"Alejo Bordon\"}},{\"@type\":\"WebPage\",\"@id\":\"https:\\\/\\\/radiosul.net\\\/wp\\\/2020\\\/campanha-antecipada-de-vacinacao-contra-aftosa-encerra-nesta-terca-no-estado\\\/#webpage\",\"url\":\"https:\\\/\\\/radiosul.net\\\/wp\\\/2020\\\/campanha-antecipada-de-vacinacao-contra-aftosa-encerra-nesta-terca-no-estado\\\/\",\"name\":\"Campanha antecipada de vacina\\u00e7\\u00e3o contra aftosa encerra nesta ter\\u00e7a no Estado - radiosul.net\",\"description\":\"A campanha de vacina\\u00e7\\u00e3o antecipada contra a febre aftosa no Rio Grande do Sul se encerra nesta ter\\u00e7a-feira, 14 de abril. Em todo o Estado, a expectativa \\u00e9 de que 12,6 milh\\u00f5es de animais sejam imunizados, entre bovinos e bubalinos de todas as idades. \\u201c\\u00c9 muito importante a mobiliza\\u00e7\\u00e3o do produtor rural nesta reta final da campanha,\",\"inLanguage\":\"pt-BR\",\"isPartOf\":{\"@id\":\"https:\\\/\\\/radiosul.net\\\/wp\\\/#website\"},\"breadcrumb\":{\"@id\":\"https:\\\/\\\/radiosul.net\\\/wp\\\/2020\\\/campanha-antecipada-de-vacinacao-contra-aftosa-encerra-nesta-terca-no-estado\\\/#breadcrumblist\"},\"author\":{\"@id\":\"https:\\\/\\\/radiosul.net\\\/wp\\\/author\\\/alejo\\\/#author\"},\"creator\":{\"@id\":\"https:\\\/\\\/radiosul.net\\\/wp\\\/author\\\/alejo\\\/#author\"},\"image\":{\"@type\":\"ImageObject\",\"url\":\"https:\\\/\\\/radiosul.net\\\/wp\\\/wp-content\\\/uploads\\\/2020\\\/04\\\/09150150_101507_GD.jpg\",\"@id\":\"https:\\\/\\\/radiosul.net\\\/wp\\\/2020\\\/campanha-antecipada-de-vacinacao-contra-aftosa-encerra-nesta-terca-no-estado\\\/#mainImage\",\"width\":800,\"height\":450,\"caption\":\"Expectativa \\u00e9 de imunizar 12,6 milh\\u00f5es de bovinos e bubalinos de todas as idades - Foto: Fernando Dias\\\/Seapdr\"},\"primaryImageOfPage\":{\"@id\":\"https:\\\/\\\/radiosul.net\\\/wp\\\/2020\\\/campanha-antecipada-de-vacinacao-contra-aftosa-encerra-nesta-terca-no-estado\\\/#mainImage\"},\"datePublished\":\"2020-04-13T13:00:44-03:00\",\"dateModified\":\"2020-04-13T13:00:47-03:00\"},{\"@type\":\"WebSite\",\"@id\":\"https:\\\/\\\/radiosul.net\\\/wp\\\/#website\",\"url\":\"https:\\\/\\\/radiosul.net\\\/wp\\\/\",\"name\":\"radiosul.net\",\"description\":\"Regional por Excel\\u00eancia\",\"inLanguage\":\"pt-BR\",\"publisher\":{\"@id\":\"https:\\\/\\\/radiosul.net\\\/wp\\\/#organization\"}}]}\n\t\t<\/script>\n\t\t<!-- All in One SEO -->\n\n","aioseo_head_json":{"title":"Campanha antecipada de vacina\u00e7\u00e3o contra aftosa encerra nesta ter\u00e7a no Estado - radiosul.net","description":"A campanha de vacina\u00e7\u00e3o antecipada contra a febre aftosa no Rio Grande do Sul se encerra nesta ter\u00e7a-feira, 14 de abril. Em todo o Estado, a expectativa \u00e9 de que 12,6 milh\u00f5es de animais sejam imunizados, entre bovinos e bubalinos de todas as idades. \u201c\u00c9 muito importante a mobiliza\u00e7\u00e3o do produtor rural nesta reta final da campanha,","canonical_url":"https:\/\/radiosul.net\/wp\/2020\/campanha-antecipada-de-vacinacao-contra-aftosa-encerra-nesta-terca-no-estado\/","robots":"max-image-preview:large","keywords":"","webmasterTools":{"miscellaneous":""},"schema":{"@context":"https:\/\/schema.org","@graph":[{"@type":"BlogPosting","@id":"https:\/\/radiosul.net\/wp\/2020\/campanha-antecipada-de-vacinacao-contra-aftosa-encerra-nesta-terca-no-estado\/#blogposting","name":"Campanha antecipada de vacina\u00e7\u00e3o contra aftosa encerra nesta ter\u00e7a no Estado - radiosul.net","headline":"Campanha antecipada de vacina\u00e7\u00e3o contra aftosa encerra nesta ter\u00e7a no Estado","author":{"@id":"https:\/\/radiosul.net\/wp\/author\/alejo\/#author"},"publisher":{"@id":"https:\/\/radiosul.net\/wp\/#organization"},"image":{"@type":"ImageObject","url":"https:\/\/radiosul.net\/wp\/wp-content\/uploads\/2020\/04\/09150150_101507_GD.jpg","width":800,"height":450,"caption":"Expectativa \u00e9 de imunizar 12,6 milh\u00f5es de bovinos e bubalinos de todas as idades - Foto: Fernando Dias\/Seapdr"},"datePublished":"2020-04-13T13:00:44-03:00","dateModified":"2020-04-13T13:00:47-03:00","inLanguage":"pt-BR","mainEntityOfPage":{"@id":"https:\/\/radiosul.net\/wp\/2020\/campanha-antecipada-de-vacinacao-contra-aftosa-encerra-nesta-terca-no-estado\/#webpage"},"isPartOf":{"@id":"https:\/\/radiosul.net\/wp\/2020\/campanha-antecipada-de-vacinacao-contra-aftosa-encerra-nesta-terca-no-estado\/#webpage"},"articleSection":"Agroneg\u00f3cio, Destaque"},{"@type":"BreadcrumbList","@id":"https:\/\/radiosul.net\/wp\/2020\/campanha-antecipada-de-vacinacao-contra-aftosa-encerra-nesta-terca-no-estado\/#breadcrumblist","itemListElement":[{"@type":"ListItem","@id":"https:\/\/radiosul.net\/wp#listItem","position":1,"name":"Home","item":"https:\/\/radiosul.net\/wp","nextItem":{"@type":"ListItem","@id":"https:\/\/radiosul.net\/wp\/category\/agro\/#listItem","name":"Agroneg\u00f3cio"}},{"@type":"ListItem","@id":"https:\/\/radiosul.net\/wp\/category\/agro\/#listItem","position":2,"name":"Agroneg\u00f3cio","item":"https:\/\/radiosul.net\/wp\/category\/agro\/","nextItem":{"@type":"ListItem","@id":"https:\/\/radiosul.net\/wp\/2020\/campanha-antecipada-de-vacinacao-contra-aftosa-encerra-nesta-terca-no-estado\/#listItem","name":"Campanha antecipada de vacina\u00e7\u00e3o contra aftosa encerra nesta ter\u00e7a no Estado"},"previousItem":{"@type":"ListItem","@id":"https:\/\/radiosul.net\/wp#listItem","name":"Home"}},{"@type":"ListItem","@id":"https:\/\/radiosul.net\/wp\/2020\/campanha-antecipada-de-vacinacao-contra-aftosa-encerra-nesta-terca-no-estado\/#listItem","position":3,"name":"Campanha antecipada de vacina\u00e7\u00e3o contra aftosa encerra nesta ter\u00e7a no Estado","previousItem":{"@type":"ListItem","@id":"https:\/\/radiosul.net\/wp\/category\/agro\/#listItem","name":"Agroneg\u00f3cio"}}]},{"@type":"Organization","@id":"https:\/\/radiosul.net\/wp\/#organization","name":"radiosul.net","description":"Regional por Excel\u00eancia","url":"https:\/\/radiosul.net\/wp\/"},{"@type":"Person","@id":"https:\/\/radiosul.net\/wp\/author\/alejo\/#author","url":"https:\/\/radiosul.net\/wp\/author\/alejo\/","name":"Alejo Bordon","image":{"@type":"ImageObject","@id":"https:\/\/radiosul.net\/wp\/2020\/campanha-antecipada-de-vacinacao-contra-aftosa-encerra-nesta-terca-no-estado\/#authorImage","url":"https:\/\/secure.gravatar.com\/avatar\/b3a7e7f1c71212e6a5b7183b79a2ab58dad8bdc4cd4eadd61c4434d010d0bae4?s=96&d=mm&r=g","width":96,"height":96,"caption":"Alejo Bordon"}},{"@type":"WebPage","@id":"https:\/\/radiosul.net\/wp\/2020\/campanha-antecipada-de-vacinacao-contra-aftosa-encerra-nesta-terca-no-estado\/#webpage","url":"https:\/\/radiosul.net\/wp\/2020\/campanha-antecipada-de-vacinacao-contra-aftosa-encerra-nesta-terca-no-estado\/","name":"Campanha antecipada de vacina\u00e7\u00e3o contra aftosa encerra nesta ter\u00e7a no Estado - radiosul.net","description":"A campanha de vacina\u00e7\u00e3o antecipada contra a febre aftosa no Rio Grande do Sul se encerra nesta ter\u00e7a-feira, 14 de abril. Em todo o Estado, a expectativa \u00e9 de que 12,6 milh\u00f5es de animais sejam imunizados, entre bovinos e bubalinos de todas as idades. \u201c\u00c9 muito importante a mobiliza\u00e7\u00e3o do produtor rural nesta reta final da campanha,","inLanguage":"pt-BR","isPartOf":{"@id":"https:\/\/radiosul.net\/wp\/#website"},"breadcrumb":{"@id":"https:\/\/radiosul.net\/wp\/2020\/campanha-antecipada-de-vacinacao-contra-aftosa-encerra-nesta-terca-no-estado\/#breadcrumblist"},"author":{"@id":"https:\/\/radiosul.net\/wp\/author\/alejo\/#author"},"creator":{"@id":"https:\/\/radiosul.net\/wp\/author\/alejo\/#author"},"image":{"@type":"ImageObject","url":"https:\/\/radiosul.net\/wp\/wp-content\/uploads\/2020\/04\/09150150_101507_GD.jpg","@id":"https:\/\/radiosul.net\/wp\/2020\/campanha-antecipada-de-vacinacao-contra-aftosa-encerra-nesta-terca-no-estado\/#mainImage","width":800,"height":450,"caption":"Expectativa \u00e9 de imunizar 12,6 milh\u00f5es de bovinos e bubalinos de todas as idades - Foto: Fernando Dias\/Seapdr"},"primaryImageOfPage":{"@id":"https:\/\/radiosul.net\/wp\/2020\/campanha-antecipada-de-vacinacao-contra-aftosa-encerra-nesta-terca-no-estado\/#mainImage"},"datePublished":"2020-04-13T13:00:44-03:00","dateModified":"2020-04-13T13:00:47-03:00"},{"@type":"WebSite","@id":"https:\/\/radiosul.net\/wp\/#website","url":"https:\/\/radiosul.net\/wp\/","name":"radiosul.net","description":"Regional por Excel\u00eancia","inLanguage":"pt-BR","publisher":{"@id":"https:\/\/radiosul.net\/wp\/#organization"}}]},"og:locale":"pt_BR","og:site_name":"radiosul.net - Regional por Excel\u00eancia","og:type":"article","og:title":"Campanha antecipada de vacina\u00e7\u00e3o contra aftosa encerra nesta ter\u00e7a no Estado - radiosul.net","og:description":"A campanha de vacina\u00e7\u00e3o antecipada contra a febre aftosa no Rio Grande do Sul se encerra nesta ter\u00e7a-feira, 14 de abril. Em todo o Estado, a expectativa \u00e9 de que 12,6 milh\u00f5es de animais sejam imunizados, entre bovinos e bubalinos de todas as idades. \u201c\u00c9 muito importante a mobiliza\u00e7\u00e3o do produtor rural nesta reta final da campanha,","og:url":"https:\/\/radiosul.net\/wp\/2020\/campanha-antecipada-de-vacinacao-contra-aftosa-encerra-nesta-terca-no-estado\/","article:published_time":"2020-04-13T16:00:44+00:00","article:modified_time":"2020-04-13T16:00:47+00:00","twitter:card":"summary_large_image","twitter:title":"Campanha antecipada de vacina\u00e7\u00e3o contra aftosa encerra nesta ter\u00e7a no Estado - radiosul.net","twitter:description":"A campanha de vacina\u00e7\u00e3o antecipada contra a febre aftosa no Rio Grande do Sul se encerra nesta ter\u00e7a-feira, 14 de abril. Em todo o Estado, a expectativa \u00e9 de que 12,6 milh\u00f5es de animais sejam imunizados, entre bovinos e bubalinos de todas as idades. \u201c\u00c9 muito importante a mobiliza\u00e7\u00e3o do produtor rural nesta reta final da campanha,"},"aioseo_meta_data":{"post_id":"12201","title":null,"description":null,"keywords":null,"keyphrases":null,"primary_term":null,"canonical_url":null,"og_title":null,"og_description":null,"og_object_type":"default","og_image_type":"default","og_image_url":null,"og_image_width":null,"og_image_height":null,"og_image_custom_url":null,"og_image_custom_fields":null,"og_video":null,"og_custom_url":null,"og_article_section":null,"og_article_tags":null,"twitter_use_og":false,"twitter_card":"default","twitter_image_type":"default","twitter_image_url":null,"twitter_image_custom_url":null,"twitter_image_custom_fields":null,"twitter_title":null,"twitter_description":null,"schema":{"blockGraphs":[],"customGraphs":[],"default":{"data":{"Article":[],"Course":[],"Dataset":[],"FAQPage":[],"Movie":[],"Person":[],"Product":[],"ProductReview":[],"Car":[],"Recipe":[],"Service":[],"SoftwareApplication":[],"WebPage":[]},"graphName":"","isEnabled":true},"graphs":[]},"schema_type":"default","schema_type_options":null,"pillar_content":false,"robots_default":true,"robots_noindex":false,"robots_noarchive":false,"robots_nosnippet":false,"robots_nofollow":false,"robots_noimageindex":false,"robots_noodp":false,"robots_notranslate":false,"robots_max_snippet":null,"robots_max_videopreview":null,"robots_max_imagepreview":"large","priority":null,"frequency":null,"local_seo":null,"breadcrumb_settings":null,"limit_modified_date":false,"ai":null,"created":"2026-01-08 20:11:36","updated":"2026-01-08 20:11:36","seo_analyzer_scan_date":null,"focus_keyword":null,"additional_keywords":null,"truseo_locale":null},"aioseo_breadcrumb":"<div class=\"aioseo-breadcrumbs\"><span class=\"aioseo-breadcrumb\">\n\t\t\t<a href=\"https:\/\/radiosul.net\/wp\" title=\"Home\">Home<\/a>\n\t\t<\/span><span class=\"aioseo-breadcrumb-separator\">&raquo;<\/span><span class=\"aioseo-breadcrumb\">\n\t\t\t<a href=\"https:\/\/radiosul.net\/wp\/category\/agro\/\" title=\"Agroneg\u00f3cio\">Agroneg\u00f3cio<\/a>\n\t\t<\/span><span class=\"aioseo-breadcrumb-separator\">&raquo;<\/span><span class=\"aioseo-breadcrumb\">\n\t\t\tCampanha antecipada de vacina\u00e7\u00e3o contra aftosa encerra nesta ter\u00e7a no Estado\n\t\t<\/span><\/div>","aioseo_breadcrumb_json":[{"label":"Home","link":"https:\/\/radiosul.net\/wp"},{"label":"Agroneg\u00f3cio","link":"https:\/\/radiosul.net\/wp\/category\/agro\/"},{"label":"Campanha antecipada de vacina\u00e7\u00e3o contra aftosa encerra nesta ter\u00e7a no Estado","link":"https:\/\/radiosul.net\/wp\/2020\/campanha-antecipada-de-vacinacao-contra-aftosa-encerra-nesta-terca-no-estado\/"}],"_links":{"self":[{"href":"https:\/\/radiosul.net\/wp\/wp-json\/wp\/v2\/posts\/12201","targetHints":{"allow":["GET"]}}],"collection":[{"href":"https:\/\/radiosul.net\/wp\/wp-json\/wp\/v2\/posts"}],"about":[{"href":"https:\/\/radiosul.net\/wp\/wp-json\/wp\/v2\/types\/post"}],"author":[{"embeddable":true,"href":"https:\/\/radiosul.net\/wp\/wp-json\/wp\/v2\/users\/9"}],"replies":[{"embeddable":true,"href":"https:\/\/radiosul.net\/wp\/wp-json\/wp\/v2\/comments?post=12201"}],"version-history":[{"count":1,"href":"https:\/\/radiosul.net\/wp\/wp-json\/wp\/v2\/posts\/12201\/revisions"}],"predecessor-version":[{"id":12203,"href":"https:\/\/radiosul.net\/wp\/wp-json\/wp\/v2\/posts\/12201\/revisions\/12203"}],"wp:featuredmedia":[{"embeddable":true,"href":"https:\/\/radiosul.net\/wp\/wp-json\/wp\/v2\/media\/12202"}],"wp:attachment":[{"href":"https:\/\/radiosul.net\/wp\/wp-json\/wp\/v2\/media?parent=12201"}],"wp:term":[{"taxonomy":"category","embeddable":true,"href":"https:\/\/radiosul.net\/wp\/wp-json\/wp\/v2\/categories?post=12201"},{"taxonomy":"post_tag","embeddable":true,"href":"https:\/\/radiosul.net\/wp\/wp-json\/wp\/v2\/tags?post=12201"}],"curies":[{"name":"wp","href":"https:\/\/api.w.org\/{rel}","templated":true}]}}