{"id":12194,"date":"2020-04-13T05:10:35","date_gmt":"2020-04-13T08:10:35","guid":{"rendered":"https:\/\/radiosul.net\/wp\/?p=12194"},"modified":"2020-04-13T05:10:37","modified_gmt":"2020-04-13T08:10:37","slug":"aves-tem-seus-proprios-coronavirus-que-nao-sao-contagiosos-a-humanos","status":"publish","type":"post","link":"https:\/\/radiosul.net\/wp\/2020\/aves-tem-seus-proprios-coronavirus-que-nao-sao-contagiosos-a-humanos\/","title":{"rendered":"Aves t\u00eam seus pr\u00f3prios coronav\u00edrus, que n\u00e3o s\u00e3o contagiosos a humanos"},"content":{"rendered":"\n<p class=\"wp-block-paragraph\"><em>Pesquisador ressalta que consumidores de carne de frango e ovos n\u00e3o precisam se preocupar em ingerir alimentos, pois n\u00e3o se tratam de zoonoses<\/em><\/p>\n\n\n\n<p class=\"wp-block-paragraph\">Aves tamb\u00e9m podem contrair coronav\u00edrus, mas n\u00e3o o mesmo que tem trazido preocupa\u00e7\u00e3o ao causar Covid-19 em humanos \u2014 cujo nome t\u00e9cnico \u00e9 SARS-CoV-2. De acordo com o <a href=\"http:\/\/www.biologico.sp.gov.br\/\"><strong>Instituto Biol\u00f3gico (IB-APTA)<\/strong><\/a>, da Secretaria de Agricultura e Abastecimento do Estado de S\u00e3o Paulo, o coronav\u00edrus avi\u00e1rio n\u00e3o \u00e9 transmitido para pessoas. Da mesma forma, o v\u00edrus observado em pessoas tamb\u00e9m n\u00e3o foi detectado nesses animais.<\/p>\n\n\n\n<p class=\"wp-block-paragraph\">\u201cA popula\u00e7\u00e3o n\u00e3o precisa ficar preocupada com a possibilidade de contrair coronav\u00edrus avi\u00e1rios, uma vez que os mesmos n\u00e3o s\u00e3o transmitidos para os humanos, pois n\u00e3o se trata de uma zoonose\u201d, explica Renato Lu\u00eds Luciano, pesquisador do Centro Avan\u00e7ado de Pesquisa Av\u00edcola do IB. \u201cPortanto, o consumidor de carne de frango e ovos n\u00e3o precisa deixar de consumir esses alimentos\u201d, diz.<\/p>\n\n\n\n<p class=\"wp-block-paragraph\">Renato explica que o coronav\u00edrus avi\u00e1rio pertence \u00e0 fam\u00edlia <em>coronaviridae<\/em>, que inclui o g\u00eanero <em>gammacoronavirus<\/em>. O agente mais importante \u00e9 o v\u00edrus da bronquite infecciosa das galinhas (VBI), que se replica no trato respirat\u00f3rio superior nas aves (traqueia e pulm\u00f5es), e dissemina-se pelos tratos reprodutivo e intestinal, al\u00e9m de rins e tecidos linfoide. \u201cAves de todas as idades s\u00e3o suscept\u00edveis e a transmiss\u00e3o da infec\u00e7\u00e3o por esse v\u00edrus ocorre por contato direto ou indireto, com morbidade e mortalidade variando de 5% a 20% dos infectados\u201d, conta.<\/p>\n\n\n\n<p class=\"wp-block-paragraph\">Os preju\u00edzos relacionados com a bronquite infecciosa das galinhas afetam tanto a produ\u00e7\u00e3o de carne, quanto a produ\u00e7\u00e3o de ovos e incluem perdas econ\u00f4micas ocasionadas pela diminui\u00e7\u00e3o de ganho de peso, queda nos \u00edndices produtivos, aumento nas taxas de mortalidade e condena\u00e7\u00e3o de carca\u00e7as.<\/p>\n\n\n\n<p class=\"wp-block-paragraph\">Dados do Banco Mundial apontam a bronquite infecciosa das galinhas como a segunda enfermidade de maior impacto econ\u00f4mico no mundo. No Brasil, estudos de campo demonstram preju\u00edzos de US$ 9,88 milh\u00f5es em frangos de corte no Paran\u00e1 e mais de US$ 1,6 milh\u00e3o em galinhas reprodutoras.<\/p>\n\n\n\n<p class=\"wp-block-paragraph\">N\u00e3o h\u00e1 tratamento espec\u00edfico para a doen\u00e7a. Para o controle da VBI s\u00e3o adotadas medidas de biosseguridade, tais como limpeza, desinfec\u00e7\u00e3o das instala\u00e7\u00f5es e ado\u00e7\u00e3o de vazio sanit\u00e1rio. Para a preven\u00e7\u00e3o, s\u00e3o utilizadas vacinas vivas ou inativadas. \u201cNo entanto, surtos de infec\u00e7\u00e3o pelo VBI continuam ocorrendo em aves vacinadas, devido \u00e0 baixa prote\u00e7\u00e3o cruzada conferida pelas estirpes vacinais em rela\u00e7\u00e3o \u00e0s variantes de campo\u201d, diz.<\/p>\n\n\n\n<p class=\"wp-block-paragraph\">Segundo o pesquisador do IB, existem outros tipos de coronav\u00edrus que acometem as aves, como o TCoV nos perus e o GfCOV na galinha-d\u2019angola. \u201cV\u00edrus an\u00e1logos tamb\u00e9m foram detectados em fais\u00f5es, pav\u00f5es e codornas, al\u00e9m de n\u00e3o galiformes, como <em>Columbiformes, Pelecaniformes, Ciconiiormes, Psittaciformes e Anseriformes<\/em>. Por\u00e9m n\u00e3o causam doen\u00e7a em humanos\u201d, afirma o pesquisador.<\/p>\n\n\n\n<p class=\"wp-block-paragraph\"><strong><em>Fonte: Canal Rural<\/em><\/strong><\/p>\n","protected":false},"excerpt":{"rendered":"<p>Pesquisador ressalta que consumidores de carne de frango e ovos n\u00e3o precisam se preocupar em ingerir alimentos, pois n\u00e3o se tratam de zoonoses Aves tamb\u00e9m podem contrair coronav\u00edrus, mas n\u00e3o o mesmo que tem trazido preocupa\u00e7\u00e3o ao causar Covid-19 em humanos \u2014 cujo nome t\u00e9cnico \u00e9 SARS-CoV-2. De acordo com o Instituto Biol\u00f3gico (IB-APTA), da &hellip;<\/p>\n","protected":false},"author":9,"featured_media":12195,"comment_status":"closed","ping_status":"closed","sticky":false,"template":"","format":"standard","meta":{"_monsterinsights_skip_tracking":false,"_uf_show_specific_survey":0,"_uf_disable_surveys":false,"footnotes":""},"categories":[1,126,714],"tags":[],"class_list":["post-12194","post","type-post","status-publish","format-standard","has-post-thumbnail","hentry","category-agro","category-destacados","category-saude"],"aioseo_notices":[],"aioseo_head":"\n\t\t<!-- All in One SEO 5.0.1.1 - aioseo.com -->\n\t<meta name=\"description\" content=\"Pesquisador ressalta que consumidores de carne de frango e ovos n\u00e3o precisam se preocupar em ingerir alimentos, pois n\u00e3o se tratam de zoonoses Aves tamb\u00e9m podem contrair coronav\u00edrus, mas n\u00e3o o mesmo que tem trazido preocupa\u00e7\u00e3o ao causar Covid-19 em humanos \u2014 cujo nome t\u00e9cnico \u00e9 SARS-CoV-2. De acordo com o Instituto Biol\u00f3gico (IB-APTA), da\" \/>\n\t<meta name=\"robots\" content=\"max-image-preview:large\" \/>\n\t<meta name=\"author\" content=\"Alejo Bordon\"\/>\n\t<link rel=\"canonical\" href=\"https:\/\/radiosul.net\/wp\/2020\/aves-tem-seus-proprios-coronavirus-que-nao-sao-contagiosos-a-humanos\/\" \/>\n\t<meta name=\"generator\" content=\"All in One SEO (AIOSEO) 5.0.1.1\" \/>\n\t\t<meta property=\"og:locale\" content=\"pt_BR\" \/>\n\t\t<meta property=\"og:site_name\" content=\"radiosul.net - Regional por Excel\u00eancia\" \/>\n\t\t<meta property=\"og:type\" content=\"article\" \/>\n\t\t<meta property=\"og:title\" content=\"Aves t\u00eam seus pr\u00f3prios coronav\u00edrus, que n\u00e3o s\u00e3o contagiosos a humanos - radiosul.net\" \/>\n\t\t<meta property=\"og:description\" content=\"Pesquisador ressalta que consumidores de carne de frango e ovos n\u00e3o precisam se preocupar em ingerir alimentos, pois n\u00e3o se tratam de zoonoses Aves tamb\u00e9m podem contrair coronav\u00edrus, mas n\u00e3o o mesmo que tem trazido preocupa\u00e7\u00e3o ao causar Covid-19 em humanos \u2014 cujo nome t\u00e9cnico \u00e9 SARS-CoV-2. De acordo com o Instituto Biol\u00f3gico (IB-APTA), da\" \/>\n\t\t<meta property=\"og:url\" content=\"https:\/\/radiosul.net\/wp\/2020\/aves-tem-seus-proprios-coronavirus-que-nao-sao-contagiosos-a-humanos\/\" \/>\n\t\t<meta property=\"article:published_time\" content=\"2020-04-13T08:10:35+00:00\" \/>\n\t\t<meta property=\"article:modified_time\" content=\"2020-04-13T08:10:37+00:00\" \/>\n\t\t<meta name=\"twitter:card\" content=\"summary_large_image\" \/>\n\t\t<meta name=\"twitter:title\" content=\"Aves t\u00eam seus pr\u00f3prios coronav\u00edrus, que n\u00e3o s\u00e3o contagiosos a humanos - radiosul.net\" \/>\n\t\t<meta name=\"twitter:description\" content=\"Pesquisador ressalta que consumidores de carne de frango e ovos n\u00e3o precisam se preocupar em ingerir alimentos, pois n\u00e3o se tratam de zoonoses Aves tamb\u00e9m podem contrair coronav\u00edrus, mas n\u00e3o o mesmo que tem trazido preocupa\u00e7\u00e3o ao causar Covid-19 em humanos \u2014 cujo nome t\u00e9cnico \u00e9 SARS-CoV-2. De acordo com o Instituto Biol\u00f3gico (IB-APTA), da\" \/>\n\t\t<script type=\"application\/ld+json\" class=\"aioseo-schema\">\n\t\t\t{\"@context\":\"https:\\\/\\\/schema.org\",\"@graph\":[{\"@type\":\"BlogPosting\",\"@id\":\"https:\\\/\\\/radiosul.net\\\/wp\\\/2020\\\/aves-tem-seus-proprios-coronavirus-que-nao-sao-contagiosos-a-humanos\\\/#blogposting\",\"name\":\"Aves t\\u00eam seus pr\\u00f3prios coronav\\u00edrus, que n\\u00e3o s\\u00e3o contagiosos a humanos - radiosul.net\",\"headline\":\"Aves t\\u00eam seus pr\\u00f3prios coronav\\u00edrus, que n\\u00e3o s\\u00e3o contagiosos a humanos\",\"author\":{\"@id\":\"https:\\\/\\\/radiosul.net\\\/wp\\\/author\\\/alejo\\\/#author\"},\"publisher\":{\"@id\":\"https:\\\/\\\/radiosul.net\\\/wp\\\/#organization\"},\"image\":{\"@type\":\"ImageObject\",\"url\":\"https:\\\/\\\/radiosul.net\\\/wp\\\/wp-content\\\/uploads\\\/2020\\\/04\\\/dyr-hane-hone-kuk-37114-scaled.jpg\",\"width\":2560,\"height\":1709,\"caption\":\"Foto: Secretaria de Agricultura e Abastecimento do Estado de S\\u00e3o Paulo\"},\"datePublished\":\"2020-04-13T05:10:35-03:00\",\"dateModified\":\"2020-04-13T05:10:37-03:00\",\"inLanguage\":\"pt-BR\",\"mainEntityOfPage\":{\"@id\":\"https:\\\/\\\/radiosul.net\\\/wp\\\/2020\\\/aves-tem-seus-proprios-coronavirus-que-nao-sao-contagiosos-a-humanos\\\/#webpage\"},\"isPartOf\":{\"@id\":\"https:\\\/\\\/radiosul.net\\\/wp\\\/2020\\\/aves-tem-seus-proprios-coronavirus-que-nao-sao-contagiosos-a-humanos\\\/#webpage\"},\"articleSection\":\"Agroneg\\u00f3cio, Destaque, Sa\\u00fade\"},{\"@type\":\"BreadcrumbList\",\"@id\":\"https:\\\/\\\/radiosul.net\\\/wp\\\/2020\\\/aves-tem-seus-proprios-coronavirus-que-nao-sao-contagiosos-a-humanos\\\/#breadcrumblist\",\"itemListElement\":[{\"@type\":\"ListItem\",\"@id\":\"https:\\\/\\\/radiosul.net\\\/wp#listItem\",\"position\":1,\"name\":\"Home\",\"item\":\"https:\\\/\\\/radiosul.net\\\/wp\",\"nextItem\":{\"@type\":\"ListItem\",\"@id\":\"https:\\\/\\\/radiosul.net\\\/wp\\\/category\\\/agro\\\/#listItem\",\"name\":\"Agroneg\\u00f3cio\"}},{\"@type\":\"ListItem\",\"@id\":\"https:\\\/\\\/radiosul.net\\\/wp\\\/category\\\/agro\\\/#listItem\",\"position\":2,\"name\":\"Agroneg\\u00f3cio\",\"item\":\"https:\\\/\\\/radiosul.net\\\/wp\\\/category\\\/agro\\\/\",\"nextItem\":{\"@type\":\"ListItem\",\"@id\":\"https:\\\/\\\/radiosul.net\\\/wp\\\/2020\\\/aves-tem-seus-proprios-coronavirus-que-nao-sao-contagiosos-a-humanos\\\/#listItem\",\"name\":\"Aves t\\u00eam seus pr\\u00f3prios coronav\\u00edrus, que n\\u00e3o s\\u00e3o contagiosos a humanos\"},\"previousItem\":{\"@type\":\"ListItem\",\"@id\":\"https:\\\/\\\/radiosul.net\\\/wp#listItem\",\"name\":\"Home\"}},{\"@type\":\"ListItem\",\"@id\":\"https:\\\/\\\/radiosul.net\\\/wp\\\/2020\\\/aves-tem-seus-proprios-coronavirus-que-nao-sao-contagiosos-a-humanos\\\/#listItem\",\"position\":3,\"name\":\"Aves t\\u00eam seus pr\\u00f3prios coronav\\u00edrus, que n\\u00e3o s\\u00e3o contagiosos a humanos\",\"previousItem\":{\"@type\":\"ListItem\",\"@id\":\"https:\\\/\\\/radiosul.net\\\/wp\\\/category\\\/agro\\\/#listItem\",\"name\":\"Agroneg\\u00f3cio\"}}]},{\"@type\":\"Organization\",\"@id\":\"https:\\\/\\\/radiosul.net\\\/wp\\\/#organization\",\"name\":\"radiosul.net\",\"description\":\"Regional por Excel\\u00eancia\",\"url\":\"https:\\\/\\\/radiosul.net\\\/wp\\\/\"},{\"@type\":\"Person\",\"@id\":\"https:\\\/\\\/radiosul.net\\\/wp\\\/author\\\/alejo\\\/#author\",\"url\":\"https:\\\/\\\/radiosul.net\\\/wp\\\/author\\\/alejo\\\/\",\"name\":\"Alejo Bordon\",\"image\":{\"@type\":\"ImageObject\",\"@id\":\"https:\\\/\\\/radiosul.net\\\/wp\\\/2020\\\/aves-tem-seus-proprios-coronavirus-que-nao-sao-contagiosos-a-humanos\\\/#authorImage\",\"url\":\"https:\\\/\\\/secure.gravatar.com\\\/avatar\\\/b3a7e7f1c71212e6a5b7183b79a2ab58dad8bdc4cd4eadd61c4434d010d0bae4?s=96&d=mm&r=g\",\"width\":96,\"height\":96,\"caption\":\"Alejo Bordon\"}},{\"@type\":\"WebPage\",\"@id\":\"https:\\\/\\\/radiosul.net\\\/wp\\\/2020\\\/aves-tem-seus-proprios-coronavirus-que-nao-sao-contagiosos-a-humanos\\\/#webpage\",\"url\":\"https:\\\/\\\/radiosul.net\\\/wp\\\/2020\\\/aves-tem-seus-proprios-coronavirus-que-nao-sao-contagiosos-a-humanos\\\/\",\"name\":\"Aves t\\u00eam seus pr\\u00f3prios coronav\\u00edrus, que n\\u00e3o s\\u00e3o contagiosos a humanos - radiosul.net\",\"description\":\"Pesquisador ressalta que consumidores de carne de frango e ovos n\\u00e3o precisam se preocupar em ingerir alimentos, pois n\\u00e3o se tratam de zoonoses Aves tamb\\u00e9m podem contrair coronav\\u00edrus, mas n\\u00e3o o mesmo que tem trazido preocupa\\u00e7\\u00e3o ao causar Covid-19 em humanos \\u2014 cujo nome t\\u00e9cnico \\u00e9 SARS-CoV-2. De acordo com o Instituto Biol\\u00f3gico (IB-APTA), da\",\"inLanguage\":\"pt-BR\",\"isPartOf\":{\"@id\":\"https:\\\/\\\/radiosul.net\\\/wp\\\/#website\"},\"breadcrumb\":{\"@id\":\"https:\\\/\\\/radiosul.net\\\/wp\\\/2020\\\/aves-tem-seus-proprios-coronavirus-que-nao-sao-contagiosos-a-humanos\\\/#breadcrumblist\"},\"author\":{\"@id\":\"https:\\\/\\\/radiosul.net\\\/wp\\\/author\\\/alejo\\\/#author\"},\"creator\":{\"@id\":\"https:\\\/\\\/radiosul.net\\\/wp\\\/author\\\/alejo\\\/#author\"},\"image\":{\"@type\":\"ImageObject\",\"url\":\"https:\\\/\\\/radiosul.net\\\/wp\\\/wp-content\\\/uploads\\\/2020\\\/04\\\/dyr-hane-hone-kuk-37114-scaled.jpg\",\"@id\":\"https:\\\/\\\/radiosul.net\\\/wp\\\/2020\\\/aves-tem-seus-proprios-coronavirus-que-nao-sao-contagiosos-a-humanos\\\/#mainImage\",\"width\":2560,\"height\":1709,\"caption\":\"Foto: Secretaria de Agricultura e Abastecimento do Estado de S\\u00e3o Paulo\"},\"primaryImageOfPage\":{\"@id\":\"https:\\\/\\\/radiosul.net\\\/wp\\\/2020\\\/aves-tem-seus-proprios-coronavirus-que-nao-sao-contagiosos-a-humanos\\\/#mainImage\"},\"datePublished\":\"2020-04-13T05:10:35-03:00\",\"dateModified\":\"2020-04-13T05:10:37-03:00\"},{\"@type\":\"WebSite\",\"@id\":\"https:\\\/\\\/radiosul.net\\\/wp\\\/#website\",\"url\":\"https:\\\/\\\/radiosul.net\\\/wp\\\/\",\"name\":\"radiosul.net\",\"description\":\"Regional por Excel\\u00eancia\",\"inLanguage\":\"pt-BR\",\"publisher\":{\"@id\":\"https:\\\/\\\/radiosul.net\\\/wp\\\/#organization\"}}]}\n\t\t<\/script>\n\t\t<!-- All in One SEO -->\n\n","aioseo_head_json":{"title":"Aves t\u00eam seus pr\u00f3prios coronav\u00edrus, que n\u00e3o s\u00e3o contagiosos a humanos - radiosul.net","description":"Pesquisador ressalta que consumidores de carne de frango e ovos n\u00e3o precisam se preocupar em ingerir alimentos, pois n\u00e3o se tratam de zoonoses Aves tamb\u00e9m podem contrair coronav\u00edrus, mas n\u00e3o o mesmo que tem trazido preocupa\u00e7\u00e3o ao causar Covid-19 em humanos \u2014 cujo nome t\u00e9cnico \u00e9 SARS-CoV-2. De acordo com o Instituto Biol\u00f3gico (IB-APTA), da","canonical_url":"https:\/\/radiosul.net\/wp\/2020\/aves-tem-seus-proprios-coronavirus-que-nao-sao-contagiosos-a-humanos\/","robots":"max-image-preview:large","keywords":"","webmasterTools":{"miscellaneous":""},"schema":{"@context":"https:\/\/schema.org","@graph":[{"@type":"BlogPosting","@id":"https:\/\/radiosul.net\/wp\/2020\/aves-tem-seus-proprios-coronavirus-que-nao-sao-contagiosos-a-humanos\/#blogposting","name":"Aves t\u00eam seus pr\u00f3prios coronav\u00edrus, que n\u00e3o s\u00e3o contagiosos a humanos - radiosul.net","headline":"Aves t\u00eam seus pr\u00f3prios coronav\u00edrus, que n\u00e3o s\u00e3o contagiosos a humanos","author":{"@id":"https:\/\/radiosul.net\/wp\/author\/alejo\/#author"},"publisher":{"@id":"https:\/\/radiosul.net\/wp\/#organization"},"image":{"@type":"ImageObject","url":"https:\/\/radiosul.net\/wp\/wp-content\/uploads\/2020\/04\/dyr-hane-hone-kuk-37114-scaled.jpg","width":2560,"height":1709,"caption":"Foto: Secretaria de Agricultura e Abastecimento do Estado de S\u00e3o Paulo"},"datePublished":"2020-04-13T05:10:35-03:00","dateModified":"2020-04-13T05:10:37-03:00","inLanguage":"pt-BR","mainEntityOfPage":{"@id":"https:\/\/radiosul.net\/wp\/2020\/aves-tem-seus-proprios-coronavirus-que-nao-sao-contagiosos-a-humanos\/#webpage"},"isPartOf":{"@id":"https:\/\/radiosul.net\/wp\/2020\/aves-tem-seus-proprios-coronavirus-que-nao-sao-contagiosos-a-humanos\/#webpage"},"articleSection":"Agroneg\u00f3cio, Destaque, Sa\u00fade"},{"@type":"BreadcrumbList","@id":"https:\/\/radiosul.net\/wp\/2020\/aves-tem-seus-proprios-coronavirus-que-nao-sao-contagiosos-a-humanos\/#breadcrumblist","itemListElement":[{"@type":"ListItem","@id":"https:\/\/radiosul.net\/wp#listItem","position":1,"name":"Home","item":"https:\/\/radiosul.net\/wp","nextItem":{"@type":"ListItem","@id":"https:\/\/radiosul.net\/wp\/category\/agro\/#listItem","name":"Agroneg\u00f3cio"}},{"@type":"ListItem","@id":"https:\/\/radiosul.net\/wp\/category\/agro\/#listItem","position":2,"name":"Agroneg\u00f3cio","item":"https:\/\/radiosul.net\/wp\/category\/agro\/","nextItem":{"@type":"ListItem","@id":"https:\/\/radiosul.net\/wp\/2020\/aves-tem-seus-proprios-coronavirus-que-nao-sao-contagiosos-a-humanos\/#listItem","name":"Aves t\u00eam seus pr\u00f3prios coronav\u00edrus, que n\u00e3o s\u00e3o contagiosos a humanos"},"previousItem":{"@type":"ListItem","@id":"https:\/\/radiosul.net\/wp#listItem","name":"Home"}},{"@type":"ListItem","@id":"https:\/\/radiosul.net\/wp\/2020\/aves-tem-seus-proprios-coronavirus-que-nao-sao-contagiosos-a-humanos\/#listItem","position":3,"name":"Aves t\u00eam seus pr\u00f3prios coronav\u00edrus, que n\u00e3o s\u00e3o contagiosos a humanos","previousItem":{"@type":"ListItem","@id":"https:\/\/radiosul.net\/wp\/category\/agro\/#listItem","name":"Agroneg\u00f3cio"}}]},{"@type":"Organization","@id":"https:\/\/radiosul.net\/wp\/#organization","name":"radiosul.net","description":"Regional por Excel\u00eancia","url":"https:\/\/radiosul.net\/wp\/"},{"@type":"Person","@id":"https:\/\/radiosul.net\/wp\/author\/alejo\/#author","url":"https:\/\/radiosul.net\/wp\/author\/alejo\/","name":"Alejo Bordon","image":{"@type":"ImageObject","@id":"https:\/\/radiosul.net\/wp\/2020\/aves-tem-seus-proprios-coronavirus-que-nao-sao-contagiosos-a-humanos\/#authorImage","url":"https:\/\/secure.gravatar.com\/avatar\/b3a7e7f1c71212e6a5b7183b79a2ab58dad8bdc4cd4eadd61c4434d010d0bae4?s=96&d=mm&r=g","width":96,"height":96,"caption":"Alejo Bordon"}},{"@type":"WebPage","@id":"https:\/\/radiosul.net\/wp\/2020\/aves-tem-seus-proprios-coronavirus-que-nao-sao-contagiosos-a-humanos\/#webpage","url":"https:\/\/radiosul.net\/wp\/2020\/aves-tem-seus-proprios-coronavirus-que-nao-sao-contagiosos-a-humanos\/","name":"Aves t\u00eam seus pr\u00f3prios coronav\u00edrus, que n\u00e3o s\u00e3o contagiosos a humanos - radiosul.net","description":"Pesquisador ressalta que consumidores de carne de frango e ovos n\u00e3o precisam se preocupar em ingerir alimentos, pois n\u00e3o se tratam de zoonoses Aves tamb\u00e9m podem contrair coronav\u00edrus, mas n\u00e3o o mesmo que tem trazido preocupa\u00e7\u00e3o ao causar Covid-19 em humanos \u2014 cujo nome t\u00e9cnico \u00e9 SARS-CoV-2. De acordo com o Instituto Biol\u00f3gico (IB-APTA), da","inLanguage":"pt-BR","isPartOf":{"@id":"https:\/\/radiosul.net\/wp\/#website"},"breadcrumb":{"@id":"https:\/\/radiosul.net\/wp\/2020\/aves-tem-seus-proprios-coronavirus-que-nao-sao-contagiosos-a-humanos\/#breadcrumblist"},"author":{"@id":"https:\/\/radiosul.net\/wp\/author\/alejo\/#author"},"creator":{"@id":"https:\/\/radiosul.net\/wp\/author\/alejo\/#author"},"image":{"@type":"ImageObject","url":"https:\/\/radiosul.net\/wp\/wp-content\/uploads\/2020\/04\/dyr-hane-hone-kuk-37114-scaled.jpg","@id":"https:\/\/radiosul.net\/wp\/2020\/aves-tem-seus-proprios-coronavirus-que-nao-sao-contagiosos-a-humanos\/#mainImage","width":2560,"height":1709,"caption":"Foto: Secretaria de Agricultura e Abastecimento do Estado de S\u00e3o Paulo"},"primaryImageOfPage":{"@id":"https:\/\/radiosul.net\/wp\/2020\/aves-tem-seus-proprios-coronavirus-que-nao-sao-contagiosos-a-humanos\/#mainImage"},"datePublished":"2020-04-13T05:10:35-03:00","dateModified":"2020-04-13T05:10:37-03:00"},{"@type":"WebSite","@id":"https:\/\/radiosul.net\/wp\/#website","url":"https:\/\/radiosul.net\/wp\/","name":"radiosul.net","description":"Regional por Excel\u00eancia","inLanguage":"pt-BR","publisher":{"@id":"https:\/\/radiosul.net\/wp\/#organization"}}]},"og:locale":"pt_BR","og:site_name":"radiosul.net - Regional por Excel\u00eancia","og:type":"article","og:title":"Aves t\u00eam seus pr\u00f3prios coronav\u00edrus, que n\u00e3o s\u00e3o contagiosos a humanos - radiosul.net","og:description":"Pesquisador ressalta que consumidores de carne de frango e ovos n\u00e3o precisam se preocupar em ingerir alimentos, pois n\u00e3o se tratam de zoonoses Aves tamb\u00e9m podem contrair coronav\u00edrus, mas n\u00e3o o mesmo que tem trazido preocupa\u00e7\u00e3o ao causar Covid-19 em humanos \u2014 cujo nome t\u00e9cnico \u00e9 SARS-CoV-2. De acordo com o Instituto Biol\u00f3gico (IB-APTA), da","og:url":"https:\/\/radiosul.net\/wp\/2020\/aves-tem-seus-proprios-coronavirus-que-nao-sao-contagiosos-a-humanos\/","article:published_time":"2020-04-13T08:10:35+00:00","article:modified_time":"2020-04-13T08:10:37+00:00","twitter:card":"summary_large_image","twitter:title":"Aves t\u00eam seus pr\u00f3prios coronav\u00edrus, que n\u00e3o s\u00e3o contagiosos a humanos - radiosul.net","twitter:description":"Pesquisador ressalta que consumidores de carne de frango e ovos n\u00e3o precisam se preocupar em ingerir alimentos, pois n\u00e3o se tratam de zoonoses Aves tamb\u00e9m podem contrair coronav\u00edrus, mas n\u00e3o o mesmo que tem trazido preocupa\u00e7\u00e3o ao causar Covid-19 em humanos \u2014 cujo nome t\u00e9cnico \u00e9 SARS-CoV-2. De acordo com o Instituto Biol\u00f3gico (IB-APTA), da"},"aioseo_meta_data":{"post_id":"12194","title":null,"description":null,"keywords":null,"keyphrases":null,"primary_term":null,"canonical_url":null,"og_title":null,"og_description":null,"og_object_type":"default","og_image_type":"default","og_image_url":null,"og_image_width":null,"og_image_height":null,"og_image_custom_url":null,"og_image_custom_fields":null,"og_video":null,"og_custom_url":null,"og_article_section":null,"og_article_tags":null,"twitter_use_og":false,"twitter_card":"default","twitter_image_type":"default","twitter_image_url":null,"twitter_image_custom_url":null,"twitter_image_custom_fields":null,"twitter_title":null,"twitter_description":null,"schema":{"blockGraphs":[],"customGraphs":[],"default":{"data":{"Article":[],"Course":[],"Dataset":[],"FAQPage":[],"Movie":[],"Person":[],"Product":[],"ProductReview":[],"Car":[],"Recipe":[],"Service":[],"SoftwareApplication":[],"WebPage":[]},"graphName":"","isEnabled":true},"graphs":[]},"schema_type":"default","schema_type_options":null,"pillar_content":false,"robots_default":true,"robots_noindex":false,"robots_noarchive":false,"robots_nosnippet":false,"robots_nofollow":false,"robots_noimageindex":false,"robots_noodp":false,"robots_notranslate":false,"robots_max_snippet":null,"robots_max_videopreview":null,"robots_max_imagepreview":"large","priority":null,"frequency":null,"local_seo":null,"breadcrumb_settings":null,"limit_modified_date":false,"ai":null,"created":"2026-01-08 20:11:36","updated":"2026-01-08 20:11:36","seo_analyzer_scan_date":null,"focus_keyword":null,"additional_keywords":null,"truseo_locale":null},"aioseo_breadcrumb":"<div class=\"aioseo-breadcrumbs\"><span class=\"aioseo-breadcrumb\">\n\t\t\t<a href=\"https:\/\/radiosul.net\/wp\" title=\"Home\">Home<\/a>\n\t\t<\/span><span class=\"aioseo-breadcrumb-separator\">&raquo;<\/span><span class=\"aioseo-breadcrumb\">\n\t\t\t<a href=\"https:\/\/radiosul.net\/wp\/category\/agro\/\" title=\"Agroneg\u00f3cio\">Agroneg\u00f3cio<\/a>\n\t\t<\/span><span class=\"aioseo-breadcrumb-separator\">&raquo;<\/span><span class=\"aioseo-breadcrumb\">\n\t\t\tAves t\u00eam seus pr\u00f3prios coronav\u00edrus, que n\u00e3o s\u00e3o contagiosos a humanos\n\t\t<\/span><\/div>","aioseo_breadcrumb_json":[{"label":"Home","link":"https:\/\/radiosul.net\/wp"},{"label":"Agroneg\u00f3cio","link":"https:\/\/radiosul.net\/wp\/category\/agro\/"},{"label":"Aves t\u00eam seus pr\u00f3prios coronav\u00edrus, que n\u00e3o s\u00e3o contagiosos a humanos","link":"https:\/\/radiosul.net\/wp\/2020\/aves-tem-seus-proprios-coronavirus-que-nao-sao-contagiosos-a-humanos\/"}],"_links":{"self":[{"href":"https:\/\/radiosul.net\/wp\/wp-json\/wp\/v2\/posts\/12194","targetHints":{"allow":["GET"]}}],"collection":[{"href":"https:\/\/radiosul.net\/wp\/wp-json\/wp\/v2\/posts"}],"about":[{"href":"https:\/\/radiosul.net\/wp\/wp-json\/wp\/v2\/types\/post"}],"author":[{"embeddable":true,"href":"https:\/\/radiosul.net\/wp\/wp-json\/wp\/v2\/users\/9"}],"replies":[{"embeddable":true,"href":"https:\/\/radiosul.net\/wp\/wp-json\/wp\/v2\/comments?post=12194"}],"version-history":[{"count":1,"href":"https:\/\/radiosul.net\/wp\/wp-json\/wp\/v2\/posts\/12194\/revisions"}],"predecessor-version":[{"id":12196,"href":"https:\/\/radiosul.net\/wp\/wp-json\/wp\/v2\/posts\/12194\/revisions\/12196"}],"wp:featuredmedia":[{"embeddable":true,"href":"https:\/\/radiosul.net\/wp\/wp-json\/wp\/v2\/media\/12195"}],"wp:attachment":[{"href":"https:\/\/radiosul.net\/wp\/wp-json\/wp\/v2\/media?parent=12194"}],"wp:term":[{"taxonomy":"category","embeddable":true,"href":"https:\/\/radiosul.net\/wp\/wp-json\/wp\/v2\/categories?post=12194"},{"taxonomy":"post_tag","embeddable":true,"href":"https:\/\/radiosul.net\/wp\/wp-json\/wp\/v2\/tags?post=12194"}],"curies":[{"name":"wp","href":"https:\/\/api.w.org\/{rel}","templated":true}]}}