{"id":11944,"date":"2020-03-30T08:50:25","date_gmt":"2020-03-30T11:50:25","guid":{"rendered":"https:\/\/radiosul.net\/wp\/?p=11944"},"modified":"2020-03-30T08:50:28","modified_gmt":"2020-03-30T11:50:28","slug":"mundo-angus-de-olho-no-rebanho-latino","status":"publish","type":"post","link":"https:\/\/radiosul.net\/wp\/2020\/mundo-angus-de-olho-no-rebanho-latino\/","title":{"rendered":"Mundo Angus de olho no rebanho latino"},"content":{"rendered":"\n<p class=\"wp-block-paragraph\">As pastagens do Uruguai foram ponto de encontro de criadores de mais \nde 25 pa\u00edses que se uniram em prol de um projeto coletivo: o \ndesenvolvimento da Angus.&nbsp; Em um mix de sotaques de diferentes \nnacionalidades, o que se viu durante o World Angus Secretariat 2019 \n(WAS2019), no Uruguai, foram elogios aos avan\u00e7os da pecu\u00e1ria da Am\u00e9rica \nLatina, que vem consolidando a sele\u00e7\u00e3o de um Angus de porte m\u00e9dio e \naltamente produtivo independentemente do sistema de cria\u00e7\u00e3o. Gente que \nveio de longe para trocar conhecimentos, como o canadense Earl Scott, \nque, ao lado da esposa Debra, conferiu de perto a gen\u00e9tica dos animais \ndo Frigor\u00edfico Modelo, em Tacuaremb\u00f3.&nbsp; \u201cO Angus da Am\u00e9rica do Sul e o do\n Canad\u00e1 s\u00e3o muito pr\u00f3ximos, at\u00e9 porque muitas linhagens que usamos l\u00e1 \ntamb\u00e9m s\u00e3o utilizadas aqui\u201d, verificou o criador, que confia na expans\u00e3o\n no uso da gen\u00e9tica Angus ao redor do mundo. No Canad\u00e1, conta ele, 67% \ndo gado comercial j\u00e1 tem sangue Angus, e a tend\u00eancia \u00e9 ganhar terreno. \nTrabalhando com sele\u00e7\u00e3o ao lado da fam\u00edlia na pequena cidade de \nCrossfield, Scott tem 300&nbsp; vacas puras e garante que o segredo de sua \nsele\u00e7\u00e3o est\u00e1 na busca de s\u00eamen de touros melhoradores. Nesse trabalho, \nj\u00e1 esteve visitando central em Uberaba (MG), apesar de garantir que \ninveste pesado mesmo \u00e9 no s\u00eamen norte-americano.<\/p>\n\n\n\n<p class=\"wp-block-paragraph\">Um dos nomes mais aclamados internacionalmente, o criador australiano\n Don Nicol concorda que s\u00e3o vis\u00edveis os avan\u00e7os dos rebanhos Angus \nlatino-americanos.&nbsp; \u201cAs pessoas est\u00e3o investindo em gen\u00e9tica, usando \nDEPs e conscientes da import\u00e2ncia desse trabalho que eleva a acur\u00e1cia \ndas estat\u00edsticas e reduz riscos. A gen\u00f4mica \u00e9 um novo caminho\u201d, indicou.<\/p>\n\n\n\n<p class=\"wp-block-paragraph\">Entusiasta da Ultrablack e um dos primeiros pesquisadores e vir \u00e0 \nAm\u00e9rica Latina falar sobre a nova ra\u00e7a, Don Nicol frisou a for\u00e7a que \nesses animais devem ganhar nos pr\u00f3ximos anos no cruzamento com ventres \nF1, principalmente no Brasil. \u201cEsse evento mostra que a Angus come\u00e7a a \nreconhecer a for\u00e7a da sua carne ao redor do mundo\u201d, disse, ao lado de \ncolega John Bayly, da Nova Zel\u00e2ndia. Intera\u00e7\u00e3o&nbsp; comemorada pelo \npresidente da Associa\u00e7\u00e3o Brasileira de Angus, Nivaldo Dzyekanski.&nbsp; \u201cFoi \numa experi\u00eancia incr\u00edvel estar ao lado de criadores de renome \ninternacional e ouvir tudo o que se est\u00e1 avan\u00e7ando na ra\u00e7a\u201d.<\/p>\n\n\n\n<p class=\"wp-block-paragraph\">Outro visitante de longe a participar do circuito foi Fred Zehetner, \nda pequena cidade de Wildend\u00fcrnbach, na \u00c1ustria. \u201cOs animais que vi aqui\n no Uruguai s\u00e3o fant\u00e1sticos. S\u00e3o um pouco menores, mas altamente \nprodutivos\u201d, frisou, surpreso com a precocidade de abate. Empreendedor \nda pecu\u00e1ria, Fred veio em busca de novas ideias e disposto a degustar os\n melhores cortes da ra\u00e7a, mas confiante de que sabor \u00e9 o diferencial da \ncarne dos animais de seu criat\u00f3rio.<\/p>\n\n\n\n<p class=\"wp-block-paragraph\">A busca pela excel\u00eancia na termina\u00e7\u00e3o levou o pecuarista chileno \nClaudio Monsalves aos campos do Uruguai. Depois de 15 anos apostando na \nprodu\u00e7\u00e3o de terneiros Angus, ele quer informa\u00e7\u00f5es para iniciar, j\u00e1 em \n2020, a trabalhar com engorda. \u201cInsemino 800 vacas ao ano. A Angus tem \numa boa qualidade carniceira e est\u00e1 bem adaptada ao sul do Chile. \nQueremos crescer e viemos ver como se faz aqui\u201d, pontuou, lamentando o \nfato de n\u00e3o existir no Chile processo de certifica\u00e7\u00e3o de carca\u00e7as Angus \ncomo ocorre no Brasil.<\/p>\n\n\n\n<p class=\"wp-block-paragraph\">A integra\u00e7\u00e3o com os colegas do exterior \u00e9 o grande aprendizado desses  encontros, um processo que precisa ser estimulado at\u00e9 para prospec\u00e7\u00e3o  de venda de s\u00eamen brasileiro dentro do Mercosul, sugeriu o criador  catarinense Nelson Serpa, que, ao lado da fam\u00edlia, seguiu toda a  programa\u00e7\u00e3o do evento. \u201cReunir pessoas das mais diversas origens \u00e9  fant\u00e1stico. Aqui no Uruguai, vi o que gosto de ver: gado padronizado e  muito harm\u00f4nico\u201d, completou\u00a0 o pecuarista de Uruguaiana (RS), Angelo  Bastos Tellechea.<\/p>\n\n\n\n<p class=\"wp-block-paragraph\"><strong><em>Fonte: Associa\u00e7\u00e3o Brasileira de Angus<\/em><\/strong><\/p>\n","protected":false},"excerpt":{"rendered":"<p>As pastagens do Uruguai foram ponto de encontro de criadores de mais de 25 pa\u00edses que se uniram em prol de um projeto coletivo: o desenvolvimento da Angus.&nbsp; Em um mix de sotaques de diferentes nacionalidades, o que se viu durante o World Angus Secretariat 2019 (WAS2019), no Uruguai, foram elogios aos avan\u00e7os da pecu\u00e1ria &hellip;<\/p>\n","protected":false},"author":9,"featured_media":11945,"comment_status":"closed","ping_status":"closed","sticky":false,"template":"","format":"standard","meta":{"_monsterinsights_skip_tracking":false,"_uf_show_specific_survey":0,"_uf_disable_surveys":false,"footnotes":""},"categories":[1,126],"tags":[],"class_list":["post-11944","post","type-post","status-publish","format-standard","has-post-thumbnail","hentry","category-agro","category-destacados"],"aioseo_notices":[],"aioseo_head":"\n\t\t<!-- All in One SEO 5.0.1.1 - aioseo.com -->\n\t<meta name=\"description\" content=\"As pastagens do Uruguai foram ponto de encontro de criadores de mais de 25 pa\u00edses que se uniram em prol de um projeto coletivo: o desenvolvimento da Angus. Em um mix de sotaques de diferentes nacionalidades, o que se viu durante o World Angus Secretariat 2019 (WAS2019), no Uruguai, foram elogios aos avan\u00e7os da pecu\u00e1ria\" \/>\n\t<meta name=\"robots\" content=\"max-image-preview:large\" \/>\n\t<meta name=\"author\" content=\"Alejo Bordon\"\/>\n\t<link rel=\"canonical\" href=\"https:\/\/radiosul.net\/wp\/2020\/mundo-angus-de-olho-no-rebanho-latino\/\" \/>\n\t<meta name=\"generator\" content=\"All in One SEO (AIOSEO) 5.0.1.1\" \/>\n\t\t<meta property=\"og:locale\" content=\"pt_BR\" \/>\n\t\t<meta property=\"og:site_name\" content=\"radiosul.net - Regional por Excel\u00eancia\" \/>\n\t\t<meta property=\"og:type\" content=\"article\" \/>\n\t\t<meta property=\"og:title\" content=\"Mundo Angus de olho no rebanho latino - radiosul.net\" \/>\n\t\t<meta property=\"og:description\" content=\"As pastagens do Uruguai foram ponto de encontro de criadores de mais de 25 pa\u00edses que se uniram em prol de um projeto coletivo: o desenvolvimento da Angus. Em um mix de sotaques de diferentes nacionalidades, o que se viu durante o World Angus Secretariat 2019 (WAS2019), no Uruguai, foram elogios aos avan\u00e7os da pecu\u00e1ria\" \/>\n\t\t<meta property=\"og:url\" content=\"https:\/\/radiosul.net\/wp\/2020\/mundo-angus-de-olho-no-rebanho-latino\/\" \/>\n\t\t<meta property=\"article:published_time\" content=\"2020-03-30T11:50:25+00:00\" \/>\n\t\t<meta property=\"article:modified_time\" content=\"2020-03-30T11:50:28+00:00\" \/>\n\t\t<meta name=\"twitter:card\" content=\"summary_large_image\" \/>\n\t\t<meta name=\"twitter:title\" content=\"Mundo Angus de olho no rebanho latino - radiosul.net\" \/>\n\t\t<meta name=\"twitter:description\" content=\"As pastagens do Uruguai foram ponto de encontro de criadores de mais de 25 pa\u00edses que se uniram em prol de um projeto coletivo: o desenvolvimento da Angus. Em um mix de sotaques de diferentes nacionalidades, o que se viu durante o World Angus Secretariat 2019 (WAS2019), no Uruguai, foram elogios aos avan\u00e7os da pecu\u00e1ria\" \/>\n\t\t<script type=\"application\/ld+json\" class=\"aioseo-schema\">\n\t\t\t{\"@context\":\"https:\\\/\\\/schema.org\",\"@graph\":[{\"@type\":\"BlogPosting\",\"@id\":\"https:\\\/\\\/radiosul.net\\\/wp\\\/2020\\\/mundo-angus-de-olho-no-rebanho-latino\\\/#blogposting\",\"name\":\"Mundo Angus de olho no rebanho latino - radiosul.net\",\"headline\":\"Mundo Angus de olho no rebanho latino\",\"author\":{\"@id\":\"https:\\\/\\\/radiosul.net\\\/wp\\\/author\\\/alejo\\\/#author\"},\"publisher\":{\"@id\":\"https:\\\/\\\/radiosul.net\\\/wp\\\/#organization\"},\"image\":{\"@type\":\"ImageObject\",\"url\":\"https:\\\/\\\/radiosul.net\\\/wp\\\/wp-content\\\/uploads\\\/2020\\\/03\\\/img_7331.jpg\",\"width\":1440,\"height\":960,\"caption\":\"Foto: Carolina Jardine\"},\"datePublished\":\"2020-03-30T08:50:25-03:00\",\"dateModified\":\"2020-03-30T08:50:28-03:00\",\"inLanguage\":\"pt-BR\",\"mainEntityOfPage\":{\"@id\":\"https:\\\/\\\/radiosul.net\\\/wp\\\/2020\\\/mundo-angus-de-olho-no-rebanho-latino\\\/#webpage\"},\"isPartOf\":{\"@id\":\"https:\\\/\\\/radiosul.net\\\/wp\\\/2020\\\/mundo-angus-de-olho-no-rebanho-latino\\\/#webpage\"},\"articleSection\":\"Agroneg\\u00f3cio, Destaque\"},{\"@type\":\"BreadcrumbList\",\"@id\":\"https:\\\/\\\/radiosul.net\\\/wp\\\/2020\\\/mundo-angus-de-olho-no-rebanho-latino\\\/#breadcrumblist\",\"itemListElement\":[{\"@type\":\"ListItem\",\"@id\":\"https:\\\/\\\/radiosul.net\\\/wp#listItem\",\"position\":1,\"name\":\"Home\",\"item\":\"https:\\\/\\\/radiosul.net\\\/wp\",\"nextItem\":{\"@type\":\"ListItem\",\"@id\":\"https:\\\/\\\/radiosul.net\\\/wp\\\/category\\\/agro\\\/#listItem\",\"name\":\"Agroneg\\u00f3cio\"}},{\"@type\":\"ListItem\",\"@id\":\"https:\\\/\\\/radiosul.net\\\/wp\\\/category\\\/agro\\\/#listItem\",\"position\":2,\"name\":\"Agroneg\\u00f3cio\",\"item\":\"https:\\\/\\\/radiosul.net\\\/wp\\\/category\\\/agro\\\/\",\"nextItem\":{\"@type\":\"ListItem\",\"@id\":\"https:\\\/\\\/radiosul.net\\\/wp\\\/2020\\\/mundo-angus-de-olho-no-rebanho-latino\\\/#listItem\",\"name\":\"Mundo Angus de olho no rebanho latino\"},\"previousItem\":{\"@type\":\"ListItem\",\"@id\":\"https:\\\/\\\/radiosul.net\\\/wp#listItem\",\"name\":\"Home\"}},{\"@type\":\"ListItem\",\"@id\":\"https:\\\/\\\/radiosul.net\\\/wp\\\/2020\\\/mundo-angus-de-olho-no-rebanho-latino\\\/#listItem\",\"position\":3,\"name\":\"Mundo Angus de olho no rebanho latino\",\"previousItem\":{\"@type\":\"ListItem\",\"@id\":\"https:\\\/\\\/radiosul.net\\\/wp\\\/category\\\/agro\\\/#listItem\",\"name\":\"Agroneg\\u00f3cio\"}}]},{\"@type\":\"Organization\",\"@id\":\"https:\\\/\\\/radiosul.net\\\/wp\\\/#organization\",\"name\":\"radiosul.net\",\"description\":\"Regional por Excel\\u00eancia\",\"url\":\"https:\\\/\\\/radiosul.net\\\/wp\\\/\"},{\"@type\":\"Person\",\"@id\":\"https:\\\/\\\/radiosul.net\\\/wp\\\/author\\\/alejo\\\/#author\",\"url\":\"https:\\\/\\\/radiosul.net\\\/wp\\\/author\\\/alejo\\\/\",\"name\":\"Alejo Bordon\",\"image\":{\"@type\":\"ImageObject\",\"@id\":\"https:\\\/\\\/radiosul.net\\\/wp\\\/2020\\\/mundo-angus-de-olho-no-rebanho-latino\\\/#authorImage\",\"url\":\"https:\\\/\\\/secure.gravatar.com\\\/avatar\\\/b3a7e7f1c71212e6a5b7183b79a2ab58dad8bdc4cd4eadd61c4434d010d0bae4?s=96&d=mm&r=g\",\"width\":96,\"height\":96,\"caption\":\"Alejo Bordon\"}},{\"@type\":\"WebPage\",\"@id\":\"https:\\\/\\\/radiosul.net\\\/wp\\\/2020\\\/mundo-angus-de-olho-no-rebanho-latino\\\/#webpage\",\"url\":\"https:\\\/\\\/radiosul.net\\\/wp\\\/2020\\\/mundo-angus-de-olho-no-rebanho-latino\\\/\",\"name\":\"Mundo Angus de olho no rebanho latino - radiosul.net\",\"description\":\"As pastagens do Uruguai foram ponto de encontro de criadores de mais de 25 pa\\u00edses que se uniram em prol de um projeto coletivo: o desenvolvimento da Angus. Em um mix de sotaques de diferentes nacionalidades, o que se viu durante o World Angus Secretariat 2019 (WAS2019), no Uruguai, foram elogios aos avan\\u00e7os da pecu\\u00e1ria\",\"inLanguage\":\"pt-BR\",\"isPartOf\":{\"@id\":\"https:\\\/\\\/radiosul.net\\\/wp\\\/#website\"},\"breadcrumb\":{\"@id\":\"https:\\\/\\\/radiosul.net\\\/wp\\\/2020\\\/mundo-angus-de-olho-no-rebanho-latino\\\/#breadcrumblist\"},\"author\":{\"@id\":\"https:\\\/\\\/radiosul.net\\\/wp\\\/author\\\/alejo\\\/#author\"},\"creator\":{\"@id\":\"https:\\\/\\\/radiosul.net\\\/wp\\\/author\\\/alejo\\\/#author\"},\"image\":{\"@type\":\"ImageObject\",\"url\":\"https:\\\/\\\/radiosul.net\\\/wp\\\/wp-content\\\/uploads\\\/2020\\\/03\\\/img_7331.jpg\",\"@id\":\"https:\\\/\\\/radiosul.net\\\/wp\\\/2020\\\/mundo-angus-de-olho-no-rebanho-latino\\\/#mainImage\",\"width\":1440,\"height\":960,\"caption\":\"Foto: Carolina Jardine\"},\"primaryImageOfPage\":{\"@id\":\"https:\\\/\\\/radiosul.net\\\/wp\\\/2020\\\/mundo-angus-de-olho-no-rebanho-latino\\\/#mainImage\"},\"datePublished\":\"2020-03-30T08:50:25-03:00\",\"dateModified\":\"2020-03-30T08:50:28-03:00\"},{\"@type\":\"WebSite\",\"@id\":\"https:\\\/\\\/radiosul.net\\\/wp\\\/#website\",\"url\":\"https:\\\/\\\/radiosul.net\\\/wp\\\/\",\"name\":\"radiosul.net\",\"description\":\"Regional por Excel\\u00eancia\",\"inLanguage\":\"pt-BR\",\"publisher\":{\"@id\":\"https:\\\/\\\/radiosul.net\\\/wp\\\/#organization\"}}]}\n\t\t<\/script>\n\t\t<!-- All in One SEO -->\n\n","aioseo_head_json":{"title":"Mundo Angus de olho no rebanho latino - radiosul.net","description":"As pastagens do Uruguai foram ponto de encontro de criadores de mais de 25 pa\u00edses que se uniram em prol de um projeto coletivo: o desenvolvimento da Angus. Em um mix de sotaques de diferentes nacionalidades, o que se viu durante o World Angus Secretariat 2019 (WAS2019), no Uruguai, foram elogios aos avan\u00e7os da pecu\u00e1ria","canonical_url":"https:\/\/radiosul.net\/wp\/2020\/mundo-angus-de-olho-no-rebanho-latino\/","robots":"max-image-preview:large","keywords":"","webmasterTools":{"miscellaneous":""},"schema":{"@context":"https:\/\/schema.org","@graph":[{"@type":"BlogPosting","@id":"https:\/\/radiosul.net\/wp\/2020\/mundo-angus-de-olho-no-rebanho-latino\/#blogposting","name":"Mundo Angus de olho no rebanho latino - radiosul.net","headline":"Mundo Angus de olho no rebanho latino","author":{"@id":"https:\/\/radiosul.net\/wp\/author\/alejo\/#author"},"publisher":{"@id":"https:\/\/radiosul.net\/wp\/#organization"},"image":{"@type":"ImageObject","url":"https:\/\/radiosul.net\/wp\/wp-content\/uploads\/2020\/03\/img_7331.jpg","width":1440,"height":960,"caption":"Foto: Carolina Jardine"},"datePublished":"2020-03-30T08:50:25-03:00","dateModified":"2020-03-30T08:50:28-03:00","inLanguage":"pt-BR","mainEntityOfPage":{"@id":"https:\/\/radiosul.net\/wp\/2020\/mundo-angus-de-olho-no-rebanho-latino\/#webpage"},"isPartOf":{"@id":"https:\/\/radiosul.net\/wp\/2020\/mundo-angus-de-olho-no-rebanho-latino\/#webpage"},"articleSection":"Agroneg\u00f3cio, Destaque"},{"@type":"BreadcrumbList","@id":"https:\/\/radiosul.net\/wp\/2020\/mundo-angus-de-olho-no-rebanho-latino\/#breadcrumblist","itemListElement":[{"@type":"ListItem","@id":"https:\/\/radiosul.net\/wp#listItem","position":1,"name":"Home","item":"https:\/\/radiosul.net\/wp","nextItem":{"@type":"ListItem","@id":"https:\/\/radiosul.net\/wp\/category\/agro\/#listItem","name":"Agroneg\u00f3cio"}},{"@type":"ListItem","@id":"https:\/\/radiosul.net\/wp\/category\/agro\/#listItem","position":2,"name":"Agroneg\u00f3cio","item":"https:\/\/radiosul.net\/wp\/category\/agro\/","nextItem":{"@type":"ListItem","@id":"https:\/\/radiosul.net\/wp\/2020\/mundo-angus-de-olho-no-rebanho-latino\/#listItem","name":"Mundo Angus de olho no rebanho latino"},"previousItem":{"@type":"ListItem","@id":"https:\/\/radiosul.net\/wp#listItem","name":"Home"}},{"@type":"ListItem","@id":"https:\/\/radiosul.net\/wp\/2020\/mundo-angus-de-olho-no-rebanho-latino\/#listItem","position":3,"name":"Mundo Angus de olho no rebanho latino","previousItem":{"@type":"ListItem","@id":"https:\/\/radiosul.net\/wp\/category\/agro\/#listItem","name":"Agroneg\u00f3cio"}}]},{"@type":"Organization","@id":"https:\/\/radiosul.net\/wp\/#organization","name":"radiosul.net","description":"Regional por Excel\u00eancia","url":"https:\/\/radiosul.net\/wp\/"},{"@type":"Person","@id":"https:\/\/radiosul.net\/wp\/author\/alejo\/#author","url":"https:\/\/radiosul.net\/wp\/author\/alejo\/","name":"Alejo Bordon","image":{"@type":"ImageObject","@id":"https:\/\/radiosul.net\/wp\/2020\/mundo-angus-de-olho-no-rebanho-latino\/#authorImage","url":"https:\/\/secure.gravatar.com\/avatar\/b3a7e7f1c71212e6a5b7183b79a2ab58dad8bdc4cd4eadd61c4434d010d0bae4?s=96&d=mm&r=g","width":96,"height":96,"caption":"Alejo Bordon"}},{"@type":"WebPage","@id":"https:\/\/radiosul.net\/wp\/2020\/mundo-angus-de-olho-no-rebanho-latino\/#webpage","url":"https:\/\/radiosul.net\/wp\/2020\/mundo-angus-de-olho-no-rebanho-latino\/","name":"Mundo Angus de olho no rebanho latino - radiosul.net","description":"As pastagens do Uruguai foram ponto de encontro de criadores de mais de 25 pa\u00edses que se uniram em prol de um projeto coletivo: o desenvolvimento da Angus. Em um mix de sotaques de diferentes nacionalidades, o que se viu durante o World Angus Secretariat 2019 (WAS2019), no Uruguai, foram elogios aos avan\u00e7os da pecu\u00e1ria","inLanguage":"pt-BR","isPartOf":{"@id":"https:\/\/radiosul.net\/wp\/#website"},"breadcrumb":{"@id":"https:\/\/radiosul.net\/wp\/2020\/mundo-angus-de-olho-no-rebanho-latino\/#breadcrumblist"},"author":{"@id":"https:\/\/radiosul.net\/wp\/author\/alejo\/#author"},"creator":{"@id":"https:\/\/radiosul.net\/wp\/author\/alejo\/#author"},"image":{"@type":"ImageObject","url":"https:\/\/radiosul.net\/wp\/wp-content\/uploads\/2020\/03\/img_7331.jpg","@id":"https:\/\/radiosul.net\/wp\/2020\/mundo-angus-de-olho-no-rebanho-latino\/#mainImage","width":1440,"height":960,"caption":"Foto: Carolina Jardine"},"primaryImageOfPage":{"@id":"https:\/\/radiosul.net\/wp\/2020\/mundo-angus-de-olho-no-rebanho-latino\/#mainImage"},"datePublished":"2020-03-30T08:50:25-03:00","dateModified":"2020-03-30T08:50:28-03:00"},{"@type":"WebSite","@id":"https:\/\/radiosul.net\/wp\/#website","url":"https:\/\/radiosul.net\/wp\/","name":"radiosul.net","description":"Regional por Excel\u00eancia","inLanguage":"pt-BR","publisher":{"@id":"https:\/\/radiosul.net\/wp\/#organization"}}]},"og:locale":"pt_BR","og:site_name":"radiosul.net - Regional por Excel\u00eancia","og:type":"article","og:title":"Mundo Angus de olho no rebanho latino - radiosul.net","og:description":"As pastagens do Uruguai foram ponto de encontro de criadores de mais de 25 pa\u00edses que se uniram em prol de um projeto coletivo: o desenvolvimento da Angus. Em um mix de sotaques de diferentes nacionalidades, o que se viu durante o World Angus Secretariat 2019 (WAS2019), no Uruguai, foram elogios aos avan\u00e7os da pecu\u00e1ria","og:url":"https:\/\/radiosul.net\/wp\/2020\/mundo-angus-de-olho-no-rebanho-latino\/","article:published_time":"2020-03-30T11:50:25+00:00","article:modified_time":"2020-03-30T11:50:28+00:00","twitter:card":"summary_large_image","twitter:title":"Mundo Angus de olho no rebanho latino - radiosul.net","twitter:description":"As pastagens do Uruguai foram ponto de encontro de criadores de mais de 25 pa\u00edses que se uniram em prol de um projeto coletivo: o desenvolvimento da Angus. Em um mix de sotaques de diferentes nacionalidades, o que se viu durante o World Angus Secretariat 2019 (WAS2019), no Uruguai, foram elogios aos avan\u00e7os da pecu\u00e1ria"},"aioseo_meta_data":{"post_id":"11944","title":null,"description":null,"keywords":null,"keyphrases":null,"primary_term":null,"canonical_url":null,"og_title":null,"og_description":null,"og_object_type":"default","og_image_type":"default","og_image_url":null,"og_image_width":null,"og_image_height":null,"og_image_custom_url":null,"og_image_custom_fields":null,"og_video":null,"og_custom_url":null,"og_article_section":null,"og_article_tags":null,"twitter_use_og":false,"twitter_card":"default","twitter_image_type":"default","twitter_image_url":null,"twitter_image_custom_url":null,"twitter_image_custom_fields":null,"twitter_title":null,"twitter_description":null,"schema":{"blockGraphs":[],"customGraphs":[],"default":{"data":{"Article":[],"Course":[],"Dataset":[],"FAQPage":[],"Movie":[],"Person":[],"Product":[],"ProductReview":[],"Car":[],"Recipe":[],"Service":[],"SoftwareApplication":[],"WebPage":[]},"graphName":"","isEnabled":true},"graphs":[]},"schema_type":"default","schema_type_options":null,"pillar_content":false,"robots_default":true,"robots_noindex":false,"robots_noarchive":false,"robots_nosnippet":false,"robots_nofollow":false,"robots_noimageindex":false,"robots_noodp":false,"robots_notranslate":false,"robots_max_snippet":null,"robots_max_videopreview":null,"robots_max_imagepreview":"large","priority":null,"frequency":null,"local_seo":null,"breadcrumb_settings":null,"limit_modified_date":false,"ai":null,"created":"2026-01-08 19:56:04","updated":"2026-01-08 19:56:04","seo_analyzer_scan_date":null,"focus_keyword":null,"additional_keywords":null,"truseo_locale":null},"aioseo_breadcrumb":"<div class=\"aioseo-breadcrumbs\"><span class=\"aioseo-breadcrumb\">\n\t\t\t<a href=\"https:\/\/radiosul.net\/wp\" title=\"Home\">Home<\/a>\n\t\t<\/span><span class=\"aioseo-breadcrumb-separator\">&raquo;<\/span><span class=\"aioseo-breadcrumb\">\n\t\t\t<a href=\"https:\/\/radiosul.net\/wp\/category\/agro\/\" title=\"Agroneg\u00f3cio\">Agroneg\u00f3cio<\/a>\n\t\t<\/span><span class=\"aioseo-breadcrumb-separator\">&raquo;<\/span><span class=\"aioseo-breadcrumb\">\n\t\t\tMundo Angus de olho no rebanho latino\n\t\t<\/span><\/div>","aioseo_breadcrumb_json":[{"label":"Home","link":"https:\/\/radiosul.net\/wp"},{"label":"Agroneg\u00f3cio","link":"https:\/\/radiosul.net\/wp\/category\/agro\/"},{"label":"Mundo Angus de olho no rebanho latino","link":"https:\/\/radiosul.net\/wp\/2020\/mundo-angus-de-olho-no-rebanho-latino\/"}],"_links":{"self":[{"href":"https:\/\/radiosul.net\/wp\/wp-json\/wp\/v2\/posts\/11944","targetHints":{"allow":["GET"]}}],"collection":[{"href":"https:\/\/radiosul.net\/wp\/wp-json\/wp\/v2\/posts"}],"about":[{"href":"https:\/\/radiosul.net\/wp\/wp-json\/wp\/v2\/types\/post"}],"author":[{"embeddable":true,"href":"https:\/\/radiosul.net\/wp\/wp-json\/wp\/v2\/users\/9"}],"replies":[{"embeddable":true,"href":"https:\/\/radiosul.net\/wp\/wp-json\/wp\/v2\/comments?post=11944"}],"version-history":[{"count":1,"href":"https:\/\/radiosul.net\/wp\/wp-json\/wp\/v2\/posts\/11944\/revisions"}],"predecessor-version":[{"id":11946,"href":"https:\/\/radiosul.net\/wp\/wp-json\/wp\/v2\/posts\/11944\/revisions\/11946"}],"wp:featuredmedia":[{"embeddable":true,"href":"https:\/\/radiosul.net\/wp\/wp-json\/wp\/v2\/media\/11945"}],"wp:attachment":[{"href":"https:\/\/radiosul.net\/wp\/wp-json\/wp\/v2\/media?parent=11944"}],"wp:term":[{"taxonomy":"category","embeddable":true,"href":"https:\/\/radiosul.net\/wp\/wp-json\/wp\/v2\/categories?post=11944"},{"taxonomy":"post_tag","embeddable":true,"href":"https:\/\/radiosul.net\/wp\/wp-json\/wp\/v2\/tags?post=11944"}],"curies":[{"name":"wp","href":"https:\/\/api.w.org\/{rel}","templated":true}]}}