{"id":11869,"date":"2020-03-25T09:59:20","date_gmt":"2020-03-25T12:59:20","guid":{"rendered":"https:\/\/radiosul.net\/wp\/?p=11869"},"modified":"2020-03-25T09:59:49","modified_gmt":"2020-03-25T12:59:49","slug":"mais-de-106-mil-idosos-sairam-de-casa-em-semana-de-vacinacao-contra-a-aftosa","status":"publish","type":"post","link":"https:\/\/radiosul.net\/wp\/2020\/mais-de-106-mil-idosos-sairam-de-casa-em-semana-de-vacinacao-contra-a-aftosa\/","title":{"rendered":"Mais de 10,6 mil idosos sa\u00edram de casa em semana de vacina\u00e7\u00e3o contra a aftosa"},"content":{"rendered":"\n<p class=\"wp-block-paragraph\"> Em uma semana da campanha da vacina\u00e7\u00e3o antecipada contra a febre  aftosa no Rio Grande do Sul, mais de 42 mil pecuaristas j\u00e1 se deslocaram  da zona rural at\u00e9 a cidade para comprar a vacina. Considerando os dados  j\u00e1 lan\u00e7ados no Sistema de Defesa Agropecu\u00e1ria (SDA) da Secretaria da  Agricultura, esse n\u00famero representa 15% do total de produtores que  precisam fazer a vacina no Estado &#8211; 277.389. <\/p>\n\n\n\n<p class=\"wp-block-paragraph\"> Segundo dados do Censo Agropecu\u00e1rio do Instituto Brasileiro de  Geografia e Estat\u00edstica (IBGE), 25% dos agricultores ga\u00fachos t\u00eam 65 anos  ou mais. Ou seja, dos 42.467 pecuaristas que j\u00e1 cumpriram com o que  determinou a pasta, a estimativa \u00e9 que em torno de 10,6 sejam idosos, os  mais afetados com a dissemina\u00e7\u00e3o do coronav\u00edrus. Em v\u00e1rios lugares &#8211;  inclusive Porto Alegre -, os idosos est\u00e3o sendo proibidos de sair de  casa para que fa\u00e7am o isolamento social. <\/p>\n\n\n\n<p class=\"wp-block-paragraph\"> &#8220;Manter a campanha da vacina\u00e7\u00e3o contra a aftosa neste per\u00edodo de  pandemia \u00e9 ir contra todas as orienta\u00e7\u00f5es do Minist\u00e9rio da Sa\u00fade&#8221;,  reafirma a fiscal estadual agropecu\u00e1ria Beatriz Scalzilli,  vice-presidenta da Associa\u00e7\u00e3o dos Fiscais Agropecu\u00e1rios do RS (Afagro).  H\u00e1 uma semana, a entidade vem alertando para os riscos e manifestando  posi\u00e7\u00e3o t\u00e9cnica contr\u00e1ria \u00e0 manuten\u00e7\u00e3o do calend\u00e1rio atual da vacina\u00e7\u00e3o  neste per\u00edodo de pandemia. Os dados, que se referem ao per\u00edodo de 16 a  23 de mar\u00e7o, mostram o volume de pessoas que se aglomeraram, em todo o  Estado, nas casas agropecu\u00e1rias para adquirir a vacina e nas inspetorias  de defesa agropecu\u00e1ria para comprovar a compra. <\/p>\n\n\n\n<p class=\"wp-block-paragraph\"> Ontem, a Secretaria da Agricultura decidiu manter a imuniza\u00e7\u00e3o do  rebanho at\u00e9 14 de abril. J\u00e1 a comunica\u00e7\u00e3o da vacina\u00e7\u00e3o, que tinha prazo  original de 22 de abril, ser\u00e1 estendida at\u00e9 30 de abril ou ter\u00e1 prazo  mais el\u00e1stico, conforme o andamento da pandemia. &#8220;Todos os prazos est\u00e3o  permanentemente sendo reavaliados&#8221;, explica a chefe do Departamento de  Sa\u00fade da Seapdr, Rosane Collares. <\/p>\n\n\n\n<p class=\"wp-block-paragraph\"><strong><em>Fonte: Jornal do Com\u00e9rcio<\/em><\/strong><\/p>\n","protected":false},"excerpt":{"rendered":"<p>Em uma semana da campanha da vacina\u00e7\u00e3o antecipada contra a febre aftosa no Rio Grande do Sul, mais de 42 mil pecuaristas j\u00e1 se deslocaram da zona rural at\u00e9 a cidade para comprar a vacina. Considerando os dados j\u00e1 lan\u00e7ados no Sistema de Defesa Agropecu\u00e1ria (SDA) da Secretaria da Agricultura, esse n\u00famero representa 15% do &hellip;<\/p>\n","protected":false},"author":9,"featured_media":11870,"comment_status":"closed","ping_status":"closed","sticky":false,"template":"","format":"standard","meta":{"_monsterinsights_skip_tracking":false,"_uf_show_specific_survey":0,"_uf_disable_surveys":false,"footnotes":""},"categories":[1,126,714],"tags":[],"class_list":["post-11869","post","type-post","status-publish","format-standard","has-post-thumbnail","hentry","category-agro","category-destacados","category-saude"],"aioseo_notices":[],"aioseo_head":"\n\t\t<!-- All in One SEO 5.0.1.1 - aioseo.com -->\n\t<meta name=\"description\" content=\"Em uma semana da campanha da vacina\u00e7\u00e3o antecipada contra a febre aftosa no Rio Grande do Sul, mais de 42 mil pecuaristas j\u00e1 se deslocaram da zona rural at\u00e9 a cidade para comprar a vacina. Considerando os dados j\u00e1 lan\u00e7ados no Sistema de Defesa Agropecu\u00e1ria (SDA) da Secretaria da Agricultura, esse n\u00famero representa 15% do\" \/>\n\t<meta name=\"robots\" content=\"max-image-preview:large\" \/>\n\t<meta name=\"author\" content=\"Alejo Bordon\"\/>\n\t<link rel=\"canonical\" href=\"https:\/\/radiosul.net\/wp\/2020\/mais-de-106-mil-idosos-sairam-de-casa-em-semana-de-vacinacao-contra-a-aftosa\/\" \/>\n\t<meta name=\"generator\" content=\"All in One SEO (AIOSEO) 5.0.1.1\" \/>\n\t\t<meta property=\"og:locale\" content=\"pt_BR\" \/>\n\t\t<meta property=\"og:site_name\" content=\"radiosul.net - Regional por Excel\u00eancia\" \/>\n\t\t<meta property=\"og:type\" content=\"article\" \/>\n\t\t<meta property=\"og:title\" content=\"Mais de 10,6 mil idosos sa\u00edram de casa em semana de vacina\u00e7\u00e3o contra a aftosa - radiosul.net\" \/>\n\t\t<meta property=\"og:description\" content=\"Em uma semana da campanha da vacina\u00e7\u00e3o antecipada contra a febre aftosa no Rio Grande do Sul, mais de 42 mil pecuaristas j\u00e1 se deslocaram da zona rural at\u00e9 a cidade para comprar a vacina. Considerando os dados j\u00e1 lan\u00e7ados no Sistema de Defesa Agropecu\u00e1ria (SDA) da Secretaria da Agricultura, esse n\u00famero representa 15% do\" \/>\n\t\t<meta property=\"og:url\" content=\"https:\/\/radiosul.net\/wp\/2020\/mais-de-106-mil-idosos-sairam-de-casa-em-semana-de-vacinacao-contra-a-aftosa\/\" \/>\n\t\t<meta property=\"article:published_time\" content=\"2020-03-25T12:59:20+00:00\" \/>\n\t\t<meta property=\"article:modified_time\" content=\"2020-03-25T12:59:49+00:00\" \/>\n\t\t<meta name=\"twitter:card\" content=\"summary_large_image\" \/>\n\t\t<meta name=\"twitter:title\" content=\"Mais de 10,6 mil idosos sa\u00edram de casa em semana de vacina\u00e7\u00e3o contra a aftosa - radiosul.net\" \/>\n\t\t<meta name=\"twitter:description\" content=\"Em uma semana da campanha da vacina\u00e7\u00e3o antecipada contra a febre aftosa no Rio Grande do Sul, mais de 42 mil pecuaristas j\u00e1 se deslocaram da zona rural at\u00e9 a cidade para comprar a vacina. Considerando os dados j\u00e1 lan\u00e7ados no Sistema de Defesa Agropecu\u00e1ria (SDA) da Secretaria da Agricultura, esse n\u00famero representa 15% do\" \/>\n\t\t<script type=\"application\/ld+json\" class=\"aioseo-schema\">\n\t\t\t{\"@context\":\"https:\\\/\\\/schema.org\",\"@graph\":[{\"@type\":\"BlogPosting\",\"@id\":\"https:\\\/\\\/radiosul.net\\\/wp\\\/2020\\\/mais-de-106-mil-idosos-sairam-de-casa-em-semana-de-vacinacao-contra-a-aftosa\\\/#blogposting\",\"name\":\"Mais de 10,6 mil idosos sa\\u00edram de casa em semana de vacina\\u00e7\\u00e3o contra a aftosa - radiosul.net\",\"headline\":\"Mais de 10,6 mil idosos sa\\u00edram de casa em semana de vacina\\u00e7\\u00e3o contra a aftosa\",\"author\":{\"@id\":\"https:\\\/\\\/radiosul.net\\\/wp\\\/author\\\/alejo\\\/#author\"},\"publisher\":{\"@id\":\"https:\\\/\\\/radiosul.net\\\/wp\\\/#organization\"},\"image\":{\"@type\":\"ImageObject\",\"url\":\"https:\\\/\\\/radiosul.net\\\/wp\\\/wp-content\\\/uploads\\\/2020\\\/03\\\/produtoridosovacaria_credito_divulgaao_afagro-9021173.jpg\",\"width\":800,\"height\":511},\"datePublished\":\"2020-03-25T09:59:20-03:00\",\"dateModified\":\"2020-03-25T09:59:49-03:00\",\"inLanguage\":\"pt-BR\",\"mainEntityOfPage\":{\"@id\":\"https:\\\/\\\/radiosul.net\\\/wp\\\/2020\\\/mais-de-106-mil-idosos-sairam-de-casa-em-semana-de-vacinacao-contra-a-aftosa\\\/#webpage\"},\"isPartOf\":{\"@id\":\"https:\\\/\\\/radiosul.net\\\/wp\\\/2020\\\/mais-de-106-mil-idosos-sairam-de-casa-em-semana-de-vacinacao-contra-a-aftosa\\\/#webpage\"},\"articleSection\":\"Agroneg\\u00f3cio, Destaque, Sa\\u00fade\"},{\"@type\":\"BreadcrumbList\",\"@id\":\"https:\\\/\\\/radiosul.net\\\/wp\\\/2020\\\/mais-de-106-mil-idosos-sairam-de-casa-em-semana-de-vacinacao-contra-a-aftosa\\\/#breadcrumblist\",\"itemListElement\":[{\"@type\":\"ListItem\",\"@id\":\"https:\\\/\\\/radiosul.net\\\/wp#listItem\",\"position\":1,\"name\":\"Home\",\"item\":\"https:\\\/\\\/radiosul.net\\\/wp\",\"nextItem\":{\"@type\":\"ListItem\",\"@id\":\"https:\\\/\\\/radiosul.net\\\/wp\\\/category\\\/agro\\\/#listItem\",\"name\":\"Agroneg\\u00f3cio\"}},{\"@type\":\"ListItem\",\"@id\":\"https:\\\/\\\/radiosul.net\\\/wp\\\/category\\\/agro\\\/#listItem\",\"position\":2,\"name\":\"Agroneg\\u00f3cio\",\"item\":\"https:\\\/\\\/radiosul.net\\\/wp\\\/category\\\/agro\\\/\",\"nextItem\":{\"@type\":\"ListItem\",\"@id\":\"https:\\\/\\\/radiosul.net\\\/wp\\\/2020\\\/mais-de-106-mil-idosos-sairam-de-casa-em-semana-de-vacinacao-contra-a-aftosa\\\/#listItem\",\"name\":\"Mais de 10,6 mil idosos sa\\u00edram de casa em semana de vacina\\u00e7\\u00e3o contra a aftosa\"},\"previousItem\":{\"@type\":\"ListItem\",\"@id\":\"https:\\\/\\\/radiosul.net\\\/wp#listItem\",\"name\":\"Home\"}},{\"@type\":\"ListItem\",\"@id\":\"https:\\\/\\\/radiosul.net\\\/wp\\\/2020\\\/mais-de-106-mil-idosos-sairam-de-casa-em-semana-de-vacinacao-contra-a-aftosa\\\/#listItem\",\"position\":3,\"name\":\"Mais de 10,6 mil idosos sa\\u00edram de casa em semana de vacina\\u00e7\\u00e3o contra a aftosa\",\"previousItem\":{\"@type\":\"ListItem\",\"@id\":\"https:\\\/\\\/radiosul.net\\\/wp\\\/category\\\/agro\\\/#listItem\",\"name\":\"Agroneg\\u00f3cio\"}}]},{\"@type\":\"Organization\",\"@id\":\"https:\\\/\\\/radiosul.net\\\/wp\\\/#organization\",\"name\":\"radiosul.net\",\"description\":\"Regional por Excel\\u00eancia\",\"url\":\"https:\\\/\\\/radiosul.net\\\/wp\\\/\"},{\"@type\":\"Person\",\"@id\":\"https:\\\/\\\/radiosul.net\\\/wp\\\/author\\\/alejo\\\/#author\",\"url\":\"https:\\\/\\\/radiosul.net\\\/wp\\\/author\\\/alejo\\\/\",\"name\":\"Alejo Bordon\",\"image\":{\"@type\":\"ImageObject\",\"@id\":\"https:\\\/\\\/radiosul.net\\\/wp\\\/2020\\\/mais-de-106-mil-idosos-sairam-de-casa-em-semana-de-vacinacao-contra-a-aftosa\\\/#authorImage\",\"url\":\"https:\\\/\\\/secure.gravatar.com\\\/avatar\\\/b3a7e7f1c71212e6a5b7183b79a2ab58dad8bdc4cd4eadd61c4434d010d0bae4?s=96&d=mm&r=g\",\"width\":96,\"height\":96,\"caption\":\"Alejo Bordon\"}},{\"@type\":\"WebPage\",\"@id\":\"https:\\\/\\\/radiosul.net\\\/wp\\\/2020\\\/mais-de-106-mil-idosos-sairam-de-casa-em-semana-de-vacinacao-contra-a-aftosa\\\/#webpage\",\"url\":\"https:\\\/\\\/radiosul.net\\\/wp\\\/2020\\\/mais-de-106-mil-idosos-sairam-de-casa-em-semana-de-vacinacao-contra-a-aftosa\\\/\",\"name\":\"Mais de 10,6 mil idosos sa\\u00edram de casa em semana de vacina\\u00e7\\u00e3o contra a aftosa - radiosul.net\",\"description\":\"Em uma semana da campanha da vacina\\u00e7\\u00e3o antecipada contra a febre aftosa no Rio Grande do Sul, mais de 42 mil pecuaristas j\\u00e1 se deslocaram da zona rural at\\u00e9 a cidade para comprar a vacina. Considerando os dados j\\u00e1 lan\\u00e7ados no Sistema de Defesa Agropecu\\u00e1ria (SDA) da Secretaria da Agricultura, esse n\\u00famero representa 15% do\",\"inLanguage\":\"pt-BR\",\"isPartOf\":{\"@id\":\"https:\\\/\\\/radiosul.net\\\/wp\\\/#website\"},\"breadcrumb\":{\"@id\":\"https:\\\/\\\/radiosul.net\\\/wp\\\/2020\\\/mais-de-106-mil-idosos-sairam-de-casa-em-semana-de-vacinacao-contra-a-aftosa\\\/#breadcrumblist\"},\"author\":{\"@id\":\"https:\\\/\\\/radiosul.net\\\/wp\\\/author\\\/alejo\\\/#author\"},\"creator\":{\"@id\":\"https:\\\/\\\/radiosul.net\\\/wp\\\/author\\\/alejo\\\/#author\"},\"image\":{\"@type\":\"ImageObject\",\"url\":\"https:\\\/\\\/radiosul.net\\\/wp\\\/wp-content\\\/uploads\\\/2020\\\/03\\\/produtoridosovacaria_credito_divulgaao_afagro-9021173.jpg\",\"@id\":\"https:\\\/\\\/radiosul.net\\\/wp\\\/2020\\\/mais-de-106-mil-idosos-sairam-de-casa-em-semana-de-vacinacao-contra-a-aftosa\\\/#mainImage\",\"width\":800,\"height\":511},\"primaryImageOfPage\":{\"@id\":\"https:\\\/\\\/radiosul.net\\\/wp\\\/2020\\\/mais-de-106-mil-idosos-sairam-de-casa-em-semana-de-vacinacao-contra-a-aftosa\\\/#mainImage\"},\"datePublished\":\"2020-03-25T09:59:20-03:00\",\"dateModified\":\"2020-03-25T09:59:49-03:00\"},{\"@type\":\"WebSite\",\"@id\":\"https:\\\/\\\/radiosul.net\\\/wp\\\/#website\",\"url\":\"https:\\\/\\\/radiosul.net\\\/wp\\\/\",\"name\":\"radiosul.net\",\"description\":\"Regional por Excel\\u00eancia\",\"inLanguage\":\"pt-BR\",\"publisher\":{\"@id\":\"https:\\\/\\\/radiosul.net\\\/wp\\\/#organization\"}}]}\n\t\t<\/script>\n\t\t<!-- All in One SEO -->\n\n","aioseo_head_json":{"title":"Mais de 10,6 mil idosos sa\u00edram de casa em semana de vacina\u00e7\u00e3o contra a aftosa - radiosul.net","description":"Em uma semana da campanha da vacina\u00e7\u00e3o antecipada contra a febre aftosa no Rio Grande do Sul, mais de 42 mil pecuaristas j\u00e1 se deslocaram da zona rural at\u00e9 a cidade para comprar a vacina. Considerando os dados j\u00e1 lan\u00e7ados no Sistema de Defesa Agropecu\u00e1ria (SDA) da Secretaria da Agricultura, esse n\u00famero representa 15% do","canonical_url":"https:\/\/radiosul.net\/wp\/2020\/mais-de-106-mil-idosos-sairam-de-casa-em-semana-de-vacinacao-contra-a-aftosa\/","robots":"max-image-preview:large","keywords":"","webmasterTools":{"miscellaneous":""},"schema":{"@context":"https:\/\/schema.org","@graph":[{"@type":"BlogPosting","@id":"https:\/\/radiosul.net\/wp\/2020\/mais-de-106-mil-idosos-sairam-de-casa-em-semana-de-vacinacao-contra-a-aftosa\/#blogposting","name":"Mais de 10,6 mil idosos sa\u00edram de casa em semana de vacina\u00e7\u00e3o contra a aftosa - radiosul.net","headline":"Mais de 10,6 mil idosos sa\u00edram de casa em semana de vacina\u00e7\u00e3o contra a aftosa","author":{"@id":"https:\/\/radiosul.net\/wp\/author\/alejo\/#author"},"publisher":{"@id":"https:\/\/radiosul.net\/wp\/#organization"},"image":{"@type":"ImageObject","url":"https:\/\/radiosul.net\/wp\/wp-content\/uploads\/2020\/03\/produtoridosovacaria_credito_divulgaao_afagro-9021173.jpg","width":800,"height":511},"datePublished":"2020-03-25T09:59:20-03:00","dateModified":"2020-03-25T09:59:49-03:00","inLanguage":"pt-BR","mainEntityOfPage":{"@id":"https:\/\/radiosul.net\/wp\/2020\/mais-de-106-mil-idosos-sairam-de-casa-em-semana-de-vacinacao-contra-a-aftosa\/#webpage"},"isPartOf":{"@id":"https:\/\/radiosul.net\/wp\/2020\/mais-de-106-mil-idosos-sairam-de-casa-em-semana-de-vacinacao-contra-a-aftosa\/#webpage"},"articleSection":"Agroneg\u00f3cio, Destaque, Sa\u00fade"},{"@type":"BreadcrumbList","@id":"https:\/\/radiosul.net\/wp\/2020\/mais-de-106-mil-idosos-sairam-de-casa-em-semana-de-vacinacao-contra-a-aftosa\/#breadcrumblist","itemListElement":[{"@type":"ListItem","@id":"https:\/\/radiosul.net\/wp#listItem","position":1,"name":"Home","item":"https:\/\/radiosul.net\/wp","nextItem":{"@type":"ListItem","@id":"https:\/\/radiosul.net\/wp\/category\/agro\/#listItem","name":"Agroneg\u00f3cio"}},{"@type":"ListItem","@id":"https:\/\/radiosul.net\/wp\/category\/agro\/#listItem","position":2,"name":"Agroneg\u00f3cio","item":"https:\/\/radiosul.net\/wp\/category\/agro\/","nextItem":{"@type":"ListItem","@id":"https:\/\/radiosul.net\/wp\/2020\/mais-de-106-mil-idosos-sairam-de-casa-em-semana-de-vacinacao-contra-a-aftosa\/#listItem","name":"Mais de 10,6 mil idosos sa\u00edram de casa em semana de vacina\u00e7\u00e3o contra a aftosa"},"previousItem":{"@type":"ListItem","@id":"https:\/\/radiosul.net\/wp#listItem","name":"Home"}},{"@type":"ListItem","@id":"https:\/\/radiosul.net\/wp\/2020\/mais-de-106-mil-idosos-sairam-de-casa-em-semana-de-vacinacao-contra-a-aftosa\/#listItem","position":3,"name":"Mais de 10,6 mil idosos sa\u00edram de casa em semana de vacina\u00e7\u00e3o contra a aftosa","previousItem":{"@type":"ListItem","@id":"https:\/\/radiosul.net\/wp\/category\/agro\/#listItem","name":"Agroneg\u00f3cio"}}]},{"@type":"Organization","@id":"https:\/\/radiosul.net\/wp\/#organization","name":"radiosul.net","description":"Regional por Excel\u00eancia","url":"https:\/\/radiosul.net\/wp\/"},{"@type":"Person","@id":"https:\/\/radiosul.net\/wp\/author\/alejo\/#author","url":"https:\/\/radiosul.net\/wp\/author\/alejo\/","name":"Alejo Bordon","image":{"@type":"ImageObject","@id":"https:\/\/radiosul.net\/wp\/2020\/mais-de-106-mil-idosos-sairam-de-casa-em-semana-de-vacinacao-contra-a-aftosa\/#authorImage","url":"https:\/\/secure.gravatar.com\/avatar\/b3a7e7f1c71212e6a5b7183b79a2ab58dad8bdc4cd4eadd61c4434d010d0bae4?s=96&d=mm&r=g","width":96,"height":96,"caption":"Alejo Bordon"}},{"@type":"WebPage","@id":"https:\/\/radiosul.net\/wp\/2020\/mais-de-106-mil-idosos-sairam-de-casa-em-semana-de-vacinacao-contra-a-aftosa\/#webpage","url":"https:\/\/radiosul.net\/wp\/2020\/mais-de-106-mil-idosos-sairam-de-casa-em-semana-de-vacinacao-contra-a-aftosa\/","name":"Mais de 10,6 mil idosos sa\u00edram de casa em semana de vacina\u00e7\u00e3o contra a aftosa - radiosul.net","description":"Em uma semana da campanha da vacina\u00e7\u00e3o antecipada contra a febre aftosa no Rio Grande do Sul, mais de 42 mil pecuaristas j\u00e1 se deslocaram da zona rural at\u00e9 a cidade para comprar a vacina. Considerando os dados j\u00e1 lan\u00e7ados no Sistema de Defesa Agropecu\u00e1ria (SDA) da Secretaria da Agricultura, esse n\u00famero representa 15% do","inLanguage":"pt-BR","isPartOf":{"@id":"https:\/\/radiosul.net\/wp\/#website"},"breadcrumb":{"@id":"https:\/\/radiosul.net\/wp\/2020\/mais-de-106-mil-idosos-sairam-de-casa-em-semana-de-vacinacao-contra-a-aftosa\/#breadcrumblist"},"author":{"@id":"https:\/\/radiosul.net\/wp\/author\/alejo\/#author"},"creator":{"@id":"https:\/\/radiosul.net\/wp\/author\/alejo\/#author"},"image":{"@type":"ImageObject","url":"https:\/\/radiosul.net\/wp\/wp-content\/uploads\/2020\/03\/produtoridosovacaria_credito_divulgaao_afagro-9021173.jpg","@id":"https:\/\/radiosul.net\/wp\/2020\/mais-de-106-mil-idosos-sairam-de-casa-em-semana-de-vacinacao-contra-a-aftosa\/#mainImage","width":800,"height":511},"primaryImageOfPage":{"@id":"https:\/\/radiosul.net\/wp\/2020\/mais-de-106-mil-idosos-sairam-de-casa-em-semana-de-vacinacao-contra-a-aftosa\/#mainImage"},"datePublished":"2020-03-25T09:59:20-03:00","dateModified":"2020-03-25T09:59:49-03:00"},{"@type":"WebSite","@id":"https:\/\/radiosul.net\/wp\/#website","url":"https:\/\/radiosul.net\/wp\/","name":"radiosul.net","description":"Regional por Excel\u00eancia","inLanguage":"pt-BR","publisher":{"@id":"https:\/\/radiosul.net\/wp\/#organization"}}]},"og:locale":"pt_BR","og:site_name":"radiosul.net - Regional por Excel\u00eancia","og:type":"article","og:title":"Mais de 10,6 mil idosos sa\u00edram de casa em semana de vacina\u00e7\u00e3o contra a aftosa - radiosul.net","og:description":"Em uma semana da campanha da vacina\u00e7\u00e3o antecipada contra a febre aftosa no Rio Grande do Sul, mais de 42 mil pecuaristas j\u00e1 se deslocaram da zona rural at\u00e9 a cidade para comprar a vacina. Considerando os dados j\u00e1 lan\u00e7ados no Sistema de Defesa Agropecu\u00e1ria (SDA) da Secretaria da Agricultura, esse n\u00famero representa 15% do","og:url":"https:\/\/radiosul.net\/wp\/2020\/mais-de-106-mil-idosos-sairam-de-casa-em-semana-de-vacinacao-contra-a-aftosa\/","article:published_time":"2020-03-25T12:59:20+00:00","article:modified_time":"2020-03-25T12:59:49+00:00","twitter:card":"summary_large_image","twitter:title":"Mais de 10,6 mil idosos sa\u00edram de casa em semana de vacina\u00e7\u00e3o contra a aftosa - radiosul.net","twitter:description":"Em uma semana da campanha da vacina\u00e7\u00e3o antecipada contra a febre aftosa no Rio Grande do Sul, mais de 42 mil pecuaristas j\u00e1 se deslocaram da zona rural at\u00e9 a cidade para comprar a vacina. Considerando os dados j\u00e1 lan\u00e7ados no Sistema de Defesa Agropecu\u00e1ria (SDA) da Secretaria da Agricultura, esse n\u00famero representa 15% do"},"aioseo_meta_data":{"post_id":"11869","title":null,"description":null,"keywords":null,"keyphrases":null,"primary_term":null,"canonical_url":null,"og_title":null,"og_description":null,"og_object_type":"default","og_image_type":"default","og_image_url":null,"og_image_width":null,"og_image_height":null,"og_image_custom_url":null,"og_image_custom_fields":null,"og_video":null,"og_custom_url":null,"og_article_section":null,"og_article_tags":null,"twitter_use_og":false,"twitter_card":"default","twitter_image_type":"default","twitter_image_url":null,"twitter_image_custom_url":null,"twitter_image_custom_fields":null,"twitter_title":null,"twitter_description":null,"schema":{"blockGraphs":[],"customGraphs":[],"default":{"data":{"Article":[],"Course":[],"Dataset":[],"FAQPage":[],"Movie":[],"Person":[],"Product":[],"ProductReview":[],"Car":[],"Recipe":[],"Service":[],"SoftwareApplication":[],"WebPage":[]},"graphName":"","isEnabled":true},"graphs":[]},"schema_type":"default","schema_type_options":null,"pillar_content":false,"robots_default":true,"robots_noindex":false,"robots_noarchive":false,"robots_nosnippet":false,"robots_nofollow":false,"robots_noimageindex":false,"robots_noodp":false,"robots_notranslate":false,"robots_max_snippet":null,"robots_max_videopreview":null,"robots_max_imagepreview":"large","priority":null,"frequency":null,"local_seo":null,"breadcrumb_settings":null,"limit_modified_date":false,"ai":null,"created":"2026-01-08 19:52:57","updated":"2026-01-08 19:52:57","seo_analyzer_scan_date":null,"focus_keyword":null,"additional_keywords":null,"truseo_locale":null},"aioseo_breadcrumb":"<div class=\"aioseo-breadcrumbs\"><span class=\"aioseo-breadcrumb\">\n\t\t\t<a href=\"https:\/\/radiosul.net\/wp\" title=\"Home\">Home<\/a>\n\t\t<\/span><span class=\"aioseo-breadcrumb-separator\">&raquo;<\/span><span class=\"aioseo-breadcrumb\">\n\t\t\t<a href=\"https:\/\/radiosul.net\/wp\/category\/agro\/\" title=\"Agroneg\u00f3cio\">Agroneg\u00f3cio<\/a>\n\t\t<\/span><span class=\"aioseo-breadcrumb-separator\">&raquo;<\/span><span class=\"aioseo-breadcrumb\">\n\t\t\tMais de 10,6 mil idosos sa\u00edram de casa em semana de vacina\u00e7\u00e3o contra a aftosa\n\t\t<\/span><\/div>","aioseo_breadcrumb_json":[{"label":"Home","link":"https:\/\/radiosul.net\/wp"},{"label":"Agroneg\u00f3cio","link":"https:\/\/radiosul.net\/wp\/category\/agro\/"},{"label":"Mais de 10,6 mil idosos sa\u00edram de casa em semana de vacina\u00e7\u00e3o contra a aftosa","link":"https:\/\/radiosul.net\/wp\/2020\/mais-de-106-mil-idosos-sairam-de-casa-em-semana-de-vacinacao-contra-a-aftosa\/"}],"_links":{"self":[{"href":"https:\/\/radiosul.net\/wp\/wp-json\/wp\/v2\/posts\/11869","targetHints":{"allow":["GET"]}}],"collection":[{"href":"https:\/\/radiosul.net\/wp\/wp-json\/wp\/v2\/posts"}],"about":[{"href":"https:\/\/radiosul.net\/wp\/wp-json\/wp\/v2\/types\/post"}],"author":[{"embeddable":true,"href":"https:\/\/radiosul.net\/wp\/wp-json\/wp\/v2\/users\/9"}],"replies":[{"embeddable":true,"href":"https:\/\/radiosul.net\/wp\/wp-json\/wp\/v2\/comments?post=11869"}],"version-history":[{"count":1,"href":"https:\/\/radiosul.net\/wp\/wp-json\/wp\/v2\/posts\/11869\/revisions"}],"predecessor-version":[{"id":11871,"href":"https:\/\/radiosul.net\/wp\/wp-json\/wp\/v2\/posts\/11869\/revisions\/11871"}],"wp:featuredmedia":[{"embeddable":true,"href":"https:\/\/radiosul.net\/wp\/wp-json\/wp\/v2\/media\/11870"}],"wp:attachment":[{"href":"https:\/\/radiosul.net\/wp\/wp-json\/wp\/v2\/media?parent=11869"}],"wp:term":[{"taxonomy":"category","embeddable":true,"href":"https:\/\/radiosul.net\/wp\/wp-json\/wp\/v2\/categories?post=11869"},{"taxonomy":"post_tag","embeddable":true,"href":"https:\/\/radiosul.net\/wp\/wp-json\/wp\/v2\/tags?post=11869"}],"curies":[{"name":"wp","href":"https:\/\/api.w.org\/{rel}","templated":true}]}}