{"id":11728,"date":"2020-03-18T06:43:28","date_gmt":"2020-03-18T09:43:28","guid":{"rendered":"https:\/\/radiosul.net\/wp\/?p=11728"},"modified":"2020-03-18T06:43:30","modified_gmt":"2020-03-18T09:43:30","slug":"coronavirus-entenda-qual-condicao-climatica-e-mais-favoravel-a-transmissao","status":"publish","type":"post","link":"https:\/\/radiosul.net\/wp\/2020\/coronavirus-entenda-qual-condicao-climatica-e-mais-favoravel-a-transmissao\/","title":{"rendered":"Coronav\u00edrus: entenda qual condi\u00e7\u00e3o clim\u00e1tica \u00e9 mais favor\u00e1vel \u00e0 transmiss\u00e3o"},"content":{"rendered":"\n<p class=\"wp-block-paragraph\"><em>Estudo confirma que altas temperaturas e  umidade relativa reduzem significativamente a transmiss\u00e3o da Covid-19,  mas o outono est\u00e1 a caminho do Brasil<\/em><\/p>\n\n\n\n<p class=\"wp-block-paragraph\">O Brasil est\u00e1 a caminho do outono que come\u00e7a na pr\u00f3xima sexta-feira, \n20. A esta\u00e7\u00e3o j\u00e1 \u00e9 conhecida por aumentar os casos de doen\u00e7as \nrespirat\u00f3rias, justamente porque o tempo seco aumenta a concentra\u00e7\u00e3o de \npoluentes e acaba sendo um gatilho que propaga a maior dissemina\u00e7\u00e3o de \nalguns v\u00edrus como a gripe comum, afetando mais crian\u00e7as e idosos. Diante\n da pandemia de coronav\u00edrus, entrar na nova esta\u00e7\u00e3o acaba sendo mais um \nagravante para a preocupa\u00e7\u00e3o de toda a popula\u00e7\u00e3o.<\/p>\n\n\n\n<p class=\"wp-block-paragraph\">Como  estamos em um ano de neutralidade clim\u00e1tica, sem El Ni\u00f1o e nem La Ni\u00f1a,  a tend\u00eancia \u00e9 termos um outono dentro da normalidade clim\u00e1tica, ou  seja, as ondas de frio v\u00e3o avan\u00e7ar pelo Centro-Sul do pa\u00eds de forma  antecipada. \u201cJ\u00e1 pudemos observar um fevereiro e mar\u00e7o com alguns dias de  temperaturas mais amenas, \u00e9 inevit\u00e1vel que o frio chegue mais cedo este  ano com altern\u00e2ncias de temperaturas\u201d, diz Celso Oliveira,  meteorologista da Somar.<\/p>\n\n\n\n<p class=\"wp-block-paragraph\">Quedas bruscas de temperatura tamb\u00e9m s\u00e3o um grande problema porque  diminuem a imunidade das pessoas, segundo m\u00e9dicos e especialistas.<\/p>\n\n\n\n<p class=\"wp-block-paragraph\"> Um estudo feito pelo Centro Chin\u00eas de Controle e Preven\u00e7\u00e3o de Doen\u00e7as,  respons\u00e1vel pela detec\u00e7\u00e3o de 4.711 casos na China confirmou realmente  que a alta temperatura e a alta umidade relativa reduzem  significativamente a transmiss\u00e3o da Covid-19. O estudo publicado na  revista cient\u00edfica social Science Research Network (SSRN) indica que a  chegada do ver\u00e3o e da esta\u00e7\u00e3o das chuvas no Hemisf\u00e9rio Norte pode  reduzir efetivamente a transmiss\u00e3o do coronav\u00edrus. <\/p>\n\n\n\n<p class=\"wp-block-paragraph\">Essa foi a conclus\u00e3o do grupo de cientistas, que analisou \nestat\u00edsticas, curvas de crescimento de tend\u00eancias, esta\u00e7\u00f5es \nmeteorol\u00f3gicas e rastreou o contato entre pessoas que foram \ndiagnosticadas com a Covid-19. Vale ressaltar que, apesar de todas as \nan\u00e1lises, o estudo indica que <strong>provavelmente o clima quente e \u00famido seja capaz de matar o coronav\u00edrus<\/strong>\n \u2013 isso n\u00e3o quer dizer que a doen\u00e7a vai parar de se propagar mundo \nafora. Afinal j\u00e1 tivemos diversos casos em pa\u00edses em pleno ver\u00e3o como a \nAustr\u00e1lia e o Brasil.<\/p>\n\n\n\n<p class=\"wp-block-paragraph\">A boa not\u00edcia \u00e9 que um pouco de sol e chuva \npode desacelerar o n\u00famero de contamina\u00e7\u00f5es no Hemisf\u00e9rio Norte, mas cabe\n aos pa\u00edses do Hemisf\u00e9rio Sul continuarem aplicando as medidas de \npreven\u00e7\u00e3o indicadas j\u00e1 que est\u00e3o \u00e0 caminho das esta\u00e7\u00f5es mais frias \nagora.<\/p>\n\n\n\n<p class=\"wp-block-paragraph\">\u201cNo\n outono e inverno, o comportamento social das pessoas geralmente j\u00e1 \u00e9 se\n manter mais em ambientes fechados, que outrora seriam mais aglomerados,\n sem este surto. A conscientiza\u00e7\u00e3o social j\u00e1 implantada no fim deste \nver\u00e3o deve manter mais as pessoas dentro de suas pr\u00f3prias casas\u201d, \ncomenta Celso.<\/p>\n\n\n\n<p class=\"wp-block-paragraph\">Diversas empresas j\u00e1 est\u00e3o adotando o sistema home \noffice, inclusive Celso j\u00e1 est\u00e1 afastado da empresa desde o in\u00edcio da \nsemana fazendo todo o monitoramento de tempo e clima de forma remota e \natendendo os mais diversos clientes da empresa.<\/p>\n\n\n\n<p class=\"wp-block-paragraph\">Conscientiza\u00e7\u00e3o  sobre a gravidade do problema fez as empresas reagirem antes para a  preven\u00e7\u00e3o. \u201cA preven\u00e7\u00e3o \u00e9 o nosso melhor term\u00f4metro agora\u201d, finaliza  ele.<\/p>\n\n\n\n<p class=\"wp-block-paragraph\"><strong><em>Fonte: Canal Rural<\/em><\/strong><\/p>\n","protected":false},"excerpt":{"rendered":"<p>Estudo confirma que altas temperaturas e umidade relativa reduzem significativamente a transmiss\u00e3o da Covid-19, mas o outono est\u00e1 a caminho do Brasil O Brasil est\u00e1 a caminho do outono que come\u00e7a na pr\u00f3xima sexta-feira, 20. A esta\u00e7\u00e3o j\u00e1 \u00e9 conhecida por aumentar os casos de doen\u00e7as respirat\u00f3rias, justamente porque o tempo seco aumenta a concentra\u00e7\u00e3o &hellip;<\/p>\n","protected":false},"author":9,"featured_media":11729,"comment_status":"closed","ping_status":"closed","sticky":false,"template":"","format":"standard","meta":{"_monsterinsights_skip_tracking":false,"_uf_show_specific_survey":0,"_uf_disable_surveys":false,"footnotes":""},"categories":[126,714],"tags":[],"class_list":["post-11728","post","type-post","status-publish","format-standard","has-post-thumbnail","hentry","category-destacados","category-saude"],"aioseo_notices":[],"aioseo_head":"\n\t\t<!-- All in One SEO 5.0.1.1 - aioseo.com -->\n\t<meta name=\"description\" content=\"Estudo confirma que altas temperaturas e umidade relativa reduzem significativamente a transmiss\u00e3o da Covid-19, mas o outono est\u00e1 a caminho do Brasil O Brasil est\u00e1 a caminho do outono que come\u00e7a na pr\u00f3xima sexta-feira, 20. A esta\u00e7\u00e3o j\u00e1 \u00e9 conhecida por aumentar os casos de doen\u00e7as respirat\u00f3rias, justamente porque o tempo seco aumenta a concentra\u00e7\u00e3o\" \/>\n\t<meta name=\"robots\" content=\"max-image-preview:large\" \/>\n\t<meta name=\"author\" content=\"Alejo Bordon\"\/>\n\t<link rel=\"canonical\" href=\"https:\/\/radiosul.net\/wp\/2020\/coronavirus-entenda-qual-condicao-climatica-e-mais-favoravel-a-transmissao\/\" \/>\n\t<meta name=\"generator\" content=\"All in One SEO (AIOSEO) 5.0.1.1\" \/>\n\t\t<meta property=\"og:locale\" content=\"pt_BR\" \/>\n\t\t<meta property=\"og:site_name\" content=\"radiosul.net - Regional por Excel\u00eancia\" \/>\n\t\t<meta property=\"og:type\" content=\"article\" \/>\n\t\t<meta property=\"og:title\" content=\"Coronav\u00edrus: entenda qual condi\u00e7\u00e3o clim\u00e1tica \u00e9 mais favor\u00e1vel \u00e0 transmiss\u00e3o - radiosul.net\" \/>\n\t\t<meta property=\"og:description\" content=\"Estudo confirma que altas temperaturas e umidade relativa reduzem significativamente a transmiss\u00e3o da Covid-19, mas o outono est\u00e1 a caminho do Brasil O Brasil est\u00e1 a caminho do outono que come\u00e7a na pr\u00f3xima sexta-feira, 20. A esta\u00e7\u00e3o j\u00e1 \u00e9 conhecida por aumentar os casos de doen\u00e7as respirat\u00f3rias, justamente porque o tempo seco aumenta a concentra\u00e7\u00e3o\" \/>\n\t\t<meta property=\"og:url\" content=\"https:\/\/radiosul.net\/wp\/2020\/coronavirus-entenda-qual-condicao-climatica-e-mais-favoravel-a-transmissao\/\" \/>\n\t\t<meta property=\"article:published_time\" content=\"2020-03-18T09:43:28+00:00\" \/>\n\t\t<meta property=\"article:modified_time\" content=\"2020-03-18T09:43:30+00:00\" \/>\n\t\t<meta name=\"twitter:card\" content=\"summary_large_image\" \/>\n\t\t<meta name=\"twitter:title\" content=\"Coronav\u00edrus: entenda qual condi\u00e7\u00e3o clim\u00e1tica \u00e9 mais favor\u00e1vel \u00e0 transmiss\u00e3o - radiosul.net\" \/>\n\t\t<meta name=\"twitter:description\" content=\"Estudo confirma que altas temperaturas e umidade relativa reduzem significativamente a transmiss\u00e3o da Covid-19, mas o outono est\u00e1 a caminho do Brasil O Brasil est\u00e1 a caminho do outono que come\u00e7a na pr\u00f3xima sexta-feira, 20. A esta\u00e7\u00e3o j\u00e1 \u00e9 conhecida por aumentar os casos de doen\u00e7as respirat\u00f3rias, justamente porque o tempo seco aumenta a concentra\u00e7\u00e3o\" \/>\n\t\t<script type=\"application\/ld+json\" class=\"aioseo-schema\">\n\t\t\t{\"@context\":\"https:\\\/\\\/schema.org\",\"@graph\":[{\"@type\":\"BlogPosting\",\"@id\":\"https:\\\/\\\/radiosul.net\\\/wp\\\/2020\\\/coronavirus-entenda-qual-condicao-climatica-e-mais-favoravel-a-transmissao\\\/#blogposting\",\"name\":\"Coronav\\u00edrus: entenda qual condi\\u00e7\\u00e3o clim\\u00e1tica \\u00e9 mais favor\\u00e1vel \\u00e0 transmiss\\u00e3o - radiosul.net\",\"headline\":\"Coronav\\u00edrus: entenda qual condi\\u00e7\\u00e3o clim\\u00e1tica \\u00e9 mais favor\\u00e1vel \\u00e0 transmiss\\u00e3o\",\"author\":{\"@id\":\"https:\\\/\\\/radiosul.net\\\/wp\\\/author\\\/alejo\\\/#author\"},\"publisher\":{\"@id\":\"https:\\\/\\\/radiosul.net\\\/wp\\\/#organization\"},\"image\":{\"@type\":\"ImageObject\",\"url\":\"https:\\\/\\\/radiosul.net\\\/wp\\\/wp-content\\\/uploads\\\/2020\\\/03\\\/virus-4835301_1920.jpg\",\"width\":1920,\"height\":1080},\"datePublished\":\"2020-03-18T06:43:28-03:00\",\"dateModified\":\"2020-03-18T06:43:30-03:00\",\"inLanguage\":\"pt-BR\",\"mainEntityOfPage\":{\"@id\":\"https:\\\/\\\/radiosul.net\\\/wp\\\/2020\\\/coronavirus-entenda-qual-condicao-climatica-e-mais-favoravel-a-transmissao\\\/#webpage\"},\"isPartOf\":{\"@id\":\"https:\\\/\\\/radiosul.net\\\/wp\\\/2020\\\/coronavirus-entenda-qual-condicao-climatica-e-mais-favoravel-a-transmissao\\\/#webpage\"},\"articleSection\":\"Destaque, Sa\\u00fade\"},{\"@type\":\"BreadcrumbList\",\"@id\":\"https:\\\/\\\/radiosul.net\\\/wp\\\/2020\\\/coronavirus-entenda-qual-condicao-climatica-e-mais-favoravel-a-transmissao\\\/#breadcrumblist\",\"itemListElement\":[{\"@type\":\"ListItem\",\"@id\":\"https:\\\/\\\/radiosul.net\\\/wp#listItem\",\"position\":1,\"name\":\"Home\",\"item\":\"https:\\\/\\\/radiosul.net\\\/wp\",\"nextItem\":{\"@type\":\"ListItem\",\"@id\":\"https:\\\/\\\/radiosul.net\\\/wp\\\/category\\\/destacados\\\/#listItem\",\"name\":\"Destaque\"}},{\"@type\":\"ListItem\",\"@id\":\"https:\\\/\\\/radiosul.net\\\/wp\\\/category\\\/destacados\\\/#listItem\",\"position\":2,\"name\":\"Destaque\",\"item\":\"https:\\\/\\\/radiosul.net\\\/wp\\\/category\\\/destacados\\\/\",\"nextItem\":{\"@type\":\"ListItem\",\"@id\":\"https:\\\/\\\/radiosul.net\\\/wp\\\/2020\\\/coronavirus-entenda-qual-condicao-climatica-e-mais-favoravel-a-transmissao\\\/#listItem\",\"name\":\"Coronav\\u00edrus: entenda qual condi\\u00e7\\u00e3o clim\\u00e1tica \\u00e9 mais favor\\u00e1vel \\u00e0 transmiss\\u00e3o\"},\"previousItem\":{\"@type\":\"ListItem\",\"@id\":\"https:\\\/\\\/radiosul.net\\\/wp#listItem\",\"name\":\"Home\"}},{\"@type\":\"ListItem\",\"@id\":\"https:\\\/\\\/radiosul.net\\\/wp\\\/2020\\\/coronavirus-entenda-qual-condicao-climatica-e-mais-favoravel-a-transmissao\\\/#listItem\",\"position\":3,\"name\":\"Coronav\\u00edrus: entenda qual condi\\u00e7\\u00e3o clim\\u00e1tica \\u00e9 mais favor\\u00e1vel \\u00e0 transmiss\\u00e3o\",\"previousItem\":{\"@type\":\"ListItem\",\"@id\":\"https:\\\/\\\/radiosul.net\\\/wp\\\/category\\\/destacados\\\/#listItem\",\"name\":\"Destaque\"}}]},{\"@type\":\"Organization\",\"@id\":\"https:\\\/\\\/radiosul.net\\\/wp\\\/#organization\",\"name\":\"radiosul.net\",\"description\":\"Regional por Excel\\u00eancia\",\"url\":\"https:\\\/\\\/radiosul.net\\\/wp\\\/\"},{\"@type\":\"Person\",\"@id\":\"https:\\\/\\\/radiosul.net\\\/wp\\\/author\\\/alejo\\\/#author\",\"url\":\"https:\\\/\\\/radiosul.net\\\/wp\\\/author\\\/alejo\\\/\",\"name\":\"Alejo Bordon\",\"image\":{\"@type\":\"ImageObject\",\"@id\":\"https:\\\/\\\/radiosul.net\\\/wp\\\/2020\\\/coronavirus-entenda-qual-condicao-climatica-e-mais-favoravel-a-transmissao\\\/#authorImage\",\"url\":\"https:\\\/\\\/secure.gravatar.com\\\/avatar\\\/b3a7e7f1c71212e6a5b7183b79a2ab58dad8bdc4cd4eadd61c4434d010d0bae4?s=96&d=mm&r=g\",\"width\":96,\"height\":96,\"caption\":\"Alejo Bordon\"}},{\"@type\":\"WebPage\",\"@id\":\"https:\\\/\\\/radiosul.net\\\/wp\\\/2020\\\/coronavirus-entenda-qual-condicao-climatica-e-mais-favoravel-a-transmissao\\\/#webpage\",\"url\":\"https:\\\/\\\/radiosul.net\\\/wp\\\/2020\\\/coronavirus-entenda-qual-condicao-climatica-e-mais-favoravel-a-transmissao\\\/\",\"name\":\"Coronav\\u00edrus: entenda qual condi\\u00e7\\u00e3o clim\\u00e1tica \\u00e9 mais favor\\u00e1vel \\u00e0 transmiss\\u00e3o - radiosul.net\",\"description\":\"Estudo confirma que altas temperaturas e umidade relativa reduzem significativamente a transmiss\\u00e3o da Covid-19, mas o outono est\\u00e1 a caminho do Brasil O Brasil est\\u00e1 a caminho do outono que come\\u00e7a na pr\\u00f3xima sexta-feira, 20. A esta\\u00e7\\u00e3o j\\u00e1 \\u00e9 conhecida por aumentar os casos de doen\\u00e7as respirat\\u00f3rias, justamente porque o tempo seco aumenta a concentra\\u00e7\\u00e3o\",\"inLanguage\":\"pt-BR\",\"isPartOf\":{\"@id\":\"https:\\\/\\\/radiosul.net\\\/wp\\\/#website\"},\"breadcrumb\":{\"@id\":\"https:\\\/\\\/radiosul.net\\\/wp\\\/2020\\\/coronavirus-entenda-qual-condicao-climatica-e-mais-favoravel-a-transmissao\\\/#breadcrumblist\"},\"author\":{\"@id\":\"https:\\\/\\\/radiosul.net\\\/wp\\\/author\\\/alejo\\\/#author\"},\"creator\":{\"@id\":\"https:\\\/\\\/radiosul.net\\\/wp\\\/author\\\/alejo\\\/#author\"},\"image\":{\"@type\":\"ImageObject\",\"url\":\"https:\\\/\\\/radiosul.net\\\/wp\\\/wp-content\\\/uploads\\\/2020\\\/03\\\/virus-4835301_1920.jpg\",\"@id\":\"https:\\\/\\\/radiosul.net\\\/wp\\\/2020\\\/coronavirus-entenda-qual-condicao-climatica-e-mais-favoravel-a-transmissao\\\/#mainImage\",\"width\":1920,\"height\":1080},\"primaryImageOfPage\":{\"@id\":\"https:\\\/\\\/radiosul.net\\\/wp\\\/2020\\\/coronavirus-entenda-qual-condicao-climatica-e-mais-favoravel-a-transmissao\\\/#mainImage\"},\"datePublished\":\"2020-03-18T06:43:28-03:00\",\"dateModified\":\"2020-03-18T06:43:30-03:00\"},{\"@type\":\"WebSite\",\"@id\":\"https:\\\/\\\/radiosul.net\\\/wp\\\/#website\",\"url\":\"https:\\\/\\\/radiosul.net\\\/wp\\\/\",\"name\":\"radiosul.net\",\"description\":\"Regional por Excel\\u00eancia\",\"inLanguage\":\"pt-BR\",\"publisher\":{\"@id\":\"https:\\\/\\\/radiosul.net\\\/wp\\\/#organization\"}}]}\n\t\t<\/script>\n\t\t<!-- All in One SEO -->\n\n","aioseo_head_json":{"title":"Coronav\u00edrus: entenda qual condi\u00e7\u00e3o clim\u00e1tica \u00e9 mais favor\u00e1vel \u00e0 transmiss\u00e3o - radiosul.net","description":"Estudo confirma que altas temperaturas e umidade relativa reduzem significativamente a transmiss\u00e3o da Covid-19, mas o outono est\u00e1 a caminho do Brasil O Brasil est\u00e1 a caminho do outono que come\u00e7a na pr\u00f3xima sexta-feira, 20. A esta\u00e7\u00e3o j\u00e1 \u00e9 conhecida por aumentar os casos de doen\u00e7as respirat\u00f3rias, justamente porque o tempo seco aumenta a concentra\u00e7\u00e3o","canonical_url":"https:\/\/radiosul.net\/wp\/2020\/coronavirus-entenda-qual-condicao-climatica-e-mais-favoravel-a-transmissao\/","robots":"max-image-preview:large","keywords":"","webmasterTools":{"miscellaneous":""},"schema":{"@context":"https:\/\/schema.org","@graph":[{"@type":"BlogPosting","@id":"https:\/\/radiosul.net\/wp\/2020\/coronavirus-entenda-qual-condicao-climatica-e-mais-favoravel-a-transmissao\/#blogposting","name":"Coronav\u00edrus: entenda qual condi\u00e7\u00e3o clim\u00e1tica \u00e9 mais favor\u00e1vel \u00e0 transmiss\u00e3o - radiosul.net","headline":"Coronav\u00edrus: entenda qual condi\u00e7\u00e3o clim\u00e1tica \u00e9 mais favor\u00e1vel \u00e0 transmiss\u00e3o","author":{"@id":"https:\/\/radiosul.net\/wp\/author\/alejo\/#author"},"publisher":{"@id":"https:\/\/radiosul.net\/wp\/#organization"},"image":{"@type":"ImageObject","url":"https:\/\/radiosul.net\/wp\/wp-content\/uploads\/2020\/03\/virus-4835301_1920.jpg","width":1920,"height":1080},"datePublished":"2020-03-18T06:43:28-03:00","dateModified":"2020-03-18T06:43:30-03:00","inLanguage":"pt-BR","mainEntityOfPage":{"@id":"https:\/\/radiosul.net\/wp\/2020\/coronavirus-entenda-qual-condicao-climatica-e-mais-favoravel-a-transmissao\/#webpage"},"isPartOf":{"@id":"https:\/\/radiosul.net\/wp\/2020\/coronavirus-entenda-qual-condicao-climatica-e-mais-favoravel-a-transmissao\/#webpage"},"articleSection":"Destaque, Sa\u00fade"},{"@type":"BreadcrumbList","@id":"https:\/\/radiosul.net\/wp\/2020\/coronavirus-entenda-qual-condicao-climatica-e-mais-favoravel-a-transmissao\/#breadcrumblist","itemListElement":[{"@type":"ListItem","@id":"https:\/\/radiosul.net\/wp#listItem","position":1,"name":"Home","item":"https:\/\/radiosul.net\/wp","nextItem":{"@type":"ListItem","@id":"https:\/\/radiosul.net\/wp\/category\/destacados\/#listItem","name":"Destaque"}},{"@type":"ListItem","@id":"https:\/\/radiosul.net\/wp\/category\/destacados\/#listItem","position":2,"name":"Destaque","item":"https:\/\/radiosul.net\/wp\/category\/destacados\/","nextItem":{"@type":"ListItem","@id":"https:\/\/radiosul.net\/wp\/2020\/coronavirus-entenda-qual-condicao-climatica-e-mais-favoravel-a-transmissao\/#listItem","name":"Coronav\u00edrus: entenda qual condi\u00e7\u00e3o clim\u00e1tica \u00e9 mais favor\u00e1vel \u00e0 transmiss\u00e3o"},"previousItem":{"@type":"ListItem","@id":"https:\/\/radiosul.net\/wp#listItem","name":"Home"}},{"@type":"ListItem","@id":"https:\/\/radiosul.net\/wp\/2020\/coronavirus-entenda-qual-condicao-climatica-e-mais-favoravel-a-transmissao\/#listItem","position":3,"name":"Coronav\u00edrus: entenda qual condi\u00e7\u00e3o clim\u00e1tica \u00e9 mais favor\u00e1vel \u00e0 transmiss\u00e3o","previousItem":{"@type":"ListItem","@id":"https:\/\/radiosul.net\/wp\/category\/destacados\/#listItem","name":"Destaque"}}]},{"@type":"Organization","@id":"https:\/\/radiosul.net\/wp\/#organization","name":"radiosul.net","description":"Regional por Excel\u00eancia","url":"https:\/\/radiosul.net\/wp\/"},{"@type":"Person","@id":"https:\/\/radiosul.net\/wp\/author\/alejo\/#author","url":"https:\/\/radiosul.net\/wp\/author\/alejo\/","name":"Alejo Bordon","image":{"@type":"ImageObject","@id":"https:\/\/radiosul.net\/wp\/2020\/coronavirus-entenda-qual-condicao-climatica-e-mais-favoravel-a-transmissao\/#authorImage","url":"https:\/\/secure.gravatar.com\/avatar\/b3a7e7f1c71212e6a5b7183b79a2ab58dad8bdc4cd4eadd61c4434d010d0bae4?s=96&d=mm&r=g","width":96,"height":96,"caption":"Alejo Bordon"}},{"@type":"WebPage","@id":"https:\/\/radiosul.net\/wp\/2020\/coronavirus-entenda-qual-condicao-climatica-e-mais-favoravel-a-transmissao\/#webpage","url":"https:\/\/radiosul.net\/wp\/2020\/coronavirus-entenda-qual-condicao-climatica-e-mais-favoravel-a-transmissao\/","name":"Coronav\u00edrus: entenda qual condi\u00e7\u00e3o clim\u00e1tica \u00e9 mais favor\u00e1vel \u00e0 transmiss\u00e3o - radiosul.net","description":"Estudo confirma que altas temperaturas e umidade relativa reduzem significativamente a transmiss\u00e3o da Covid-19, mas o outono est\u00e1 a caminho do Brasil O Brasil est\u00e1 a caminho do outono que come\u00e7a na pr\u00f3xima sexta-feira, 20. A esta\u00e7\u00e3o j\u00e1 \u00e9 conhecida por aumentar os casos de doen\u00e7as respirat\u00f3rias, justamente porque o tempo seco aumenta a concentra\u00e7\u00e3o","inLanguage":"pt-BR","isPartOf":{"@id":"https:\/\/radiosul.net\/wp\/#website"},"breadcrumb":{"@id":"https:\/\/radiosul.net\/wp\/2020\/coronavirus-entenda-qual-condicao-climatica-e-mais-favoravel-a-transmissao\/#breadcrumblist"},"author":{"@id":"https:\/\/radiosul.net\/wp\/author\/alejo\/#author"},"creator":{"@id":"https:\/\/radiosul.net\/wp\/author\/alejo\/#author"},"image":{"@type":"ImageObject","url":"https:\/\/radiosul.net\/wp\/wp-content\/uploads\/2020\/03\/virus-4835301_1920.jpg","@id":"https:\/\/radiosul.net\/wp\/2020\/coronavirus-entenda-qual-condicao-climatica-e-mais-favoravel-a-transmissao\/#mainImage","width":1920,"height":1080},"primaryImageOfPage":{"@id":"https:\/\/radiosul.net\/wp\/2020\/coronavirus-entenda-qual-condicao-climatica-e-mais-favoravel-a-transmissao\/#mainImage"},"datePublished":"2020-03-18T06:43:28-03:00","dateModified":"2020-03-18T06:43:30-03:00"},{"@type":"WebSite","@id":"https:\/\/radiosul.net\/wp\/#website","url":"https:\/\/radiosul.net\/wp\/","name":"radiosul.net","description":"Regional por Excel\u00eancia","inLanguage":"pt-BR","publisher":{"@id":"https:\/\/radiosul.net\/wp\/#organization"}}]},"og:locale":"pt_BR","og:site_name":"radiosul.net - Regional por Excel\u00eancia","og:type":"article","og:title":"Coronav\u00edrus: entenda qual condi\u00e7\u00e3o clim\u00e1tica \u00e9 mais favor\u00e1vel \u00e0 transmiss\u00e3o - radiosul.net","og:description":"Estudo confirma que altas temperaturas e umidade relativa reduzem significativamente a transmiss\u00e3o da Covid-19, mas o outono est\u00e1 a caminho do Brasil O Brasil est\u00e1 a caminho do outono que come\u00e7a na pr\u00f3xima sexta-feira, 20. A esta\u00e7\u00e3o j\u00e1 \u00e9 conhecida por aumentar os casos de doen\u00e7as respirat\u00f3rias, justamente porque o tempo seco aumenta a concentra\u00e7\u00e3o","og:url":"https:\/\/radiosul.net\/wp\/2020\/coronavirus-entenda-qual-condicao-climatica-e-mais-favoravel-a-transmissao\/","article:published_time":"2020-03-18T09:43:28+00:00","article:modified_time":"2020-03-18T09:43:30+00:00","twitter:card":"summary_large_image","twitter:title":"Coronav\u00edrus: entenda qual condi\u00e7\u00e3o clim\u00e1tica \u00e9 mais favor\u00e1vel \u00e0 transmiss\u00e3o - radiosul.net","twitter:description":"Estudo confirma que altas temperaturas e umidade relativa reduzem significativamente a transmiss\u00e3o da Covid-19, mas o outono est\u00e1 a caminho do Brasil O Brasil est\u00e1 a caminho do outono que come\u00e7a na pr\u00f3xima sexta-feira, 20. A esta\u00e7\u00e3o j\u00e1 \u00e9 conhecida por aumentar os casos de doen\u00e7as respirat\u00f3rias, justamente porque o tempo seco aumenta a concentra\u00e7\u00e3o"},"aioseo_meta_data":{"post_id":"11728","title":null,"description":null,"keywords":null,"keyphrases":null,"primary_term":null,"canonical_url":null,"og_title":null,"og_description":null,"og_object_type":"default","og_image_type":"default","og_image_url":null,"og_image_width":null,"og_image_height":null,"og_image_custom_url":null,"og_image_custom_fields":null,"og_video":null,"og_custom_url":null,"og_article_section":null,"og_article_tags":null,"twitter_use_og":false,"twitter_card":"default","twitter_image_type":"default","twitter_image_url":null,"twitter_image_custom_url":null,"twitter_image_custom_fields":null,"twitter_title":null,"twitter_description":null,"schema":{"blockGraphs":[],"customGraphs":[],"default":{"data":{"Article":[],"Course":[],"Dataset":[],"FAQPage":[],"Movie":[],"Person":[],"Product":[],"ProductReview":[],"Car":[],"Recipe":[],"Service":[],"SoftwareApplication":[],"WebPage":[]},"graphName":"","isEnabled":true},"graphs":[]},"schema_type":"default","schema_type_options":null,"pillar_content":false,"robots_default":true,"robots_noindex":false,"robots_noarchive":false,"robots_nosnippet":false,"robots_nofollow":false,"robots_noimageindex":false,"robots_noodp":false,"robots_notranslate":false,"robots_max_snippet":null,"robots_max_videopreview":null,"robots_max_imagepreview":"large","priority":null,"frequency":null,"local_seo":null,"breadcrumb_settings":null,"limit_modified_date":false,"ai":null,"created":"2026-01-08 19:47:08","updated":"2026-01-08 19:47:08","seo_analyzer_scan_date":null,"focus_keyword":null,"additional_keywords":null,"truseo_locale":null},"aioseo_breadcrumb":"<div class=\"aioseo-breadcrumbs\"><span class=\"aioseo-breadcrumb\">\n\t\t\t<a href=\"https:\/\/radiosul.net\/wp\" title=\"Home\">Home<\/a>\n\t\t<\/span><span class=\"aioseo-breadcrumb-separator\">&raquo;<\/span><span class=\"aioseo-breadcrumb\">\n\t\t\t<a href=\"https:\/\/radiosul.net\/wp\/category\/destacados\/\" title=\"Destaque\">Destaque<\/a>\n\t\t<\/span><span class=\"aioseo-breadcrumb-separator\">&raquo;<\/span><span class=\"aioseo-breadcrumb\">\n\t\t\tCoronav\u00edrus: entenda qual condi\u00e7\u00e3o clim\u00e1tica \u00e9 mais favor\u00e1vel \u00e0 transmiss\u00e3o\n\t\t<\/span><\/div>","aioseo_breadcrumb_json":[{"label":"Home","link":"https:\/\/radiosul.net\/wp"},{"label":"Destaque","link":"https:\/\/radiosul.net\/wp\/category\/destacados\/"},{"label":"Coronav\u00edrus: entenda qual condi\u00e7\u00e3o clim\u00e1tica \u00e9 mais favor\u00e1vel \u00e0 transmiss\u00e3o","link":"https:\/\/radiosul.net\/wp\/2020\/coronavirus-entenda-qual-condicao-climatica-e-mais-favoravel-a-transmissao\/"}],"_links":{"self":[{"href":"https:\/\/radiosul.net\/wp\/wp-json\/wp\/v2\/posts\/11728","targetHints":{"allow":["GET"]}}],"collection":[{"href":"https:\/\/radiosul.net\/wp\/wp-json\/wp\/v2\/posts"}],"about":[{"href":"https:\/\/radiosul.net\/wp\/wp-json\/wp\/v2\/types\/post"}],"author":[{"embeddable":true,"href":"https:\/\/radiosul.net\/wp\/wp-json\/wp\/v2\/users\/9"}],"replies":[{"embeddable":true,"href":"https:\/\/radiosul.net\/wp\/wp-json\/wp\/v2\/comments?post=11728"}],"version-history":[{"count":1,"href":"https:\/\/radiosul.net\/wp\/wp-json\/wp\/v2\/posts\/11728\/revisions"}],"predecessor-version":[{"id":11730,"href":"https:\/\/radiosul.net\/wp\/wp-json\/wp\/v2\/posts\/11728\/revisions\/11730"}],"wp:featuredmedia":[{"embeddable":true,"href":"https:\/\/radiosul.net\/wp\/wp-json\/wp\/v2\/media\/11729"}],"wp:attachment":[{"href":"https:\/\/radiosul.net\/wp\/wp-json\/wp\/v2\/media?parent=11728"}],"wp:term":[{"taxonomy":"category","embeddable":true,"href":"https:\/\/radiosul.net\/wp\/wp-json\/wp\/v2\/categories?post=11728"},{"taxonomy":"post_tag","embeddable":true,"href":"https:\/\/radiosul.net\/wp\/wp-json\/wp\/v2\/tags?post=11728"}],"curies":[{"name":"wp","href":"https:\/\/api.w.org\/{rel}","templated":true}]}}