{"id":11696,"date":"2020-03-17T03:19:15","date_gmt":"2020-03-17T06:19:15","guid":{"rendered":"https:\/\/radiosul.net\/wp\/?p=11696"},"modified":"2020-03-17T03:19:17","modified_gmt":"2020-03-17T06:19:17","slug":"29a-expobel-abre-corrida-pelo-ranking-das-racas-hb-2020","status":"publish","type":"post","link":"https:\/\/radiosul.net\/wp\/2020\/29a-expobel-abre-corrida-pelo-ranking-das-racas-hb-2020\/","title":{"rendered":"29\u00aa Expobel abre corrida pelo Ranking das ra\u00e7as HB 2020"},"content":{"rendered":"\n<p class=\"wp-block-paragraph\">Chegou ao fim no \u00faltimo domingo, dia 15 \nde mar\u00e7o, a participa\u00e7\u00e3o da Associa\u00e7\u00e3o Brasileira de Hereford e Braford \n(ABHB) na 29\u00aa Exposi\u00e7\u00e3o Agropecu\u00e1ria Francisco Beltr\u00e3o (Expobel). O \nevento, que abriu o ciclo de exposi\u00e7\u00f5es v\u00e1lidas pelo Ranking Nacional de\n criadores HB, contou com exposi\u00e7\u00e3o e julgamento de animais, degusta\u00e7\u00e3o \nde Carne Certificada Hereford e a realiza\u00e7\u00e3o da 3\u00aa edi\u00e7\u00e3o do Leil\u00e3o \nFor\u00e7a Cara Branca.<\/p>\n\n\n\n<p class=\"wp-block-paragraph\">O gerente de  opera\u00e7\u00f5es da ABHB, Felipe Azambuja, acompanhou toda a programa\u00e7\u00e3o ao  lado da gerente do Programa Carne Pampa, Fabiana Freitas. \u201cA nossa  gen\u00e9tica foi muito bem representada, animais de alt\u00edssima qualidade e  muito bem preparados em pista. Isso mostra o trabalho de gen\u00e9tica das  ra\u00e7as desenvolvido pelos criadores do estado do Paran\u00e1 junto aos n\u00facleos  e a nossa entidade\u201d, afirmou Azambuja.<\/p>\n\n\n\n<p class=\"wp-block-paragraph\">O julgamento, realizado no dia 12 de  mar\u00e7o, reuniu 102 exemplares, sendo 47 na modalidade argola e 55 na  modalidade r\u00fasticos, oriundos de 12 criat\u00f3rios paranaenses localizados  em sete munic\u00edpios do Estado. A avalia\u00e7\u00e3o ficou a cargo do inspetor  t\u00e9cnico credenciado pela ABHB,\u00a0Jos\u00e9 Ant\u00f4nio Correa Filho. Conforme ele,  \u201co julgamento contou com um n\u00famero expressivo de animais com uma  qualidade excelente que representaram muito bem a ra\u00e7a\u201d.<\/p>\n\n\n\n<figure class=\"wp-block-image size-large\"><img loading=\"lazy\" decoding=\"async\" width=\"768\" height=\"576\" src=\"https:\/\/radiosul.net\/wp\/wp-content\/uploads\/2020\/03\/expobel74-768x576-1.jpg\" alt=\"\" class=\"wp-image-11699\" srcset=\"https:\/\/radiosul.net\/wp\/wp-content\/uploads\/2020\/03\/expobel74-768x576-1.jpg 768w, https:\/\/radiosul.net\/wp\/wp-content\/uploads\/2020\/03\/expobel74-768x576-1-300x225.jpg 300w\" sizes=\"auto, (max-width: 768px) 100vw, 768px\" \/><\/figure>\n\n\n\n<p class=\"wp-block-paragraph\">A  Agropecu\u00e1ria Graminho, de propriedade de Dalberto de Souza Graminho,  localizada em Mangueirinha (PR), levou para casa o pr\u00eamio Grande Campe\u00e3  Polled Hereford com o exemplar tatuagem 294. O criat\u00f3rio tamb\u00e9m recebeu  os pr\u00eamios de Grande Campe\u00e3o Braford, Reservado Grande Campe\u00e3o Braford e  Terceiro Melhor Macho Braford, com os exemplares tatuagem TE1005, 648,  TE1005, respectivamente.<\/p>\n\n\n\n<figure class=\"wp-block-image size-large\"><img loading=\"lazy\" decoding=\"async\" width=\"768\" height=\"577\" src=\"https:\/\/radiosul.net\/wp\/wp-content\/uploads\/2020\/03\/expobel83-768x577-1.jpg\" alt=\"\" class=\"wp-image-11700\" srcset=\"https:\/\/radiosul.net\/wp\/wp-content\/uploads\/2020\/03\/expobel83-768x577-1.jpg 768w, https:\/\/radiosul.net\/wp\/wp-content\/uploads\/2020\/03\/expobel83-768x577-1-300x225.jpg 300w\" sizes=\"auto, (max-width: 768px) 100vw, 768px\" \/><\/figure>\n\n\n\n<p class=\"wp-block-paragraph\">Entre os machos Polled Hereford o \ndestaque foi para a Cabanha Recanto Feliz, do s\u00f3cio e criador Andrei \nGomes de Almeida, localizada em Foz Do Jord\u00e3o (PR), com o animal \ntatuagem RF013 FIV. A propriedade tamb\u00e9m levou o pr\u00eamio de Grande Campe\u00e3\n Braford com o exemplar tatuagem G006.<\/p>\n\n\n\n<p class=\"wp-block-paragraph\">Na  categoria dos animais r\u00fasticos, destaque para o trio Grande Campe\u00e3  Polled Hereford PC das tatuagens 229, 204 e 230, da propriedade  Condom\u00ednio Rio Damas, localizado em Palmas (PR), do s\u00f3cio e criador  Ednei Souza de Mello. J\u00e1 entre os machos Polled Hereford PC, o trio  Grande Campe\u00e3o, foi para os animais de tatuagens R667, R047 e R647, da  Fazenda 2A, localizada em Hon\u00f3rio Serpa (PR), do s\u00f3cio e criador Ademir  Hoinaski Filho. A propriedade tamb\u00e9m recebeu o pr\u00eamio de Lote Grande  Campe\u00e3 Braford com os exemplares tatuagem 5977, 5739 e 5827, e Lote  Grande Campe\u00e3o Braford com os animais tatuagem 4669, 4733 e 4658.<\/p>\n\n\n\n<figure class=\"wp-block-image size-large\"><img loading=\"lazy\" decoding=\"async\" width=\"768\" height=\"576\" src=\"https:\/\/radiosul.net\/wp\/wp-content\/uploads\/2020\/03\/expobel27-768x576-1.jpg\" alt=\"\" class=\"wp-image-11698\" srcset=\"https:\/\/radiosul.net\/wp\/wp-content\/uploads\/2020\/03\/expobel27-768x576-1.jpg 768w, https:\/\/radiosul.net\/wp\/wp-content\/uploads\/2020\/03\/expobel27-768x576-1-300x225.jpg 300w\" sizes=\"auto, (max-width: 768px) 100vw, 768px\" \/><\/figure>\n\n\n\n<p class=\"wp-block-paragraph\"><strong>Remate NFCB<\/strong><\/p>\n\n\n\n<p class=\"wp-block-paragraph\">A \nExposi\u00e7\u00e3o tamb\u00e9m contou&nbsp;com a realiza\u00e7\u00e3o do 3\u00ba Leil\u00e3o For\u00e7a Cara Branca,\n no dia 12 de mar\u00e7o. Organizado pelo N\u00facleo For\u00e7a Cara Branca de \nHereford e Braford do Sudoeste do Paran\u00e1 (NFCB) e a Sociedade Rural de \nFrancisco Beltr\u00e3o, o evento aconteceu no pavilh\u00e3o de remates do Parque \nde Exposi\u00e7\u00f5es Jayme J\u00fanior.<\/p>\n\n\n\n<p class=\"wp-block-paragraph\">O preg\u00e3o \ncontou com uma oferta de 500 animais, divididos entre machos e f\u00eameas \ndas ra\u00e7as Hereford e Braford e suas cruzas. A m\u00e9dia dos bezerros ficaram\n em R$ 9.220,00, j\u00e1 para as novilhas o valor chegou a R$ 7.000,00. E \npara os reprodutores a m\u00e9dia ficou em R$ 12.360,00<\/p>\n\n\n\n<p class=\"wp-block-paragraph\"><strong>Novos desafios<\/strong><\/p>\n\n\n\n<p class=\"wp-block-paragraph\">Outro\n momento importante durante a 29\u00aa Expobel foi o coquetel de posse da \nnova diretoria do N\u00facleo For\u00e7a Cara Branca de Hereford e Braford do \nSudoeste do Paran\u00e1 (NFCB).<\/p>\n\n\n\n<p class=\"wp-block-paragraph\">\u201cNosso  meta ser\u00e1 fortalecer ainda mais as ra\u00e7as Hereford e Braford no estado do  Paran\u00e1 promovendo eventos como exposi\u00e7\u00f5es, remates, dias de campo,  encontros t\u00e9cnicos e feiras\u201d, afirmou Ednei de Souza Mello, presidente  do NFCB.<\/p>\n\n\n\n<figure class=\"wp-block-image size-large\"><img loading=\"lazy\" decoding=\"async\" width=\"768\" height=\"1024\" src=\"https:\/\/radiosul.net\/wp\/wp-content\/uploads\/2020\/03\/epobel112-768x1024-1.jpg\" alt=\"\" class=\"wp-image-11697\" srcset=\"https:\/\/radiosul.net\/wp\/wp-content\/uploads\/2020\/03\/epobel112-768x1024-1.jpg 768w, https:\/\/radiosul.net\/wp\/wp-content\/uploads\/2020\/03\/epobel112-768x1024-1-225x300.jpg 225w\" sizes=\"auto, (max-width: 768px) 100vw, 768px\" \/><\/figure>\n\n\n\n<p class=\"wp-block-paragraph\">Mello contar\u00e1 com o apoio e o suporte \ndos demais membros que comp\u00f5e a linha de frente do N\u00facleo o vice, Luiz \nHenrique Ribas e o Secret\u00e1rio, Ademir Honiaski Filho.<\/p>\n\n\n\n<p class=\"wp-block-paragraph\">O\n N\u00facleo possui sede na cidade de Palmas (PR) e foi criado com o objetivo\n de promover as ra\u00e7as Hereford e Braford atrav\u00e9s de eventos.<\/p>\n\n\n\n<p class=\"wp-block-paragraph\"><strong>RESULTADOS MODALIDADE ARGOLA<\/strong><\/p>\n\n\n\n<p class=\"wp-block-paragraph\"><strong>F\u00caMEAS POLLED HEREFORD <\/strong><\/p>\n\n\n\n<p class=\"wp-block-paragraph\">Grande Campe\u00e3: Box 07 \u2013 Tat. 294 \u2013 Dalberto de Souza Graminho \u2013 Agropecu\u00e1ria Graminho \u2013 Mangueirinha (PR)<\/p>\n\n\n\n<p class=\"wp-block-paragraph\">Res. Grande Campe\u00e3: Box 6 \u2013 Tat. TE3007 \u2013 Andrei Gomes de Almeida \u2013 Cabanha Recanto Feliz \u2013 Fox do Jord\u00e3o (PR)<\/p>\n\n\n\n<p class=\"wp-block-paragraph\">Terceira Melhor F\u00eamea: Box 8 \u2013 Tat. TED002 \u2013 Pedro Henrique Klimovicz Gomes \u2013 Fazenda Santa F\u00e9 \u2013 Palmeira (PR)<\/p>\n\n\n\n<p class=\"wp-block-paragraph\"><strong>MACHOS POLLED HEREFORD<\/strong><\/p>\n\n\n\n<p class=\"wp-block-paragraph\">Grande Campe\u00e3o: Box 13 \u2013 Tat. RF013 FIV \u2013 Andrei Gomes de Almeida \u2013 Cabanha Recanto Feliz \u2013 Foz Do Jord\u00e3o (PR)<\/p>\n\n\n\n<p class=\"wp-block-paragraph\">Res. Grande Campe\u00e3o: Box 14 \u2013 Tat. 04 \u2013 Jairo Granella \u2013 Cabanha Vento Aragano \u2013 Francisco Beltr\u00e3o (PR)<\/p>\n\n\n\n<p class=\"wp-block-paragraph\">Terceiro Melhor Macho: Box 12 \u2013 Tat. RF016FIV \u2013 Andrei Gomes Almeida \u2013 Cabanha Recanto Feliz \u2013 Foz do Jord\u00e3o (PR)<\/p>\n\n\n\n<p class=\"wp-block-paragraph\"><strong>F\u00caMEAS BRAFORD<\/strong><\/p>\n\n\n\n<p class=\"wp-block-paragraph\">Grande Campe\u00e3: Box 41 \u2013 Tat. G006 \u2013 Andrei Gomes de Almeida \u2013 Cabanha Recanto Feliz \u2013 Foz do Jord\u00e3o (PR)<\/p>\n\n\n\n<p class=\"wp-block-paragraph\">Res. Grande Campe\u00e3o: Box 16 \u2013 Tat. B01 \u2013 Ana J\u00falia Denardin \/Agropecu\u00e1ria AJ \u2013 Fazenda Bom Retiro- Mangueira (PR)<\/p>\n\n\n\n<p class=\"wp-block-paragraph\">Terceira Melhor F\u00eamea: Box 36 \u2013 Tat. T027 \u2013 Ademir Hoinaski Filho \u2013 Fazenda 2A \u2013 Hon\u00f3rio Serpa (PR)<\/p>\n\n\n\n<p class=\"wp-block-paragraph\"><strong>MACHOS BRAFORD<\/strong><\/p>\n\n\n\n<p class=\"wp-block-paragraph\">Grande Campe\u00e3o: Box 50 \u2013 Tat. TE1004 \u2013 Dalberto de Souza Graminho \u2013 Agropecu\u00e1ria Graminho \u2013 Mangueira (PR)<\/p>\n\n\n\n<p class=\"wp-block-paragraph\">Res. Grande Campe\u00e3o: Box 48 \u2013 Tat. 648 \u2013 Dalberto de Souza Graminho \u2013 Agropecu\u00e1ria Graminho \u2013 Mangueira (PR)<\/p>\n\n\n\n<p class=\"wp-block-paragraph\">Terceiro Melhor Macho: Box 49 \u2013 Tat. TE1005 \u2013 Dalberto de Souza Graminho \u2013 Agropecu\u00e1ria Graminho- Mangueirinha (PR)<\/p>\n\n\n\n<p class=\"wp-block-paragraph\"><strong>RESULTADOS MODALIDADE R\u00daSTICOS<\/strong><\/p>\n\n\n\n<p class=\"wp-block-paragraph\"><strong>F\u00caMEAS POLLED HEREFORD PC<\/strong><\/p>\n\n\n\n<p class=\"wp-block-paragraph\">Lote Grande Campe\u00e3o: lote 1 \u2013 tats. 229, 204 e 230 \u2013 Ednei Souza de Mello \u2013 Condom\u00ednio Rio Damas \u2013 Palmas (PR)<\/p>\n\n\n\n<p class=\"wp-block-paragraph\">Lote Res. Grande Campe\u00e3o: Lote 4 \u2013 tats. 136, 182 e 137 \u2013 Ednei Souza de Mello \u2013 Condom\u00ednio Rio Damas \u2013 Palmas (PR)<\/p>\n\n\n\n<p class=\"wp-block-paragraph\">Terceiro Melhor Lote: Lote 2 \u2013 tats. 215, 217 e 232 \u2013 Ednei Souza de Mello \u2013 Condom\u00ednio Rio Damas \u2013 Palmas (PR)<\/p>\n\n\n\n<p class=\"wp-block-paragraph\">Melhor R\u00fastica: 217 do lote 2 \u2013 Ednei Souza de Mello \u2013 Condom\u00ednio Rio Damas \u2013 Palmas (PR)<\/p>\n\n\n\n<p class=\"wp-block-paragraph\"><strong>MACHOS POLLED HEREFORD PC <\/strong><\/p>\n\n\n\n<p class=\"wp-block-paragraph\">Lote Grande Campe\u00e3o: Lote 7 \u2013 tats. R667, R047 e R647 \u2013 Ademir Hoinaski Filho \u2013 Fazenda 2A \u2013 Hon\u00f3rio Serpa (PR)<\/p>\n\n\n\n<p class=\"wp-block-paragraph\">Melhor Rustico: Tatuagem 203 do lote 8 \u2013 Ednei Souza de Mello \u2013 Condom\u00ednio Rio Damas \u2013 Palmas (PR)<\/p>\n\n\n\n<p class=\"wp-block-paragraph\"><strong>F\u00caMEAS BRAFORD<\/strong><\/p>\n\n\n\n<p class=\"wp-block-paragraph\">Lote Grande Campe\u00e3o: Lote 19 \u2013 tats. 5977, 5739 e 5827 \u2013 Ademir Hoinaski Filho \u2013 Fazenda 2A \u2013 Hon\u00f3rio Serpa (PR)<\/p>\n\n\n\n<p class=\"wp-block-paragraph\">Lote Reservado Grande Campe\u00e3o: Lote 18 \u2013 tats. 4766, 4761 e 4748 \u2013 Ademir Hoinaski Filho- Fazenda 2A \u2013 Hon\u00f3rio Serpa (PR)<\/p>\n\n\n\n<p class=\"wp-block-paragraph\">Terceiro\n Melhor Lote: Lote 12 \u2013 06, 07 e 017 \u2013 Luiz Henrique C. Ribas, Vitor \nLuis P. Varaschin- Fazenda Caracara\u00ed e Fazenda do Salto \u2013 Palmas (PR)<\/p>\n\n\n\n<p class=\"wp-block-paragraph\">Melhor R\u00fastica: Tatuagem 4761 do lote 18 \u2013 Ademir Hoinaski Filho \u2013 Fazenda 2A \u2013 Hon\u00f3rio Serpa (PR)<\/p>\n\n\n\n<p class=\"wp-block-paragraph\"><strong>MACHOS BRAFORD<\/strong><\/p>\n\n\n\n<p class=\"wp-block-paragraph\">Lote Grande Campe\u00e3o: Lote 24 \u2013 Tats. 4669, 4733 e 4658 \u2013 Ademir Hoinaski Filho \u2013 Fazenda 2A \u2013 Hon\u00f3rio Serpa (PR)<\/p>\n\n\n\n<p class=\"wp-block-paragraph\">Melhor R\u00fastico: Tatuagem 4658 do lote 24 \u2013 Ademir Hoynaski Filho \u2013 Fazenda 2A \u2013 Hon\u00f3rio Serpa (PR)<\/p>\n\n\n\n<p class=\"wp-block-paragraph\"><strong><em>Fonte: Associa\u00e7\u00e3o Brasileira de Hereford e Braford<\/em><\/strong><\/p>\n","protected":false},"excerpt":{"rendered":"<p>Chegou ao fim no \u00faltimo domingo, dia 15 de mar\u00e7o, a participa\u00e7\u00e3o da Associa\u00e7\u00e3o Brasileira de Hereford e Braford (ABHB) na 29\u00aa Exposi\u00e7\u00e3o Agropecu\u00e1ria Francisco Beltr\u00e3o (Expobel). O evento, que abriu o ciclo de exposi\u00e7\u00f5es v\u00e1lidas pelo Ranking Nacional de criadores HB, contou com exposi\u00e7\u00e3o e julgamento de animais, degusta\u00e7\u00e3o de Carne Certificada Hereford e &hellip;<\/p>\n","protected":false},"author":9,"featured_media":11701,"comment_status":"closed","ping_status":"closed","sticky":false,"template":"","format":"standard","meta":{"_monsterinsights_skip_tracking":false,"_uf_show_specific_survey":0,"_uf_disable_surveys":false,"footnotes":""},"categories":[1,126],"tags":[],"class_list":["post-11696","post","type-post","status-publish","format-standard","has-post-thumbnail","hentry","category-agro","category-destacados"],"aioseo_notices":[],"aioseo_head":"\n\t\t<!-- All in One SEO 5.0.1.1 - aioseo.com -->\n\t<meta name=\"description\" content=\"Chegou ao fim no \u00faltimo domingo, dia 15 de mar\u00e7o, a participa\u00e7\u00e3o da Associa\u00e7\u00e3o Brasileira de Hereford e Braford (ABHB) na 29\u00aa Exposi\u00e7\u00e3o Agropecu\u00e1ria Francisco Beltr\u00e3o (Expobel). O evento, que abriu o ciclo de exposi\u00e7\u00f5es v\u00e1lidas pelo Ranking Nacional de criadores HB, contou com exposi\u00e7\u00e3o e julgamento de animais, degusta\u00e7\u00e3o de Carne Certificada Hereford e\" \/>\n\t<meta name=\"robots\" content=\"max-image-preview:large\" \/>\n\t<meta name=\"author\" content=\"Alejo Bordon\"\/>\n\t<link rel=\"canonical\" href=\"https:\/\/radiosul.net\/wp\/2020\/29a-expobel-abre-corrida-pelo-ranking-das-racas-hb-2020\/\" \/>\n\t<meta name=\"generator\" content=\"All in One SEO (AIOSEO) 5.0.1.1\" \/>\n\t\t<meta property=\"og:locale\" content=\"pt_BR\" \/>\n\t\t<meta property=\"og:site_name\" content=\"radiosul.net - Regional por Excel\u00eancia\" \/>\n\t\t<meta property=\"og:type\" content=\"article\" \/>\n\t\t<meta property=\"og:title\" content=\"29\u00aa Expobel abre corrida pelo Ranking das ra\u00e7as HB 2020 - radiosul.net\" \/>\n\t\t<meta property=\"og:description\" content=\"Chegou ao fim no \u00faltimo domingo, dia 15 de mar\u00e7o, a participa\u00e7\u00e3o da Associa\u00e7\u00e3o Brasileira de Hereford e Braford (ABHB) na 29\u00aa Exposi\u00e7\u00e3o Agropecu\u00e1ria Francisco Beltr\u00e3o (Expobel). O evento, que abriu o ciclo de exposi\u00e7\u00f5es v\u00e1lidas pelo Ranking Nacional de criadores HB, contou com exposi\u00e7\u00e3o e julgamento de animais, degusta\u00e7\u00e3o de Carne Certificada Hereford e\" \/>\n\t\t<meta property=\"og:url\" content=\"https:\/\/radiosul.net\/wp\/2020\/29a-expobel-abre-corrida-pelo-ranking-das-racas-hb-2020\/\" \/>\n\t\t<meta property=\"article:published_time\" content=\"2020-03-17T06:19:15+00:00\" \/>\n\t\t<meta property=\"article:modified_time\" content=\"2020-03-17T06:19:17+00:00\" \/>\n\t\t<meta name=\"twitter:card\" content=\"summary_large_image\" \/>\n\t\t<meta name=\"twitter:title\" content=\"29\u00aa Expobel abre corrida pelo Ranking das ra\u00e7as HB 2020 - radiosul.net\" \/>\n\t\t<meta name=\"twitter:description\" content=\"Chegou ao fim no \u00faltimo domingo, dia 15 de mar\u00e7o, a participa\u00e7\u00e3o da Associa\u00e7\u00e3o Brasileira de Hereford e Braford (ABHB) na 29\u00aa Exposi\u00e7\u00e3o Agropecu\u00e1ria Francisco Beltr\u00e3o (Expobel). O evento, que abriu o ciclo de exposi\u00e7\u00f5es v\u00e1lidas pelo Ranking Nacional de criadores HB, contou com exposi\u00e7\u00e3o e julgamento de animais, degusta\u00e7\u00e3o de Carne Certificada Hereford e\" \/>\n\t\t<script type=\"application\/ld+json\" class=\"aioseo-schema\">\n\t\t\t{\"@context\":\"https:\\\/\\\/schema.org\",\"@graph\":[{\"@type\":\"BlogPosting\",\"@id\":\"https:\\\/\\\/radiosul.net\\\/wp\\\/2020\\\/29a-expobel-abre-corrida-pelo-ranking-das-racas-hb-2020\\\/#blogposting\",\"name\":\"29\\u00aa Expobel abre corrida pelo Ranking das ra\\u00e7as HB 2020 - radiosul.net\",\"headline\":\"29\\u00aa Expobel abre corrida pelo Ranking das ra\\u00e7as HB 2020\",\"author\":{\"@id\":\"https:\\\/\\\/radiosul.net\\\/wp\\\/author\\\/alejo\\\/#author\"},\"publisher\":{\"@id\":\"https:\\\/\\\/radiosul.net\\\/wp\\\/#organization\"},\"image\":{\"@type\":\"ImageObject\",\"url\":\"https:\\\/\\\/radiosul.net\\\/wp\\\/wp-content\\\/uploads\\\/2020\\\/03\\\/Sem-t\\u00edtulo-1.png\",\"width\":2502,\"height\":1658},\"datePublished\":\"2020-03-17T03:19:15-03:00\",\"dateModified\":\"2020-03-17T03:19:17-03:00\",\"inLanguage\":\"pt-BR\",\"mainEntityOfPage\":{\"@id\":\"https:\\\/\\\/radiosul.net\\\/wp\\\/2020\\\/29a-expobel-abre-corrida-pelo-ranking-das-racas-hb-2020\\\/#webpage\"},\"isPartOf\":{\"@id\":\"https:\\\/\\\/radiosul.net\\\/wp\\\/2020\\\/29a-expobel-abre-corrida-pelo-ranking-das-racas-hb-2020\\\/#webpage\"},\"articleSection\":\"Agroneg\\u00f3cio, Destaque\"},{\"@type\":\"BreadcrumbList\",\"@id\":\"https:\\\/\\\/radiosul.net\\\/wp\\\/2020\\\/29a-expobel-abre-corrida-pelo-ranking-das-racas-hb-2020\\\/#breadcrumblist\",\"itemListElement\":[{\"@type\":\"ListItem\",\"@id\":\"https:\\\/\\\/radiosul.net\\\/wp#listItem\",\"position\":1,\"name\":\"Home\",\"item\":\"https:\\\/\\\/radiosul.net\\\/wp\",\"nextItem\":{\"@type\":\"ListItem\",\"@id\":\"https:\\\/\\\/radiosul.net\\\/wp\\\/category\\\/agro\\\/#listItem\",\"name\":\"Agroneg\\u00f3cio\"}},{\"@type\":\"ListItem\",\"@id\":\"https:\\\/\\\/radiosul.net\\\/wp\\\/category\\\/agro\\\/#listItem\",\"position\":2,\"name\":\"Agroneg\\u00f3cio\",\"item\":\"https:\\\/\\\/radiosul.net\\\/wp\\\/category\\\/agro\\\/\",\"nextItem\":{\"@type\":\"ListItem\",\"@id\":\"https:\\\/\\\/radiosul.net\\\/wp\\\/2020\\\/29a-expobel-abre-corrida-pelo-ranking-das-racas-hb-2020\\\/#listItem\",\"name\":\"29\\u00aa Expobel abre corrida pelo Ranking das ra\\u00e7as HB 2020\"},\"previousItem\":{\"@type\":\"ListItem\",\"@id\":\"https:\\\/\\\/radiosul.net\\\/wp#listItem\",\"name\":\"Home\"}},{\"@type\":\"ListItem\",\"@id\":\"https:\\\/\\\/radiosul.net\\\/wp\\\/2020\\\/29a-expobel-abre-corrida-pelo-ranking-das-racas-hb-2020\\\/#listItem\",\"position\":3,\"name\":\"29\\u00aa Expobel abre corrida pelo Ranking das ra\\u00e7as HB 2020\",\"previousItem\":{\"@type\":\"ListItem\",\"@id\":\"https:\\\/\\\/radiosul.net\\\/wp\\\/category\\\/agro\\\/#listItem\",\"name\":\"Agroneg\\u00f3cio\"}}]},{\"@type\":\"Organization\",\"@id\":\"https:\\\/\\\/radiosul.net\\\/wp\\\/#organization\",\"name\":\"radiosul.net\",\"description\":\"Regional por Excel\\u00eancia\",\"url\":\"https:\\\/\\\/radiosul.net\\\/wp\\\/\"},{\"@type\":\"Person\",\"@id\":\"https:\\\/\\\/radiosul.net\\\/wp\\\/author\\\/alejo\\\/#author\",\"url\":\"https:\\\/\\\/radiosul.net\\\/wp\\\/author\\\/alejo\\\/\",\"name\":\"Alejo Bordon\",\"image\":{\"@type\":\"ImageObject\",\"@id\":\"https:\\\/\\\/radiosul.net\\\/wp\\\/2020\\\/29a-expobel-abre-corrida-pelo-ranking-das-racas-hb-2020\\\/#authorImage\",\"url\":\"https:\\\/\\\/secure.gravatar.com\\\/avatar\\\/b3a7e7f1c71212e6a5b7183b79a2ab58dad8bdc4cd4eadd61c4434d010d0bae4?s=96&d=mm&r=g\",\"width\":96,\"height\":96,\"caption\":\"Alejo Bordon\"}},{\"@type\":\"WebPage\",\"@id\":\"https:\\\/\\\/radiosul.net\\\/wp\\\/2020\\\/29a-expobel-abre-corrida-pelo-ranking-das-racas-hb-2020\\\/#webpage\",\"url\":\"https:\\\/\\\/radiosul.net\\\/wp\\\/2020\\\/29a-expobel-abre-corrida-pelo-ranking-das-racas-hb-2020\\\/\",\"name\":\"29\\u00aa Expobel abre corrida pelo Ranking das ra\\u00e7as HB 2020 - radiosul.net\",\"description\":\"Chegou ao fim no \\u00faltimo domingo, dia 15 de mar\\u00e7o, a participa\\u00e7\\u00e3o da Associa\\u00e7\\u00e3o Brasileira de Hereford e Braford (ABHB) na 29\\u00aa Exposi\\u00e7\\u00e3o Agropecu\\u00e1ria Francisco Beltr\\u00e3o (Expobel). O evento, que abriu o ciclo de exposi\\u00e7\\u00f5es v\\u00e1lidas pelo Ranking Nacional de criadores HB, contou com exposi\\u00e7\\u00e3o e julgamento de animais, degusta\\u00e7\\u00e3o de Carne Certificada Hereford e\",\"inLanguage\":\"pt-BR\",\"isPartOf\":{\"@id\":\"https:\\\/\\\/radiosul.net\\\/wp\\\/#website\"},\"breadcrumb\":{\"@id\":\"https:\\\/\\\/radiosul.net\\\/wp\\\/2020\\\/29a-expobel-abre-corrida-pelo-ranking-das-racas-hb-2020\\\/#breadcrumblist\"},\"author\":{\"@id\":\"https:\\\/\\\/radiosul.net\\\/wp\\\/author\\\/alejo\\\/#author\"},\"creator\":{\"@id\":\"https:\\\/\\\/radiosul.net\\\/wp\\\/author\\\/alejo\\\/#author\"},\"image\":{\"@type\":\"ImageObject\",\"url\":\"https:\\\/\\\/radiosul.net\\\/wp\\\/wp-content\\\/uploads\\\/2020\\\/03\\\/Sem-t\\u00edtulo-1.png\",\"@id\":\"https:\\\/\\\/radiosul.net\\\/wp\\\/2020\\\/29a-expobel-abre-corrida-pelo-ranking-das-racas-hb-2020\\\/#mainImage\",\"width\":2502,\"height\":1658},\"primaryImageOfPage\":{\"@id\":\"https:\\\/\\\/radiosul.net\\\/wp\\\/2020\\\/29a-expobel-abre-corrida-pelo-ranking-das-racas-hb-2020\\\/#mainImage\"},\"datePublished\":\"2020-03-17T03:19:15-03:00\",\"dateModified\":\"2020-03-17T03:19:17-03:00\"},{\"@type\":\"WebSite\",\"@id\":\"https:\\\/\\\/radiosul.net\\\/wp\\\/#website\",\"url\":\"https:\\\/\\\/radiosul.net\\\/wp\\\/\",\"name\":\"radiosul.net\",\"description\":\"Regional por Excel\\u00eancia\",\"inLanguage\":\"pt-BR\",\"publisher\":{\"@id\":\"https:\\\/\\\/radiosul.net\\\/wp\\\/#organization\"}}]}\n\t\t<\/script>\n\t\t<!-- All in One SEO -->\n\n","aioseo_head_json":{"title":"29\u00aa Expobel abre corrida pelo Ranking das ra\u00e7as HB 2020 - radiosul.net","description":"Chegou ao fim no \u00faltimo domingo, dia 15 de mar\u00e7o, a participa\u00e7\u00e3o da Associa\u00e7\u00e3o Brasileira de Hereford e Braford (ABHB) na 29\u00aa Exposi\u00e7\u00e3o Agropecu\u00e1ria Francisco Beltr\u00e3o (Expobel). O evento, que abriu o ciclo de exposi\u00e7\u00f5es v\u00e1lidas pelo Ranking Nacional de criadores HB, contou com exposi\u00e7\u00e3o e julgamento de animais, degusta\u00e7\u00e3o de Carne Certificada Hereford e","canonical_url":"https:\/\/radiosul.net\/wp\/2020\/29a-expobel-abre-corrida-pelo-ranking-das-racas-hb-2020\/","robots":"max-image-preview:large","keywords":"","webmasterTools":{"miscellaneous":""},"schema":{"@context":"https:\/\/schema.org","@graph":[{"@type":"BlogPosting","@id":"https:\/\/radiosul.net\/wp\/2020\/29a-expobel-abre-corrida-pelo-ranking-das-racas-hb-2020\/#blogposting","name":"29\u00aa Expobel abre corrida pelo Ranking das ra\u00e7as HB 2020 - radiosul.net","headline":"29\u00aa Expobel abre corrida pelo Ranking das ra\u00e7as HB 2020","author":{"@id":"https:\/\/radiosul.net\/wp\/author\/alejo\/#author"},"publisher":{"@id":"https:\/\/radiosul.net\/wp\/#organization"},"image":{"@type":"ImageObject","url":"https:\/\/radiosul.net\/wp\/wp-content\/uploads\/2020\/03\/Sem-t\u00edtulo-1.png","width":2502,"height":1658},"datePublished":"2020-03-17T03:19:15-03:00","dateModified":"2020-03-17T03:19:17-03:00","inLanguage":"pt-BR","mainEntityOfPage":{"@id":"https:\/\/radiosul.net\/wp\/2020\/29a-expobel-abre-corrida-pelo-ranking-das-racas-hb-2020\/#webpage"},"isPartOf":{"@id":"https:\/\/radiosul.net\/wp\/2020\/29a-expobel-abre-corrida-pelo-ranking-das-racas-hb-2020\/#webpage"},"articleSection":"Agroneg\u00f3cio, Destaque"},{"@type":"BreadcrumbList","@id":"https:\/\/radiosul.net\/wp\/2020\/29a-expobel-abre-corrida-pelo-ranking-das-racas-hb-2020\/#breadcrumblist","itemListElement":[{"@type":"ListItem","@id":"https:\/\/radiosul.net\/wp#listItem","position":1,"name":"Home","item":"https:\/\/radiosul.net\/wp","nextItem":{"@type":"ListItem","@id":"https:\/\/radiosul.net\/wp\/category\/agro\/#listItem","name":"Agroneg\u00f3cio"}},{"@type":"ListItem","@id":"https:\/\/radiosul.net\/wp\/category\/agro\/#listItem","position":2,"name":"Agroneg\u00f3cio","item":"https:\/\/radiosul.net\/wp\/category\/agro\/","nextItem":{"@type":"ListItem","@id":"https:\/\/radiosul.net\/wp\/2020\/29a-expobel-abre-corrida-pelo-ranking-das-racas-hb-2020\/#listItem","name":"29\u00aa Expobel abre corrida pelo Ranking das ra\u00e7as HB 2020"},"previousItem":{"@type":"ListItem","@id":"https:\/\/radiosul.net\/wp#listItem","name":"Home"}},{"@type":"ListItem","@id":"https:\/\/radiosul.net\/wp\/2020\/29a-expobel-abre-corrida-pelo-ranking-das-racas-hb-2020\/#listItem","position":3,"name":"29\u00aa Expobel abre corrida pelo Ranking das ra\u00e7as HB 2020","previousItem":{"@type":"ListItem","@id":"https:\/\/radiosul.net\/wp\/category\/agro\/#listItem","name":"Agroneg\u00f3cio"}}]},{"@type":"Organization","@id":"https:\/\/radiosul.net\/wp\/#organization","name":"radiosul.net","description":"Regional por Excel\u00eancia","url":"https:\/\/radiosul.net\/wp\/"},{"@type":"Person","@id":"https:\/\/radiosul.net\/wp\/author\/alejo\/#author","url":"https:\/\/radiosul.net\/wp\/author\/alejo\/","name":"Alejo Bordon","image":{"@type":"ImageObject","@id":"https:\/\/radiosul.net\/wp\/2020\/29a-expobel-abre-corrida-pelo-ranking-das-racas-hb-2020\/#authorImage","url":"https:\/\/secure.gravatar.com\/avatar\/b3a7e7f1c71212e6a5b7183b79a2ab58dad8bdc4cd4eadd61c4434d010d0bae4?s=96&d=mm&r=g","width":96,"height":96,"caption":"Alejo Bordon"}},{"@type":"WebPage","@id":"https:\/\/radiosul.net\/wp\/2020\/29a-expobel-abre-corrida-pelo-ranking-das-racas-hb-2020\/#webpage","url":"https:\/\/radiosul.net\/wp\/2020\/29a-expobel-abre-corrida-pelo-ranking-das-racas-hb-2020\/","name":"29\u00aa Expobel abre corrida pelo Ranking das ra\u00e7as HB 2020 - radiosul.net","description":"Chegou ao fim no \u00faltimo domingo, dia 15 de mar\u00e7o, a participa\u00e7\u00e3o da Associa\u00e7\u00e3o Brasileira de Hereford e Braford (ABHB) na 29\u00aa Exposi\u00e7\u00e3o Agropecu\u00e1ria Francisco Beltr\u00e3o (Expobel). O evento, que abriu o ciclo de exposi\u00e7\u00f5es v\u00e1lidas pelo Ranking Nacional de criadores HB, contou com exposi\u00e7\u00e3o e julgamento de animais, degusta\u00e7\u00e3o de Carne Certificada Hereford e","inLanguage":"pt-BR","isPartOf":{"@id":"https:\/\/radiosul.net\/wp\/#website"},"breadcrumb":{"@id":"https:\/\/radiosul.net\/wp\/2020\/29a-expobel-abre-corrida-pelo-ranking-das-racas-hb-2020\/#breadcrumblist"},"author":{"@id":"https:\/\/radiosul.net\/wp\/author\/alejo\/#author"},"creator":{"@id":"https:\/\/radiosul.net\/wp\/author\/alejo\/#author"},"image":{"@type":"ImageObject","url":"https:\/\/radiosul.net\/wp\/wp-content\/uploads\/2020\/03\/Sem-t\u00edtulo-1.png","@id":"https:\/\/radiosul.net\/wp\/2020\/29a-expobel-abre-corrida-pelo-ranking-das-racas-hb-2020\/#mainImage","width":2502,"height":1658},"primaryImageOfPage":{"@id":"https:\/\/radiosul.net\/wp\/2020\/29a-expobel-abre-corrida-pelo-ranking-das-racas-hb-2020\/#mainImage"},"datePublished":"2020-03-17T03:19:15-03:00","dateModified":"2020-03-17T03:19:17-03:00"},{"@type":"WebSite","@id":"https:\/\/radiosul.net\/wp\/#website","url":"https:\/\/radiosul.net\/wp\/","name":"radiosul.net","description":"Regional por Excel\u00eancia","inLanguage":"pt-BR","publisher":{"@id":"https:\/\/radiosul.net\/wp\/#organization"}}]},"og:locale":"pt_BR","og:site_name":"radiosul.net - Regional por Excel\u00eancia","og:type":"article","og:title":"29\u00aa Expobel abre corrida pelo Ranking das ra\u00e7as HB 2020 - radiosul.net","og:description":"Chegou ao fim no \u00faltimo domingo, dia 15 de mar\u00e7o, a participa\u00e7\u00e3o da Associa\u00e7\u00e3o Brasileira de Hereford e Braford (ABHB) na 29\u00aa Exposi\u00e7\u00e3o Agropecu\u00e1ria Francisco Beltr\u00e3o (Expobel). O evento, que abriu o ciclo de exposi\u00e7\u00f5es v\u00e1lidas pelo Ranking Nacional de criadores HB, contou com exposi\u00e7\u00e3o e julgamento de animais, degusta\u00e7\u00e3o de Carne Certificada Hereford e","og:url":"https:\/\/radiosul.net\/wp\/2020\/29a-expobel-abre-corrida-pelo-ranking-das-racas-hb-2020\/","article:published_time":"2020-03-17T06:19:15+00:00","article:modified_time":"2020-03-17T06:19:17+00:00","twitter:card":"summary_large_image","twitter:title":"29\u00aa Expobel abre corrida pelo Ranking das ra\u00e7as HB 2020 - radiosul.net","twitter:description":"Chegou ao fim no \u00faltimo domingo, dia 15 de mar\u00e7o, a participa\u00e7\u00e3o da Associa\u00e7\u00e3o Brasileira de Hereford e Braford (ABHB) na 29\u00aa Exposi\u00e7\u00e3o Agropecu\u00e1ria Francisco Beltr\u00e3o (Expobel). O evento, que abriu o ciclo de exposi\u00e7\u00f5es v\u00e1lidas pelo Ranking Nacional de criadores HB, contou com exposi\u00e7\u00e3o e julgamento de animais, degusta\u00e7\u00e3o de Carne Certificada Hereford e"},"aioseo_meta_data":{"post_id":"11696","title":null,"description":null,"keywords":null,"keyphrases":null,"primary_term":null,"canonical_url":null,"og_title":null,"og_description":null,"og_object_type":"default","og_image_type":"default","og_image_url":null,"og_image_width":null,"og_image_height":null,"og_image_custom_url":null,"og_image_custom_fields":null,"og_video":null,"og_custom_url":null,"og_article_section":null,"og_article_tags":null,"twitter_use_og":false,"twitter_card":"default","twitter_image_type":"default","twitter_image_url":null,"twitter_image_custom_url":null,"twitter_image_custom_fields":null,"twitter_title":null,"twitter_description":null,"schema":{"blockGraphs":[],"customGraphs":[],"default":{"data":{"Article":[],"Course":[],"Dataset":[],"FAQPage":[],"Movie":[],"Person":[],"Product":[],"ProductReview":[],"Car":[],"Recipe":[],"Service":[],"SoftwareApplication":[],"WebPage":[]},"graphName":"","isEnabled":true},"graphs":[]},"schema_type":"default","schema_type_options":null,"pillar_content":false,"robots_default":true,"robots_noindex":false,"robots_noarchive":false,"robots_nosnippet":false,"robots_nofollow":false,"robots_noimageindex":false,"robots_noodp":false,"robots_notranslate":false,"robots_max_snippet":null,"robots_max_videopreview":null,"robots_max_imagepreview":"large","priority":null,"frequency":null,"local_seo":null,"breadcrumb_settings":null,"limit_modified_date":false,"ai":null,"created":"2026-01-08 19:47:08","updated":"2026-01-08 19:47:08","seo_analyzer_scan_date":null,"focus_keyword":null,"additional_keywords":null,"truseo_locale":null},"aioseo_breadcrumb":"<div class=\"aioseo-breadcrumbs\"><span class=\"aioseo-breadcrumb\">\n\t\t\t<a href=\"https:\/\/radiosul.net\/wp\" title=\"Home\">Home<\/a>\n\t\t<\/span><span class=\"aioseo-breadcrumb-separator\">&raquo;<\/span><span class=\"aioseo-breadcrumb\">\n\t\t\t<a href=\"https:\/\/radiosul.net\/wp\/category\/agro\/\" title=\"Agroneg\u00f3cio\">Agroneg\u00f3cio<\/a>\n\t\t<\/span><span class=\"aioseo-breadcrumb-separator\">&raquo;<\/span><span class=\"aioseo-breadcrumb\">\n\t\t\t29\u00aa Expobel abre corrida pelo Ranking das ra\u00e7as HB 2020\n\t\t<\/span><\/div>","aioseo_breadcrumb_json":[{"label":"Home","link":"https:\/\/radiosul.net\/wp"},{"label":"Agroneg\u00f3cio","link":"https:\/\/radiosul.net\/wp\/category\/agro\/"},{"label":"29\u00aa Expobel abre corrida pelo Ranking das ra\u00e7as HB 2020","link":"https:\/\/radiosul.net\/wp\/2020\/29a-expobel-abre-corrida-pelo-ranking-das-racas-hb-2020\/"}],"_links":{"self":[{"href":"https:\/\/radiosul.net\/wp\/wp-json\/wp\/v2\/posts\/11696","targetHints":{"allow":["GET"]}}],"collection":[{"href":"https:\/\/radiosul.net\/wp\/wp-json\/wp\/v2\/posts"}],"about":[{"href":"https:\/\/radiosul.net\/wp\/wp-json\/wp\/v2\/types\/post"}],"author":[{"embeddable":true,"href":"https:\/\/radiosul.net\/wp\/wp-json\/wp\/v2\/users\/9"}],"replies":[{"embeddable":true,"href":"https:\/\/radiosul.net\/wp\/wp-json\/wp\/v2\/comments?post=11696"}],"version-history":[{"count":1,"href":"https:\/\/radiosul.net\/wp\/wp-json\/wp\/v2\/posts\/11696\/revisions"}],"predecessor-version":[{"id":11702,"href":"https:\/\/radiosul.net\/wp\/wp-json\/wp\/v2\/posts\/11696\/revisions\/11702"}],"wp:featuredmedia":[{"embeddable":true,"href":"https:\/\/radiosul.net\/wp\/wp-json\/wp\/v2\/media\/11701"}],"wp:attachment":[{"href":"https:\/\/radiosul.net\/wp\/wp-json\/wp\/v2\/media?parent=11696"}],"wp:term":[{"taxonomy":"category","embeddable":true,"href":"https:\/\/radiosul.net\/wp\/wp-json\/wp\/v2\/categories?post=11696"},{"taxonomy":"post_tag","embeddable":true,"href":"https:\/\/radiosul.net\/wp\/wp-json\/wp\/v2\/tags?post=11696"}],"curies":[{"name":"wp","href":"https:\/\/api.w.org\/{rel}","templated":true}]}}