{"id":11681,"date":"2020-03-16T07:16:02","date_gmt":"2020-03-16T10:16:02","guid":{"rendered":"https:\/\/radiosul.net\/wp\/?p=11681"},"modified":"2020-03-16T07:16:04","modified_gmt":"2020-03-16T10:16:04","slug":"abhb-19a-edicao-da-tecnoshow-comigo-e-cancelada","status":"publish","type":"post","link":"https:\/\/radiosul.net\/wp\/2020\/abhb-19a-edicao-da-tecnoshow-comigo-e-cancelada\/","title":{"rendered":"ABHB: 19\u00aa edi\u00e7\u00e3o da TecnoShow Comigo \u00e9 cancelada"},"content":{"rendered":"\n<p class=\"wp-block-paragraph\"> A Associa\u00e7\u00e3o Brasileira de Hereford e Braford (ABHB) comunica seus  s\u00f3cios e criadores que, devido ao cancelamento da TecnoShow Comigo,  feira que aconteceria entre 30 de mar\u00e7o e 03 de abril, no Instituto de  Ci\u00eancia e Tecnologia (ITC) em Rio Verde (GO), em decorr\u00eancia da pandemia  de coronav\u00edrus (Covid-19), a programa\u00e7\u00e3o da entidade junto \u00e0 feira  tamb\u00e9m foi suspensa por tempo indeterminado. <\/p>\n\n\n\n<p class=\"wp-block-paragraph\"><strong><em>Fonte: Associa\u00e7\u00e3o Brasileira de Hereford e Braford <\/em><\/strong><\/p>\n","protected":false},"excerpt":{"rendered":"<p>A Associa\u00e7\u00e3o Brasileira de Hereford e Braford (ABHB) comunica seus s\u00f3cios e criadores que, devido ao cancelamento da TecnoShow Comigo, feira que aconteceria entre 30 de mar\u00e7o e 03 de abril, no Instituto de Ci\u00eancia e Tecnologia (ITC) em Rio Verde (GO), em decorr\u00eancia da pandemia de coronav\u00edrus (Covid-19), a programa\u00e7\u00e3o da entidade junto \u00e0 &hellip;<\/p>\n","protected":false},"author":9,"featured_media":11682,"comment_status":"closed","ping_status":"closed","sticky":false,"template":"","format":"standard","meta":{"_monsterinsights_skip_tracking":false,"_uf_show_specific_survey":0,"_uf_disable_surveys":false,"footnotes":""},"categories":[1,126],"tags":[],"class_list":["post-11681","post","type-post","status-publish","format-standard","has-post-thumbnail","hentry","category-agro","category-destacados"],"aioseo_notices":[],"aioseo_head":"\n\t\t<!-- All in One SEO 5.0.1.1 - aioseo.com -->\n\t<meta name=\"description\" content=\"A Associa\u00e7\u00e3o Brasileira de Hereford e Braford (ABHB) comunica seus s\u00f3cios e criadores que, devido ao cancelamento da TecnoShow Comigo, feira que aconteceria entre 30 de mar\u00e7o e 03 de abril, no Instituto de Ci\u00eancia e Tecnologia (ITC) em Rio Verde (GO), em decorr\u00eancia da pandemia de coronav\u00edrus (Covid-19), a programa\u00e7\u00e3o da entidade junto \u00e0\" \/>\n\t<meta name=\"robots\" content=\"max-image-preview:large\" \/>\n\t<meta name=\"author\" content=\"Alejo Bordon\"\/>\n\t<link rel=\"canonical\" href=\"https:\/\/radiosul.net\/wp\/2020\/abhb-19a-edicao-da-tecnoshow-comigo-e-cancelada\/\" \/>\n\t<meta name=\"generator\" content=\"All in One SEO (AIOSEO) 5.0.1.1\" \/>\n\t\t<meta property=\"og:locale\" content=\"pt_BR\" \/>\n\t\t<meta property=\"og:site_name\" content=\"radiosul.net - Regional por Excel\u00eancia\" \/>\n\t\t<meta property=\"og:type\" content=\"article\" \/>\n\t\t<meta property=\"og:title\" content=\"ABHB: 19\u00aa edi\u00e7\u00e3o da TecnoShow Comigo \u00e9 cancelada - radiosul.net\" \/>\n\t\t<meta property=\"og:description\" content=\"A Associa\u00e7\u00e3o Brasileira de Hereford e Braford (ABHB) comunica seus s\u00f3cios e criadores que, devido ao cancelamento da TecnoShow Comigo, feira que aconteceria entre 30 de mar\u00e7o e 03 de abril, no Instituto de Ci\u00eancia e Tecnologia (ITC) em Rio Verde (GO), em decorr\u00eancia da pandemia de coronav\u00edrus (Covid-19), a programa\u00e7\u00e3o da entidade junto \u00e0\" \/>\n\t\t<meta property=\"og:url\" content=\"https:\/\/radiosul.net\/wp\/2020\/abhb-19a-edicao-da-tecnoshow-comigo-e-cancelada\/\" \/>\n\t\t<meta property=\"article:published_time\" content=\"2020-03-16T10:16:02+00:00\" \/>\n\t\t<meta property=\"article:modified_time\" content=\"2020-03-16T10:16:04+00:00\" \/>\n\t\t<meta name=\"twitter:card\" content=\"summary_large_image\" \/>\n\t\t<meta name=\"twitter:title\" content=\"ABHB: 19\u00aa edi\u00e7\u00e3o da TecnoShow Comigo \u00e9 cancelada - radiosul.net\" \/>\n\t\t<meta name=\"twitter:description\" content=\"A Associa\u00e7\u00e3o Brasileira de Hereford e Braford (ABHB) comunica seus s\u00f3cios e criadores que, devido ao cancelamento da TecnoShow Comigo, feira que aconteceria entre 30 de mar\u00e7o e 03 de abril, no Instituto de Ci\u00eancia e Tecnologia (ITC) em Rio Verde (GO), em decorr\u00eancia da pandemia de coronav\u00edrus (Covid-19), a programa\u00e7\u00e3o da entidade junto \u00e0\" \/>\n\t\t<script type=\"application\/ld+json\" class=\"aioseo-schema\">\n\t\t\t{\"@context\":\"https:\\\/\\\/schema.org\",\"@graph\":[{\"@type\":\"BlogPosting\",\"@id\":\"https:\\\/\\\/radiosul.net\\\/wp\\\/2020\\\/abhb-19a-edicao-da-tecnoshow-comigo-e-cancelada\\\/#blogposting\",\"name\":\"ABHB: 19\\u00aa edi\\u00e7\\u00e3o da TecnoShow Comigo \\u00e9 cancelada - radiosul.net\",\"headline\":\"ABHB: 19\\u00aa edi\\u00e7\\u00e3o da TecnoShow Comigo \\u00e9 cancelada\",\"author\":{\"@id\":\"https:\\\/\\\/radiosul.net\\\/wp\\\/author\\\/alejo\\\/#author\"},\"publisher\":{\"@id\":\"https:\\\/\\\/radiosul.net\\\/wp\\\/#organization\"},\"image\":{\"@type\":\"ImageObject\",\"url\":\"https:\\\/\\\/radiosul.net\\\/wp\\\/wp-content\\\/uploads\\\/2020\\\/03\\\/logo.png\",\"width\":2502,\"height\":1658},\"datePublished\":\"2020-03-16T07:16:02-03:00\",\"dateModified\":\"2020-03-16T07:16:04-03:00\",\"inLanguage\":\"pt-BR\",\"mainEntityOfPage\":{\"@id\":\"https:\\\/\\\/radiosul.net\\\/wp\\\/2020\\\/abhb-19a-edicao-da-tecnoshow-comigo-e-cancelada\\\/#webpage\"},\"isPartOf\":{\"@id\":\"https:\\\/\\\/radiosul.net\\\/wp\\\/2020\\\/abhb-19a-edicao-da-tecnoshow-comigo-e-cancelada\\\/#webpage\"},\"articleSection\":\"Agroneg\\u00f3cio, Destaque\"},{\"@type\":\"BreadcrumbList\",\"@id\":\"https:\\\/\\\/radiosul.net\\\/wp\\\/2020\\\/abhb-19a-edicao-da-tecnoshow-comigo-e-cancelada\\\/#breadcrumblist\",\"itemListElement\":[{\"@type\":\"ListItem\",\"@id\":\"https:\\\/\\\/radiosul.net\\\/wp#listItem\",\"position\":1,\"name\":\"Home\",\"item\":\"https:\\\/\\\/radiosul.net\\\/wp\",\"nextItem\":{\"@type\":\"ListItem\",\"@id\":\"https:\\\/\\\/radiosul.net\\\/wp\\\/category\\\/agro\\\/#listItem\",\"name\":\"Agroneg\\u00f3cio\"}},{\"@type\":\"ListItem\",\"@id\":\"https:\\\/\\\/radiosul.net\\\/wp\\\/category\\\/agro\\\/#listItem\",\"position\":2,\"name\":\"Agroneg\\u00f3cio\",\"item\":\"https:\\\/\\\/radiosul.net\\\/wp\\\/category\\\/agro\\\/\",\"nextItem\":{\"@type\":\"ListItem\",\"@id\":\"https:\\\/\\\/radiosul.net\\\/wp\\\/2020\\\/abhb-19a-edicao-da-tecnoshow-comigo-e-cancelada\\\/#listItem\",\"name\":\"ABHB: 19\\u00aa edi\\u00e7\\u00e3o da TecnoShow Comigo \\u00e9 cancelada\"},\"previousItem\":{\"@type\":\"ListItem\",\"@id\":\"https:\\\/\\\/radiosul.net\\\/wp#listItem\",\"name\":\"Home\"}},{\"@type\":\"ListItem\",\"@id\":\"https:\\\/\\\/radiosul.net\\\/wp\\\/2020\\\/abhb-19a-edicao-da-tecnoshow-comigo-e-cancelada\\\/#listItem\",\"position\":3,\"name\":\"ABHB: 19\\u00aa edi\\u00e7\\u00e3o da TecnoShow Comigo \\u00e9 cancelada\",\"previousItem\":{\"@type\":\"ListItem\",\"@id\":\"https:\\\/\\\/radiosul.net\\\/wp\\\/category\\\/agro\\\/#listItem\",\"name\":\"Agroneg\\u00f3cio\"}}]},{\"@type\":\"Organization\",\"@id\":\"https:\\\/\\\/radiosul.net\\\/wp\\\/#organization\",\"name\":\"radiosul.net\",\"description\":\"Regional por Excel\\u00eancia\",\"url\":\"https:\\\/\\\/radiosul.net\\\/wp\\\/\"},{\"@type\":\"Person\",\"@id\":\"https:\\\/\\\/radiosul.net\\\/wp\\\/author\\\/alejo\\\/#author\",\"url\":\"https:\\\/\\\/radiosul.net\\\/wp\\\/author\\\/alejo\\\/\",\"name\":\"Alejo Bordon\",\"image\":{\"@type\":\"ImageObject\",\"@id\":\"https:\\\/\\\/radiosul.net\\\/wp\\\/2020\\\/abhb-19a-edicao-da-tecnoshow-comigo-e-cancelada\\\/#authorImage\",\"url\":\"https:\\\/\\\/secure.gravatar.com\\\/avatar\\\/b3a7e7f1c71212e6a5b7183b79a2ab58dad8bdc4cd4eadd61c4434d010d0bae4?s=96&d=mm&r=g\",\"width\":96,\"height\":96,\"caption\":\"Alejo Bordon\"}},{\"@type\":\"WebPage\",\"@id\":\"https:\\\/\\\/radiosul.net\\\/wp\\\/2020\\\/abhb-19a-edicao-da-tecnoshow-comigo-e-cancelada\\\/#webpage\",\"url\":\"https:\\\/\\\/radiosul.net\\\/wp\\\/2020\\\/abhb-19a-edicao-da-tecnoshow-comigo-e-cancelada\\\/\",\"name\":\"ABHB: 19\\u00aa edi\\u00e7\\u00e3o da TecnoShow Comigo \\u00e9 cancelada - radiosul.net\",\"description\":\"A Associa\\u00e7\\u00e3o Brasileira de Hereford e Braford (ABHB) comunica seus s\\u00f3cios e criadores que, devido ao cancelamento da TecnoShow Comigo, feira que aconteceria entre 30 de mar\\u00e7o e 03 de abril, no Instituto de Ci\\u00eancia e Tecnologia (ITC) em Rio Verde (GO), em decorr\\u00eancia da pandemia de coronav\\u00edrus (Covid-19), a programa\\u00e7\\u00e3o da entidade junto \\u00e0\",\"inLanguage\":\"pt-BR\",\"isPartOf\":{\"@id\":\"https:\\\/\\\/radiosul.net\\\/wp\\\/#website\"},\"breadcrumb\":{\"@id\":\"https:\\\/\\\/radiosul.net\\\/wp\\\/2020\\\/abhb-19a-edicao-da-tecnoshow-comigo-e-cancelada\\\/#breadcrumblist\"},\"author\":{\"@id\":\"https:\\\/\\\/radiosul.net\\\/wp\\\/author\\\/alejo\\\/#author\"},\"creator\":{\"@id\":\"https:\\\/\\\/radiosul.net\\\/wp\\\/author\\\/alejo\\\/#author\"},\"image\":{\"@type\":\"ImageObject\",\"url\":\"https:\\\/\\\/radiosul.net\\\/wp\\\/wp-content\\\/uploads\\\/2020\\\/03\\\/logo.png\",\"@id\":\"https:\\\/\\\/radiosul.net\\\/wp\\\/2020\\\/abhb-19a-edicao-da-tecnoshow-comigo-e-cancelada\\\/#mainImage\",\"width\":2502,\"height\":1658},\"primaryImageOfPage\":{\"@id\":\"https:\\\/\\\/radiosul.net\\\/wp\\\/2020\\\/abhb-19a-edicao-da-tecnoshow-comigo-e-cancelada\\\/#mainImage\"},\"datePublished\":\"2020-03-16T07:16:02-03:00\",\"dateModified\":\"2020-03-16T07:16:04-03:00\"},{\"@type\":\"WebSite\",\"@id\":\"https:\\\/\\\/radiosul.net\\\/wp\\\/#website\",\"url\":\"https:\\\/\\\/radiosul.net\\\/wp\\\/\",\"name\":\"radiosul.net\",\"description\":\"Regional por Excel\\u00eancia\",\"inLanguage\":\"pt-BR\",\"publisher\":{\"@id\":\"https:\\\/\\\/radiosul.net\\\/wp\\\/#organization\"}}]}\n\t\t<\/script>\n\t\t<!-- All in One SEO -->\n\n","aioseo_head_json":{"title":"ABHB: 19\u00aa edi\u00e7\u00e3o da TecnoShow Comigo \u00e9 cancelada - radiosul.net","description":"A Associa\u00e7\u00e3o Brasileira de Hereford e Braford (ABHB) comunica seus s\u00f3cios e criadores que, devido ao cancelamento da TecnoShow Comigo, feira que aconteceria entre 30 de mar\u00e7o e 03 de abril, no Instituto de Ci\u00eancia e Tecnologia (ITC) em Rio Verde (GO), em decorr\u00eancia da pandemia de coronav\u00edrus (Covid-19), a programa\u00e7\u00e3o da entidade junto \u00e0","canonical_url":"https:\/\/radiosul.net\/wp\/2020\/abhb-19a-edicao-da-tecnoshow-comigo-e-cancelada\/","robots":"max-image-preview:large","keywords":"","webmasterTools":{"miscellaneous":""},"schema":{"@context":"https:\/\/schema.org","@graph":[{"@type":"BlogPosting","@id":"https:\/\/radiosul.net\/wp\/2020\/abhb-19a-edicao-da-tecnoshow-comigo-e-cancelada\/#blogposting","name":"ABHB: 19\u00aa edi\u00e7\u00e3o da TecnoShow Comigo \u00e9 cancelada - radiosul.net","headline":"ABHB: 19\u00aa edi\u00e7\u00e3o da TecnoShow Comigo \u00e9 cancelada","author":{"@id":"https:\/\/radiosul.net\/wp\/author\/alejo\/#author"},"publisher":{"@id":"https:\/\/radiosul.net\/wp\/#organization"},"image":{"@type":"ImageObject","url":"https:\/\/radiosul.net\/wp\/wp-content\/uploads\/2020\/03\/logo.png","width":2502,"height":1658},"datePublished":"2020-03-16T07:16:02-03:00","dateModified":"2020-03-16T07:16:04-03:00","inLanguage":"pt-BR","mainEntityOfPage":{"@id":"https:\/\/radiosul.net\/wp\/2020\/abhb-19a-edicao-da-tecnoshow-comigo-e-cancelada\/#webpage"},"isPartOf":{"@id":"https:\/\/radiosul.net\/wp\/2020\/abhb-19a-edicao-da-tecnoshow-comigo-e-cancelada\/#webpage"},"articleSection":"Agroneg\u00f3cio, Destaque"},{"@type":"BreadcrumbList","@id":"https:\/\/radiosul.net\/wp\/2020\/abhb-19a-edicao-da-tecnoshow-comigo-e-cancelada\/#breadcrumblist","itemListElement":[{"@type":"ListItem","@id":"https:\/\/radiosul.net\/wp#listItem","position":1,"name":"Home","item":"https:\/\/radiosul.net\/wp","nextItem":{"@type":"ListItem","@id":"https:\/\/radiosul.net\/wp\/category\/agro\/#listItem","name":"Agroneg\u00f3cio"}},{"@type":"ListItem","@id":"https:\/\/radiosul.net\/wp\/category\/agro\/#listItem","position":2,"name":"Agroneg\u00f3cio","item":"https:\/\/radiosul.net\/wp\/category\/agro\/","nextItem":{"@type":"ListItem","@id":"https:\/\/radiosul.net\/wp\/2020\/abhb-19a-edicao-da-tecnoshow-comigo-e-cancelada\/#listItem","name":"ABHB: 19\u00aa edi\u00e7\u00e3o da TecnoShow Comigo \u00e9 cancelada"},"previousItem":{"@type":"ListItem","@id":"https:\/\/radiosul.net\/wp#listItem","name":"Home"}},{"@type":"ListItem","@id":"https:\/\/radiosul.net\/wp\/2020\/abhb-19a-edicao-da-tecnoshow-comigo-e-cancelada\/#listItem","position":3,"name":"ABHB: 19\u00aa edi\u00e7\u00e3o da TecnoShow Comigo \u00e9 cancelada","previousItem":{"@type":"ListItem","@id":"https:\/\/radiosul.net\/wp\/category\/agro\/#listItem","name":"Agroneg\u00f3cio"}}]},{"@type":"Organization","@id":"https:\/\/radiosul.net\/wp\/#organization","name":"radiosul.net","description":"Regional por Excel\u00eancia","url":"https:\/\/radiosul.net\/wp\/"},{"@type":"Person","@id":"https:\/\/radiosul.net\/wp\/author\/alejo\/#author","url":"https:\/\/radiosul.net\/wp\/author\/alejo\/","name":"Alejo Bordon","image":{"@type":"ImageObject","@id":"https:\/\/radiosul.net\/wp\/2020\/abhb-19a-edicao-da-tecnoshow-comigo-e-cancelada\/#authorImage","url":"https:\/\/secure.gravatar.com\/avatar\/b3a7e7f1c71212e6a5b7183b79a2ab58dad8bdc4cd4eadd61c4434d010d0bae4?s=96&d=mm&r=g","width":96,"height":96,"caption":"Alejo Bordon"}},{"@type":"WebPage","@id":"https:\/\/radiosul.net\/wp\/2020\/abhb-19a-edicao-da-tecnoshow-comigo-e-cancelada\/#webpage","url":"https:\/\/radiosul.net\/wp\/2020\/abhb-19a-edicao-da-tecnoshow-comigo-e-cancelada\/","name":"ABHB: 19\u00aa edi\u00e7\u00e3o da TecnoShow Comigo \u00e9 cancelada - radiosul.net","description":"A Associa\u00e7\u00e3o Brasileira de Hereford e Braford (ABHB) comunica seus s\u00f3cios e criadores que, devido ao cancelamento da TecnoShow Comigo, feira que aconteceria entre 30 de mar\u00e7o e 03 de abril, no Instituto de Ci\u00eancia e Tecnologia (ITC) em Rio Verde (GO), em decorr\u00eancia da pandemia de coronav\u00edrus (Covid-19), a programa\u00e7\u00e3o da entidade junto \u00e0","inLanguage":"pt-BR","isPartOf":{"@id":"https:\/\/radiosul.net\/wp\/#website"},"breadcrumb":{"@id":"https:\/\/radiosul.net\/wp\/2020\/abhb-19a-edicao-da-tecnoshow-comigo-e-cancelada\/#breadcrumblist"},"author":{"@id":"https:\/\/radiosul.net\/wp\/author\/alejo\/#author"},"creator":{"@id":"https:\/\/radiosul.net\/wp\/author\/alejo\/#author"},"image":{"@type":"ImageObject","url":"https:\/\/radiosul.net\/wp\/wp-content\/uploads\/2020\/03\/logo.png","@id":"https:\/\/radiosul.net\/wp\/2020\/abhb-19a-edicao-da-tecnoshow-comigo-e-cancelada\/#mainImage","width":2502,"height":1658},"primaryImageOfPage":{"@id":"https:\/\/radiosul.net\/wp\/2020\/abhb-19a-edicao-da-tecnoshow-comigo-e-cancelada\/#mainImage"},"datePublished":"2020-03-16T07:16:02-03:00","dateModified":"2020-03-16T07:16:04-03:00"},{"@type":"WebSite","@id":"https:\/\/radiosul.net\/wp\/#website","url":"https:\/\/radiosul.net\/wp\/","name":"radiosul.net","description":"Regional por Excel\u00eancia","inLanguage":"pt-BR","publisher":{"@id":"https:\/\/radiosul.net\/wp\/#organization"}}]},"og:locale":"pt_BR","og:site_name":"radiosul.net - Regional por Excel\u00eancia","og:type":"article","og:title":"ABHB: 19\u00aa edi\u00e7\u00e3o da TecnoShow Comigo \u00e9 cancelada - radiosul.net","og:description":"A Associa\u00e7\u00e3o Brasileira de Hereford e Braford (ABHB) comunica seus s\u00f3cios e criadores que, devido ao cancelamento da TecnoShow Comigo, feira que aconteceria entre 30 de mar\u00e7o e 03 de abril, no Instituto de Ci\u00eancia e Tecnologia (ITC) em Rio Verde (GO), em decorr\u00eancia da pandemia de coronav\u00edrus (Covid-19), a programa\u00e7\u00e3o da entidade junto \u00e0","og:url":"https:\/\/radiosul.net\/wp\/2020\/abhb-19a-edicao-da-tecnoshow-comigo-e-cancelada\/","article:published_time":"2020-03-16T10:16:02+00:00","article:modified_time":"2020-03-16T10:16:04+00:00","twitter:card":"summary_large_image","twitter:title":"ABHB: 19\u00aa edi\u00e7\u00e3o da TecnoShow Comigo \u00e9 cancelada - radiosul.net","twitter:description":"A Associa\u00e7\u00e3o Brasileira de Hereford e Braford (ABHB) comunica seus s\u00f3cios e criadores que, devido ao cancelamento da TecnoShow Comigo, feira que aconteceria entre 30 de mar\u00e7o e 03 de abril, no Instituto de Ci\u00eancia e Tecnologia (ITC) em Rio Verde (GO), em decorr\u00eancia da pandemia de coronav\u00edrus (Covid-19), a programa\u00e7\u00e3o da entidade junto \u00e0"},"aioseo_meta_data":{"post_id":"11681","title":null,"description":null,"keywords":null,"keyphrases":null,"primary_term":null,"canonical_url":null,"og_title":null,"og_description":null,"og_object_type":"default","og_image_type":"default","og_image_url":null,"og_image_width":null,"og_image_height":null,"og_image_custom_url":null,"og_image_custom_fields":null,"og_video":null,"og_custom_url":null,"og_article_section":null,"og_article_tags":null,"twitter_use_og":false,"twitter_card":"default","twitter_image_type":"default","twitter_image_url":null,"twitter_image_custom_url":null,"twitter_image_custom_fields":null,"twitter_title":null,"twitter_description":null,"schema":{"blockGraphs":[],"customGraphs":[],"default":{"data":{"Article":[],"Course":[],"Dataset":[],"FAQPage":[],"Movie":[],"Person":[],"Product":[],"ProductReview":[],"Car":[],"Recipe":[],"Service":[],"SoftwareApplication":[],"WebPage":[]},"graphName":"","isEnabled":true},"graphs":[]},"schema_type":"default","schema_type_options":null,"pillar_content":false,"robots_default":true,"robots_noindex":false,"robots_noarchive":false,"robots_nosnippet":false,"robots_nofollow":false,"robots_noimageindex":false,"robots_noodp":false,"robots_notranslate":false,"robots_max_snippet":null,"robots_max_videopreview":null,"robots_max_imagepreview":"large","priority":null,"frequency":null,"local_seo":null,"breadcrumb_settings":null,"limit_modified_date":false,"ai":null,"created":"2026-01-08 19:45:45","updated":"2026-01-08 19:45:45","seo_analyzer_scan_date":null,"focus_keyword":null,"additional_keywords":null,"truseo_locale":null},"aioseo_breadcrumb":"<div class=\"aioseo-breadcrumbs\"><span class=\"aioseo-breadcrumb\">\n\t\t\t<a href=\"https:\/\/radiosul.net\/wp\" title=\"Home\">Home<\/a>\n\t\t<\/span><span class=\"aioseo-breadcrumb-separator\">&raquo;<\/span><span class=\"aioseo-breadcrumb\">\n\t\t\t<a href=\"https:\/\/radiosul.net\/wp\/category\/agro\/\" title=\"Agroneg\u00f3cio\">Agroneg\u00f3cio<\/a>\n\t\t<\/span><span class=\"aioseo-breadcrumb-separator\">&raquo;<\/span><span class=\"aioseo-breadcrumb\">\n\t\t\tABHB: 19\u00aa edi\u00e7\u00e3o da TecnoShow Comigo \u00e9 cancelada\n\t\t<\/span><\/div>","aioseo_breadcrumb_json":[{"label":"Home","link":"https:\/\/radiosul.net\/wp"},{"label":"Agroneg\u00f3cio","link":"https:\/\/radiosul.net\/wp\/category\/agro\/"},{"label":"ABHB: 19\u00aa edi\u00e7\u00e3o da TecnoShow Comigo \u00e9 cancelada","link":"https:\/\/radiosul.net\/wp\/2020\/abhb-19a-edicao-da-tecnoshow-comigo-e-cancelada\/"}],"_links":{"self":[{"href":"https:\/\/radiosul.net\/wp\/wp-json\/wp\/v2\/posts\/11681","targetHints":{"allow":["GET"]}}],"collection":[{"href":"https:\/\/radiosul.net\/wp\/wp-json\/wp\/v2\/posts"}],"about":[{"href":"https:\/\/radiosul.net\/wp\/wp-json\/wp\/v2\/types\/post"}],"author":[{"embeddable":true,"href":"https:\/\/radiosul.net\/wp\/wp-json\/wp\/v2\/users\/9"}],"replies":[{"embeddable":true,"href":"https:\/\/radiosul.net\/wp\/wp-json\/wp\/v2\/comments?post=11681"}],"version-history":[{"count":1,"href":"https:\/\/radiosul.net\/wp\/wp-json\/wp\/v2\/posts\/11681\/revisions"}],"predecessor-version":[{"id":11683,"href":"https:\/\/radiosul.net\/wp\/wp-json\/wp\/v2\/posts\/11681\/revisions\/11683"}],"wp:featuredmedia":[{"embeddable":true,"href":"https:\/\/radiosul.net\/wp\/wp-json\/wp\/v2\/media\/11682"}],"wp:attachment":[{"href":"https:\/\/radiosul.net\/wp\/wp-json\/wp\/v2\/media?parent=11681"}],"wp:term":[{"taxonomy":"category","embeddable":true,"href":"https:\/\/radiosul.net\/wp\/wp-json\/wp\/v2\/categories?post=11681"},{"taxonomy":"post_tag","embeddable":true,"href":"https:\/\/radiosul.net\/wp\/wp-json\/wp\/v2\/tags?post=11681"}],"curies":[{"name":"wp","href":"https:\/\/api.w.org\/{rel}","templated":true}]}}