{"id":11607,"date":"2020-03-11T04:59:05","date_gmt":"2020-03-11T07:59:05","guid":{"rendered":"https:\/\/radiosul.net\/wp\/?p=11607"},"modified":"2020-03-11T04:59:07","modified_gmt":"2020-03-11T07:59:07","slug":"argentina-congresso-mundial-brangus-e-adiado-por-um-ano-pelo-coronavirus","status":"publish","type":"post","link":"https:\/\/radiosul.net\/wp\/2020\/argentina-congresso-mundial-brangus-e-adiado-por-um-ano-pelo-coronavirus\/","title":{"rendered":"Argentina: Congresso Mundial Brangus \u00e9 adiado por um ano pelo Coronav\u00edrus"},"content":{"rendered":"\n<p class=\"wp-block-paragraph\">\nEl avance del Coronavirus en la regi\u00f3n genera una reprogramaci\u00f3n de \nvarias actividades, adem\u00e1s de la consternaci\u00f3n social y econ\u00f3mica ya \nconocida.<\/p>\n\n\n\n<p class=\"wp-block-paragraph\">Es por esto, que la Sociedad de Criadores de Brangus de\n Argentina resolvi\u00f3 posponer por un a\u00f1o el Congreso Mundial de la raza \nque se iba a realizar en ese pa\u00eds en pocos meses.<\/p>\n\n\n\n<p class=\"wp-block-paragraph\">Seg\u00fan un \ncomunicado que emiti\u00f3 el equipo organizador, se se\u00f1ala que \u201crealizadas \nlas consultas pertinentes y evaluadas las recomendaciones de autoridades\n sanitarias y de prestigiosos infect\u00f3logos, la Comisi\u00f3n Directiva de la \nAsociaci\u00f3n Argentina de Brangus, ha resulto suspender estas \nactividades\u201d.<\/p>\n\n\n\n<p class=\"wp-block-paragraph\">El mismo agrega que \u201ces nuestro compromiso en un \nmomento tan cr\u00edtico, contribuir a evitar la propagaci\u00f3n del COVID -19, y\n as\u00ed colaborar con la contenci\u00f3n de este virus\u201d.<\/p>\n\n\n\n<p class=\"wp-block-paragraph\">Asimismo, se \ncomunica que aquellas personas que hayan confirmado su participaci\u00f3n, \nser\u00e1n contactadas por la agencia oficial, para resolver cada caso lo que\n la situaci\u00f3n requiera.<\/p>\n\n\n\n<p class=\"wp-block-paragraph\">Por \u00faltimo se agrega que \u201ces una \nsituaci\u00f3n de fuerza mayor que requiera la m\u00e1xima responsabilidad de los \norganizadores. Es por ello que tomamos esta dif\u00edcil decisi\u00f3n, \nprivilegiando el bien com\u00fan. Esperamos que los expositores, caba\u00f1eros y \ntodo el equipo de Brangus que viene trabajando hace mucho tiempo, sepan \nentender esta compleja situaci\u00f3n\u201d.<\/p>\n\n\n\n<p class=\"wp-block-paragraph\"><strong><em>Fonte: Tardaguila\/Assessoria Agropecu\u00e1ria<\/em><\/strong><\/p>\n","protected":false},"excerpt":{"rendered":"<p>El avance del Coronavirus en la regi\u00f3n genera una reprogramaci\u00f3n de varias actividades, adem\u00e1s de la consternaci\u00f3n social y econ\u00f3mica ya conocida. Es por esto, que la Sociedad de Criadores de Brangus de Argentina resolvi\u00f3 posponer por un a\u00f1o el Congreso Mundial de la raza que se iba a realizar en ese pa\u00eds en pocos &hellip;<\/p>\n","protected":false},"author":9,"featured_media":11584,"comment_status":"closed","ping_status":"closed","sticky":false,"template":"","format":"standard","meta":{"_monsterinsights_skip_tracking":false,"_uf_show_specific_survey":0,"_uf_disable_surveys":false,"footnotes":""},"categories":[1],"tags":[],"class_list":["post-11607","post","type-post","status-publish","format-standard","has-post-thumbnail","hentry","category-agro"],"aioseo_notices":[],"aioseo_head":"\n\t\t<!-- All in One SEO 5.0.1.1 - aioseo.com -->\n\t<meta name=\"description\" content=\"El avance del Coronavirus en la regi\u00f3n genera una reprogramaci\u00f3n de varias actividades, adem\u00e1s de la consternaci\u00f3n social y econ\u00f3mica ya conocida. Es por esto, que la Sociedad de Criadores de Brangus de Argentina resolvi\u00f3 posponer por un a\u00f1o el Congreso Mundial de la raza que se iba a realizar en ese pa\u00eds en pocos\" \/>\n\t<meta name=\"robots\" content=\"max-image-preview:large\" \/>\n\t<meta name=\"author\" content=\"Alejo Bordon\"\/>\n\t<link rel=\"canonical\" href=\"https:\/\/radiosul.net\/wp\/2020\/argentina-congresso-mundial-brangus-e-adiado-por-um-ano-pelo-coronavirus\/\" \/>\n\t<meta name=\"generator\" content=\"All in One SEO (AIOSEO) 5.0.1.1\" \/>\n\t\t<meta property=\"og:locale\" content=\"pt_BR\" \/>\n\t\t<meta property=\"og:site_name\" content=\"radiosul.net - Regional por Excel\u00eancia\" \/>\n\t\t<meta property=\"og:type\" content=\"article\" \/>\n\t\t<meta property=\"og:title\" content=\"Argentina: Congresso Mundial Brangus \u00e9 adiado por um ano pelo Coronav\u00edrus - radiosul.net\" \/>\n\t\t<meta property=\"og:description\" content=\"El avance del Coronavirus en la regi\u00f3n genera una reprogramaci\u00f3n de varias actividades, adem\u00e1s de la consternaci\u00f3n social y econ\u00f3mica ya conocida. Es por esto, que la Sociedad de Criadores de Brangus de Argentina resolvi\u00f3 posponer por un a\u00f1o el Congreso Mundial de la raza que se iba a realizar en ese pa\u00eds en pocos\" \/>\n\t\t<meta property=\"og:url\" content=\"https:\/\/radiosul.net\/wp\/2020\/argentina-congresso-mundial-brangus-e-adiado-por-um-ano-pelo-coronavirus\/\" \/>\n\t\t<meta property=\"article:published_time\" content=\"2020-03-11T07:59:05+00:00\" \/>\n\t\t<meta property=\"article:modified_time\" content=\"2020-03-11T07:59:07+00:00\" \/>\n\t\t<meta name=\"twitter:card\" content=\"summary_large_image\" \/>\n\t\t<meta name=\"twitter:title\" content=\"Argentina: Congresso Mundial Brangus \u00e9 adiado por um ano pelo Coronav\u00edrus - radiosul.net\" \/>\n\t\t<meta name=\"twitter:description\" content=\"El avance del Coronavirus en la regi\u00f3n genera una reprogramaci\u00f3n de varias actividades, adem\u00e1s de la consternaci\u00f3n social y econ\u00f3mica ya conocida. Es por esto, que la Sociedad de Criadores de Brangus de Argentina resolvi\u00f3 posponer por un a\u00f1o el Congreso Mundial de la raza que se iba a realizar en ese pa\u00eds en pocos\" \/>\n\t\t<script type=\"application\/ld+json\" class=\"aioseo-schema\">\n\t\t\t{\"@context\":\"https:\\\/\\\/schema.org\",\"@graph\":[{\"@type\":\"BlogPosting\",\"@id\":\"https:\\\/\\\/radiosul.net\\\/wp\\\/2020\\\/argentina-congresso-mundial-brangus-e-adiado-por-um-ano-pelo-coronavirus\\\/#blogposting\",\"name\":\"Argentina: Congresso Mundial Brangus \\u00e9 adiado por um ano pelo Coronav\\u00edrus - radiosul.net\",\"headline\":\"Argentina: Congresso Mundial Brangus \\u00e9 adiado por um ano pelo Coronav\\u00edrus\",\"author\":{\"@id\":\"https:\\\/\\\/radiosul.net\\\/wp\\\/author\\\/alejo\\\/#author\"},\"publisher\":{\"@id\":\"https:\\\/\\\/radiosul.net\\\/wp\\\/#organization\"},\"image\":{\"@type\":\"ImageObject\",\"url\":\"https:\\\/\\\/radiosul.net\\\/wp\\\/wp-content\\\/uploads\\\/2020\\\/03\\\/1583849905169.jpg\",\"width\":654,\"height\":437,\"caption\":\"Foto: Tardaguila Agromercados\"},\"datePublished\":\"2020-03-11T04:59:05-03:00\",\"dateModified\":\"2020-03-11T04:59:07-03:00\",\"inLanguage\":\"pt-BR\",\"mainEntityOfPage\":{\"@id\":\"https:\\\/\\\/radiosul.net\\\/wp\\\/2020\\\/argentina-congresso-mundial-brangus-e-adiado-por-um-ano-pelo-coronavirus\\\/#webpage\"},\"isPartOf\":{\"@id\":\"https:\\\/\\\/radiosul.net\\\/wp\\\/2020\\\/argentina-congresso-mundial-brangus-e-adiado-por-um-ano-pelo-coronavirus\\\/#webpage\"},\"articleSection\":\"Agroneg\\u00f3cio\"},{\"@type\":\"BreadcrumbList\",\"@id\":\"https:\\\/\\\/radiosul.net\\\/wp\\\/2020\\\/argentina-congresso-mundial-brangus-e-adiado-por-um-ano-pelo-coronavirus\\\/#breadcrumblist\",\"itemListElement\":[{\"@type\":\"ListItem\",\"@id\":\"https:\\\/\\\/radiosul.net\\\/wp#listItem\",\"position\":1,\"name\":\"Home\",\"item\":\"https:\\\/\\\/radiosul.net\\\/wp\",\"nextItem\":{\"@type\":\"ListItem\",\"@id\":\"https:\\\/\\\/radiosul.net\\\/wp\\\/category\\\/agro\\\/#listItem\",\"name\":\"Agroneg\\u00f3cio\"}},{\"@type\":\"ListItem\",\"@id\":\"https:\\\/\\\/radiosul.net\\\/wp\\\/category\\\/agro\\\/#listItem\",\"position\":2,\"name\":\"Agroneg\\u00f3cio\",\"item\":\"https:\\\/\\\/radiosul.net\\\/wp\\\/category\\\/agro\\\/\",\"nextItem\":{\"@type\":\"ListItem\",\"@id\":\"https:\\\/\\\/radiosul.net\\\/wp\\\/2020\\\/argentina-congresso-mundial-brangus-e-adiado-por-um-ano-pelo-coronavirus\\\/#listItem\",\"name\":\"Argentina: Congresso Mundial Brangus \\u00e9 adiado por um ano pelo Coronav\\u00edrus\"},\"previousItem\":{\"@type\":\"ListItem\",\"@id\":\"https:\\\/\\\/radiosul.net\\\/wp#listItem\",\"name\":\"Home\"}},{\"@type\":\"ListItem\",\"@id\":\"https:\\\/\\\/radiosul.net\\\/wp\\\/2020\\\/argentina-congresso-mundial-brangus-e-adiado-por-um-ano-pelo-coronavirus\\\/#listItem\",\"position\":3,\"name\":\"Argentina: Congresso Mundial Brangus \\u00e9 adiado por um ano pelo Coronav\\u00edrus\",\"previousItem\":{\"@type\":\"ListItem\",\"@id\":\"https:\\\/\\\/radiosul.net\\\/wp\\\/category\\\/agro\\\/#listItem\",\"name\":\"Agroneg\\u00f3cio\"}}]},{\"@type\":\"Organization\",\"@id\":\"https:\\\/\\\/radiosul.net\\\/wp\\\/#organization\",\"name\":\"radiosul.net\",\"description\":\"Regional por Excel\\u00eancia\",\"url\":\"https:\\\/\\\/radiosul.net\\\/wp\\\/\"},{\"@type\":\"Person\",\"@id\":\"https:\\\/\\\/radiosul.net\\\/wp\\\/author\\\/alejo\\\/#author\",\"url\":\"https:\\\/\\\/radiosul.net\\\/wp\\\/author\\\/alejo\\\/\",\"name\":\"Alejo Bordon\",\"image\":{\"@type\":\"ImageObject\",\"@id\":\"https:\\\/\\\/radiosul.net\\\/wp\\\/2020\\\/argentina-congresso-mundial-brangus-e-adiado-por-um-ano-pelo-coronavirus\\\/#authorImage\",\"url\":\"https:\\\/\\\/secure.gravatar.com\\\/avatar\\\/b3a7e7f1c71212e6a5b7183b79a2ab58dad8bdc4cd4eadd61c4434d010d0bae4?s=96&d=mm&r=g\",\"width\":96,\"height\":96,\"caption\":\"Alejo Bordon\"}},{\"@type\":\"WebPage\",\"@id\":\"https:\\\/\\\/radiosul.net\\\/wp\\\/2020\\\/argentina-congresso-mundial-brangus-e-adiado-por-um-ano-pelo-coronavirus\\\/#webpage\",\"url\":\"https:\\\/\\\/radiosul.net\\\/wp\\\/2020\\\/argentina-congresso-mundial-brangus-e-adiado-por-um-ano-pelo-coronavirus\\\/\",\"name\":\"Argentina: Congresso Mundial Brangus \\u00e9 adiado por um ano pelo Coronav\\u00edrus - radiosul.net\",\"description\":\"El avance del Coronavirus en la regi\\u00f3n genera una reprogramaci\\u00f3n de varias actividades, adem\\u00e1s de la consternaci\\u00f3n social y econ\\u00f3mica ya conocida. Es por esto, que la Sociedad de Criadores de Brangus de Argentina resolvi\\u00f3 posponer por un a\\u00f1o el Congreso Mundial de la raza que se iba a realizar en ese pa\\u00eds en pocos\",\"inLanguage\":\"pt-BR\",\"isPartOf\":{\"@id\":\"https:\\\/\\\/radiosul.net\\\/wp\\\/#website\"},\"breadcrumb\":{\"@id\":\"https:\\\/\\\/radiosul.net\\\/wp\\\/2020\\\/argentina-congresso-mundial-brangus-e-adiado-por-um-ano-pelo-coronavirus\\\/#breadcrumblist\"},\"author\":{\"@id\":\"https:\\\/\\\/radiosul.net\\\/wp\\\/author\\\/alejo\\\/#author\"},\"creator\":{\"@id\":\"https:\\\/\\\/radiosul.net\\\/wp\\\/author\\\/alejo\\\/#author\"},\"image\":{\"@type\":\"ImageObject\",\"url\":\"https:\\\/\\\/radiosul.net\\\/wp\\\/wp-content\\\/uploads\\\/2020\\\/03\\\/1583849905169.jpg\",\"@id\":\"https:\\\/\\\/radiosul.net\\\/wp\\\/2020\\\/argentina-congresso-mundial-brangus-e-adiado-por-um-ano-pelo-coronavirus\\\/#mainImage\",\"width\":654,\"height\":437,\"caption\":\"Foto: Tardaguila Agromercados\"},\"primaryImageOfPage\":{\"@id\":\"https:\\\/\\\/radiosul.net\\\/wp\\\/2020\\\/argentina-congresso-mundial-brangus-e-adiado-por-um-ano-pelo-coronavirus\\\/#mainImage\"},\"datePublished\":\"2020-03-11T04:59:05-03:00\",\"dateModified\":\"2020-03-11T04:59:07-03:00\"},{\"@type\":\"WebSite\",\"@id\":\"https:\\\/\\\/radiosul.net\\\/wp\\\/#website\",\"url\":\"https:\\\/\\\/radiosul.net\\\/wp\\\/\",\"name\":\"radiosul.net\",\"description\":\"Regional por Excel\\u00eancia\",\"inLanguage\":\"pt-BR\",\"publisher\":{\"@id\":\"https:\\\/\\\/radiosul.net\\\/wp\\\/#organization\"}}]}\n\t\t<\/script>\n\t\t<!-- All in One SEO -->\n\n","aioseo_head_json":{"title":"Argentina: Congresso Mundial Brangus \u00e9 adiado por um ano pelo Coronav\u00edrus - radiosul.net","description":"El avance del Coronavirus en la regi\u00f3n genera una reprogramaci\u00f3n de varias actividades, adem\u00e1s de la consternaci\u00f3n social y econ\u00f3mica ya conocida. Es por esto, que la Sociedad de Criadores de Brangus de Argentina resolvi\u00f3 posponer por un a\u00f1o el Congreso Mundial de la raza que se iba a realizar en ese pa\u00eds en pocos","canonical_url":"https:\/\/radiosul.net\/wp\/2020\/argentina-congresso-mundial-brangus-e-adiado-por-um-ano-pelo-coronavirus\/","robots":"max-image-preview:large","keywords":"","webmasterTools":{"miscellaneous":""},"schema":{"@context":"https:\/\/schema.org","@graph":[{"@type":"BlogPosting","@id":"https:\/\/radiosul.net\/wp\/2020\/argentina-congresso-mundial-brangus-e-adiado-por-um-ano-pelo-coronavirus\/#blogposting","name":"Argentina: Congresso Mundial Brangus \u00e9 adiado por um ano pelo Coronav\u00edrus - radiosul.net","headline":"Argentina: Congresso Mundial Brangus \u00e9 adiado por um ano pelo Coronav\u00edrus","author":{"@id":"https:\/\/radiosul.net\/wp\/author\/alejo\/#author"},"publisher":{"@id":"https:\/\/radiosul.net\/wp\/#organization"},"image":{"@type":"ImageObject","url":"https:\/\/radiosul.net\/wp\/wp-content\/uploads\/2020\/03\/1583849905169.jpg","width":654,"height":437,"caption":"Foto: Tardaguila Agromercados"},"datePublished":"2020-03-11T04:59:05-03:00","dateModified":"2020-03-11T04:59:07-03:00","inLanguage":"pt-BR","mainEntityOfPage":{"@id":"https:\/\/radiosul.net\/wp\/2020\/argentina-congresso-mundial-brangus-e-adiado-por-um-ano-pelo-coronavirus\/#webpage"},"isPartOf":{"@id":"https:\/\/radiosul.net\/wp\/2020\/argentina-congresso-mundial-brangus-e-adiado-por-um-ano-pelo-coronavirus\/#webpage"},"articleSection":"Agroneg\u00f3cio"},{"@type":"BreadcrumbList","@id":"https:\/\/radiosul.net\/wp\/2020\/argentina-congresso-mundial-brangus-e-adiado-por-um-ano-pelo-coronavirus\/#breadcrumblist","itemListElement":[{"@type":"ListItem","@id":"https:\/\/radiosul.net\/wp#listItem","position":1,"name":"Home","item":"https:\/\/radiosul.net\/wp","nextItem":{"@type":"ListItem","@id":"https:\/\/radiosul.net\/wp\/category\/agro\/#listItem","name":"Agroneg\u00f3cio"}},{"@type":"ListItem","@id":"https:\/\/radiosul.net\/wp\/category\/agro\/#listItem","position":2,"name":"Agroneg\u00f3cio","item":"https:\/\/radiosul.net\/wp\/category\/agro\/","nextItem":{"@type":"ListItem","@id":"https:\/\/radiosul.net\/wp\/2020\/argentina-congresso-mundial-brangus-e-adiado-por-um-ano-pelo-coronavirus\/#listItem","name":"Argentina: Congresso Mundial Brangus \u00e9 adiado por um ano pelo Coronav\u00edrus"},"previousItem":{"@type":"ListItem","@id":"https:\/\/radiosul.net\/wp#listItem","name":"Home"}},{"@type":"ListItem","@id":"https:\/\/radiosul.net\/wp\/2020\/argentina-congresso-mundial-brangus-e-adiado-por-um-ano-pelo-coronavirus\/#listItem","position":3,"name":"Argentina: Congresso Mundial Brangus \u00e9 adiado por um ano pelo Coronav\u00edrus","previousItem":{"@type":"ListItem","@id":"https:\/\/radiosul.net\/wp\/category\/agro\/#listItem","name":"Agroneg\u00f3cio"}}]},{"@type":"Organization","@id":"https:\/\/radiosul.net\/wp\/#organization","name":"radiosul.net","description":"Regional por Excel\u00eancia","url":"https:\/\/radiosul.net\/wp\/"},{"@type":"Person","@id":"https:\/\/radiosul.net\/wp\/author\/alejo\/#author","url":"https:\/\/radiosul.net\/wp\/author\/alejo\/","name":"Alejo Bordon","image":{"@type":"ImageObject","@id":"https:\/\/radiosul.net\/wp\/2020\/argentina-congresso-mundial-brangus-e-adiado-por-um-ano-pelo-coronavirus\/#authorImage","url":"https:\/\/secure.gravatar.com\/avatar\/b3a7e7f1c71212e6a5b7183b79a2ab58dad8bdc4cd4eadd61c4434d010d0bae4?s=96&d=mm&r=g","width":96,"height":96,"caption":"Alejo Bordon"}},{"@type":"WebPage","@id":"https:\/\/radiosul.net\/wp\/2020\/argentina-congresso-mundial-brangus-e-adiado-por-um-ano-pelo-coronavirus\/#webpage","url":"https:\/\/radiosul.net\/wp\/2020\/argentina-congresso-mundial-brangus-e-adiado-por-um-ano-pelo-coronavirus\/","name":"Argentina: Congresso Mundial Brangus \u00e9 adiado por um ano pelo Coronav\u00edrus - radiosul.net","description":"El avance del Coronavirus en la regi\u00f3n genera una reprogramaci\u00f3n de varias actividades, adem\u00e1s de la consternaci\u00f3n social y econ\u00f3mica ya conocida. Es por esto, que la Sociedad de Criadores de Brangus de Argentina resolvi\u00f3 posponer por un a\u00f1o el Congreso Mundial de la raza que se iba a realizar en ese pa\u00eds en pocos","inLanguage":"pt-BR","isPartOf":{"@id":"https:\/\/radiosul.net\/wp\/#website"},"breadcrumb":{"@id":"https:\/\/radiosul.net\/wp\/2020\/argentina-congresso-mundial-brangus-e-adiado-por-um-ano-pelo-coronavirus\/#breadcrumblist"},"author":{"@id":"https:\/\/radiosul.net\/wp\/author\/alejo\/#author"},"creator":{"@id":"https:\/\/radiosul.net\/wp\/author\/alejo\/#author"},"image":{"@type":"ImageObject","url":"https:\/\/radiosul.net\/wp\/wp-content\/uploads\/2020\/03\/1583849905169.jpg","@id":"https:\/\/radiosul.net\/wp\/2020\/argentina-congresso-mundial-brangus-e-adiado-por-um-ano-pelo-coronavirus\/#mainImage","width":654,"height":437,"caption":"Foto: Tardaguila Agromercados"},"primaryImageOfPage":{"@id":"https:\/\/radiosul.net\/wp\/2020\/argentina-congresso-mundial-brangus-e-adiado-por-um-ano-pelo-coronavirus\/#mainImage"},"datePublished":"2020-03-11T04:59:05-03:00","dateModified":"2020-03-11T04:59:07-03:00"},{"@type":"WebSite","@id":"https:\/\/radiosul.net\/wp\/#website","url":"https:\/\/radiosul.net\/wp\/","name":"radiosul.net","description":"Regional por Excel\u00eancia","inLanguage":"pt-BR","publisher":{"@id":"https:\/\/radiosul.net\/wp\/#organization"}}]},"og:locale":"pt_BR","og:site_name":"radiosul.net - Regional por Excel\u00eancia","og:type":"article","og:title":"Argentina: Congresso Mundial Brangus \u00e9 adiado por um ano pelo Coronav\u00edrus - radiosul.net","og:description":"El avance del Coronavirus en la regi\u00f3n genera una reprogramaci\u00f3n de varias actividades, adem\u00e1s de la consternaci\u00f3n social y econ\u00f3mica ya conocida. Es por esto, que la Sociedad de Criadores de Brangus de Argentina resolvi\u00f3 posponer por un a\u00f1o el Congreso Mundial de la raza que se iba a realizar en ese pa\u00eds en pocos","og:url":"https:\/\/radiosul.net\/wp\/2020\/argentina-congresso-mundial-brangus-e-adiado-por-um-ano-pelo-coronavirus\/","article:published_time":"2020-03-11T07:59:05+00:00","article:modified_time":"2020-03-11T07:59:07+00:00","twitter:card":"summary_large_image","twitter:title":"Argentina: Congresso Mundial Brangus \u00e9 adiado por um ano pelo Coronav\u00edrus - radiosul.net","twitter:description":"El avance del Coronavirus en la regi\u00f3n genera una reprogramaci\u00f3n de varias actividades, adem\u00e1s de la consternaci\u00f3n social y econ\u00f3mica ya conocida. Es por esto, que la Sociedad de Criadores de Brangus de Argentina resolvi\u00f3 posponer por un a\u00f1o el Congreso Mundial de la raza que se iba a realizar en ese pa\u00eds en pocos"},"aioseo_meta_data":{"post_id":"11607","title":null,"description":null,"keywords":null,"keyphrases":null,"primary_term":null,"canonical_url":null,"og_title":null,"og_description":null,"og_object_type":"default","og_image_type":"default","og_image_url":null,"og_image_width":null,"og_image_height":null,"og_image_custom_url":null,"og_image_custom_fields":null,"og_video":null,"og_custom_url":null,"og_article_section":null,"og_article_tags":null,"twitter_use_og":false,"twitter_card":"default","twitter_image_type":"default","twitter_image_url":null,"twitter_image_custom_url":null,"twitter_image_custom_fields":null,"twitter_title":null,"twitter_description":null,"schema":{"blockGraphs":[],"customGraphs":[],"default":{"data":{"Article":[],"Course":[],"Dataset":[],"FAQPage":[],"Movie":[],"Person":[],"Product":[],"ProductReview":[],"Car":[],"Recipe":[],"Service":[],"SoftwareApplication":[],"WebPage":[]},"graphName":"","isEnabled":true},"graphs":[]},"schema_type":"default","schema_type_options":null,"pillar_content":false,"robots_default":true,"robots_noindex":false,"robots_noarchive":false,"robots_nosnippet":false,"robots_nofollow":false,"robots_noimageindex":false,"robots_noodp":false,"robots_notranslate":false,"robots_max_snippet":null,"robots_max_videopreview":null,"robots_max_imagepreview":"large","priority":null,"frequency":null,"local_seo":null,"breadcrumb_settings":null,"limit_modified_date":false,"ai":null,"created":"2026-01-08 19:41:17","updated":"2026-01-08 19:41:17","seo_analyzer_scan_date":null,"focus_keyword":null,"additional_keywords":null,"truseo_locale":null},"aioseo_breadcrumb":"<div class=\"aioseo-breadcrumbs\"><span class=\"aioseo-breadcrumb\">\n\t\t\t<a href=\"https:\/\/radiosul.net\/wp\" title=\"Home\">Home<\/a>\n\t\t<\/span><span class=\"aioseo-breadcrumb-separator\">&raquo;<\/span><span class=\"aioseo-breadcrumb\">\n\t\t\t<a href=\"https:\/\/radiosul.net\/wp\/category\/agro\/\" title=\"Agroneg\u00f3cio\">Agroneg\u00f3cio<\/a>\n\t\t<\/span><span class=\"aioseo-breadcrumb-separator\">&raquo;<\/span><span class=\"aioseo-breadcrumb\">\n\t\t\tArgentina: Congresso Mundial Brangus \u00e9 adiado por um ano pelo Coronav\u00edrus\n\t\t<\/span><\/div>","aioseo_breadcrumb_json":[{"label":"Home","link":"https:\/\/radiosul.net\/wp"},{"label":"Agroneg\u00f3cio","link":"https:\/\/radiosul.net\/wp\/category\/agro\/"},{"label":"Argentina: Congresso Mundial Brangus \u00e9 adiado por um ano pelo Coronav\u00edrus","link":"https:\/\/radiosul.net\/wp\/2020\/argentina-congresso-mundial-brangus-e-adiado-por-um-ano-pelo-coronavirus\/"}],"_links":{"self":[{"href":"https:\/\/radiosul.net\/wp\/wp-json\/wp\/v2\/posts\/11607","targetHints":{"allow":["GET"]}}],"collection":[{"href":"https:\/\/radiosul.net\/wp\/wp-json\/wp\/v2\/posts"}],"about":[{"href":"https:\/\/radiosul.net\/wp\/wp-json\/wp\/v2\/types\/post"}],"author":[{"embeddable":true,"href":"https:\/\/radiosul.net\/wp\/wp-json\/wp\/v2\/users\/9"}],"replies":[{"embeddable":true,"href":"https:\/\/radiosul.net\/wp\/wp-json\/wp\/v2\/comments?post=11607"}],"version-history":[{"count":1,"href":"https:\/\/radiosul.net\/wp\/wp-json\/wp\/v2\/posts\/11607\/revisions"}],"predecessor-version":[{"id":11608,"href":"https:\/\/radiosul.net\/wp\/wp-json\/wp\/v2\/posts\/11607\/revisions\/11608"}],"wp:featuredmedia":[{"embeddable":true,"href":"https:\/\/radiosul.net\/wp\/wp-json\/wp\/v2\/media\/11584"}],"wp:attachment":[{"href":"https:\/\/radiosul.net\/wp\/wp-json\/wp\/v2\/media?parent=11607"}],"wp:term":[{"taxonomy":"category","embeddable":true,"href":"https:\/\/radiosul.net\/wp\/wp-json\/wp\/v2\/categories?post=11607"},{"taxonomy":"post_tag","embeddable":true,"href":"https:\/\/radiosul.net\/wp\/wp-json\/wp\/v2\/tags?post=11607"}],"curies":[{"name":"wp","href":"https:\/\/api.w.org\/{rel}","templated":true}]}}