{"id":11534,"date":"2020-03-09T02:57:14","date_gmt":"2020-03-09T05:57:14","guid":{"rendered":"https:\/\/radiosul.net\/wp\/?p=11534"},"modified":"2020-03-09T02:57:16","modified_gmt":"2020-03-09T05:57:16","slug":"circuito-touro-angus-registrado-explorando-o-sudeste","status":"publish","type":"post","link":"https:\/\/radiosul.net\/wp\/2020\/circuito-touro-angus-registrado-explorando-o-sudeste\/","title":{"rendered":"Circuito Touro Angus Registrado explorando o Sudeste"},"content":{"rendered":"\n<p class=\"wp-block-paragraph\">Em seu terceiro ano de projeto pelas estradas do Brasil, o Circuito \nTouro Angus Registrado desembarcou no Sudeste, regi\u00e3o que vem se \nconsolidando como ber\u00e7o de gen\u00e9tica muito valorizada nas pistas de \nremate. Apesar de n\u00e3o ser a \u00e1rea do Brasil com maior produ\u00e7\u00e3o de animais\n Angus puros, o Sudeste concentra uma expressiva fatia dos neg\u00f3cios da \nra\u00e7a. Para se ter uma ideia, S\u00e3o Paulo, Minas Gerais e Esp\u00edrito Santo \nabsorvem apenas 11% das doses de s\u00eamen Angus comercializadas no pa\u00eds, \nmas movimentaram altas somas em leil\u00f5es de reprodutores.&nbsp; Em 2019, o \ncircuito percorreu 9,4 mil quil\u00f4metros, visitou 20 munic\u00edpios e&nbsp; mais de\n 50 ve\u00edculos de imprensa, falando da ra\u00e7a e divulgando o trabalho dos \ncriadores.<\/p>\n\n\n\n<p class=\"wp-block-paragraph\">Para recrutar novos investidores e aproveitar ao m\u00e1ximo as \npotencialidades da regi\u00e3o, o gerente de fomento da Angus, Mateus Pivato,\n abriu a agenda do ano levando informa\u00e7\u00e3o \u00e0 regi\u00e3o de Itatinga (SP). \nRecebido pela equipe da Verdana Agropecu\u00e1ria, falou sobre a escolha de \ntouros para obten\u00e7\u00e3o de lucro e qualidade no gancho.&nbsp; A gira de \npalestras ainda contou a participa\u00e7\u00e3o da superintendente da Associa\u00e7\u00e3o \nNacional de Criadores Herd-Book Collares, S\u00edlvia Freitas, que detalhou \naos presentes como \u00e9 feito o sistema de registro de reprodutores. Nesta \ntemporada, o circuito ganhou refor\u00e7o da equipe do Programa Carne Angus \nCertificada. A palestra do coordenador Maychel Borges arrancou elogiou \nda plateia pela maestria em comunicar de forma simples a ess\u00eancia do \ntrabalho de melhoramento gen\u00e9tico com foco em carne de qualidade.<\/p>\n\n\n\n<p class=\"wp-block-paragraph\">O segundo destino do ano foi o interior de Minas Gerais. As equipes \nda Angus e ANC seguiram viagem por Pouso Alegre, Po\u00e7o Fundo, Paragua\u00e7u, \nVarginha e Silvian\u00f3polis, percorrendo a imprensa local e interagindo com\n criadores. Desta vez, o ciclo de palestra ocorreu em Silvian\u00f3polis, na \npropriedade do criador Paulo de Castro Marques. Na ocasi\u00e3o, a gerente do\n Carne Angus, Ana Doralina Menezes, palestrou sobre os avan\u00e7os do \nprojeto, que vem elevando a renda no campo e a qualidade na mesa do \nconsumidor. Na plateia, gente que veio de longe saber mais sobre a ra\u00e7a.\n Como a zootecnista Veruska Santos Goulart, que administra a Fazenda da \nBarra, em Itajub\u00e1 (MG). A propriedade foi herdada do av\u00f4 Benedito \nPereira dos Santos com rebanho Nelore e Simental. Nos \u00faltimos cinco \nanos, a propriedade vem retornando ao rebanho Nelore para produ\u00e7\u00e3o de \nmeio-sangue Angus. \u201cComo trabalhamos com produ\u00e7\u00e3o de bezerros, o que \nvemos \u00e9 que a procura pelo produto meio-sangue Angus pelos compradores \u00e9\n muito maior\u201d, conta a pecuarista, que espera ampliar a oferta de \nanimais Angus em 2020. Com cargas completa, j\u00e1 planeja elevar o valor \ndos bezerros Angus em R$ 1,00 por quilo vivo em rela\u00e7\u00e3o aos R$ 7,00 \nobtidos atualmente. A propriedade, conta ela, trabalha apenas com \ninsemina\u00e7\u00e3o artificial e, em 2018, testou a gen\u00e9tica Casa Branca em \nalguns lotes de produ\u00e7\u00e3o. \u201cPara o pr\u00f3ximo ano, queremos que 80% da nossa\n produ\u00e7\u00e3o seja de meio-sangue Angus\u201d, projetou a criadora, que tamb\u00e9m \nest\u00e1 avaliando a possibilidade de uso de Ultrablack.<\/p>\n\n\n\n<p class=\"wp-block-paragraph\">A agenda do ano encerrou-se com retorno \u00e0 S\u00e3o Paulo, desta vez nos \nmunic\u00edpios de Jaguari\u00fana, Mogi Mirim, S\u00e3o Jo\u00e3o da Boa Vista e \nPirassununga. Com a companhia do diretor da Associa\u00e7\u00e3o Brasileira de \nAngus, Fl\u00e1vio Montenegro Alves, a equipe do Circuito Touro Angus \nRegistrado conversou com criadores paulistas e viu muita gente \ninteressada na ra\u00e7a. \u201cA cada regi\u00e3o que visitamos, sempre descobrimos \ngente nova interessada em saber mais sobre a Angus e disposta a \ninvestir. Somos sempre muito bem acolhidos\u201d, frisou Pivato.<\/p>\n\n\n\n<p class=\"wp-block-paragraph\">O presidente da Associa\u00e7\u00e3o Brasileira de Angus, Nivaldo Dzyekanski,  pontuou que o resultado do projeto, iniciado ainda na gest\u00e3o de Jos\u00e9  Roberto Pires Weber, \u00e9 inestim\u00e1vel. \u201cTemos aqui um contato direto com o  criador e at\u00e9 com quem ainda vir\u00e1 a ser. Isso \u00e9 o que entendemos como  fomento, porque leva informa\u00e7\u00e3o ao homem do campo.\u201d Muitas vezes, relata  ele, nossa equipe deparou-se com grande desinforma\u00e7\u00e3o sobre a ra\u00e7a. \u201cEm  algumas localidades, explicamos quest\u00f5es b\u00e1sicas da ra\u00e7a, o que mostra  que a Angus j\u00e1 cresceu muito, mas ainda tem mais a avan\u00e7ar\u201d, pontuou,  salientando as dimens\u00f5es continentais do Brasil.<\/p>\n\n\n\n<p class=\"wp-block-paragraph\"><strong><em>Fonte: Associa\u00e7\u00e3o Brasileira de Angus<\/em><\/strong><\/p>\n","protected":false},"excerpt":{"rendered":"<p>Em seu terceiro ano de projeto pelas estradas do Brasil, o Circuito Touro Angus Registrado desembarcou no Sudeste, regi\u00e3o que vem se consolidando como ber\u00e7o de gen\u00e9tica muito valorizada nas pistas de remate. Apesar de n\u00e3o ser a \u00e1rea do Brasil com maior produ\u00e7\u00e3o de animais Angus puros, o Sudeste concentra uma expressiva fatia dos &hellip;<\/p>\n","protected":false},"author":9,"featured_media":11535,"comment_status":"closed","ping_status":"closed","sticky":false,"template":"","format":"standard","meta":{"_monsterinsights_skip_tracking":false,"_uf_show_specific_survey":0,"_uf_disable_surveys":false,"footnotes":""},"categories":[1],"tags":[],"class_list":["post-11534","post","type-post","status-publish","format-standard","has-post-thumbnail","hentry","category-agro"],"aioseo_notices":[],"aioseo_head":"\n\t\t<!-- All in One SEO 5.0.1.1 - aioseo.com -->\n\t<meta name=\"description\" content=\"Em seu terceiro ano de projeto pelas estradas do Brasil, o Circuito Touro Angus Registrado desembarcou no Sudeste, regi\u00e3o que vem se consolidando como ber\u00e7o de gen\u00e9tica muito valorizada nas pistas de remate. Apesar de n\u00e3o ser a \u00e1rea do Brasil com maior produ\u00e7\u00e3o de animais Angus puros, o Sudeste concentra uma expressiva fatia dos\" \/>\n\t<meta name=\"robots\" content=\"max-image-preview:large\" \/>\n\t<meta name=\"author\" content=\"Alejo Bordon\"\/>\n\t<link rel=\"canonical\" href=\"https:\/\/radiosul.net\/wp\/2020\/circuito-touro-angus-registrado-explorando-o-sudeste\/\" \/>\n\t<meta name=\"generator\" content=\"All in One SEO (AIOSEO) 5.0.1.1\" \/>\n\t\t<meta property=\"og:locale\" content=\"pt_BR\" \/>\n\t\t<meta property=\"og:site_name\" content=\"radiosul.net - Regional por Excel\u00eancia\" \/>\n\t\t<meta property=\"og:type\" content=\"article\" \/>\n\t\t<meta property=\"og:title\" content=\"Circuito Touro Angus Registrado explorando o Sudeste - radiosul.net\" \/>\n\t\t<meta property=\"og:description\" content=\"Em seu terceiro ano de projeto pelas estradas do Brasil, o Circuito Touro Angus Registrado desembarcou no Sudeste, regi\u00e3o que vem se consolidando como ber\u00e7o de gen\u00e9tica muito valorizada nas pistas de remate. Apesar de n\u00e3o ser a \u00e1rea do Brasil com maior produ\u00e7\u00e3o de animais Angus puros, o Sudeste concentra uma expressiva fatia dos\" \/>\n\t\t<meta property=\"og:url\" content=\"https:\/\/radiosul.net\/wp\/2020\/circuito-touro-angus-registrado-explorando-o-sudeste\/\" \/>\n\t\t<meta property=\"article:published_time\" content=\"2020-03-09T05:57:14+00:00\" \/>\n\t\t<meta property=\"article:modified_time\" content=\"2020-03-09T05:57:16+00:00\" \/>\n\t\t<meta name=\"twitter:card\" content=\"summary_large_image\" \/>\n\t\t<meta name=\"twitter:title\" content=\"Circuito Touro Angus Registrado explorando o Sudeste - radiosul.net\" \/>\n\t\t<meta name=\"twitter:description\" content=\"Em seu terceiro ano de projeto pelas estradas do Brasil, o Circuito Touro Angus Registrado desembarcou no Sudeste, regi\u00e3o que vem se consolidando como ber\u00e7o de gen\u00e9tica muito valorizada nas pistas de remate. Apesar de n\u00e3o ser a \u00e1rea do Brasil com maior produ\u00e7\u00e3o de animais Angus puros, o Sudeste concentra uma expressiva fatia dos\" \/>\n\t\t<script type=\"application\/ld+json\" class=\"aioseo-schema\">\n\t\t\t{\"@context\":\"https:\\\/\\\/schema.org\",\"@graph\":[{\"@type\":\"BlogPosting\",\"@id\":\"https:\\\/\\\/radiosul.net\\\/wp\\\/2020\\\/circuito-touro-angus-registrado-explorando-o-sudeste\\\/#blogposting\",\"name\":\"Circuito Touro Angus Registrado explorando o Sudeste - radiosul.net\",\"headline\":\"Circuito Touro Angus Registrado explorando o Sudeste\",\"author\":{\"@id\":\"https:\\\/\\\/radiosul.net\\\/wp\\\/author\\\/alejo\\\/#author\"},\"publisher\":{\"@id\":\"https:\\\/\\\/radiosul.net\\\/wp\\\/#organization\"},\"image\":{\"@type\":\"ImageObject\",\"url\":\"https:\\\/\\\/radiosul.net\\\/wp\\\/wp-content\\\/uploads\\\/2020\\\/03\\\/img_6171-768x512-1.jpg\",\"width\":768,\"height\":512,\"caption\":\"Cr\\u00e9dito: Carolina Jardine\"},\"datePublished\":\"2020-03-09T02:57:14-03:00\",\"dateModified\":\"2020-03-09T02:57:16-03:00\",\"inLanguage\":\"pt-BR\",\"mainEntityOfPage\":{\"@id\":\"https:\\\/\\\/radiosul.net\\\/wp\\\/2020\\\/circuito-touro-angus-registrado-explorando-o-sudeste\\\/#webpage\"},\"isPartOf\":{\"@id\":\"https:\\\/\\\/radiosul.net\\\/wp\\\/2020\\\/circuito-touro-angus-registrado-explorando-o-sudeste\\\/#webpage\"},\"articleSection\":\"Agroneg\\u00f3cio\"},{\"@type\":\"BreadcrumbList\",\"@id\":\"https:\\\/\\\/radiosul.net\\\/wp\\\/2020\\\/circuito-touro-angus-registrado-explorando-o-sudeste\\\/#breadcrumblist\",\"itemListElement\":[{\"@type\":\"ListItem\",\"@id\":\"https:\\\/\\\/radiosul.net\\\/wp#listItem\",\"position\":1,\"name\":\"Home\",\"item\":\"https:\\\/\\\/radiosul.net\\\/wp\",\"nextItem\":{\"@type\":\"ListItem\",\"@id\":\"https:\\\/\\\/radiosul.net\\\/wp\\\/category\\\/agro\\\/#listItem\",\"name\":\"Agroneg\\u00f3cio\"}},{\"@type\":\"ListItem\",\"@id\":\"https:\\\/\\\/radiosul.net\\\/wp\\\/category\\\/agro\\\/#listItem\",\"position\":2,\"name\":\"Agroneg\\u00f3cio\",\"item\":\"https:\\\/\\\/radiosul.net\\\/wp\\\/category\\\/agro\\\/\",\"nextItem\":{\"@type\":\"ListItem\",\"@id\":\"https:\\\/\\\/radiosul.net\\\/wp\\\/2020\\\/circuito-touro-angus-registrado-explorando-o-sudeste\\\/#listItem\",\"name\":\"Circuito Touro Angus Registrado explorando o Sudeste\"},\"previousItem\":{\"@type\":\"ListItem\",\"@id\":\"https:\\\/\\\/radiosul.net\\\/wp#listItem\",\"name\":\"Home\"}},{\"@type\":\"ListItem\",\"@id\":\"https:\\\/\\\/radiosul.net\\\/wp\\\/2020\\\/circuito-touro-angus-registrado-explorando-o-sudeste\\\/#listItem\",\"position\":3,\"name\":\"Circuito Touro Angus Registrado explorando o Sudeste\",\"previousItem\":{\"@type\":\"ListItem\",\"@id\":\"https:\\\/\\\/radiosul.net\\\/wp\\\/category\\\/agro\\\/#listItem\",\"name\":\"Agroneg\\u00f3cio\"}}]},{\"@type\":\"Organization\",\"@id\":\"https:\\\/\\\/radiosul.net\\\/wp\\\/#organization\",\"name\":\"radiosul.net\",\"description\":\"Regional por Excel\\u00eancia\",\"url\":\"https:\\\/\\\/radiosul.net\\\/wp\\\/\"},{\"@type\":\"Person\",\"@id\":\"https:\\\/\\\/radiosul.net\\\/wp\\\/author\\\/alejo\\\/#author\",\"url\":\"https:\\\/\\\/radiosul.net\\\/wp\\\/author\\\/alejo\\\/\",\"name\":\"Alejo Bordon\",\"image\":{\"@type\":\"ImageObject\",\"@id\":\"https:\\\/\\\/radiosul.net\\\/wp\\\/2020\\\/circuito-touro-angus-registrado-explorando-o-sudeste\\\/#authorImage\",\"url\":\"https:\\\/\\\/secure.gravatar.com\\\/avatar\\\/b3a7e7f1c71212e6a5b7183b79a2ab58dad8bdc4cd4eadd61c4434d010d0bae4?s=96&d=mm&r=g\",\"width\":96,\"height\":96,\"caption\":\"Alejo Bordon\"}},{\"@type\":\"WebPage\",\"@id\":\"https:\\\/\\\/radiosul.net\\\/wp\\\/2020\\\/circuito-touro-angus-registrado-explorando-o-sudeste\\\/#webpage\",\"url\":\"https:\\\/\\\/radiosul.net\\\/wp\\\/2020\\\/circuito-touro-angus-registrado-explorando-o-sudeste\\\/\",\"name\":\"Circuito Touro Angus Registrado explorando o Sudeste - radiosul.net\",\"description\":\"Em seu terceiro ano de projeto pelas estradas do Brasil, o Circuito Touro Angus Registrado desembarcou no Sudeste, regi\\u00e3o que vem se consolidando como ber\\u00e7o de gen\\u00e9tica muito valorizada nas pistas de remate. Apesar de n\\u00e3o ser a \\u00e1rea do Brasil com maior produ\\u00e7\\u00e3o de animais Angus puros, o Sudeste concentra uma expressiva fatia dos\",\"inLanguage\":\"pt-BR\",\"isPartOf\":{\"@id\":\"https:\\\/\\\/radiosul.net\\\/wp\\\/#website\"},\"breadcrumb\":{\"@id\":\"https:\\\/\\\/radiosul.net\\\/wp\\\/2020\\\/circuito-touro-angus-registrado-explorando-o-sudeste\\\/#breadcrumblist\"},\"author\":{\"@id\":\"https:\\\/\\\/radiosul.net\\\/wp\\\/author\\\/alejo\\\/#author\"},\"creator\":{\"@id\":\"https:\\\/\\\/radiosul.net\\\/wp\\\/author\\\/alejo\\\/#author\"},\"image\":{\"@type\":\"ImageObject\",\"url\":\"https:\\\/\\\/radiosul.net\\\/wp\\\/wp-content\\\/uploads\\\/2020\\\/03\\\/img_6171-768x512-1.jpg\",\"@id\":\"https:\\\/\\\/radiosul.net\\\/wp\\\/2020\\\/circuito-touro-angus-registrado-explorando-o-sudeste\\\/#mainImage\",\"width\":768,\"height\":512,\"caption\":\"Cr\\u00e9dito: Carolina Jardine\"},\"primaryImageOfPage\":{\"@id\":\"https:\\\/\\\/radiosul.net\\\/wp\\\/2020\\\/circuito-touro-angus-registrado-explorando-o-sudeste\\\/#mainImage\"},\"datePublished\":\"2020-03-09T02:57:14-03:00\",\"dateModified\":\"2020-03-09T02:57:16-03:00\"},{\"@type\":\"WebSite\",\"@id\":\"https:\\\/\\\/radiosul.net\\\/wp\\\/#website\",\"url\":\"https:\\\/\\\/radiosul.net\\\/wp\\\/\",\"name\":\"radiosul.net\",\"description\":\"Regional por Excel\\u00eancia\",\"inLanguage\":\"pt-BR\",\"publisher\":{\"@id\":\"https:\\\/\\\/radiosul.net\\\/wp\\\/#organization\"}}]}\n\t\t<\/script>\n\t\t<!-- All in One SEO -->\n\n","aioseo_head_json":{"title":"Circuito Touro Angus Registrado explorando o Sudeste - radiosul.net","description":"Em seu terceiro ano de projeto pelas estradas do Brasil, o Circuito Touro Angus Registrado desembarcou no Sudeste, regi\u00e3o que vem se consolidando como ber\u00e7o de gen\u00e9tica muito valorizada nas pistas de remate. Apesar de n\u00e3o ser a \u00e1rea do Brasil com maior produ\u00e7\u00e3o de animais Angus puros, o Sudeste concentra uma expressiva fatia dos","canonical_url":"https:\/\/radiosul.net\/wp\/2020\/circuito-touro-angus-registrado-explorando-o-sudeste\/","robots":"max-image-preview:large","keywords":"","webmasterTools":{"miscellaneous":""},"schema":{"@context":"https:\/\/schema.org","@graph":[{"@type":"BlogPosting","@id":"https:\/\/radiosul.net\/wp\/2020\/circuito-touro-angus-registrado-explorando-o-sudeste\/#blogposting","name":"Circuito Touro Angus Registrado explorando o Sudeste - radiosul.net","headline":"Circuito Touro Angus Registrado explorando o Sudeste","author":{"@id":"https:\/\/radiosul.net\/wp\/author\/alejo\/#author"},"publisher":{"@id":"https:\/\/radiosul.net\/wp\/#organization"},"image":{"@type":"ImageObject","url":"https:\/\/radiosul.net\/wp\/wp-content\/uploads\/2020\/03\/img_6171-768x512-1.jpg","width":768,"height":512,"caption":"Cr\u00e9dito: Carolina Jardine"},"datePublished":"2020-03-09T02:57:14-03:00","dateModified":"2020-03-09T02:57:16-03:00","inLanguage":"pt-BR","mainEntityOfPage":{"@id":"https:\/\/radiosul.net\/wp\/2020\/circuito-touro-angus-registrado-explorando-o-sudeste\/#webpage"},"isPartOf":{"@id":"https:\/\/radiosul.net\/wp\/2020\/circuito-touro-angus-registrado-explorando-o-sudeste\/#webpage"},"articleSection":"Agroneg\u00f3cio"},{"@type":"BreadcrumbList","@id":"https:\/\/radiosul.net\/wp\/2020\/circuito-touro-angus-registrado-explorando-o-sudeste\/#breadcrumblist","itemListElement":[{"@type":"ListItem","@id":"https:\/\/radiosul.net\/wp#listItem","position":1,"name":"Home","item":"https:\/\/radiosul.net\/wp","nextItem":{"@type":"ListItem","@id":"https:\/\/radiosul.net\/wp\/category\/agro\/#listItem","name":"Agroneg\u00f3cio"}},{"@type":"ListItem","@id":"https:\/\/radiosul.net\/wp\/category\/agro\/#listItem","position":2,"name":"Agroneg\u00f3cio","item":"https:\/\/radiosul.net\/wp\/category\/agro\/","nextItem":{"@type":"ListItem","@id":"https:\/\/radiosul.net\/wp\/2020\/circuito-touro-angus-registrado-explorando-o-sudeste\/#listItem","name":"Circuito Touro Angus Registrado explorando o Sudeste"},"previousItem":{"@type":"ListItem","@id":"https:\/\/radiosul.net\/wp#listItem","name":"Home"}},{"@type":"ListItem","@id":"https:\/\/radiosul.net\/wp\/2020\/circuito-touro-angus-registrado-explorando-o-sudeste\/#listItem","position":3,"name":"Circuito Touro Angus Registrado explorando o Sudeste","previousItem":{"@type":"ListItem","@id":"https:\/\/radiosul.net\/wp\/category\/agro\/#listItem","name":"Agroneg\u00f3cio"}}]},{"@type":"Organization","@id":"https:\/\/radiosul.net\/wp\/#organization","name":"radiosul.net","description":"Regional por Excel\u00eancia","url":"https:\/\/radiosul.net\/wp\/"},{"@type":"Person","@id":"https:\/\/radiosul.net\/wp\/author\/alejo\/#author","url":"https:\/\/radiosul.net\/wp\/author\/alejo\/","name":"Alejo Bordon","image":{"@type":"ImageObject","@id":"https:\/\/radiosul.net\/wp\/2020\/circuito-touro-angus-registrado-explorando-o-sudeste\/#authorImage","url":"https:\/\/secure.gravatar.com\/avatar\/b3a7e7f1c71212e6a5b7183b79a2ab58dad8bdc4cd4eadd61c4434d010d0bae4?s=96&d=mm&r=g","width":96,"height":96,"caption":"Alejo Bordon"}},{"@type":"WebPage","@id":"https:\/\/radiosul.net\/wp\/2020\/circuito-touro-angus-registrado-explorando-o-sudeste\/#webpage","url":"https:\/\/radiosul.net\/wp\/2020\/circuito-touro-angus-registrado-explorando-o-sudeste\/","name":"Circuito Touro Angus Registrado explorando o Sudeste - radiosul.net","description":"Em seu terceiro ano de projeto pelas estradas do Brasil, o Circuito Touro Angus Registrado desembarcou no Sudeste, regi\u00e3o que vem se consolidando como ber\u00e7o de gen\u00e9tica muito valorizada nas pistas de remate. Apesar de n\u00e3o ser a \u00e1rea do Brasil com maior produ\u00e7\u00e3o de animais Angus puros, o Sudeste concentra uma expressiva fatia dos","inLanguage":"pt-BR","isPartOf":{"@id":"https:\/\/radiosul.net\/wp\/#website"},"breadcrumb":{"@id":"https:\/\/radiosul.net\/wp\/2020\/circuito-touro-angus-registrado-explorando-o-sudeste\/#breadcrumblist"},"author":{"@id":"https:\/\/radiosul.net\/wp\/author\/alejo\/#author"},"creator":{"@id":"https:\/\/radiosul.net\/wp\/author\/alejo\/#author"},"image":{"@type":"ImageObject","url":"https:\/\/radiosul.net\/wp\/wp-content\/uploads\/2020\/03\/img_6171-768x512-1.jpg","@id":"https:\/\/radiosul.net\/wp\/2020\/circuito-touro-angus-registrado-explorando-o-sudeste\/#mainImage","width":768,"height":512,"caption":"Cr\u00e9dito: Carolina Jardine"},"primaryImageOfPage":{"@id":"https:\/\/radiosul.net\/wp\/2020\/circuito-touro-angus-registrado-explorando-o-sudeste\/#mainImage"},"datePublished":"2020-03-09T02:57:14-03:00","dateModified":"2020-03-09T02:57:16-03:00"},{"@type":"WebSite","@id":"https:\/\/radiosul.net\/wp\/#website","url":"https:\/\/radiosul.net\/wp\/","name":"radiosul.net","description":"Regional por Excel\u00eancia","inLanguage":"pt-BR","publisher":{"@id":"https:\/\/radiosul.net\/wp\/#organization"}}]},"og:locale":"pt_BR","og:site_name":"radiosul.net - Regional por Excel\u00eancia","og:type":"article","og:title":"Circuito Touro Angus Registrado explorando o Sudeste - radiosul.net","og:description":"Em seu terceiro ano de projeto pelas estradas do Brasil, o Circuito Touro Angus Registrado desembarcou no Sudeste, regi\u00e3o que vem se consolidando como ber\u00e7o de gen\u00e9tica muito valorizada nas pistas de remate. Apesar de n\u00e3o ser a \u00e1rea do Brasil com maior produ\u00e7\u00e3o de animais Angus puros, o Sudeste concentra uma expressiva fatia dos","og:url":"https:\/\/radiosul.net\/wp\/2020\/circuito-touro-angus-registrado-explorando-o-sudeste\/","article:published_time":"2020-03-09T05:57:14+00:00","article:modified_time":"2020-03-09T05:57:16+00:00","twitter:card":"summary_large_image","twitter:title":"Circuito Touro Angus Registrado explorando o Sudeste - radiosul.net","twitter:description":"Em seu terceiro ano de projeto pelas estradas do Brasil, o Circuito Touro Angus Registrado desembarcou no Sudeste, regi\u00e3o que vem se consolidando como ber\u00e7o de gen\u00e9tica muito valorizada nas pistas de remate. Apesar de n\u00e3o ser a \u00e1rea do Brasil com maior produ\u00e7\u00e3o de animais Angus puros, o Sudeste concentra uma expressiva fatia dos"},"aioseo_meta_data":{"post_id":"11534","title":null,"description":null,"keywords":null,"keyphrases":null,"primary_term":null,"canonical_url":null,"og_title":null,"og_description":null,"og_object_type":"default","og_image_type":"default","og_image_url":null,"og_image_width":null,"og_image_height":null,"og_image_custom_url":null,"og_image_custom_fields":null,"og_video":null,"og_custom_url":null,"og_article_section":null,"og_article_tags":null,"twitter_use_og":false,"twitter_card":"default","twitter_image_type":"default","twitter_image_url":null,"twitter_image_custom_url":null,"twitter_image_custom_fields":null,"twitter_title":null,"twitter_description":null,"schema":{"blockGraphs":[],"customGraphs":[],"default":{"data":{"Article":[],"Course":[],"Dataset":[],"FAQPage":[],"Movie":[],"Person":[],"Product":[],"ProductReview":[],"Car":[],"Recipe":[],"Service":[],"SoftwareApplication":[],"WebPage":[]},"graphName":"","isEnabled":true},"graphs":[]},"schema_type":"default","schema_type_options":null,"pillar_content":false,"robots_default":true,"robots_noindex":false,"robots_noarchive":false,"robots_nosnippet":false,"robots_nofollow":false,"robots_noimageindex":false,"robots_noodp":false,"robots_notranslate":false,"robots_max_snippet":null,"robots_max_videopreview":null,"robots_max_imagepreview":"large","priority":null,"frequency":null,"local_seo":null,"breadcrumb_settings":null,"limit_modified_date":false,"ai":null,"created":"2026-01-08 19:32:41","updated":"2026-01-08 19:32:41","seo_analyzer_scan_date":null,"focus_keyword":null,"additional_keywords":null,"truseo_locale":null},"aioseo_breadcrumb":"<div class=\"aioseo-breadcrumbs\"><span class=\"aioseo-breadcrumb\">\n\t\t\t<a href=\"https:\/\/radiosul.net\/wp\" title=\"Home\">Home<\/a>\n\t\t<\/span><span class=\"aioseo-breadcrumb-separator\">&raquo;<\/span><span class=\"aioseo-breadcrumb\">\n\t\t\t<a href=\"https:\/\/radiosul.net\/wp\/category\/agro\/\" title=\"Agroneg\u00f3cio\">Agroneg\u00f3cio<\/a>\n\t\t<\/span><span class=\"aioseo-breadcrumb-separator\">&raquo;<\/span><span class=\"aioseo-breadcrumb\">\n\t\t\tCircuito Touro Angus Registrado explorando o Sudeste\n\t\t<\/span><\/div>","aioseo_breadcrumb_json":[{"label":"Home","link":"https:\/\/radiosul.net\/wp"},{"label":"Agroneg\u00f3cio","link":"https:\/\/radiosul.net\/wp\/category\/agro\/"},{"label":"Circuito Touro Angus Registrado explorando o Sudeste","link":"https:\/\/radiosul.net\/wp\/2020\/circuito-touro-angus-registrado-explorando-o-sudeste\/"}],"_links":{"self":[{"href":"https:\/\/radiosul.net\/wp\/wp-json\/wp\/v2\/posts\/11534","targetHints":{"allow":["GET"]}}],"collection":[{"href":"https:\/\/radiosul.net\/wp\/wp-json\/wp\/v2\/posts"}],"about":[{"href":"https:\/\/radiosul.net\/wp\/wp-json\/wp\/v2\/types\/post"}],"author":[{"embeddable":true,"href":"https:\/\/radiosul.net\/wp\/wp-json\/wp\/v2\/users\/9"}],"replies":[{"embeddable":true,"href":"https:\/\/radiosul.net\/wp\/wp-json\/wp\/v2\/comments?post=11534"}],"version-history":[{"count":1,"href":"https:\/\/radiosul.net\/wp\/wp-json\/wp\/v2\/posts\/11534\/revisions"}],"predecessor-version":[{"id":11536,"href":"https:\/\/radiosul.net\/wp\/wp-json\/wp\/v2\/posts\/11534\/revisions\/11536"}],"wp:featuredmedia":[{"embeddable":true,"href":"https:\/\/radiosul.net\/wp\/wp-json\/wp\/v2\/media\/11535"}],"wp:attachment":[{"href":"https:\/\/radiosul.net\/wp\/wp-json\/wp\/v2\/media?parent=11534"}],"wp:term":[{"taxonomy":"category","embeddable":true,"href":"https:\/\/radiosul.net\/wp\/wp-json\/wp\/v2\/categories?post=11534"},{"taxonomy":"post_tag","embeddable":true,"href":"https:\/\/radiosul.net\/wp\/wp-json\/wp\/v2\/tags?post=11534"}],"curies":[{"name":"wp","href":"https:\/\/api.w.org\/{rel}","templated":true}]}}