{"id":11391,"date":"2020-02-28T10:28:42","date_gmt":"2020-02-28T13:28:42","guid":{"rendered":"https:\/\/radiosul.net\/wp\/?p=11391"},"modified":"2020-02-28T10:28:44","modified_gmt":"2020-02-28T13:28:44","slug":"carne-angus-participa-da-anufood-brazil-2020","status":"publish","type":"post","link":"https:\/\/radiosul.net\/wp\/2020\/carne-angus-participa-da-anufood-brazil-2020\/","title":{"rendered":"Carne Angus participa da Anufood Brazil 2020"},"content":{"rendered":"\n<p class=\"wp-block-paragraph\">O Programa Carne Angus Certificada participar\u00e1 da Anufood Brazil \n2020, considerada uma das vitrines mais importantes para o varejo de \nalimenta\u00e7\u00e3o e bebidas do mundo. A feira ocorre de 9 a 11 de mar\u00e7o, no \nS\u00e3o Paulo Expo (Rodovia dos Imigrantes, km 1,5, S\u00e3o Paulo) com entrada \ngratuita, mas exclusiva para profissionais do setor. Para prospectar \npotenciais clientes e mostrar todos os atributos da produ\u00e7\u00e3o nacional de\n carne premium, a Associa\u00e7\u00e3o Brasileira de Angus estar\u00e1 com estande no \nespa\u00e7o Meat, onde, ao lado da certificadora T\u00dcV Rheinland, ir\u00e1 reunir \nparceiros para troca de informa\u00e7\u00f5es e interc\u00e2mbio de neg\u00f3cios. \u201cNosso \nobjetivo \u00e9 explicar ao mercado os atributos dos cortes que carregam o \nselo do Programa Carne Angus Certificada, uma certifica\u00e7\u00e3o comprometida \ncom a excel\u00eancia e com o consumidor. A \u00fanica no Brasil com a chancela \ninternacional da alem\u00e3 T\u00dcV Rheinland\u201d, pontuou a gerente do Programa \nCarne Angus, Ana Doralina Menezes.<\/p>\n\n\n\n<p class=\"wp-block-paragraph\">Segundo o gerente de projetos da Anufood Brazil 2020, Michael Fine, \nneste ano, h\u00e1 aumento de 60% do espa\u00e7o interno da exposi\u00e7\u00e3o, o que \nviabilizou receber expositores e ind\u00fastrias de todos os tamanhos. A \nexpectativa \u00e9 contar com compradores de mais de 40 pa\u00edses e 10 mil \nvisitantes. \u201c\u00c9 um lugar onde as pessoas v\u00e3o encontrar tend\u00eancias, \nprodutos e alimentos do futuro\u201d, afirma Michael Fine. Ser\u00e3o 11 pavilh\u00f5es\n internacionais, que reunir\u00e3o representa\u00e7\u00e3o de 24 pa\u00edses.<\/p>\n\n\n\n<p class=\"wp-block-paragraph\">O diretor do Programa Carne Angus, Milton Martins Filho, refor\u00e7a que  participar da Anufood \u00e9 marcar presen\u00e7a no roteiro de negocia\u00e7\u00e3o da  carne premium internacional. \u201cEventos como esse nos d\u00e3o oportunidade de  negociar com pa\u00edses novos, discutir aspectos de produ\u00e7\u00e3o e ver o que  est\u00e1 sendo feito no resto do mundo. Al\u00e9m, \u00e9 claro, de mostrar para mais  pessoas a qualidade da nossa carne\u201d, pontua.<\/p>\n\n\n\n<p class=\"wp-block-paragraph\"><strong><em>Fonte: Associa\u00e7\u00e3o Brasileira de Angus<\/em><\/strong><\/p>\n","protected":false},"excerpt":{"rendered":"<p>O Programa Carne Angus Certificada participar\u00e1 da Anufood Brazil 2020, considerada uma das vitrines mais importantes para o varejo de alimenta\u00e7\u00e3o e bebidas do mundo. A feira ocorre de 9 a 11 de mar\u00e7o, no S\u00e3o Paulo Expo (Rodovia dos Imigrantes, km 1,5, S\u00e3o Paulo) com entrada gratuita, mas exclusiva para profissionais do setor. Para &hellip;<\/p>\n","protected":false},"author":9,"featured_media":11392,"comment_status":"closed","ping_status":"closed","sticky":false,"template":"","format":"standard","meta":{"_monsterinsights_skip_tracking":false,"_uf_show_specific_survey":0,"_uf_disable_surveys":false,"footnotes":""},"categories":[1,126],"tags":[],"class_list":["post-11391","post","type-post","status-publish","format-standard","has-post-thumbnail","hentry","category-agro","category-destacados"],"aioseo_notices":[],"aioseo_head":"\n\t\t<!-- All in One SEO 5.0.1.1 - aioseo.com -->\n\t<meta name=\"description\" content=\"O Programa Carne Angus Certificada participar\u00e1 da Anufood Brazil 2020, considerada uma das vitrines mais importantes para o varejo de alimenta\u00e7\u00e3o e bebidas do mundo. A feira ocorre de 9 a 11 de mar\u00e7o, no S\u00e3o Paulo Expo (Rodovia dos Imigrantes, km 1,5, S\u00e3o Paulo) com entrada gratuita, mas exclusiva para profissionais do setor. Para\" \/>\n\t<meta name=\"robots\" content=\"max-image-preview:large\" \/>\n\t<meta name=\"author\" content=\"Alejo Bordon\"\/>\n\t<link rel=\"canonical\" href=\"https:\/\/radiosul.net\/wp\/2020\/carne-angus-participa-da-anufood-brazil-2020\/\" \/>\n\t<meta name=\"generator\" content=\"All in One SEO (AIOSEO) 5.0.1.1\" \/>\n\t\t<meta property=\"og:locale\" content=\"pt_BR\" \/>\n\t\t<meta property=\"og:site_name\" content=\"radiosul.net - Regional por Excel\u00eancia\" \/>\n\t\t<meta property=\"og:type\" content=\"article\" \/>\n\t\t<meta property=\"og:title\" content=\"Carne Angus participa da Anufood Brazil 2020 - radiosul.net\" \/>\n\t\t<meta property=\"og:description\" content=\"O Programa Carne Angus Certificada participar\u00e1 da Anufood Brazil 2020, considerada uma das vitrines mais importantes para o varejo de alimenta\u00e7\u00e3o e bebidas do mundo. A feira ocorre de 9 a 11 de mar\u00e7o, no S\u00e3o Paulo Expo (Rodovia dos Imigrantes, km 1,5, S\u00e3o Paulo) com entrada gratuita, mas exclusiva para profissionais do setor. Para\" \/>\n\t\t<meta property=\"og:url\" content=\"https:\/\/radiosul.net\/wp\/2020\/carne-angus-participa-da-anufood-brazil-2020\/\" \/>\n\t\t<meta property=\"article:published_time\" content=\"2020-02-28T13:28:42+00:00\" \/>\n\t\t<meta property=\"article:modified_time\" content=\"2020-02-28T13:28:44+00:00\" \/>\n\t\t<meta name=\"twitter:card\" content=\"summary_large_image\" \/>\n\t\t<meta name=\"twitter:title\" content=\"Carne Angus participa da Anufood Brazil 2020 - radiosul.net\" \/>\n\t\t<meta name=\"twitter:description\" content=\"O Programa Carne Angus Certificada participar\u00e1 da Anufood Brazil 2020, considerada uma das vitrines mais importantes para o varejo de alimenta\u00e7\u00e3o e bebidas do mundo. A feira ocorre de 9 a 11 de mar\u00e7o, no S\u00e3o Paulo Expo (Rodovia dos Imigrantes, km 1,5, S\u00e3o Paulo) com entrada gratuita, mas exclusiva para profissionais do setor. Para\" \/>\n\t\t<script type=\"application\/ld+json\" class=\"aioseo-schema\">\n\t\t\t{\"@context\":\"https:\\\/\\\/schema.org\",\"@graph\":[{\"@type\":\"BlogPosting\",\"@id\":\"https:\\\/\\\/radiosul.net\\\/wp\\\/2020\\\/carne-angus-participa-da-anufood-brazil-2020\\\/#blogposting\",\"name\":\"Carne Angus participa da Anufood Brazil 2020 - radiosul.net\",\"headline\":\"Carne Angus participa da Anufood Brazil 2020\",\"author\":{\"@id\":\"https:\\\/\\\/radiosul.net\\\/wp\\\/author\\\/alejo\\\/#author\"},\"publisher\":{\"@id\":\"https:\\\/\\\/radiosul.net\\\/wp\\\/#organization\"},\"image\":{\"@type\":\"ImageObject\",\"url\":\"https:\\\/\\\/radiosul.net\\\/wp\\\/wp-content\\\/uploads\\\/2020\\\/02\\\/46455435745_12d2549b6d_o-768x512-1.jpg\",\"width\":768,\"height\":512,\"caption\":\"Cr\\u00e9dito: Koelnmesse Gmbh\\\/Studio F\"},\"datePublished\":\"2020-02-28T10:28:42-03:00\",\"dateModified\":\"2020-02-28T10:28:44-03:00\",\"inLanguage\":\"pt-BR\",\"mainEntityOfPage\":{\"@id\":\"https:\\\/\\\/radiosul.net\\\/wp\\\/2020\\\/carne-angus-participa-da-anufood-brazil-2020\\\/#webpage\"},\"isPartOf\":{\"@id\":\"https:\\\/\\\/radiosul.net\\\/wp\\\/2020\\\/carne-angus-participa-da-anufood-brazil-2020\\\/#webpage\"},\"articleSection\":\"Agroneg\\u00f3cio, Destaque\"},{\"@type\":\"BreadcrumbList\",\"@id\":\"https:\\\/\\\/radiosul.net\\\/wp\\\/2020\\\/carne-angus-participa-da-anufood-brazil-2020\\\/#breadcrumblist\",\"itemListElement\":[{\"@type\":\"ListItem\",\"@id\":\"https:\\\/\\\/radiosul.net\\\/wp#listItem\",\"position\":1,\"name\":\"Home\",\"item\":\"https:\\\/\\\/radiosul.net\\\/wp\",\"nextItem\":{\"@type\":\"ListItem\",\"@id\":\"https:\\\/\\\/radiosul.net\\\/wp\\\/category\\\/agro\\\/#listItem\",\"name\":\"Agroneg\\u00f3cio\"}},{\"@type\":\"ListItem\",\"@id\":\"https:\\\/\\\/radiosul.net\\\/wp\\\/category\\\/agro\\\/#listItem\",\"position\":2,\"name\":\"Agroneg\\u00f3cio\",\"item\":\"https:\\\/\\\/radiosul.net\\\/wp\\\/category\\\/agro\\\/\",\"nextItem\":{\"@type\":\"ListItem\",\"@id\":\"https:\\\/\\\/radiosul.net\\\/wp\\\/2020\\\/carne-angus-participa-da-anufood-brazil-2020\\\/#listItem\",\"name\":\"Carne Angus participa da Anufood Brazil 2020\"},\"previousItem\":{\"@type\":\"ListItem\",\"@id\":\"https:\\\/\\\/radiosul.net\\\/wp#listItem\",\"name\":\"Home\"}},{\"@type\":\"ListItem\",\"@id\":\"https:\\\/\\\/radiosul.net\\\/wp\\\/2020\\\/carne-angus-participa-da-anufood-brazil-2020\\\/#listItem\",\"position\":3,\"name\":\"Carne Angus participa da Anufood Brazil 2020\",\"previousItem\":{\"@type\":\"ListItem\",\"@id\":\"https:\\\/\\\/radiosul.net\\\/wp\\\/category\\\/agro\\\/#listItem\",\"name\":\"Agroneg\\u00f3cio\"}}]},{\"@type\":\"Organization\",\"@id\":\"https:\\\/\\\/radiosul.net\\\/wp\\\/#organization\",\"name\":\"radiosul.net\",\"description\":\"Regional por Excel\\u00eancia\",\"url\":\"https:\\\/\\\/radiosul.net\\\/wp\\\/\"},{\"@type\":\"Person\",\"@id\":\"https:\\\/\\\/radiosul.net\\\/wp\\\/author\\\/alejo\\\/#author\",\"url\":\"https:\\\/\\\/radiosul.net\\\/wp\\\/author\\\/alejo\\\/\",\"name\":\"Alejo Bordon\",\"image\":{\"@type\":\"ImageObject\",\"@id\":\"https:\\\/\\\/radiosul.net\\\/wp\\\/2020\\\/carne-angus-participa-da-anufood-brazil-2020\\\/#authorImage\",\"url\":\"https:\\\/\\\/secure.gravatar.com\\\/avatar\\\/b3a7e7f1c71212e6a5b7183b79a2ab58dad8bdc4cd4eadd61c4434d010d0bae4?s=96&d=mm&r=g\",\"width\":96,\"height\":96,\"caption\":\"Alejo Bordon\"}},{\"@type\":\"WebPage\",\"@id\":\"https:\\\/\\\/radiosul.net\\\/wp\\\/2020\\\/carne-angus-participa-da-anufood-brazil-2020\\\/#webpage\",\"url\":\"https:\\\/\\\/radiosul.net\\\/wp\\\/2020\\\/carne-angus-participa-da-anufood-brazil-2020\\\/\",\"name\":\"Carne Angus participa da Anufood Brazil 2020 - radiosul.net\",\"description\":\"O Programa Carne Angus Certificada participar\\u00e1 da Anufood Brazil 2020, considerada uma das vitrines mais importantes para o varejo de alimenta\\u00e7\\u00e3o e bebidas do mundo. A feira ocorre de 9 a 11 de mar\\u00e7o, no S\\u00e3o Paulo Expo (Rodovia dos Imigrantes, km 1,5, S\\u00e3o Paulo) com entrada gratuita, mas exclusiva para profissionais do setor. Para\",\"inLanguage\":\"pt-BR\",\"isPartOf\":{\"@id\":\"https:\\\/\\\/radiosul.net\\\/wp\\\/#website\"},\"breadcrumb\":{\"@id\":\"https:\\\/\\\/radiosul.net\\\/wp\\\/2020\\\/carne-angus-participa-da-anufood-brazil-2020\\\/#breadcrumblist\"},\"author\":{\"@id\":\"https:\\\/\\\/radiosul.net\\\/wp\\\/author\\\/alejo\\\/#author\"},\"creator\":{\"@id\":\"https:\\\/\\\/radiosul.net\\\/wp\\\/author\\\/alejo\\\/#author\"},\"image\":{\"@type\":\"ImageObject\",\"url\":\"https:\\\/\\\/radiosul.net\\\/wp\\\/wp-content\\\/uploads\\\/2020\\\/02\\\/46455435745_12d2549b6d_o-768x512-1.jpg\",\"@id\":\"https:\\\/\\\/radiosul.net\\\/wp\\\/2020\\\/carne-angus-participa-da-anufood-brazil-2020\\\/#mainImage\",\"width\":768,\"height\":512,\"caption\":\"Cr\\u00e9dito: Koelnmesse Gmbh\\\/Studio F\"},\"primaryImageOfPage\":{\"@id\":\"https:\\\/\\\/radiosul.net\\\/wp\\\/2020\\\/carne-angus-participa-da-anufood-brazil-2020\\\/#mainImage\"},\"datePublished\":\"2020-02-28T10:28:42-03:00\",\"dateModified\":\"2020-02-28T10:28:44-03:00\"},{\"@type\":\"WebSite\",\"@id\":\"https:\\\/\\\/radiosul.net\\\/wp\\\/#website\",\"url\":\"https:\\\/\\\/radiosul.net\\\/wp\\\/\",\"name\":\"radiosul.net\",\"description\":\"Regional por Excel\\u00eancia\",\"inLanguage\":\"pt-BR\",\"publisher\":{\"@id\":\"https:\\\/\\\/radiosul.net\\\/wp\\\/#organization\"}}]}\n\t\t<\/script>\n\t\t<!-- All in One SEO -->\n\n","aioseo_head_json":{"title":"Carne Angus participa da Anufood Brazil 2020 - radiosul.net","description":"O Programa Carne Angus Certificada participar\u00e1 da Anufood Brazil 2020, considerada uma das vitrines mais importantes para o varejo de alimenta\u00e7\u00e3o e bebidas do mundo. A feira ocorre de 9 a 11 de mar\u00e7o, no S\u00e3o Paulo Expo (Rodovia dos Imigrantes, km 1,5, S\u00e3o Paulo) com entrada gratuita, mas exclusiva para profissionais do setor. Para","canonical_url":"https:\/\/radiosul.net\/wp\/2020\/carne-angus-participa-da-anufood-brazil-2020\/","robots":"max-image-preview:large","keywords":"","webmasterTools":{"miscellaneous":""},"schema":{"@context":"https:\/\/schema.org","@graph":[{"@type":"BlogPosting","@id":"https:\/\/radiosul.net\/wp\/2020\/carne-angus-participa-da-anufood-brazil-2020\/#blogposting","name":"Carne Angus participa da Anufood Brazil 2020 - radiosul.net","headline":"Carne Angus participa da Anufood Brazil 2020","author":{"@id":"https:\/\/radiosul.net\/wp\/author\/alejo\/#author"},"publisher":{"@id":"https:\/\/radiosul.net\/wp\/#organization"},"image":{"@type":"ImageObject","url":"https:\/\/radiosul.net\/wp\/wp-content\/uploads\/2020\/02\/46455435745_12d2549b6d_o-768x512-1.jpg","width":768,"height":512,"caption":"Cr\u00e9dito: Koelnmesse Gmbh\/Studio F"},"datePublished":"2020-02-28T10:28:42-03:00","dateModified":"2020-02-28T10:28:44-03:00","inLanguage":"pt-BR","mainEntityOfPage":{"@id":"https:\/\/radiosul.net\/wp\/2020\/carne-angus-participa-da-anufood-brazil-2020\/#webpage"},"isPartOf":{"@id":"https:\/\/radiosul.net\/wp\/2020\/carne-angus-participa-da-anufood-brazil-2020\/#webpage"},"articleSection":"Agroneg\u00f3cio, Destaque"},{"@type":"BreadcrumbList","@id":"https:\/\/radiosul.net\/wp\/2020\/carne-angus-participa-da-anufood-brazil-2020\/#breadcrumblist","itemListElement":[{"@type":"ListItem","@id":"https:\/\/radiosul.net\/wp#listItem","position":1,"name":"Home","item":"https:\/\/radiosul.net\/wp","nextItem":{"@type":"ListItem","@id":"https:\/\/radiosul.net\/wp\/category\/agro\/#listItem","name":"Agroneg\u00f3cio"}},{"@type":"ListItem","@id":"https:\/\/radiosul.net\/wp\/category\/agro\/#listItem","position":2,"name":"Agroneg\u00f3cio","item":"https:\/\/radiosul.net\/wp\/category\/agro\/","nextItem":{"@type":"ListItem","@id":"https:\/\/radiosul.net\/wp\/2020\/carne-angus-participa-da-anufood-brazil-2020\/#listItem","name":"Carne Angus participa da Anufood Brazil 2020"},"previousItem":{"@type":"ListItem","@id":"https:\/\/radiosul.net\/wp#listItem","name":"Home"}},{"@type":"ListItem","@id":"https:\/\/radiosul.net\/wp\/2020\/carne-angus-participa-da-anufood-brazil-2020\/#listItem","position":3,"name":"Carne Angus participa da Anufood Brazil 2020","previousItem":{"@type":"ListItem","@id":"https:\/\/radiosul.net\/wp\/category\/agro\/#listItem","name":"Agroneg\u00f3cio"}}]},{"@type":"Organization","@id":"https:\/\/radiosul.net\/wp\/#organization","name":"radiosul.net","description":"Regional por Excel\u00eancia","url":"https:\/\/radiosul.net\/wp\/"},{"@type":"Person","@id":"https:\/\/radiosul.net\/wp\/author\/alejo\/#author","url":"https:\/\/radiosul.net\/wp\/author\/alejo\/","name":"Alejo Bordon","image":{"@type":"ImageObject","@id":"https:\/\/radiosul.net\/wp\/2020\/carne-angus-participa-da-anufood-brazil-2020\/#authorImage","url":"https:\/\/secure.gravatar.com\/avatar\/b3a7e7f1c71212e6a5b7183b79a2ab58dad8bdc4cd4eadd61c4434d010d0bae4?s=96&d=mm&r=g","width":96,"height":96,"caption":"Alejo Bordon"}},{"@type":"WebPage","@id":"https:\/\/radiosul.net\/wp\/2020\/carne-angus-participa-da-anufood-brazil-2020\/#webpage","url":"https:\/\/radiosul.net\/wp\/2020\/carne-angus-participa-da-anufood-brazil-2020\/","name":"Carne Angus participa da Anufood Brazil 2020 - radiosul.net","description":"O Programa Carne Angus Certificada participar\u00e1 da Anufood Brazil 2020, considerada uma das vitrines mais importantes para o varejo de alimenta\u00e7\u00e3o e bebidas do mundo. A feira ocorre de 9 a 11 de mar\u00e7o, no S\u00e3o Paulo Expo (Rodovia dos Imigrantes, km 1,5, S\u00e3o Paulo) com entrada gratuita, mas exclusiva para profissionais do setor. Para","inLanguage":"pt-BR","isPartOf":{"@id":"https:\/\/radiosul.net\/wp\/#website"},"breadcrumb":{"@id":"https:\/\/radiosul.net\/wp\/2020\/carne-angus-participa-da-anufood-brazil-2020\/#breadcrumblist"},"author":{"@id":"https:\/\/radiosul.net\/wp\/author\/alejo\/#author"},"creator":{"@id":"https:\/\/radiosul.net\/wp\/author\/alejo\/#author"},"image":{"@type":"ImageObject","url":"https:\/\/radiosul.net\/wp\/wp-content\/uploads\/2020\/02\/46455435745_12d2549b6d_o-768x512-1.jpg","@id":"https:\/\/radiosul.net\/wp\/2020\/carne-angus-participa-da-anufood-brazil-2020\/#mainImage","width":768,"height":512,"caption":"Cr\u00e9dito: Koelnmesse Gmbh\/Studio F"},"primaryImageOfPage":{"@id":"https:\/\/radiosul.net\/wp\/2020\/carne-angus-participa-da-anufood-brazil-2020\/#mainImage"},"datePublished":"2020-02-28T10:28:42-03:00","dateModified":"2020-02-28T10:28:44-03:00"},{"@type":"WebSite","@id":"https:\/\/radiosul.net\/wp\/#website","url":"https:\/\/radiosul.net\/wp\/","name":"radiosul.net","description":"Regional por Excel\u00eancia","inLanguage":"pt-BR","publisher":{"@id":"https:\/\/radiosul.net\/wp\/#organization"}}]},"og:locale":"pt_BR","og:site_name":"radiosul.net - Regional por Excel\u00eancia","og:type":"article","og:title":"Carne Angus participa da Anufood Brazil 2020 - radiosul.net","og:description":"O Programa Carne Angus Certificada participar\u00e1 da Anufood Brazil 2020, considerada uma das vitrines mais importantes para o varejo de alimenta\u00e7\u00e3o e bebidas do mundo. A feira ocorre de 9 a 11 de mar\u00e7o, no S\u00e3o Paulo Expo (Rodovia dos Imigrantes, km 1,5, S\u00e3o Paulo) com entrada gratuita, mas exclusiva para profissionais do setor. Para","og:url":"https:\/\/radiosul.net\/wp\/2020\/carne-angus-participa-da-anufood-brazil-2020\/","article:published_time":"2020-02-28T13:28:42+00:00","article:modified_time":"2020-02-28T13:28:44+00:00","twitter:card":"summary_large_image","twitter:title":"Carne Angus participa da Anufood Brazil 2020 - radiosul.net","twitter:description":"O Programa Carne Angus Certificada participar\u00e1 da Anufood Brazil 2020, considerada uma das vitrines mais importantes para o varejo de alimenta\u00e7\u00e3o e bebidas do mundo. A feira ocorre de 9 a 11 de mar\u00e7o, no S\u00e3o Paulo Expo (Rodovia dos Imigrantes, km 1,5, S\u00e3o Paulo) com entrada gratuita, mas exclusiva para profissionais do setor. Para"},"aioseo_meta_data":{"post_id":"11391","title":null,"description":null,"keywords":null,"keyphrases":null,"primary_term":null,"canonical_url":null,"og_title":null,"og_description":null,"og_object_type":"default","og_image_type":"default","og_image_url":null,"og_image_width":null,"og_image_height":null,"og_image_custom_url":null,"og_image_custom_fields":null,"og_video":null,"og_custom_url":null,"og_article_section":null,"og_article_tags":null,"twitter_use_og":false,"twitter_card":"default","twitter_image_type":"default","twitter_image_url":null,"twitter_image_custom_url":null,"twitter_image_custom_fields":null,"twitter_title":null,"twitter_description":null,"schema":{"blockGraphs":[],"customGraphs":[],"default":{"data":{"Article":[],"Course":[],"Dataset":[],"FAQPage":[],"Movie":[],"Person":[],"Product":[],"ProductReview":[],"Car":[],"Recipe":[],"Service":[],"SoftwareApplication":[],"WebPage":[]},"graphName":"","isEnabled":true},"graphs":[]},"schema_type":"default","schema_type_options":null,"pillar_content":false,"robots_default":true,"robots_noindex":false,"robots_noarchive":false,"robots_nosnippet":false,"robots_nofollow":false,"robots_noimageindex":false,"robots_noodp":false,"robots_notranslate":false,"robots_max_snippet":null,"robots_max_videopreview":null,"robots_max_imagepreview":"large","priority":null,"frequency":null,"local_seo":null,"breadcrumb_settings":null,"limit_modified_date":false,"ai":null,"created":"2026-01-08 19:32:41","updated":"2026-01-08 19:32:41","seo_analyzer_scan_date":null,"focus_keyword":null,"additional_keywords":null,"truseo_locale":null},"aioseo_breadcrumb":"<div class=\"aioseo-breadcrumbs\"><span class=\"aioseo-breadcrumb\">\n\t\t\t<a href=\"https:\/\/radiosul.net\/wp\" title=\"Home\">Home<\/a>\n\t\t<\/span><span class=\"aioseo-breadcrumb-separator\">&raquo;<\/span><span class=\"aioseo-breadcrumb\">\n\t\t\t<a href=\"https:\/\/radiosul.net\/wp\/category\/agro\/\" title=\"Agroneg\u00f3cio\">Agroneg\u00f3cio<\/a>\n\t\t<\/span><span class=\"aioseo-breadcrumb-separator\">&raquo;<\/span><span class=\"aioseo-breadcrumb\">\n\t\t\tCarne Angus participa da Anufood Brazil 2020\n\t\t<\/span><\/div>","aioseo_breadcrumb_json":[{"label":"Home","link":"https:\/\/radiosul.net\/wp"},{"label":"Agroneg\u00f3cio","link":"https:\/\/radiosul.net\/wp\/category\/agro\/"},{"label":"Carne Angus participa da Anufood Brazil 2020","link":"https:\/\/radiosul.net\/wp\/2020\/carne-angus-participa-da-anufood-brazil-2020\/"}],"_links":{"self":[{"href":"https:\/\/radiosul.net\/wp\/wp-json\/wp\/v2\/posts\/11391","targetHints":{"allow":["GET"]}}],"collection":[{"href":"https:\/\/radiosul.net\/wp\/wp-json\/wp\/v2\/posts"}],"about":[{"href":"https:\/\/radiosul.net\/wp\/wp-json\/wp\/v2\/types\/post"}],"author":[{"embeddable":true,"href":"https:\/\/radiosul.net\/wp\/wp-json\/wp\/v2\/users\/9"}],"replies":[{"embeddable":true,"href":"https:\/\/radiosul.net\/wp\/wp-json\/wp\/v2\/comments?post=11391"}],"version-history":[{"count":1,"href":"https:\/\/radiosul.net\/wp\/wp-json\/wp\/v2\/posts\/11391\/revisions"}],"predecessor-version":[{"id":11393,"href":"https:\/\/radiosul.net\/wp\/wp-json\/wp\/v2\/posts\/11391\/revisions\/11393"}],"wp:featuredmedia":[{"embeddable":true,"href":"https:\/\/radiosul.net\/wp\/wp-json\/wp\/v2\/media\/11392"}],"wp:attachment":[{"href":"https:\/\/radiosul.net\/wp\/wp-json\/wp\/v2\/media?parent=11391"}],"wp:term":[{"taxonomy":"category","embeddable":true,"href":"https:\/\/radiosul.net\/wp\/wp-json\/wp\/v2\/categories?post=11391"},{"taxonomy":"post_tag","embeddable":true,"href":"https:\/\/radiosul.net\/wp\/wp-json\/wp\/v2\/tags?post=11391"}],"curies":[{"name":"wp","href":"https:\/\/api.w.org\/{rel}","templated":true}]}}