{"id":11353,"date":"2020-02-27T00:40:58","date_gmt":"2020-02-27T03:40:58","guid":{"rendered":"https:\/\/radiosul.net\/wp\/?p=11353"},"modified":"2020-02-27T00:41:00","modified_gmt":"2020-02-27T03:41:00","slug":"ceasa-realiza-licitacao-de-espacos-em-abril","status":"publish","type":"post","link":"https:\/\/radiosul.net\/wp\/2020\/ceasa-realiza-licitacao-de-espacos-em-abril\/","title":{"rendered":"Ceasa realiza licita\u00e7\u00e3o de espa\u00e7os em abril"},"content":{"rendered":"\n<p class=\"wp-block-paragraph\">\nNo dia 6 de abril, a Ceasa (Centrais de Abastecimento do Rio Grande\n do Sul), vinculada \u00e0 Secretaria da Agricultura, Pecu\u00e1ria e \nDesenvolvimento Rural, realizar\u00e1 licita\u00e7\u00e3o para venda de 55 espa\u00e7os em \n14 setores do complexo (veja tabela abaixo). Pelo menos uma \u00e1rea \u00e9 \ndestinada para lancheria e outra para peixaria. Os demais espa\u00e7os s\u00e3o \npara lojas (boxes) e m\u00f3dulos.&nbsp;Os vencedores ser\u00e3o aqueles que fizerem as\n maiores ofertas.\n\n\nA documenta\u00e7\u00e3o ser\u00e1 recebida pela Comiss\u00e3o Especial de Licita\u00e7\u00e3o \nat\u00e9 \u00e0s 10h do dia 6 de abril no audit\u00f3rio da Ceasa.&nbsp;Para ver o \nregulamento acesse aqui o <a href=\"http:\/\/ceasa.rs.gov.br\/editais\" target=\"_blank\" rel=\"noreferrer noopener\">link <\/a>e clique em \u201cProcedimento Licitat\u00f3rio Boxes \u2014 n\u00ba 001\/2020\u201d.\n\n<\/p>\n\n\n\n<h3 class=\"wp-block-heading\">Servi\u00e7o:<\/h3>\n\n\n\n<ul class=\"wp-block-list\"><li>O que? Licita\u00e7\u00e3o para venda de espa\u00e7os na Ceasa<\/li><li>Quando? 06\/04\/2020<\/li><li>Inscri\u00e7\u00f5es: at\u00e9 06\/04 \u00e0s 10h<\/li><li>Onde? Na Ceasa &#8211; Avenida Fernando Ferrari, n\u00ba 1001, Bairro Anchieta, Porto Alegre<\/li><li>Mais informa\u00e7\u00f5es:&nbsp;D\u00favidas sobre o procedimento e a documenta\u00e7\u00e3o exigida podem ser esclarecidas pelo telefone (51) 2111-6627.<\/li><\/ul>\n\n\n\n<figure class=\"wp-block-image size-large\"><img loading=\"lazy\" decoding=\"async\" width=\"800\" height=\"685\" src=\"https:\/\/radiosul.net\/wp\/wp-content\/uploads\/2020\/02\/26164703_101211_GDO.jpeg\" alt=\"\" class=\"wp-image-11355\" srcset=\"https:\/\/radiosul.net\/wp\/wp-content\/uploads\/2020\/02\/26164703_101211_GDO.jpeg 800w, https:\/\/radiosul.net\/wp\/wp-content\/uploads\/2020\/02\/26164703_101211_GDO-300x257.jpeg 300w, https:\/\/radiosul.net\/wp\/wp-content\/uploads\/2020\/02\/26164703_101211_GDO-768x658.jpeg 768w\" sizes=\"auto, (max-width: 800px) 100vw, 800px\" \/><figcaption> Tabela licita\u00e7\u00e3o Ceasa <\/figcaption><\/figure>\n\n\n\n<p class=\"wp-block-paragraph\"><strong><em>Fonte: Secretaria da Agricultura, Pecu\u00e1ria e Desenvolvimento Rural <\/em><\/strong><\/p>\n","protected":false},"excerpt":{"rendered":"<p>No dia 6 de abril, a Ceasa (Centrais de Abastecimento do Rio Grande do Sul), vinculada \u00e0 Secretaria da Agricultura, Pecu\u00e1ria e Desenvolvimento Rural, realizar\u00e1 licita\u00e7\u00e3o para venda de 55 espa\u00e7os em 14 setores do complexo (veja tabela abaixo). Pelo menos uma \u00e1rea \u00e9 destinada para lancheria e outra para peixaria. Os demais espa\u00e7os s\u00e3o &hellip;<\/p>\n","protected":false},"author":9,"featured_media":11354,"comment_status":"closed","ping_status":"closed","sticky":false,"template":"","format":"standard","meta":{"_monsterinsights_skip_tracking":false,"_uf_show_specific_survey":0,"_uf_disable_surveys":false,"footnotes":""},"categories":[1,126],"tags":[],"class_list":["post-11353","post","type-post","status-publish","format-standard","has-post-thumbnail","hentry","category-agro","category-destacados"],"aioseo_notices":[],"aioseo_head":"\n\t\t<!-- All in One SEO 5.0.1.1 - aioseo.com -->\n\t<meta name=\"description\" content=\"No dia 6 de abril, a Ceasa (Centrais de Abastecimento do Rio Grande do Sul), vinculada \u00e0 Secretaria da Agricultura, Pecu\u00e1ria e Desenvolvimento Rural, realizar\u00e1 licita\u00e7\u00e3o para venda de 55 espa\u00e7os em 14 setores do complexo (veja tabela abaixo). Pelo menos uma \u00e1rea \u00e9 destinada para lancheria e outra para peixaria. Os demais espa\u00e7os s\u00e3o\" \/>\n\t<meta name=\"robots\" content=\"max-image-preview:large\" \/>\n\t<meta name=\"author\" content=\"Alejo Bordon\"\/>\n\t<link rel=\"canonical\" href=\"https:\/\/radiosul.net\/wp\/2020\/ceasa-realiza-licitacao-de-espacos-em-abril\/\" \/>\n\t<meta name=\"generator\" content=\"All in One SEO (AIOSEO) 5.0.1.1\" \/>\n\t\t<meta property=\"og:locale\" content=\"pt_BR\" \/>\n\t\t<meta property=\"og:site_name\" content=\"radiosul.net - Regional por Excel\u00eancia\" \/>\n\t\t<meta property=\"og:type\" content=\"article\" \/>\n\t\t<meta property=\"og:title\" content=\"Ceasa realiza licita\u00e7\u00e3o de espa\u00e7os em abril - radiosul.net\" \/>\n\t\t<meta property=\"og:description\" content=\"No dia 6 de abril, a Ceasa (Centrais de Abastecimento do Rio Grande do Sul), vinculada \u00e0 Secretaria da Agricultura, Pecu\u00e1ria e Desenvolvimento Rural, realizar\u00e1 licita\u00e7\u00e3o para venda de 55 espa\u00e7os em 14 setores do complexo (veja tabela abaixo). Pelo menos uma \u00e1rea \u00e9 destinada para lancheria e outra para peixaria. Os demais espa\u00e7os s\u00e3o\" \/>\n\t\t<meta property=\"og:url\" content=\"https:\/\/radiosul.net\/wp\/2020\/ceasa-realiza-licitacao-de-espacos-em-abril\/\" \/>\n\t\t<meta property=\"article:published_time\" content=\"2020-02-27T03:40:58+00:00\" \/>\n\t\t<meta property=\"article:modified_time\" content=\"2020-02-27T03:41:00+00:00\" \/>\n\t\t<meta name=\"twitter:card\" content=\"summary_large_image\" \/>\n\t\t<meta name=\"twitter:title\" content=\"Ceasa realiza licita\u00e7\u00e3o de espa\u00e7os em abril - radiosul.net\" \/>\n\t\t<meta name=\"twitter:description\" content=\"No dia 6 de abril, a Ceasa (Centrais de Abastecimento do Rio Grande do Sul), vinculada \u00e0 Secretaria da Agricultura, Pecu\u00e1ria e Desenvolvimento Rural, realizar\u00e1 licita\u00e7\u00e3o para venda de 55 espa\u00e7os em 14 setores do complexo (veja tabela abaixo). Pelo menos uma \u00e1rea \u00e9 destinada para lancheria e outra para peixaria. Os demais espa\u00e7os s\u00e3o\" \/>\n\t\t<script type=\"application\/ld+json\" class=\"aioseo-schema\">\n\t\t\t{\"@context\":\"https:\\\/\\\/schema.org\",\"@graph\":[{\"@type\":\"BlogPosting\",\"@id\":\"https:\\\/\\\/radiosul.net\\\/wp\\\/2020\\\/ceasa-realiza-licitacao-de-espacos-em-abril\\\/#blogposting\",\"name\":\"Ceasa realiza licita\\u00e7\\u00e3o de espa\\u00e7os em abril - radiosul.net\",\"headline\":\"Ceasa realiza licita\\u00e7\\u00e3o de espa\\u00e7os em abril\",\"author\":{\"@id\":\"https:\\\/\\\/radiosul.net\\\/wp\\\/author\\\/alejo\\\/#author\"},\"publisher\":{\"@id\":\"https:\\\/\\\/radiosul.net\\\/wp\\\/#organization\"},\"image\":{\"@type\":\"ImageObject\",\"url\":\"https:\\\/\\\/radiosul.net\\\/wp\\\/wp-content\\\/uploads\\\/2020\\\/02\\\/06152824_97972_GD.jpeg\",\"width\":800,\"height\":450,\"caption\":\"Foto: Fernando Dias\\\/Seapdr\"},\"datePublished\":\"2020-02-27T00:40:58-03:00\",\"dateModified\":\"2020-02-27T00:41:00-03:00\",\"inLanguage\":\"pt-BR\",\"mainEntityOfPage\":{\"@id\":\"https:\\\/\\\/radiosul.net\\\/wp\\\/2020\\\/ceasa-realiza-licitacao-de-espacos-em-abril\\\/#webpage\"},\"isPartOf\":{\"@id\":\"https:\\\/\\\/radiosul.net\\\/wp\\\/2020\\\/ceasa-realiza-licitacao-de-espacos-em-abril\\\/#webpage\"},\"articleSection\":\"Agroneg\\u00f3cio, Destaque\"},{\"@type\":\"BreadcrumbList\",\"@id\":\"https:\\\/\\\/radiosul.net\\\/wp\\\/2020\\\/ceasa-realiza-licitacao-de-espacos-em-abril\\\/#breadcrumblist\",\"itemListElement\":[{\"@type\":\"ListItem\",\"@id\":\"https:\\\/\\\/radiosul.net\\\/wp#listItem\",\"position\":1,\"name\":\"Home\",\"item\":\"https:\\\/\\\/radiosul.net\\\/wp\",\"nextItem\":{\"@type\":\"ListItem\",\"@id\":\"https:\\\/\\\/radiosul.net\\\/wp\\\/category\\\/agro\\\/#listItem\",\"name\":\"Agroneg\\u00f3cio\"}},{\"@type\":\"ListItem\",\"@id\":\"https:\\\/\\\/radiosul.net\\\/wp\\\/category\\\/agro\\\/#listItem\",\"position\":2,\"name\":\"Agroneg\\u00f3cio\",\"item\":\"https:\\\/\\\/radiosul.net\\\/wp\\\/category\\\/agro\\\/\",\"nextItem\":{\"@type\":\"ListItem\",\"@id\":\"https:\\\/\\\/radiosul.net\\\/wp\\\/2020\\\/ceasa-realiza-licitacao-de-espacos-em-abril\\\/#listItem\",\"name\":\"Ceasa realiza licita\\u00e7\\u00e3o de espa\\u00e7os em abril\"},\"previousItem\":{\"@type\":\"ListItem\",\"@id\":\"https:\\\/\\\/radiosul.net\\\/wp#listItem\",\"name\":\"Home\"}},{\"@type\":\"ListItem\",\"@id\":\"https:\\\/\\\/radiosul.net\\\/wp\\\/2020\\\/ceasa-realiza-licitacao-de-espacos-em-abril\\\/#listItem\",\"position\":3,\"name\":\"Ceasa realiza licita\\u00e7\\u00e3o de espa\\u00e7os em abril\",\"previousItem\":{\"@type\":\"ListItem\",\"@id\":\"https:\\\/\\\/radiosul.net\\\/wp\\\/category\\\/agro\\\/#listItem\",\"name\":\"Agroneg\\u00f3cio\"}}]},{\"@type\":\"Organization\",\"@id\":\"https:\\\/\\\/radiosul.net\\\/wp\\\/#organization\",\"name\":\"radiosul.net\",\"description\":\"Regional por Excel\\u00eancia\",\"url\":\"https:\\\/\\\/radiosul.net\\\/wp\\\/\"},{\"@type\":\"Person\",\"@id\":\"https:\\\/\\\/radiosul.net\\\/wp\\\/author\\\/alejo\\\/#author\",\"url\":\"https:\\\/\\\/radiosul.net\\\/wp\\\/author\\\/alejo\\\/\",\"name\":\"Alejo Bordon\",\"image\":{\"@type\":\"ImageObject\",\"@id\":\"https:\\\/\\\/radiosul.net\\\/wp\\\/2020\\\/ceasa-realiza-licitacao-de-espacos-em-abril\\\/#authorImage\",\"url\":\"https:\\\/\\\/secure.gravatar.com\\\/avatar\\\/b3a7e7f1c71212e6a5b7183b79a2ab58dad8bdc4cd4eadd61c4434d010d0bae4?s=96&d=mm&r=g\",\"width\":96,\"height\":96,\"caption\":\"Alejo Bordon\"}},{\"@type\":\"WebPage\",\"@id\":\"https:\\\/\\\/radiosul.net\\\/wp\\\/2020\\\/ceasa-realiza-licitacao-de-espacos-em-abril\\\/#webpage\",\"url\":\"https:\\\/\\\/radiosul.net\\\/wp\\\/2020\\\/ceasa-realiza-licitacao-de-espacos-em-abril\\\/\",\"name\":\"Ceasa realiza licita\\u00e7\\u00e3o de espa\\u00e7os em abril - radiosul.net\",\"description\":\"No dia 6 de abril, a Ceasa (Centrais de Abastecimento do Rio Grande do Sul), vinculada \\u00e0 Secretaria da Agricultura, Pecu\\u00e1ria e Desenvolvimento Rural, realizar\\u00e1 licita\\u00e7\\u00e3o para venda de 55 espa\\u00e7os em 14 setores do complexo (veja tabela abaixo). Pelo menos uma \\u00e1rea \\u00e9 destinada para lancheria e outra para peixaria. Os demais espa\\u00e7os s\\u00e3o\",\"inLanguage\":\"pt-BR\",\"isPartOf\":{\"@id\":\"https:\\\/\\\/radiosul.net\\\/wp\\\/#website\"},\"breadcrumb\":{\"@id\":\"https:\\\/\\\/radiosul.net\\\/wp\\\/2020\\\/ceasa-realiza-licitacao-de-espacos-em-abril\\\/#breadcrumblist\"},\"author\":{\"@id\":\"https:\\\/\\\/radiosul.net\\\/wp\\\/author\\\/alejo\\\/#author\"},\"creator\":{\"@id\":\"https:\\\/\\\/radiosul.net\\\/wp\\\/author\\\/alejo\\\/#author\"},\"image\":{\"@type\":\"ImageObject\",\"url\":\"https:\\\/\\\/radiosul.net\\\/wp\\\/wp-content\\\/uploads\\\/2020\\\/02\\\/06152824_97972_GD.jpeg\",\"@id\":\"https:\\\/\\\/radiosul.net\\\/wp\\\/2020\\\/ceasa-realiza-licitacao-de-espacos-em-abril\\\/#mainImage\",\"width\":800,\"height\":450,\"caption\":\"Foto: Fernando Dias\\\/Seapdr\"},\"primaryImageOfPage\":{\"@id\":\"https:\\\/\\\/radiosul.net\\\/wp\\\/2020\\\/ceasa-realiza-licitacao-de-espacos-em-abril\\\/#mainImage\"},\"datePublished\":\"2020-02-27T00:40:58-03:00\",\"dateModified\":\"2020-02-27T00:41:00-03:00\"},{\"@type\":\"WebSite\",\"@id\":\"https:\\\/\\\/radiosul.net\\\/wp\\\/#website\",\"url\":\"https:\\\/\\\/radiosul.net\\\/wp\\\/\",\"name\":\"radiosul.net\",\"description\":\"Regional por Excel\\u00eancia\",\"inLanguage\":\"pt-BR\",\"publisher\":{\"@id\":\"https:\\\/\\\/radiosul.net\\\/wp\\\/#organization\"}}]}\n\t\t<\/script>\n\t\t<!-- All in One SEO -->\n\n","aioseo_head_json":{"title":"Ceasa realiza licita\u00e7\u00e3o de espa\u00e7os em abril - radiosul.net","description":"No dia 6 de abril, a Ceasa (Centrais de Abastecimento do Rio Grande do Sul), vinculada \u00e0 Secretaria da Agricultura, Pecu\u00e1ria e Desenvolvimento Rural, realizar\u00e1 licita\u00e7\u00e3o para venda de 55 espa\u00e7os em 14 setores do complexo (veja tabela abaixo). Pelo menos uma \u00e1rea \u00e9 destinada para lancheria e outra para peixaria. Os demais espa\u00e7os s\u00e3o","canonical_url":"https:\/\/radiosul.net\/wp\/2020\/ceasa-realiza-licitacao-de-espacos-em-abril\/","robots":"max-image-preview:large","keywords":"","webmasterTools":{"miscellaneous":""},"schema":{"@context":"https:\/\/schema.org","@graph":[{"@type":"BlogPosting","@id":"https:\/\/radiosul.net\/wp\/2020\/ceasa-realiza-licitacao-de-espacos-em-abril\/#blogposting","name":"Ceasa realiza licita\u00e7\u00e3o de espa\u00e7os em abril - radiosul.net","headline":"Ceasa realiza licita\u00e7\u00e3o de espa\u00e7os em abril","author":{"@id":"https:\/\/radiosul.net\/wp\/author\/alejo\/#author"},"publisher":{"@id":"https:\/\/radiosul.net\/wp\/#organization"},"image":{"@type":"ImageObject","url":"https:\/\/radiosul.net\/wp\/wp-content\/uploads\/2020\/02\/06152824_97972_GD.jpeg","width":800,"height":450,"caption":"Foto: Fernando Dias\/Seapdr"},"datePublished":"2020-02-27T00:40:58-03:00","dateModified":"2020-02-27T00:41:00-03:00","inLanguage":"pt-BR","mainEntityOfPage":{"@id":"https:\/\/radiosul.net\/wp\/2020\/ceasa-realiza-licitacao-de-espacos-em-abril\/#webpage"},"isPartOf":{"@id":"https:\/\/radiosul.net\/wp\/2020\/ceasa-realiza-licitacao-de-espacos-em-abril\/#webpage"},"articleSection":"Agroneg\u00f3cio, Destaque"},{"@type":"BreadcrumbList","@id":"https:\/\/radiosul.net\/wp\/2020\/ceasa-realiza-licitacao-de-espacos-em-abril\/#breadcrumblist","itemListElement":[{"@type":"ListItem","@id":"https:\/\/radiosul.net\/wp#listItem","position":1,"name":"Home","item":"https:\/\/radiosul.net\/wp","nextItem":{"@type":"ListItem","@id":"https:\/\/radiosul.net\/wp\/category\/agro\/#listItem","name":"Agroneg\u00f3cio"}},{"@type":"ListItem","@id":"https:\/\/radiosul.net\/wp\/category\/agro\/#listItem","position":2,"name":"Agroneg\u00f3cio","item":"https:\/\/radiosul.net\/wp\/category\/agro\/","nextItem":{"@type":"ListItem","@id":"https:\/\/radiosul.net\/wp\/2020\/ceasa-realiza-licitacao-de-espacos-em-abril\/#listItem","name":"Ceasa realiza licita\u00e7\u00e3o de espa\u00e7os em abril"},"previousItem":{"@type":"ListItem","@id":"https:\/\/radiosul.net\/wp#listItem","name":"Home"}},{"@type":"ListItem","@id":"https:\/\/radiosul.net\/wp\/2020\/ceasa-realiza-licitacao-de-espacos-em-abril\/#listItem","position":3,"name":"Ceasa realiza licita\u00e7\u00e3o de espa\u00e7os em abril","previousItem":{"@type":"ListItem","@id":"https:\/\/radiosul.net\/wp\/category\/agro\/#listItem","name":"Agroneg\u00f3cio"}}]},{"@type":"Organization","@id":"https:\/\/radiosul.net\/wp\/#organization","name":"radiosul.net","description":"Regional por Excel\u00eancia","url":"https:\/\/radiosul.net\/wp\/"},{"@type":"Person","@id":"https:\/\/radiosul.net\/wp\/author\/alejo\/#author","url":"https:\/\/radiosul.net\/wp\/author\/alejo\/","name":"Alejo Bordon","image":{"@type":"ImageObject","@id":"https:\/\/radiosul.net\/wp\/2020\/ceasa-realiza-licitacao-de-espacos-em-abril\/#authorImage","url":"https:\/\/secure.gravatar.com\/avatar\/b3a7e7f1c71212e6a5b7183b79a2ab58dad8bdc4cd4eadd61c4434d010d0bae4?s=96&d=mm&r=g","width":96,"height":96,"caption":"Alejo Bordon"}},{"@type":"WebPage","@id":"https:\/\/radiosul.net\/wp\/2020\/ceasa-realiza-licitacao-de-espacos-em-abril\/#webpage","url":"https:\/\/radiosul.net\/wp\/2020\/ceasa-realiza-licitacao-de-espacos-em-abril\/","name":"Ceasa realiza licita\u00e7\u00e3o de espa\u00e7os em abril - radiosul.net","description":"No dia 6 de abril, a Ceasa (Centrais de Abastecimento do Rio Grande do Sul), vinculada \u00e0 Secretaria da Agricultura, Pecu\u00e1ria e Desenvolvimento Rural, realizar\u00e1 licita\u00e7\u00e3o para venda de 55 espa\u00e7os em 14 setores do complexo (veja tabela abaixo). Pelo menos uma \u00e1rea \u00e9 destinada para lancheria e outra para peixaria. Os demais espa\u00e7os s\u00e3o","inLanguage":"pt-BR","isPartOf":{"@id":"https:\/\/radiosul.net\/wp\/#website"},"breadcrumb":{"@id":"https:\/\/radiosul.net\/wp\/2020\/ceasa-realiza-licitacao-de-espacos-em-abril\/#breadcrumblist"},"author":{"@id":"https:\/\/radiosul.net\/wp\/author\/alejo\/#author"},"creator":{"@id":"https:\/\/radiosul.net\/wp\/author\/alejo\/#author"},"image":{"@type":"ImageObject","url":"https:\/\/radiosul.net\/wp\/wp-content\/uploads\/2020\/02\/06152824_97972_GD.jpeg","@id":"https:\/\/radiosul.net\/wp\/2020\/ceasa-realiza-licitacao-de-espacos-em-abril\/#mainImage","width":800,"height":450,"caption":"Foto: Fernando Dias\/Seapdr"},"primaryImageOfPage":{"@id":"https:\/\/radiosul.net\/wp\/2020\/ceasa-realiza-licitacao-de-espacos-em-abril\/#mainImage"},"datePublished":"2020-02-27T00:40:58-03:00","dateModified":"2020-02-27T00:41:00-03:00"},{"@type":"WebSite","@id":"https:\/\/radiosul.net\/wp\/#website","url":"https:\/\/radiosul.net\/wp\/","name":"radiosul.net","description":"Regional por Excel\u00eancia","inLanguage":"pt-BR","publisher":{"@id":"https:\/\/radiosul.net\/wp\/#organization"}}]},"og:locale":"pt_BR","og:site_name":"radiosul.net - Regional por Excel\u00eancia","og:type":"article","og:title":"Ceasa realiza licita\u00e7\u00e3o de espa\u00e7os em abril - radiosul.net","og:description":"No dia 6 de abril, a Ceasa (Centrais de Abastecimento do Rio Grande do Sul), vinculada \u00e0 Secretaria da Agricultura, Pecu\u00e1ria e Desenvolvimento Rural, realizar\u00e1 licita\u00e7\u00e3o para venda de 55 espa\u00e7os em 14 setores do complexo (veja tabela abaixo). Pelo menos uma \u00e1rea \u00e9 destinada para lancheria e outra para peixaria. Os demais espa\u00e7os s\u00e3o","og:url":"https:\/\/radiosul.net\/wp\/2020\/ceasa-realiza-licitacao-de-espacos-em-abril\/","article:published_time":"2020-02-27T03:40:58+00:00","article:modified_time":"2020-02-27T03:41:00+00:00","twitter:card":"summary_large_image","twitter:title":"Ceasa realiza licita\u00e7\u00e3o de espa\u00e7os em abril - radiosul.net","twitter:description":"No dia 6 de abril, a Ceasa (Centrais de Abastecimento do Rio Grande do Sul), vinculada \u00e0 Secretaria da Agricultura, Pecu\u00e1ria e Desenvolvimento Rural, realizar\u00e1 licita\u00e7\u00e3o para venda de 55 espa\u00e7os em 14 setores do complexo (veja tabela abaixo). Pelo menos uma \u00e1rea \u00e9 destinada para lancheria e outra para peixaria. Os demais espa\u00e7os s\u00e3o"},"aioseo_meta_data":{"post_id":"11353","title":null,"description":null,"keywords":null,"keyphrases":null,"primary_term":null,"canonical_url":null,"og_title":null,"og_description":null,"og_object_type":"default","og_image_type":"default","og_image_url":null,"og_image_width":null,"og_image_height":null,"og_image_custom_url":null,"og_image_custom_fields":null,"og_video":null,"og_custom_url":null,"og_article_section":null,"og_article_tags":null,"twitter_use_og":false,"twitter_card":"default","twitter_image_type":"default","twitter_image_url":null,"twitter_image_custom_url":null,"twitter_image_custom_fields":null,"twitter_title":null,"twitter_description":null,"schema":{"blockGraphs":[],"customGraphs":[],"default":{"data":{"Article":[],"Course":[],"Dataset":[],"FAQPage":[],"Movie":[],"Person":[],"Product":[],"ProductReview":[],"Car":[],"Recipe":[],"Service":[],"SoftwareApplication":[],"WebPage":[]},"graphName":"","isEnabled":true},"graphs":[]},"schema_type":"default","schema_type_options":null,"pillar_content":false,"robots_default":true,"robots_noindex":false,"robots_noarchive":false,"robots_nosnippet":false,"robots_nofollow":false,"robots_noimageindex":false,"robots_noodp":false,"robots_notranslate":false,"robots_max_snippet":null,"robots_max_videopreview":null,"robots_max_imagepreview":"large","priority":null,"frequency":null,"local_seo":null,"breadcrumb_settings":null,"limit_modified_date":false,"ai":null,"created":"2026-01-08 19:29:11","updated":"2026-01-08 19:29:11","seo_analyzer_scan_date":null,"focus_keyword":null,"additional_keywords":null,"truseo_locale":null},"aioseo_breadcrumb":"<div class=\"aioseo-breadcrumbs\"><span class=\"aioseo-breadcrumb\">\n\t\t\t<a href=\"https:\/\/radiosul.net\/wp\" title=\"Home\">Home<\/a>\n\t\t<\/span><span class=\"aioseo-breadcrumb-separator\">&raquo;<\/span><span class=\"aioseo-breadcrumb\">\n\t\t\t<a href=\"https:\/\/radiosul.net\/wp\/category\/agro\/\" title=\"Agroneg\u00f3cio\">Agroneg\u00f3cio<\/a>\n\t\t<\/span><span class=\"aioseo-breadcrumb-separator\">&raquo;<\/span><span class=\"aioseo-breadcrumb\">\n\t\t\tCeasa realiza licita\u00e7\u00e3o de espa\u00e7os em abril\n\t\t<\/span><\/div>","aioseo_breadcrumb_json":[{"label":"Home","link":"https:\/\/radiosul.net\/wp"},{"label":"Agroneg\u00f3cio","link":"https:\/\/radiosul.net\/wp\/category\/agro\/"},{"label":"Ceasa realiza licita\u00e7\u00e3o de espa\u00e7os em abril","link":"https:\/\/radiosul.net\/wp\/2020\/ceasa-realiza-licitacao-de-espacos-em-abril\/"}],"_links":{"self":[{"href":"https:\/\/radiosul.net\/wp\/wp-json\/wp\/v2\/posts\/11353","targetHints":{"allow":["GET"]}}],"collection":[{"href":"https:\/\/radiosul.net\/wp\/wp-json\/wp\/v2\/posts"}],"about":[{"href":"https:\/\/radiosul.net\/wp\/wp-json\/wp\/v2\/types\/post"}],"author":[{"embeddable":true,"href":"https:\/\/radiosul.net\/wp\/wp-json\/wp\/v2\/users\/9"}],"replies":[{"embeddable":true,"href":"https:\/\/radiosul.net\/wp\/wp-json\/wp\/v2\/comments?post=11353"}],"version-history":[{"count":1,"href":"https:\/\/radiosul.net\/wp\/wp-json\/wp\/v2\/posts\/11353\/revisions"}],"predecessor-version":[{"id":11356,"href":"https:\/\/radiosul.net\/wp\/wp-json\/wp\/v2\/posts\/11353\/revisions\/11356"}],"wp:featuredmedia":[{"embeddable":true,"href":"https:\/\/radiosul.net\/wp\/wp-json\/wp\/v2\/media\/11354"}],"wp:attachment":[{"href":"https:\/\/radiosul.net\/wp\/wp-json\/wp\/v2\/media?parent=11353"}],"wp:term":[{"taxonomy":"category","embeddable":true,"href":"https:\/\/radiosul.net\/wp\/wp-json\/wp\/v2\/categories?post=11353"},{"taxonomy":"post_tag","embeddable":true,"href":"https:\/\/radiosul.net\/wp\/wp-json\/wp\/v2\/tags?post=11353"}],"curies":[{"name":"wp","href":"https:\/\/api.w.org\/{rel}","templated":true}]}}