{"id":11273,"date":"2020-02-23T18:03:12","date_gmt":"2020-02-23T21:03:12","guid":{"rendered":"https:\/\/radiosul.net\/wp\/?p=11273"},"modified":"2020-02-23T18:03:15","modified_gmt":"2020-02-23T21:03:15","slug":"eua-reabrem-mercado-de-carne-bovina-in-natura-para-o-brasil-diz-ministra","status":"publish","type":"post","link":"https:\/\/radiosul.net\/wp\/2020\/eua-reabrem-mercado-de-carne-bovina-in-natura-para-o-brasil-diz-ministra\/","title":{"rendered":"EUA reabrem mercado de carne bovina \u201cin natura\u201d para o Brasil, diz ministra"},"content":{"rendered":"\n<p class=\"wp-block-paragraph\">\u201cHoje recebemos com muita satisfa\u00e7\u00e3o uma not\u00edcia esperada por n\u00f3s j\u00e1 h\u00e1 algum tempo, a reabertura do mercado de carne bovina \u2018in natura\u2019 do Brasil para os Estados Unidos\u201d, afirmou a ministra, sem fornecer detalhes.<\/p>\n\n\n\n<figure class=\"wp-block-embed-twitter wp-block-embed is-type-rich is-provider-twitter\"><div class=\"wp-block-embed__wrapper\">\nhttps:\/\/twitter.com\/TerezaCrisMS\/status\/1230951273974947840\n<\/div><\/figure>\n\n\n\n<p class=\"wp-block-paragraph\">Os EUA haviam paralisado as importa\u00e7\u00f5es de carne bovina \u201cin natura\u201d do Brasil em junho de 2017, sob alega\u00e7\u00f5es de que embarques haviam falhado em testes de seguran\u00e7a alimentar.<\/p>\n\n\n\n<p class=\"wp-block-paragraph\">Os norte-americanos queixavam-se de rea\u00e7\u00f5es provocadas nos animais, os abscessos, como consequ\u00eancia de vacina\u00e7\u00f5es contra febre aftosa.<\/p>\n\n\n\n<p class=\"wp-block-paragraph\">A medida tem efeito imediato, mas alguns passos precisam ser seguidos, incluindo o envio pelo governo brasileiro de uma lista de empresas aprovadas a exportar para os EUA, disse uma fonte familiarizada com o assunto \u00e0 Reuters, sob a condi\u00e7\u00e3o de anonimato.<\/p>\n\n\n\n<p class=\"wp-block-paragraph\">O Departamento de Agricultura dos Estados Unidos (USDA) n\u00e3o respondeu de imediato a um pedido de coment\u00e1rios.<\/p>\n\n\n\n<p class=\"wp-block-paragraph\">As a\u00e7\u00f5es de frigor\u00edficos como\u00a0<a href=\"https:\/\/www.moneytimes.com.br\/marfrig\"><strong>Marfrig<\/strong><\/a>\u00a0(<strong><a href=\"https:\/\/www.moneytimes.com.br\/cotacao\/mrfg3\/\">MRFG3<\/a><\/strong>),\u00a0<a href=\"https:\/\/www.moneytimes.com.br\/jbs\"><strong>JBS<\/strong><\/a>\u00a0(<strong><a href=\"https:\/\/www.moneytimes.com.br\/cotacao\/jbss3\">JBSS3<\/a><\/strong>) e\u00a0<a href=\"https:\/\/www.moneytimes.com.br\/minerva\"><strong>Minerva<\/strong><\/a>\u00a0(<a href=\"https:\/\/www.moneytimes.com.br\/cotacao\/beef3\"><strong>BEEF3<\/strong><\/a>) aumentaram ganhos na bolsa ap\u00f3s a publica\u00e7\u00e3o da not\u00edcia pela ministra no Twitter.<\/p>\n\n\n\n<p class=\"wp-block-paragraph\"><strong><em>Fonte: Money Times <\/em><\/strong><\/p>\n","protected":false},"excerpt":{"rendered":"<p>\u201cHoje recebemos com muita satisfa\u00e7\u00e3o uma not\u00edcia esperada por n\u00f3s j\u00e1 h\u00e1 algum tempo, a reabertura do mercado de carne bovina \u2018in natura\u2019 do Brasil para os Estados Unidos\u201d, afirmou a ministra, sem fornecer detalhes. https:\/\/twitter.com\/TerezaCrisMS\/status\/1230951273974947840 Os EUA haviam paralisado as importa\u00e7\u00f5es de carne bovina \u201cin natura\u201d do Brasil em junho de 2017, sob alega\u00e7\u00f5es &hellip;<\/p>\n","protected":false},"author":9,"featured_media":11274,"comment_status":"closed","ping_status":"closed","sticky":false,"template":"","format":"standard","meta":{"_monsterinsights_skip_tracking":false,"_uf_show_specific_survey":0,"_uf_disable_surveys":false,"footnotes":""},"categories":[1,126,147],"tags":[],"class_list":["post-11273","post","type-post","status-publish","format-standard","has-post-thumbnail","hentry","category-agro","category-destacados","category-economia"],"aioseo_notices":[],"aioseo_head":"\n\t\t<!-- All in One SEO 5.0.1.1 - aioseo.com -->\n\t<meta name=\"description\" content=\"\u201cHoje recebemos com muita satisfa\u00e7\u00e3o uma not\u00edcia esperada por n\u00f3s j\u00e1 h\u00e1 algum tempo, a reabertura do mercado de carne bovina \u2018in natura\u2019 do Brasil para os Estados Unidos\u201d, afirmou a ministra, sem fornecer detalhes. Os EUA haviam paralisado as importa\u00e7\u00f5es de carne bovina \u201cin natura\u201d do Brasil em junho de 2017, sob alega\u00e7\u00f5es de\" \/>\n\t<meta name=\"robots\" content=\"max-image-preview:large\" \/>\n\t<meta name=\"author\" content=\"Alejo Bordon\"\/>\n\t<link rel=\"canonical\" href=\"https:\/\/radiosul.net\/wp\/2020\/eua-reabrem-mercado-de-carne-bovina-in-natura-para-o-brasil-diz-ministra\/\" \/>\n\t<meta name=\"generator\" content=\"All in One SEO (AIOSEO) 5.0.1.1\" \/>\n\t\t<meta property=\"og:locale\" content=\"pt_BR\" \/>\n\t\t<meta property=\"og:site_name\" content=\"radiosul.net - Regional por Excel\u00eancia\" \/>\n\t\t<meta property=\"og:type\" content=\"article\" \/>\n\t\t<meta property=\"og:title\" content=\"EUA reabrem mercado de carne bovina \u201cin natura\u201d para o Brasil, diz ministra - radiosul.net\" \/>\n\t\t<meta property=\"og:description\" content=\"\u201cHoje recebemos com muita satisfa\u00e7\u00e3o uma not\u00edcia esperada por n\u00f3s j\u00e1 h\u00e1 algum tempo, a reabertura do mercado de carne bovina \u2018in natura\u2019 do Brasil para os Estados Unidos\u201d, afirmou a ministra, sem fornecer detalhes. Os EUA haviam paralisado as importa\u00e7\u00f5es de carne bovina \u201cin natura\u201d do Brasil em junho de 2017, sob alega\u00e7\u00f5es de\" \/>\n\t\t<meta property=\"og:url\" content=\"https:\/\/radiosul.net\/wp\/2020\/eua-reabrem-mercado-de-carne-bovina-in-natura-para-o-brasil-diz-ministra\/\" \/>\n\t\t<meta property=\"article:published_time\" content=\"2020-02-23T21:03:12+00:00\" \/>\n\t\t<meta property=\"article:modified_time\" content=\"2020-02-23T21:03:15+00:00\" \/>\n\t\t<meta name=\"twitter:card\" content=\"summary_large_image\" \/>\n\t\t<meta name=\"twitter:title\" content=\"EUA reabrem mercado de carne bovina \u201cin natura\u201d para o Brasil, diz ministra - radiosul.net\" \/>\n\t\t<meta name=\"twitter:description\" content=\"\u201cHoje recebemos com muita satisfa\u00e7\u00e3o uma not\u00edcia esperada por n\u00f3s j\u00e1 h\u00e1 algum tempo, a reabertura do mercado de carne bovina \u2018in natura\u2019 do Brasil para os Estados Unidos\u201d, afirmou a ministra, sem fornecer detalhes. Os EUA haviam paralisado as importa\u00e7\u00f5es de carne bovina \u201cin natura\u201d do Brasil em junho de 2017, sob alega\u00e7\u00f5es de\" \/>\n\t\t<script type=\"application\/ld+json\" class=\"aioseo-schema\">\n\t\t\t{\"@context\":\"https:\\\/\\\/schema.org\",\"@graph\":[{\"@type\":\"BlogPosting\",\"@id\":\"https:\\\/\\\/radiosul.net\\\/wp\\\/2020\\\/eua-reabrem-mercado-de-carne-bovina-in-natura-para-o-brasil-diz-ministra\\\/#blogposting\",\"name\":\"EUA reabrem mercado de carne bovina \\u201cin natura\\u201d para o Brasil, diz ministra - radiosul.net\",\"headline\":\"EUA reabrem mercado de carne bovina \\u201cin natura\\u201d para o Brasil, diz ministra\",\"author\":{\"@id\":\"https:\\\/\\\/radiosul.net\\\/wp\\\/author\\\/alejo\\\/#author\"},\"publisher\":{\"@id\":\"https:\\\/\\\/radiosul.net\\\/wp\\\/#organization\"},\"image\":{\"@type\":\"ImageObject\",\"url\":\"https:\\\/\\\/radiosul.net\\\/wp\\\/wp-content\\\/uploads\\\/2020\\\/02\\\/tereza-cristina.jpg\",\"width\":640,\"height\":340,\"caption\":\"O v\\u00eddeo foi publicado em sua conta no Twitter (Imagem: REUTERS\\\/Adriano Machado)\"},\"datePublished\":\"2020-02-23T18:03:12-03:00\",\"dateModified\":\"2020-02-23T18:03:15-03:00\",\"inLanguage\":\"pt-BR\",\"mainEntityOfPage\":{\"@id\":\"https:\\\/\\\/radiosul.net\\\/wp\\\/2020\\\/eua-reabrem-mercado-de-carne-bovina-in-natura-para-o-brasil-diz-ministra\\\/#webpage\"},\"isPartOf\":{\"@id\":\"https:\\\/\\\/radiosul.net\\\/wp\\\/2020\\\/eua-reabrem-mercado-de-carne-bovina-in-natura-para-o-brasil-diz-ministra\\\/#webpage\"},\"articleSection\":\"Agroneg\\u00f3cio, Destaque, Economia\"},{\"@type\":\"BreadcrumbList\",\"@id\":\"https:\\\/\\\/radiosul.net\\\/wp\\\/2020\\\/eua-reabrem-mercado-de-carne-bovina-in-natura-para-o-brasil-diz-ministra\\\/#breadcrumblist\",\"itemListElement\":[{\"@type\":\"ListItem\",\"@id\":\"https:\\\/\\\/radiosul.net\\\/wp#listItem\",\"position\":1,\"name\":\"Home\",\"item\":\"https:\\\/\\\/radiosul.net\\\/wp\",\"nextItem\":{\"@type\":\"ListItem\",\"@id\":\"https:\\\/\\\/radiosul.net\\\/wp\\\/category\\\/agro\\\/#listItem\",\"name\":\"Agroneg\\u00f3cio\"}},{\"@type\":\"ListItem\",\"@id\":\"https:\\\/\\\/radiosul.net\\\/wp\\\/category\\\/agro\\\/#listItem\",\"position\":2,\"name\":\"Agroneg\\u00f3cio\",\"item\":\"https:\\\/\\\/radiosul.net\\\/wp\\\/category\\\/agro\\\/\",\"nextItem\":{\"@type\":\"ListItem\",\"@id\":\"https:\\\/\\\/radiosul.net\\\/wp\\\/2020\\\/eua-reabrem-mercado-de-carne-bovina-in-natura-para-o-brasil-diz-ministra\\\/#listItem\",\"name\":\"EUA reabrem mercado de carne bovina \\u201cin natura\\u201d para o Brasil, diz ministra\"},\"previousItem\":{\"@type\":\"ListItem\",\"@id\":\"https:\\\/\\\/radiosul.net\\\/wp#listItem\",\"name\":\"Home\"}},{\"@type\":\"ListItem\",\"@id\":\"https:\\\/\\\/radiosul.net\\\/wp\\\/2020\\\/eua-reabrem-mercado-de-carne-bovina-in-natura-para-o-brasil-diz-ministra\\\/#listItem\",\"position\":3,\"name\":\"EUA reabrem mercado de carne bovina \\u201cin natura\\u201d para o Brasil, diz ministra\",\"previousItem\":{\"@type\":\"ListItem\",\"@id\":\"https:\\\/\\\/radiosul.net\\\/wp\\\/category\\\/agro\\\/#listItem\",\"name\":\"Agroneg\\u00f3cio\"}}]},{\"@type\":\"Organization\",\"@id\":\"https:\\\/\\\/radiosul.net\\\/wp\\\/#organization\",\"name\":\"radiosul.net\",\"description\":\"Regional por Excel\\u00eancia\",\"url\":\"https:\\\/\\\/radiosul.net\\\/wp\\\/\"},{\"@type\":\"Person\",\"@id\":\"https:\\\/\\\/radiosul.net\\\/wp\\\/author\\\/alejo\\\/#author\",\"url\":\"https:\\\/\\\/radiosul.net\\\/wp\\\/author\\\/alejo\\\/\",\"name\":\"Alejo Bordon\",\"image\":{\"@type\":\"ImageObject\",\"@id\":\"https:\\\/\\\/radiosul.net\\\/wp\\\/2020\\\/eua-reabrem-mercado-de-carne-bovina-in-natura-para-o-brasil-diz-ministra\\\/#authorImage\",\"url\":\"https:\\\/\\\/secure.gravatar.com\\\/avatar\\\/b3a7e7f1c71212e6a5b7183b79a2ab58dad8bdc4cd4eadd61c4434d010d0bae4?s=96&d=mm&r=g\",\"width\":96,\"height\":96,\"caption\":\"Alejo Bordon\"}},{\"@type\":\"WebPage\",\"@id\":\"https:\\\/\\\/radiosul.net\\\/wp\\\/2020\\\/eua-reabrem-mercado-de-carne-bovina-in-natura-para-o-brasil-diz-ministra\\\/#webpage\",\"url\":\"https:\\\/\\\/radiosul.net\\\/wp\\\/2020\\\/eua-reabrem-mercado-de-carne-bovina-in-natura-para-o-brasil-diz-ministra\\\/\",\"name\":\"EUA reabrem mercado de carne bovina \\u201cin natura\\u201d para o Brasil, diz ministra - radiosul.net\",\"description\":\"\\u201cHoje recebemos com muita satisfa\\u00e7\\u00e3o uma not\\u00edcia esperada por n\\u00f3s j\\u00e1 h\\u00e1 algum tempo, a reabertura do mercado de carne bovina \\u2018in natura\\u2019 do Brasil para os Estados Unidos\\u201d, afirmou a ministra, sem fornecer detalhes. Os EUA haviam paralisado as importa\\u00e7\\u00f5es de carne bovina \\u201cin natura\\u201d do Brasil em junho de 2017, sob alega\\u00e7\\u00f5es de\",\"inLanguage\":\"pt-BR\",\"isPartOf\":{\"@id\":\"https:\\\/\\\/radiosul.net\\\/wp\\\/#website\"},\"breadcrumb\":{\"@id\":\"https:\\\/\\\/radiosul.net\\\/wp\\\/2020\\\/eua-reabrem-mercado-de-carne-bovina-in-natura-para-o-brasil-diz-ministra\\\/#breadcrumblist\"},\"author\":{\"@id\":\"https:\\\/\\\/radiosul.net\\\/wp\\\/author\\\/alejo\\\/#author\"},\"creator\":{\"@id\":\"https:\\\/\\\/radiosul.net\\\/wp\\\/author\\\/alejo\\\/#author\"},\"image\":{\"@type\":\"ImageObject\",\"url\":\"https:\\\/\\\/radiosul.net\\\/wp\\\/wp-content\\\/uploads\\\/2020\\\/02\\\/tereza-cristina.jpg\",\"@id\":\"https:\\\/\\\/radiosul.net\\\/wp\\\/2020\\\/eua-reabrem-mercado-de-carne-bovina-in-natura-para-o-brasil-diz-ministra\\\/#mainImage\",\"width\":640,\"height\":340,\"caption\":\"O v\\u00eddeo foi publicado em sua conta no Twitter (Imagem: REUTERS\\\/Adriano Machado)\"},\"primaryImageOfPage\":{\"@id\":\"https:\\\/\\\/radiosul.net\\\/wp\\\/2020\\\/eua-reabrem-mercado-de-carne-bovina-in-natura-para-o-brasil-diz-ministra\\\/#mainImage\"},\"datePublished\":\"2020-02-23T18:03:12-03:00\",\"dateModified\":\"2020-02-23T18:03:15-03:00\"},{\"@type\":\"WebSite\",\"@id\":\"https:\\\/\\\/radiosul.net\\\/wp\\\/#website\",\"url\":\"https:\\\/\\\/radiosul.net\\\/wp\\\/\",\"name\":\"radiosul.net\",\"description\":\"Regional por Excel\\u00eancia\",\"inLanguage\":\"pt-BR\",\"publisher\":{\"@id\":\"https:\\\/\\\/radiosul.net\\\/wp\\\/#organization\"}}]}\n\t\t<\/script>\n\t\t<!-- All in One SEO -->\n\n","aioseo_head_json":{"title":"EUA reabrem mercado de carne bovina \u201cin natura\u201d para o Brasil, diz ministra - radiosul.net","description":"\u201cHoje recebemos com muita satisfa\u00e7\u00e3o uma not\u00edcia esperada por n\u00f3s j\u00e1 h\u00e1 algum tempo, a reabertura do mercado de carne bovina \u2018in natura\u2019 do Brasil para os Estados Unidos\u201d, afirmou a ministra, sem fornecer detalhes. Os EUA haviam paralisado as importa\u00e7\u00f5es de carne bovina \u201cin natura\u201d do Brasil em junho de 2017, sob alega\u00e7\u00f5es de","canonical_url":"https:\/\/radiosul.net\/wp\/2020\/eua-reabrem-mercado-de-carne-bovina-in-natura-para-o-brasil-diz-ministra\/","robots":"max-image-preview:large","keywords":"","webmasterTools":{"miscellaneous":""},"schema":{"@context":"https:\/\/schema.org","@graph":[{"@type":"BlogPosting","@id":"https:\/\/radiosul.net\/wp\/2020\/eua-reabrem-mercado-de-carne-bovina-in-natura-para-o-brasil-diz-ministra\/#blogposting","name":"EUA reabrem mercado de carne bovina \u201cin natura\u201d para o Brasil, diz ministra - radiosul.net","headline":"EUA reabrem mercado de carne bovina \u201cin natura\u201d para o Brasil, diz ministra","author":{"@id":"https:\/\/radiosul.net\/wp\/author\/alejo\/#author"},"publisher":{"@id":"https:\/\/radiosul.net\/wp\/#organization"},"image":{"@type":"ImageObject","url":"https:\/\/radiosul.net\/wp\/wp-content\/uploads\/2020\/02\/tereza-cristina.jpg","width":640,"height":340,"caption":"O v\u00eddeo foi publicado em sua conta no Twitter (Imagem: REUTERS\/Adriano Machado)"},"datePublished":"2020-02-23T18:03:12-03:00","dateModified":"2020-02-23T18:03:15-03:00","inLanguage":"pt-BR","mainEntityOfPage":{"@id":"https:\/\/radiosul.net\/wp\/2020\/eua-reabrem-mercado-de-carne-bovina-in-natura-para-o-brasil-diz-ministra\/#webpage"},"isPartOf":{"@id":"https:\/\/radiosul.net\/wp\/2020\/eua-reabrem-mercado-de-carne-bovina-in-natura-para-o-brasil-diz-ministra\/#webpage"},"articleSection":"Agroneg\u00f3cio, Destaque, Economia"},{"@type":"BreadcrumbList","@id":"https:\/\/radiosul.net\/wp\/2020\/eua-reabrem-mercado-de-carne-bovina-in-natura-para-o-brasil-diz-ministra\/#breadcrumblist","itemListElement":[{"@type":"ListItem","@id":"https:\/\/radiosul.net\/wp#listItem","position":1,"name":"Home","item":"https:\/\/radiosul.net\/wp","nextItem":{"@type":"ListItem","@id":"https:\/\/radiosul.net\/wp\/category\/agro\/#listItem","name":"Agroneg\u00f3cio"}},{"@type":"ListItem","@id":"https:\/\/radiosul.net\/wp\/category\/agro\/#listItem","position":2,"name":"Agroneg\u00f3cio","item":"https:\/\/radiosul.net\/wp\/category\/agro\/","nextItem":{"@type":"ListItem","@id":"https:\/\/radiosul.net\/wp\/2020\/eua-reabrem-mercado-de-carne-bovina-in-natura-para-o-brasil-diz-ministra\/#listItem","name":"EUA reabrem mercado de carne bovina \u201cin natura\u201d para o Brasil, diz ministra"},"previousItem":{"@type":"ListItem","@id":"https:\/\/radiosul.net\/wp#listItem","name":"Home"}},{"@type":"ListItem","@id":"https:\/\/radiosul.net\/wp\/2020\/eua-reabrem-mercado-de-carne-bovina-in-natura-para-o-brasil-diz-ministra\/#listItem","position":3,"name":"EUA reabrem mercado de carne bovina \u201cin natura\u201d para o Brasil, diz ministra","previousItem":{"@type":"ListItem","@id":"https:\/\/radiosul.net\/wp\/category\/agro\/#listItem","name":"Agroneg\u00f3cio"}}]},{"@type":"Organization","@id":"https:\/\/radiosul.net\/wp\/#organization","name":"radiosul.net","description":"Regional por Excel\u00eancia","url":"https:\/\/radiosul.net\/wp\/"},{"@type":"Person","@id":"https:\/\/radiosul.net\/wp\/author\/alejo\/#author","url":"https:\/\/radiosul.net\/wp\/author\/alejo\/","name":"Alejo Bordon","image":{"@type":"ImageObject","@id":"https:\/\/radiosul.net\/wp\/2020\/eua-reabrem-mercado-de-carne-bovina-in-natura-para-o-brasil-diz-ministra\/#authorImage","url":"https:\/\/secure.gravatar.com\/avatar\/b3a7e7f1c71212e6a5b7183b79a2ab58dad8bdc4cd4eadd61c4434d010d0bae4?s=96&d=mm&r=g","width":96,"height":96,"caption":"Alejo Bordon"}},{"@type":"WebPage","@id":"https:\/\/radiosul.net\/wp\/2020\/eua-reabrem-mercado-de-carne-bovina-in-natura-para-o-brasil-diz-ministra\/#webpage","url":"https:\/\/radiosul.net\/wp\/2020\/eua-reabrem-mercado-de-carne-bovina-in-natura-para-o-brasil-diz-ministra\/","name":"EUA reabrem mercado de carne bovina \u201cin natura\u201d para o Brasil, diz ministra - radiosul.net","description":"\u201cHoje recebemos com muita satisfa\u00e7\u00e3o uma not\u00edcia esperada por n\u00f3s j\u00e1 h\u00e1 algum tempo, a reabertura do mercado de carne bovina \u2018in natura\u2019 do Brasil para os Estados Unidos\u201d, afirmou a ministra, sem fornecer detalhes. Os EUA haviam paralisado as importa\u00e7\u00f5es de carne bovina \u201cin natura\u201d do Brasil em junho de 2017, sob alega\u00e7\u00f5es de","inLanguage":"pt-BR","isPartOf":{"@id":"https:\/\/radiosul.net\/wp\/#website"},"breadcrumb":{"@id":"https:\/\/radiosul.net\/wp\/2020\/eua-reabrem-mercado-de-carne-bovina-in-natura-para-o-brasil-diz-ministra\/#breadcrumblist"},"author":{"@id":"https:\/\/radiosul.net\/wp\/author\/alejo\/#author"},"creator":{"@id":"https:\/\/radiosul.net\/wp\/author\/alejo\/#author"},"image":{"@type":"ImageObject","url":"https:\/\/radiosul.net\/wp\/wp-content\/uploads\/2020\/02\/tereza-cristina.jpg","@id":"https:\/\/radiosul.net\/wp\/2020\/eua-reabrem-mercado-de-carne-bovina-in-natura-para-o-brasil-diz-ministra\/#mainImage","width":640,"height":340,"caption":"O v\u00eddeo foi publicado em sua conta no Twitter (Imagem: REUTERS\/Adriano Machado)"},"primaryImageOfPage":{"@id":"https:\/\/radiosul.net\/wp\/2020\/eua-reabrem-mercado-de-carne-bovina-in-natura-para-o-brasil-diz-ministra\/#mainImage"},"datePublished":"2020-02-23T18:03:12-03:00","dateModified":"2020-02-23T18:03:15-03:00"},{"@type":"WebSite","@id":"https:\/\/radiosul.net\/wp\/#website","url":"https:\/\/radiosul.net\/wp\/","name":"radiosul.net","description":"Regional por Excel\u00eancia","inLanguage":"pt-BR","publisher":{"@id":"https:\/\/radiosul.net\/wp\/#organization"}}]},"og:locale":"pt_BR","og:site_name":"radiosul.net - Regional por Excel\u00eancia","og:type":"article","og:title":"EUA reabrem mercado de carne bovina \u201cin natura\u201d para o Brasil, diz ministra - radiosul.net","og:description":"\u201cHoje recebemos com muita satisfa\u00e7\u00e3o uma not\u00edcia esperada por n\u00f3s j\u00e1 h\u00e1 algum tempo, a reabertura do mercado de carne bovina \u2018in natura\u2019 do Brasil para os Estados Unidos\u201d, afirmou a ministra, sem fornecer detalhes. Os EUA haviam paralisado as importa\u00e7\u00f5es de carne bovina \u201cin natura\u201d do Brasil em junho de 2017, sob alega\u00e7\u00f5es de","og:url":"https:\/\/radiosul.net\/wp\/2020\/eua-reabrem-mercado-de-carne-bovina-in-natura-para-o-brasil-diz-ministra\/","article:published_time":"2020-02-23T21:03:12+00:00","article:modified_time":"2020-02-23T21:03:15+00:00","twitter:card":"summary_large_image","twitter:title":"EUA reabrem mercado de carne bovina \u201cin natura\u201d para o Brasil, diz ministra - radiosul.net","twitter:description":"\u201cHoje recebemos com muita satisfa\u00e7\u00e3o uma not\u00edcia esperada por n\u00f3s j\u00e1 h\u00e1 algum tempo, a reabertura do mercado de carne bovina \u2018in natura\u2019 do Brasil para os Estados Unidos\u201d, afirmou a ministra, sem fornecer detalhes. Os EUA haviam paralisado as importa\u00e7\u00f5es de carne bovina \u201cin natura\u201d do Brasil em junho de 2017, sob alega\u00e7\u00f5es de"},"aioseo_meta_data":{"post_id":"11273","title":null,"description":null,"keywords":null,"keyphrases":null,"primary_term":null,"canonical_url":null,"og_title":null,"og_description":null,"og_object_type":"default","og_image_type":"default","og_image_url":null,"og_image_width":null,"og_image_height":null,"og_image_custom_url":null,"og_image_custom_fields":null,"og_video":null,"og_custom_url":null,"og_article_section":null,"og_article_tags":null,"twitter_use_og":false,"twitter_card":"default","twitter_image_type":"default","twitter_image_url":null,"twitter_image_custom_url":null,"twitter_image_custom_fields":null,"twitter_title":null,"twitter_description":null,"schema":{"blockGraphs":[],"customGraphs":[],"default":{"data":{"Article":[],"Course":[],"Dataset":[],"FAQPage":[],"Movie":[],"Person":[],"Product":[],"ProductReview":[],"Car":[],"Recipe":[],"Service":[],"SoftwareApplication":[],"WebPage":[]},"graphName":"","isEnabled":true},"graphs":[]},"schema_type":"default","schema_type_options":null,"pillar_content":false,"robots_default":true,"robots_noindex":false,"robots_noarchive":false,"robots_nosnippet":false,"robots_nofollow":false,"robots_noimageindex":false,"robots_noodp":false,"robots_notranslate":false,"robots_max_snippet":null,"robots_max_videopreview":null,"robots_max_imagepreview":"large","priority":null,"frequency":null,"local_seo":null,"breadcrumb_settings":null,"limit_modified_date":false,"ai":null,"created":"2026-01-08 17:53:14","updated":"2026-01-08 17:53:14","seo_analyzer_scan_date":null,"focus_keyword":null,"additional_keywords":null,"truseo_locale":null},"aioseo_breadcrumb":"<div class=\"aioseo-breadcrumbs\"><span class=\"aioseo-breadcrumb\">\n\t\t\t<a href=\"https:\/\/radiosul.net\/wp\" title=\"Home\">Home<\/a>\n\t\t<\/span><span class=\"aioseo-breadcrumb-separator\">&raquo;<\/span><span class=\"aioseo-breadcrumb\">\n\t\t\t<a href=\"https:\/\/radiosul.net\/wp\/category\/agro\/\" title=\"Agroneg\u00f3cio\">Agroneg\u00f3cio<\/a>\n\t\t<\/span><span class=\"aioseo-breadcrumb-separator\">&raquo;<\/span><span class=\"aioseo-breadcrumb\">\n\t\t\tEUA reabrem mercado de carne bovina \u201cin natura\u201d para o Brasil, diz ministra\n\t\t<\/span><\/div>","aioseo_breadcrumb_json":[{"label":"Home","link":"https:\/\/radiosul.net\/wp"},{"label":"Agroneg\u00f3cio","link":"https:\/\/radiosul.net\/wp\/category\/agro\/"},{"label":"EUA reabrem mercado de carne bovina \u201cin natura\u201d para o Brasil, diz ministra","link":"https:\/\/radiosul.net\/wp\/2020\/eua-reabrem-mercado-de-carne-bovina-in-natura-para-o-brasil-diz-ministra\/"}],"_links":{"self":[{"href":"https:\/\/radiosul.net\/wp\/wp-json\/wp\/v2\/posts\/11273","targetHints":{"allow":["GET"]}}],"collection":[{"href":"https:\/\/radiosul.net\/wp\/wp-json\/wp\/v2\/posts"}],"about":[{"href":"https:\/\/radiosul.net\/wp\/wp-json\/wp\/v2\/types\/post"}],"author":[{"embeddable":true,"href":"https:\/\/radiosul.net\/wp\/wp-json\/wp\/v2\/users\/9"}],"replies":[{"embeddable":true,"href":"https:\/\/radiosul.net\/wp\/wp-json\/wp\/v2\/comments?post=11273"}],"version-history":[{"count":1,"href":"https:\/\/radiosul.net\/wp\/wp-json\/wp\/v2\/posts\/11273\/revisions"}],"predecessor-version":[{"id":11275,"href":"https:\/\/radiosul.net\/wp\/wp-json\/wp\/v2\/posts\/11273\/revisions\/11275"}],"wp:featuredmedia":[{"embeddable":true,"href":"https:\/\/radiosul.net\/wp\/wp-json\/wp\/v2\/media\/11274"}],"wp:attachment":[{"href":"https:\/\/radiosul.net\/wp\/wp-json\/wp\/v2\/media?parent=11273"}],"wp:term":[{"taxonomy":"category","embeddable":true,"href":"https:\/\/radiosul.net\/wp\/wp-json\/wp\/v2\/categories?post=11273"},{"taxonomy":"post_tag","embeddable":true,"href":"https:\/\/radiosul.net\/wp\/wp-json\/wp\/v2\/tags?post=11273"}],"curies":[{"name":"wp","href":"https:\/\/api.w.org\/{rel}","templated":true}]}}