{"id":11063,"date":"2020-02-13T00:25:48","date_gmt":"2020-02-13T03:25:48","guid":{"rendered":"https:\/\/radiosul.net\/wp\/?p=11063"},"modified":"2020-02-13T00:25:50","modified_gmt":"2020-02-13T03:25:50","slug":"final-de-semana-de-degustacao-e-muita-carne-angus-no-litoral","status":"publish","type":"post","link":"https:\/\/radiosul.net\/wp\/2020\/final-de-semana-de-degustacao-e-muita-carne-angus-no-litoral\/","title":{"rendered":"Final de semana de degusta\u00e7\u00e3o e muita carne Angus no Litoral"},"content":{"rendered":"\n<p class=\"wp-block-paragraph\">Quem passou o final de semana no Litoral Norte teve oportunidade de \nparticipar de degusta\u00e7\u00f5es de diferentes cortes de carne Angus \nCertificada. Na sexta-feira, a agenda da Associa\u00e7\u00e3o Brasileira de Angus \ncome\u00e7ou em Xangri-l\u00e1 no Marques Angus Steakhouse. Os visitantes da casa \nforam contemplados com rodadas fartas de cortes de vazio, entrecot e \nbife de chori\u00e7o por conta da casa. Para comandar a parrilla ningu\u00e9m \nmenos do que Cl\u00e1udio Santos, propriet\u00e1rio da Casa do Marqu\u00eas. Segundo a \ngerente do Programa Carne Angus, Ana Doralina Menezes, a proposta busca \napresentar a diversidades dos cortes Angus Certificados aos \nconsumidores, sempre refor\u00e7ando as diferen\u00e7as e aptid\u00f5es de cada pe\u00e7a. \nPara este final de semana, a Marques Angus Steakhouse promete repetir a \nrodada e reunir clientes e amigos em um espa\u00e7o Angus, montado \nespecialmente para o evento em \u00e1rea externa do restaurante. Se o tempo \npermitir, a ideia \u00e9 realizar nova degusta\u00e7\u00e3o na sexta-feira (14\/2). \u201c\u00c9 \numa a\u00e7\u00e3o que busca divulgar a qualidade da Carne Angus e permitir ao \ncliente uma experi\u00eancia diferente\u201d.<\/p>\n\n\n\n<p class=\"wp-block-paragraph\">Outra op\u00e7\u00e3o de show de sabor foi a degusta\u00e7\u00e3o de Carne Angus \nCertificada realizada s\u00e1bado (8\/2) na segunda edi\u00e7\u00e3o do Pelea Ruta, \nconcurso de churrasco promovido pelo restaurante Ruta Asado Y Bar em \nparceria com o espa\u00e7o Ramblas by Roubadinhas, de Laura Bier. As dez \nequipes que concorreram puderam escolher entre preparar um entrecot ou \num assado de tiras de Carne Angus Certificada. Os jurados tiveram a dura\n miss\u00e3o de saborear os cortes e avaliar o ponto, o sabor e a \napresenta\u00e7\u00e3o da carne.<\/p>\n\n\n\n<p class=\"wp-block-paragraph\">Para Igor Ribeiro, s\u00f3cio do restaurante Ruta, a Carne Angus  Certificada foi o ponto alto do evento. \u201cTodo mundo adorou\u201d pontuou  Ribeiro. A competi\u00e7\u00e3o teve a casa cheia e chopp liberado. A vit\u00f3ria  ficou com os meninos Rodrigo Cambar\u00e1, Leonardo Spadini e Lu\u00eds F\u00e1bio Rosa  da equipe Cambar\u00e1, que levaram para casa uma churrasqueira inox e um  kit de utens\u00edlios para churrasco da Tramontina, patrocinadora do evento.<\/p>\n\n\n\n<p class=\"wp-block-paragraph\"><strong><em>Fonte: Associa\u00e7\u00e3o Brasileira de Angus<\/em><\/strong><\/p>\n","protected":false},"excerpt":{"rendered":"<p>Quem passou o final de semana no Litoral Norte teve oportunidade de participar de degusta\u00e7\u00f5es de diferentes cortes de carne Angus Certificada. Na sexta-feira, a agenda da Associa\u00e7\u00e3o Brasileira de Angus come\u00e7ou em Xangri-l\u00e1 no Marques Angus Steakhouse. Os visitantes da casa foram contemplados com rodadas fartas de cortes de vazio, entrecot e bife de &hellip;<\/p>\n","protected":false},"author":9,"featured_media":11065,"comment_status":"closed","ping_status":"closed","sticky":false,"template":"","format":"standard","meta":{"_monsterinsights_skip_tracking":false,"_uf_show_specific_survey":0,"_uf_disable_surveys":false,"footnotes":""},"categories":[1,126],"tags":[],"class_list":["post-11063","post","type-post","status-publish","format-standard","has-post-thumbnail","hentry","category-agro","category-destacados"],"aioseo_notices":[],"aioseo_head":"\n\t\t<!-- All in One SEO 5.0.1.1 - aioseo.com -->\n\t<meta name=\"description\" content=\"Quem passou o final de semana no Litoral Norte teve oportunidade de participar de degusta\u00e7\u00f5es de diferentes cortes de carne Angus Certificada. Na sexta-feira, a agenda da Associa\u00e7\u00e3o Brasileira de Angus come\u00e7ou em Xangri-l\u00e1 no Marques Angus Steakhouse. Os visitantes da casa foram contemplados com rodadas fartas de cortes de vazio, entrecot e bife de\" \/>\n\t<meta name=\"robots\" content=\"max-image-preview:large\" \/>\n\t<meta name=\"author\" content=\"Alejo Bordon\"\/>\n\t<link rel=\"canonical\" href=\"https:\/\/radiosul.net\/wp\/2020\/final-de-semana-de-degustacao-e-muita-carne-angus-no-litoral\/\" \/>\n\t<meta name=\"generator\" content=\"All in One SEO (AIOSEO) 5.0.1.1\" \/>\n\t\t<meta property=\"og:locale\" content=\"pt_BR\" \/>\n\t\t<meta property=\"og:site_name\" content=\"radiosul.net - Regional por Excel\u00eancia\" \/>\n\t\t<meta property=\"og:type\" content=\"article\" \/>\n\t\t<meta property=\"og:title\" content=\"Final de semana de degusta\u00e7\u00e3o e muita carne Angus no Litoral - radiosul.net\" \/>\n\t\t<meta property=\"og:description\" content=\"Quem passou o final de semana no Litoral Norte teve oportunidade de participar de degusta\u00e7\u00f5es de diferentes cortes de carne Angus Certificada. Na sexta-feira, a agenda da Associa\u00e7\u00e3o Brasileira de Angus come\u00e7ou em Xangri-l\u00e1 no Marques Angus Steakhouse. Os visitantes da casa foram contemplados com rodadas fartas de cortes de vazio, entrecot e bife de\" \/>\n\t\t<meta property=\"og:url\" content=\"https:\/\/radiosul.net\/wp\/2020\/final-de-semana-de-degustacao-e-muita-carne-angus-no-litoral\/\" \/>\n\t\t<meta property=\"article:published_time\" content=\"2020-02-13T03:25:48+00:00\" \/>\n\t\t<meta property=\"article:modified_time\" content=\"2020-02-13T03:25:50+00:00\" \/>\n\t\t<meta name=\"twitter:card\" content=\"summary_large_image\" \/>\n\t\t<meta name=\"twitter:title\" content=\"Final de semana de degusta\u00e7\u00e3o e muita carne Angus no Litoral - radiosul.net\" \/>\n\t\t<meta name=\"twitter:description\" content=\"Quem passou o final de semana no Litoral Norte teve oportunidade de participar de degusta\u00e7\u00f5es de diferentes cortes de carne Angus Certificada. Na sexta-feira, a agenda da Associa\u00e7\u00e3o Brasileira de Angus come\u00e7ou em Xangri-l\u00e1 no Marques Angus Steakhouse. Os visitantes da casa foram contemplados com rodadas fartas de cortes de vazio, entrecot e bife de\" \/>\n\t\t<script type=\"application\/ld+json\" class=\"aioseo-schema\">\n\t\t\t{\"@context\":\"https:\\\/\\\/schema.org\",\"@graph\":[{\"@type\":\"BlogPosting\",\"@id\":\"https:\\\/\\\/radiosul.net\\\/wp\\\/2020\\\/final-de-semana-de-degustacao-e-muita-carne-angus-no-litoral\\\/#blogposting\",\"name\":\"Final de semana de degusta\\u00e7\\u00e3o e muita carne Angus no Litoral - radiosul.net\",\"headline\":\"Final de semana de degusta\\u00e7\\u00e3o e muita carne Angus no Litoral\",\"author\":{\"@id\":\"https:\\\/\\\/radiosul.net\\\/wp\\\/author\\\/alejo\\\/#author\"},\"publisher\":{\"@id\":\"https:\\\/\\\/radiosul.net\\\/wp\\\/#organization\"},\"image\":{\"@type\":\"ImageObject\",\"url\":\"https:\\\/\\\/radiosul.net\\\/wp\\\/wp-content\\\/uploads\\\/2020\\\/02\\\/creditothiagonunes2.png\",\"width\":648,\"height\":508,\"caption\":\"No Marqu\\u00eas quem ficou no comando da parilla foi Cl\\u00e1udio Nunes\\nFoto: Thiago Nunes\"},\"datePublished\":\"2020-02-13T00:25:48-03:00\",\"dateModified\":\"2020-02-13T00:25:50-03:00\",\"inLanguage\":\"pt-BR\",\"mainEntityOfPage\":{\"@id\":\"https:\\\/\\\/radiosul.net\\\/wp\\\/2020\\\/final-de-semana-de-degustacao-e-muita-carne-angus-no-litoral\\\/#webpage\"},\"isPartOf\":{\"@id\":\"https:\\\/\\\/radiosul.net\\\/wp\\\/2020\\\/final-de-semana-de-degustacao-e-muita-carne-angus-no-litoral\\\/#webpage\"},\"articleSection\":\"Agroneg\\u00f3cio, Destaque\"},{\"@type\":\"BreadcrumbList\",\"@id\":\"https:\\\/\\\/radiosul.net\\\/wp\\\/2020\\\/final-de-semana-de-degustacao-e-muita-carne-angus-no-litoral\\\/#breadcrumblist\",\"itemListElement\":[{\"@type\":\"ListItem\",\"@id\":\"https:\\\/\\\/radiosul.net\\\/wp#listItem\",\"position\":1,\"name\":\"Home\",\"item\":\"https:\\\/\\\/radiosul.net\\\/wp\",\"nextItem\":{\"@type\":\"ListItem\",\"@id\":\"https:\\\/\\\/radiosul.net\\\/wp\\\/category\\\/agro\\\/#listItem\",\"name\":\"Agroneg\\u00f3cio\"}},{\"@type\":\"ListItem\",\"@id\":\"https:\\\/\\\/radiosul.net\\\/wp\\\/category\\\/agro\\\/#listItem\",\"position\":2,\"name\":\"Agroneg\\u00f3cio\",\"item\":\"https:\\\/\\\/radiosul.net\\\/wp\\\/category\\\/agro\\\/\",\"nextItem\":{\"@type\":\"ListItem\",\"@id\":\"https:\\\/\\\/radiosul.net\\\/wp\\\/2020\\\/final-de-semana-de-degustacao-e-muita-carne-angus-no-litoral\\\/#listItem\",\"name\":\"Final de semana de degusta\\u00e7\\u00e3o e muita carne Angus no Litoral\"},\"previousItem\":{\"@type\":\"ListItem\",\"@id\":\"https:\\\/\\\/radiosul.net\\\/wp#listItem\",\"name\":\"Home\"}},{\"@type\":\"ListItem\",\"@id\":\"https:\\\/\\\/radiosul.net\\\/wp\\\/2020\\\/final-de-semana-de-degustacao-e-muita-carne-angus-no-litoral\\\/#listItem\",\"position\":3,\"name\":\"Final de semana de degusta\\u00e7\\u00e3o e muita carne Angus no Litoral\",\"previousItem\":{\"@type\":\"ListItem\",\"@id\":\"https:\\\/\\\/radiosul.net\\\/wp\\\/category\\\/agro\\\/#listItem\",\"name\":\"Agroneg\\u00f3cio\"}}]},{\"@type\":\"Organization\",\"@id\":\"https:\\\/\\\/radiosul.net\\\/wp\\\/#organization\",\"name\":\"radiosul.net\",\"description\":\"Regional por Excel\\u00eancia\",\"url\":\"https:\\\/\\\/radiosul.net\\\/wp\\\/\"},{\"@type\":\"Person\",\"@id\":\"https:\\\/\\\/radiosul.net\\\/wp\\\/author\\\/alejo\\\/#author\",\"url\":\"https:\\\/\\\/radiosul.net\\\/wp\\\/author\\\/alejo\\\/\",\"name\":\"Alejo Bordon\",\"image\":{\"@type\":\"ImageObject\",\"@id\":\"https:\\\/\\\/radiosul.net\\\/wp\\\/2020\\\/final-de-semana-de-degustacao-e-muita-carne-angus-no-litoral\\\/#authorImage\",\"url\":\"https:\\\/\\\/secure.gravatar.com\\\/avatar\\\/b3a7e7f1c71212e6a5b7183b79a2ab58dad8bdc4cd4eadd61c4434d010d0bae4?s=96&d=mm&r=g\",\"width\":96,\"height\":96,\"caption\":\"Alejo Bordon\"}},{\"@type\":\"WebPage\",\"@id\":\"https:\\\/\\\/radiosul.net\\\/wp\\\/2020\\\/final-de-semana-de-degustacao-e-muita-carne-angus-no-litoral\\\/#webpage\",\"url\":\"https:\\\/\\\/radiosul.net\\\/wp\\\/2020\\\/final-de-semana-de-degustacao-e-muita-carne-angus-no-litoral\\\/\",\"name\":\"Final de semana de degusta\\u00e7\\u00e3o e muita carne Angus no Litoral - radiosul.net\",\"description\":\"Quem passou o final de semana no Litoral Norte teve oportunidade de participar de degusta\\u00e7\\u00f5es de diferentes cortes de carne Angus Certificada. Na sexta-feira, a agenda da Associa\\u00e7\\u00e3o Brasileira de Angus come\\u00e7ou em Xangri-l\\u00e1 no Marques Angus Steakhouse. Os visitantes da casa foram contemplados com rodadas fartas de cortes de vazio, entrecot e bife de\",\"inLanguage\":\"pt-BR\",\"isPartOf\":{\"@id\":\"https:\\\/\\\/radiosul.net\\\/wp\\\/#website\"},\"breadcrumb\":{\"@id\":\"https:\\\/\\\/radiosul.net\\\/wp\\\/2020\\\/final-de-semana-de-degustacao-e-muita-carne-angus-no-litoral\\\/#breadcrumblist\"},\"author\":{\"@id\":\"https:\\\/\\\/radiosul.net\\\/wp\\\/author\\\/alejo\\\/#author\"},\"creator\":{\"@id\":\"https:\\\/\\\/radiosul.net\\\/wp\\\/author\\\/alejo\\\/#author\"},\"image\":{\"@type\":\"ImageObject\",\"url\":\"https:\\\/\\\/radiosul.net\\\/wp\\\/wp-content\\\/uploads\\\/2020\\\/02\\\/creditothiagonunes2.png\",\"@id\":\"https:\\\/\\\/radiosul.net\\\/wp\\\/2020\\\/final-de-semana-de-degustacao-e-muita-carne-angus-no-litoral\\\/#mainImage\",\"width\":648,\"height\":508,\"caption\":\"No Marqu\\u00eas quem ficou no comando da parilla foi Cl\\u00e1udio Nunes\\nFoto: Thiago Nunes\"},\"primaryImageOfPage\":{\"@id\":\"https:\\\/\\\/radiosul.net\\\/wp\\\/2020\\\/final-de-semana-de-degustacao-e-muita-carne-angus-no-litoral\\\/#mainImage\"},\"datePublished\":\"2020-02-13T00:25:48-03:00\",\"dateModified\":\"2020-02-13T00:25:50-03:00\"},{\"@type\":\"WebSite\",\"@id\":\"https:\\\/\\\/radiosul.net\\\/wp\\\/#website\",\"url\":\"https:\\\/\\\/radiosul.net\\\/wp\\\/\",\"name\":\"radiosul.net\",\"description\":\"Regional por Excel\\u00eancia\",\"inLanguage\":\"pt-BR\",\"publisher\":{\"@id\":\"https:\\\/\\\/radiosul.net\\\/wp\\\/#organization\"}}]}\n\t\t<\/script>\n\t\t<!-- All in One SEO -->\n\n","aioseo_head_json":{"title":"Final de semana de degusta\u00e7\u00e3o e muita carne Angus no Litoral - radiosul.net","description":"Quem passou o final de semana no Litoral Norte teve oportunidade de participar de degusta\u00e7\u00f5es de diferentes cortes de carne Angus Certificada. Na sexta-feira, a agenda da Associa\u00e7\u00e3o Brasileira de Angus come\u00e7ou em Xangri-l\u00e1 no Marques Angus Steakhouse. Os visitantes da casa foram contemplados com rodadas fartas de cortes de vazio, entrecot e bife de","canonical_url":"https:\/\/radiosul.net\/wp\/2020\/final-de-semana-de-degustacao-e-muita-carne-angus-no-litoral\/","robots":"max-image-preview:large","keywords":"","webmasterTools":{"miscellaneous":""},"schema":{"@context":"https:\/\/schema.org","@graph":[{"@type":"BlogPosting","@id":"https:\/\/radiosul.net\/wp\/2020\/final-de-semana-de-degustacao-e-muita-carne-angus-no-litoral\/#blogposting","name":"Final de semana de degusta\u00e7\u00e3o e muita carne Angus no Litoral - radiosul.net","headline":"Final de semana de degusta\u00e7\u00e3o e muita carne Angus no Litoral","author":{"@id":"https:\/\/radiosul.net\/wp\/author\/alejo\/#author"},"publisher":{"@id":"https:\/\/radiosul.net\/wp\/#organization"},"image":{"@type":"ImageObject","url":"https:\/\/radiosul.net\/wp\/wp-content\/uploads\/2020\/02\/creditothiagonunes2.png","width":648,"height":508,"caption":"No Marqu\u00eas quem ficou no comando da parilla foi Cl\u00e1udio Nunes\nFoto: Thiago Nunes"},"datePublished":"2020-02-13T00:25:48-03:00","dateModified":"2020-02-13T00:25:50-03:00","inLanguage":"pt-BR","mainEntityOfPage":{"@id":"https:\/\/radiosul.net\/wp\/2020\/final-de-semana-de-degustacao-e-muita-carne-angus-no-litoral\/#webpage"},"isPartOf":{"@id":"https:\/\/radiosul.net\/wp\/2020\/final-de-semana-de-degustacao-e-muita-carne-angus-no-litoral\/#webpage"},"articleSection":"Agroneg\u00f3cio, Destaque"},{"@type":"BreadcrumbList","@id":"https:\/\/radiosul.net\/wp\/2020\/final-de-semana-de-degustacao-e-muita-carne-angus-no-litoral\/#breadcrumblist","itemListElement":[{"@type":"ListItem","@id":"https:\/\/radiosul.net\/wp#listItem","position":1,"name":"Home","item":"https:\/\/radiosul.net\/wp","nextItem":{"@type":"ListItem","@id":"https:\/\/radiosul.net\/wp\/category\/agro\/#listItem","name":"Agroneg\u00f3cio"}},{"@type":"ListItem","@id":"https:\/\/radiosul.net\/wp\/category\/agro\/#listItem","position":2,"name":"Agroneg\u00f3cio","item":"https:\/\/radiosul.net\/wp\/category\/agro\/","nextItem":{"@type":"ListItem","@id":"https:\/\/radiosul.net\/wp\/2020\/final-de-semana-de-degustacao-e-muita-carne-angus-no-litoral\/#listItem","name":"Final de semana de degusta\u00e7\u00e3o e muita carne Angus no Litoral"},"previousItem":{"@type":"ListItem","@id":"https:\/\/radiosul.net\/wp#listItem","name":"Home"}},{"@type":"ListItem","@id":"https:\/\/radiosul.net\/wp\/2020\/final-de-semana-de-degustacao-e-muita-carne-angus-no-litoral\/#listItem","position":3,"name":"Final de semana de degusta\u00e7\u00e3o e muita carne Angus no Litoral","previousItem":{"@type":"ListItem","@id":"https:\/\/radiosul.net\/wp\/category\/agro\/#listItem","name":"Agroneg\u00f3cio"}}]},{"@type":"Organization","@id":"https:\/\/radiosul.net\/wp\/#organization","name":"radiosul.net","description":"Regional por Excel\u00eancia","url":"https:\/\/radiosul.net\/wp\/"},{"@type":"Person","@id":"https:\/\/radiosul.net\/wp\/author\/alejo\/#author","url":"https:\/\/radiosul.net\/wp\/author\/alejo\/","name":"Alejo Bordon","image":{"@type":"ImageObject","@id":"https:\/\/radiosul.net\/wp\/2020\/final-de-semana-de-degustacao-e-muita-carne-angus-no-litoral\/#authorImage","url":"https:\/\/secure.gravatar.com\/avatar\/b3a7e7f1c71212e6a5b7183b79a2ab58dad8bdc4cd4eadd61c4434d010d0bae4?s=96&d=mm&r=g","width":96,"height":96,"caption":"Alejo Bordon"}},{"@type":"WebPage","@id":"https:\/\/radiosul.net\/wp\/2020\/final-de-semana-de-degustacao-e-muita-carne-angus-no-litoral\/#webpage","url":"https:\/\/radiosul.net\/wp\/2020\/final-de-semana-de-degustacao-e-muita-carne-angus-no-litoral\/","name":"Final de semana de degusta\u00e7\u00e3o e muita carne Angus no Litoral - radiosul.net","description":"Quem passou o final de semana no Litoral Norte teve oportunidade de participar de degusta\u00e7\u00f5es de diferentes cortes de carne Angus Certificada. Na sexta-feira, a agenda da Associa\u00e7\u00e3o Brasileira de Angus come\u00e7ou em Xangri-l\u00e1 no Marques Angus Steakhouse. Os visitantes da casa foram contemplados com rodadas fartas de cortes de vazio, entrecot e bife de","inLanguage":"pt-BR","isPartOf":{"@id":"https:\/\/radiosul.net\/wp\/#website"},"breadcrumb":{"@id":"https:\/\/radiosul.net\/wp\/2020\/final-de-semana-de-degustacao-e-muita-carne-angus-no-litoral\/#breadcrumblist"},"author":{"@id":"https:\/\/radiosul.net\/wp\/author\/alejo\/#author"},"creator":{"@id":"https:\/\/radiosul.net\/wp\/author\/alejo\/#author"},"image":{"@type":"ImageObject","url":"https:\/\/radiosul.net\/wp\/wp-content\/uploads\/2020\/02\/creditothiagonunes2.png","@id":"https:\/\/radiosul.net\/wp\/2020\/final-de-semana-de-degustacao-e-muita-carne-angus-no-litoral\/#mainImage","width":648,"height":508,"caption":"No Marqu\u00eas quem ficou no comando da parilla foi Cl\u00e1udio Nunes\nFoto: Thiago Nunes"},"primaryImageOfPage":{"@id":"https:\/\/radiosul.net\/wp\/2020\/final-de-semana-de-degustacao-e-muita-carne-angus-no-litoral\/#mainImage"},"datePublished":"2020-02-13T00:25:48-03:00","dateModified":"2020-02-13T00:25:50-03:00"},{"@type":"WebSite","@id":"https:\/\/radiosul.net\/wp\/#website","url":"https:\/\/radiosul.net\/wp\/","name":"radiosul.net","description":"Regional por Excel\u00eancia","inLanguage":"pt-BR","publisher":{"@id":"https:\/\/radiosul.net\/wp\/#organization"}}]},"og:locale":"pt_BR","og:site_name":"radiosul.net - Regional por Excel\u00eancia","og:type":"article","og:title":"Final de semana de degusta\u00e7\u00e3o e muita carne Angus no Litoral - radiosul.net","og:description":"Quem passou o final de semana no Litoral Norte teve oportunidade de participar de degusta\u00e7\u00f5es de diferentes cortes de carne Angus Certificada. Na sexta-feira, a agenda da Associa\u00e7\u00e3o Brasileira de Angus come\u00e7ou em Xangri-l\u00e1 no Marques Angus Steakhouse. Os visitantes da casa foram contemplados com rodadas fartas de cortes de vazio, entrecot e bife de","og:url":"https:\/\/radiosul.net\/wp\/2020\/final-de-semana-de-degustacao-e-muita-carne-angus-no-litoral\/","article:published_time":"2020-02-13T03:25:48+00:00","article:modified_time":"2020-02-13T03:25:50+00:00","twitter:card":"summary_large_image","twitter:title":"Final de semana de degusta\u00e7\u00e3o e muita carne Angus no Litoral - radiosul.net","twitter:description":"Quem passou o final de semana no Litoral Norte teve oportunidade de participar de degusta\u00e7\u00f5es de diferentes cortes de carne Angus Certificada. Na sexta-feira, a agenda da Associa\u00e7\u00e3o Brasileira de Angus come\u00e7ou em Xangri-l\u00e1 no Marques Angus Steakhouse. Os visitantes da casa foram contemplados com rodadas fartas de cortes de vazio, entrecot e bife de"},"aioseo_meta_data":{"post_id":"11063","title":null,"description":null,"keywords":null,"keyphrases":null,"primary_term":null,"canonical_url":null,"og_title":null,"og_description":null,"og_object_type":"default","og_image_type":"default","og_image_url":null,"og_image_width":null,"og_image_height":null,"og_image_custom_url":null,"og_image_custom_fields":null,"og_video":null,"og_custom_url":null,"og_article_section":null,"og_article_tags":null,"twitter_use_og":false,"twitter_card":"default","twitter_image_type":"default","twitter_image_url":null,"twitter_image_custom_url":null,"twitter_image_custom_fields":null,"twitter_title":null,"twitter_description":null,"schema":{"blockGraphs":[],"customGraphs":[],"default":{"data":{"Article":[],"Course":[],"Dataset":[],"FAQPage":[],"Movie":[],"Person":[],"Product":[],"ProductReview":[],"Car":[],"Recipe":[],"Service":[],"SoftwareApplication":[],"WebPage":[]},"graphName":"","isEnabled":true},"graphs":[]},"schema_type":"default","schema_type_options":null,"pillar_content":false,"robots_default":true,"robots_noindex":false,"robots_noarchive":false,"robots_nosnippet":false,"robots_nofollow":false,"robots_noimageindex":false,"robots_noodp":false,"robots_notranslate":false,"robots_max_snippet":null,"robots_max_videopreview":null,"robots_max_imagepreview":"large","priority":null,"frequency":null,"local_seo":null,"breadcrumb_settings":null,"limit_modified_date":false,"ai":null,"created":"2026-01-08 19:15:35","updated":"2026-01-08 19:15:35","seo_analyzer_scan_date":null,"focus_keyword":null,"additional_keywords":null,"truseo_locale":null},"aioseo_breadcrumb":"<div class=\"aioseo-breadcrumbs\"><span class=\"aioseo-breadcrumb\">\n\t\t\t<a href=\"https:\/\/radiosul.net\/wp\" title=\"Home\">Home<\/a>\n\t\t<\/span><span class=\"aioseo-breadcrumb-separator\">&raquo;<\/span><span class=\"aioseo-breadcrumb\">\n\t\t\t<a href=\"https:\/\/radiosul.net\/wp\/category\/agro\/\" title=\"Agroneg\u00f3cio\">Agroneg\u00f3cio<\/a>\n\t\t<\/span><span class=\"aioseo-breadcrumb-separator\">&raquo;<\/span><span class=\"aioseo-breadcrumb\">\n\t\t\tFinal de semana de degusta\u00e7\u00e3o e muita carne Angus no Litoral\n\t\t<\/span><\/div>","aioseo_breadcrumb_json":[{"label":"Home","link":"https:\/\/radiosul.net\/wp"},{"label":"Agroneg\u00f3cio","link":"https:\/\/radiosul.net\/wp\/category\/agro\/"},{"label":"Final de semana de degusta\u00e7\u00e3o e muita carne Angus no Litoral","link":"https:\/\/radiosul.net\/wp\/2020\/final-de-semana-de-degustacao-e-muita-carne-angus-no-litoral\/"}],"_links":{"self":[{"href":"https:\/\/radiosul.net\/wp\/wp-json\/wp\/v2\/posts\/11063","targetHints":{"allow":["GET"]}}],"collection":[{"href":"https:\/\/radiosul.net\/wp\/wp-json\/wp\/v2\/posts"}],"about":[{"href":"https:\/\/radiosul.net\/wp\/wp-json\/wp\/v2\/types\/post"}],"author":[{"embeddable":true,"href":"https:\/\/radiosul.net\/wp\/wp-json\/wp\/v2\/users\/9"}],"replies":[{"embeddable":true,"href":"https:\/\/radiosul.net\/wp\/wp-json\/wp\/v2\/comments?post=11063"}],"version-history":[{"count":1,"href":"https:\/\/radiosul.net\/wp\/wp-json\/wp\/v2\/posts\/11063\/revisions"}],"predecessor-version":[{"id":11066,"href":"https:\/\/radiosul.net\/wp\/wp-json\/wp\/v2\/posts\/11063\/revisions\/11066"}],"wp:featuredmedia":[{"embeddable":true,"href":"https:\/\/radiosul.net\/wp\/wp-json\/wp\/v2\/media\/11065"}],"wp:attachment":[{"href":"https:\/\/radiosul.net\/wp\/wp-json\/wp\/v2\/media?parent=11063"}],"wp:term":[{"taxonomy":"category","embeddable":true,"href":"https:\/\/radiosul.net\/wp\/wp-json\/wp\/v2\/categories?post=11063"},{"taxonomy":"post_tag","embeddable":true,"href":"https:\/\/radiosul.net\/wp\/wp-json\/wp\/v2\/tags?post=11063"}],"curies":[{"name":"wp","href":"https:\/\/api.w.org\/{rel}","templated":true}]}}