{"id":10725,"date":"2020-01-30T07:51:24","date_gmt":"2020-01-30T10:51:24","guid":{"rendered":"https:\/\/radiosul.net\/wp\/?p=10725"},"modified":"2020-01-30T07:51:26","modified_gmt":"2020-01-30T10:51:26","slug":"irga-tera-apenas-expediente-interno-entre-3-e-7-de-fevereiro","status":"publish","type":"post","link":"https:\/\/radiosul.net\/wp\/2020\/irga-tera-apenas-expediente-interno-entre-3-e-7-de-fevereiro\/","title":{"rendered":"Irga ter\u00e1 apenas expediente interno entre 3 e 7 de fevereiro"},"content":{"rendered":"\n<p class=\"wp-block-paragraph\">O Instituto Rio Grandense do Arroz (Irga), vinculado \u00e0 \nSecretaria da Agricultura, Pecu\u00e1ria e Desenvolvimento Rural (Seapdr), \nn\u00e3o ter\u00e1 atendimento ao p\u00fablico em sua sede administrativa entre 3 e 7 \nde fevereiro, em raz\u00e3o da mudan\u00e7a de sede. Nesses dias ocorrer\u00e1 a \ntransfer\u00eancia de pessoal e equipamentos para o novo pr\u00e9dio, localizado \nno bairro Navegantes.<\/p>\n\n\n\n<p class=\"wp-block-paragraph\">O telefone geral da autarquia, <strong>(51) 3288-0400<\/strong>, \nestar\u00e1 dispon\u00edvel para casos de urg\u00eancia durante a semana de mudan\u00e7a. O \nIrga retomar\u00e1 o atendimento normal no dia 10 de fevereiro, j\u00e1 na nova \nsede, no seguinte hor\u00e1rio: das 8h30 \u00e0s 12h e das 13h \u00e0s 17h30.<\/p>\n\n\n\n<p class=\"wp-block-paragraph\">A nova sede do Irga fica na Avenida Farrapos, 3.999, em Porto Alegre,\n no antigo pr\u00e9dio do Arquivo Judicial Centralizado do Tribunal de \nJusti\u00e7a, quase em frente \u00e0 Esta\u00e7\u00e3o Farrapos da Trensurb.&nbsp; O Irga e o \nTribunal de Justi\u00e7a firmaram contrato de permuta de im\u00f3veis em 2018. \nFuturamente, o Arquivo Judicial do TJ dever\u00e1 se transferir para a sede \ndo Irga, na Avenida Miss\u00f5es, 342, bairro S\u00e3o Geraldo.<\/p>\n\n\n\n<h3 class=\"wp-block-heading\">Servi\u00e7o:<\/h3>\n\n\n\n<p class=\"wp-block-paragraph\"><strong>Novo endere\u00e7o Irga<\/strong>: Avenida Farrapos, 3.999, bairro Navegantes, em Porto Alegre<\/p>\n\n\n\n<p class=\"wp-block-paragraph\"><strong>A partir de quando?<\/strong> 10 de fevereiro<\/p>\n\n\n\n<p class=\"wp-block-paragraph\"><strong>Hor\u00e1rio de Atendimento<\/strong>: 8h30 \u00e0s 12h e 13h \u00e0s 17h30<\/p>\n\n\n\n<p class=\"wp-block-paragraph\"><strong>Fone<\/strong>: (51) 3288-0400<\/p>\n\n\n\n<p class=\"wp-block-paragraph\"><strong><em>Fonte: Irga <\/em><\/strong><\/p>\n","protected":false},"excerpt":{"rendered":"<p>O Instituto Rio Grandense do Arroz (Irga), vinculado \u00e0 Secretaria da Agricultura, Pecu\u00e1ria e Desenvolvimento Rural (Seapdr), n\u00e3o ter\u00e1 atendimento ao p\u00fablico em sua sede administrativa entre 3 e 7 de fevereiro, em raz\u00e3o da mudan\u00e7a de sede. Nesses dias ocorrer\u00e1 a transfer\u00eancia de pessoal e equipamentos para o novo pr\u00e9dio, localizado no bairro Navegantes. &hellip;<\/p>\n","protected":false},"author":9,"featured_media":10726,"comment_status":"closed","ping_status":"closed","sticky":false,"template":"","format":"standard","meta":{"_monsterinsights_skip_tracking":false,"_uf_show_specific_survey":0,"_uf_disable_surveys":false,"footnotes":""},"categories":[1,126],"tags":[],"class_list":["post-10725","post","type-post","status-publish","format-standard","has-post-thumbnail","hentry","category-agro","category-destacados"],"aioseo_notices":[],"aioseo_head":"\n\t\t<!-- All in One SEO 5.0.1.1 - aioseo.com -->\n\t<meta name=\"description\" content=\"O Instituto Rio Grandense do Arroz (Irga), vinculado \u00e0 Secretaria da Agricultura, Pecu\u00e1ria e Desenvolvimento Rural (Seapdr), n\u00e3o ter\u00e1 atendimento ao p\u00fablico em sua sede administrativa entre 3 e 7 de fevereiro, em raz\u00e3o da mudan\u00e7a de sede. Nesses dias ocorrer\u00e1 a transfer\u00eancia de pessoal e equipamentos para o novo pr\u00e9dio, localizado no bairro Navegantes.\" \/>\n\t<meta name=\"robots\" content=\"max-image-preview:large\" \/>\n\t<meta name=\"author\" content=\"Alejo Bordon\"\/>\n\t<link rel=\"canonical\" href=\"https:\/\/radiosul.net\/wp\/2020\/irga-tera-apenas-expediente-interno-entre-3-e-7-de-fevereiro\/\" \/>\n\t<meta name=\"generator\" content=\"All in One SEO (AIOSEO) 5.0.1.1\" \/>\n\t\t<meta property=\"og:locale\" content=\"pt_BR\" \/>\n\t\t<meta property=\"og:site_name\" content=\"radiosul.net - Regional por Excel\u00eancia\" \/>\n\t\t<meta property=\"og:type\" content=\"article\" \/>\n\t\t<meta property=\"og:title\" content=\"Irga ter\u00e1 apenas expediente interno entre 3 e 7 de fevereiro - radiosul.net\" \/>\n\t\t<meta property=\"og:description\" content=\"O Instituto Rio Grandense do Arroz (Irga), vinculado \u00e0 Secretaria da Agricultura, Pecu\u00e1ria e Desenvolvimento Rural (Seapdr), n\u00e3o ter\u00e1 atendimento ao p\u00fablico em sua sede administrativa entre 3 e 7 de fevereiro, em raz\u00e3o da mudan\u00e7a de sede. Nesses dias ocorrer\u00e1 a transfer\u00eancia de pessoal e equipamentos para o novo pr\u00e9dio, localizado no bairro Navegantes.\" \/>\n\t\t<meta property=\"og:url\" content=\"https:\/\/radiosul.net\/wp\/2020\/irga-tera-apenas-expediente-interno-entre-3-e-7-de-fevereiro\/\" \/>\n\t\t<meta property=\"article:published_time\" content=\"2020-01-30T10:51:24+00:00\" \/>\n\t\t<meta property=\"article:modified_time\" content=\"2020-01-30T10:51:26+00:00\" \/>\n\t\t<meta name=\"twitter:card\" content=\"summary_large_image\" \/>\n\t\t<meta name=\"twitter:title\" content=\"Irga ter\u00e1 apenas expediente interno entre 3 e 7 de fevereiro - radiosul.net\" \/>\n\t\t<meta name=\"twitter:description\" content=\"O Instituto Rio Grandense do Arroz (Irga), vinculado \u00e0 Secretaria da Agricultura, Pecu\u00e1ria e Desenvolvimento Rural (Seapdr), n\u00e3o ter\u00e1 atendimento ao p\u00fablico em sua sede administrativa entre 3 e 7 de fevereiro, em raz\u00e3o da mudan\u00e7a de sede. Nesses dias ocorrer\u00e1 a transfer\u00eancia de pessoal e equipamentos para o novo pr\u00e9dio, localizado no bairro Navegantes.\" \/>\n\t\t<script type=\"application\/ld+json\" class=\"aioseo-schema\">\n\t\t\t{\"@context\":\"https:\\\/\\\/schema.org\",\"@graph\":[{\"@type\":\"BlogPosting\",\"@id\":\"https:\\\/\\\/radiosul.net\\\/wp\\\/2020\\\/irga-tera-apenas-expediente-interno-entre-3-e-7-de-fevereiro\\\/#blogposting\",\"name\":\"Irga ter\\u00e1 apenas expediente interno entre 3 e 7 de fevereiro - radiosul.net\",\"headline\":\"Irga ter\\u00e1 apenas expediente interno entre 3 e 7 de fevereiro\",\"author\":{\"@id\":\"https:\\\/\\\/radiosul.net\\\/wp\\\/author\\\/alejo\\\/#author\"},\"publisher\":{\"@id\":\"https:\\\/\\\/radiosul.net\\\/wp\\\/#organization\"},\"image\":{\"@type\":\"ImageObject\",\"url\":\"https:\\\/\\\/radiosul.net\\\/wp\\\/wp-content\\\/uploads\\\/2020\\\/01\\\/29143826_100587_GDO.jpg\",\"width\":800,\"height\":502,\"caption\":\"Novo pr\\u00e9dio da sede administrativa do Irga, no bairro Navegantes - Foto: S\\u00e9rgio Pereira\\\/Irga\"},\"datePublished\":\"2020-01-30T07:51:24-03:00\",\"dateModified\":\"2020-01-30T07:51:26-03:00\",\"inLanguage\":\"pt-BR\",\"mainEntityOfPage\":{\"@id\":\"https:\\\/\\\/radiosul.net\\\/wp\\\/2020\\\/irga-tera-apenas-expediente-interno-entre-3-e-7-de-fevereiro\\\/#webpage\"},\"isPartOf\":{\"@id\":\"https:\\\/\\\/radiosul.net\\\/wp\\\/2020\\\/irga-tera-apenas-expediente-interno-entre-3-e-7-de-fevereiro\\\/#webpage\"},\"articleSection\":\"Agroneg\\u00f3cio, Destaque\"},{\"@type\":\"BreadcrumbList\",\"@id\":\"https:\\\/\\\/radiosul.net\\\/wp\\\/2020\\\/irga-tera-apenas-expediente-interno-entre-3-e-7-de-fevereiro\\\/#breadcrumblist\",\"itemListElement\":[{\"@type\":\"ListItem\",\"@id\":\"https:\\\/\\\/radiosul.net\\\/wp#listItem\",\"position\":1,\"name\":\"Home\",\"item\":\"https:\\\/\\\/radiosul.net\\\/wp\",\"nextItem\":{\"@type\":\"ListItem\",\"@id\":\"https:\\\/\\\/radiosul.net\\\/wp\\\/category\\\/agro\\\/#listItem\",\"name\":\"Agroneg\\u00f3cio\"}},{\"@type\":\"ListItem\",\"@id\":\"https:\\\/\\\/radiosul.net\\\/wp\\\/category\\\/agro\\\/#listItem\",\"position\":2,\"name\":\"Agroneg\\u00f3cio\",\"item\":\"https:\\\/\\\/radiosul.net\\\/wp\\\/category\\\/agro\\\/\",\"nextItem\":{\"@type\":\"ListItem\",\"@id\":\"https:\\\/\\\/radiosul.net\\\/wp\\\/2020\\\/irga-tera-apenas-expediente-interno-entre-3-e-7-de-fevereiro\\\/#listItem\",\"name\":\"Irga ter\\u00e1 apenas expediente interno entre 3 e 7 de fevereiro\"},\"previousItem\":{\"@type\":\"ListItem\",\"@id\":\"https:\\\/\\\/radiosul.net\\\/wp#listItem\",\"name\":\"Home\"}},{\"@type\":\"ListItem\",\"@id\":\"https:\\\/\\\/radiosul.net\\\/wp\\\/2020\\\/irga-tera-apenas-expediente-interno-entre-3-e-7-de-fevereiro\\\/#listItem\",\"position\":3,\"name\":\"Irga ter\\u00e1 apenas expediente interno entre 3 e 7 de fevereiro\",\"previousItem\":{\"@type\":\"ListItem\",\"@id\":\"https:\\\/\\\/radiosul.net\\\/wp\\\/category\\\/agro\\\/#listItem\",\"name\":\"Agroneg\\u00f3cio\"}}]},{\"@type\":\"Organization\",\"@id\":\"https:\\\/\\\/radiosul.net\\\/wp\\\/#organization\",\"name\":\"radiosul.net\",\"description\":\"Regional por Excel\\u00eancia\",\"url\":\"https:\\\/\\\/radiosul.net\\\/wp\\\/\"},{\"@type\":\"Person\",\"@id\":\"https:\\\/\\\/radiosul.net\\\/wp\\\/author\\\/alejo\\\/#author\",\"url\":\"https:\\\/\\\/radiosul.net\\\/wp\\\/author\\\/alejo\\\/\",\"name\":\"Alejo Bordon\",\"image\":{\"@type\":\"ImageObject\",\"@id\":\"https:\\\/\\\/radiosul.net\\\/wp\\\/2020\\\/irga-tera-apenas-expediente-interno-entre-3-e-7-de-fevereiro\\\/#authorImage\",\"url\":\"https:\\\/\\\/secure.gravatar.com\\\/avatar\\\/b3a7e7f1c71212e6a5b7183b79a2ab58dad8bdc4cd4eadd61c4434d010d0bae4?s=96&d=mm&r=g\",\"width\":96,\"height\":96,\"caption\":\"Alejo Bordon\"}},{\"@type\":\"WebPage\",\"@id\":\"https:\\\/\\\/radiosul.net\\\/wp\\\/2020\\\/irga-tera-apenas-expediente-interno-entre-3-e-7-de-fevereiro\\\/#webpage\",\"url\":\"https:\\\/\\\/radiosul.net\\\/wp\\\/2020\\\/irga-tera-apenas-expediente-interno-entre-3-e-7-de-fevereiro\\\/\",\"name\":\"Irga ter\\u00e1 apenas expediente interno entre 3 e 7 de fevereiro - radiosul.net\",\"description\":\"O Instituto Rio Grandense do Arroz (Irga), vinculado \\u00e0 Secretaria da Agricultura, Pecu\\u00e1ria e Desenvolvimento Rural (Seapdr), n\\u00e3o ter\\u00e1 atendimento ao p\\u00fablico em sua sede administrativa entre 3 e 7 de fevereiro, em raz\\u00e3o da mudan\\u00e7a de sede. Nesses dias ocorrer\\u00e1 a transfer\\u00eancia de pessoal e equipamentos para o novo pr\\u00e9dio, localizado no bairro Navegantes.\",\"inLanguage\":\"pt-BR\",\"isPartOf\":{\"@id\":\"https:\\\/\\\/radiosul.net\\\/wp\\\/#website\"},\"breadcrumb\":{\"@id\":\"https:\\\/\\\/radiosul.net\\\/wp\\\/2020\\\/irga-tera-apenas-expediente-interno-entre-3-e-7-de-fevereiro\\\/#breadcrumblist\"},\"author\":{\"@id\":\"https:\\\/\\\/radiosul.net\\\/wp\\\/author\\\/alejo\\\/#author\"},\"creator\":{\"@id\":\"https:\\\/\\\/radiosul.net\\\/wp\\\/author\\\/alejo\\\/#author\"},\"image\":{\"@type\":\"ImageObject\",\"url\":\"https:\\\/\\\/radiosul.net\\\/wp\\\/wp-content\\\/uploads\\\/2020\\\/01\\\/29143826_100587_GDO.jpg\",\"@id\":\"https:\\\/\\\/radiosul.net\\\/wp\\\/2020\\\/irga-tera-apenas-expediente-interno-entre-3-e-7-de-fevereiro\\\/#mainImage\",\"width\":800,\"height\":502,\"caption\":\"Novo pr\\u00e9dio da sede administrativa do Irga, no bairro Navegantes - Foto: S\\u00e9rgio Pereira\\\/Irga\"},\"primaryImageOfPage\":{\"@id\":\"https:\\\/\\\/radiosul.net\\\/wp\\\/2020\\\/irga-tera-apenas-expediente-interno-entre-3-e-7-de-fevereiro\\\/#mainImage\"},\"datePublished\":\"2020-01-30T07:51:24-03:00\",\"dateModified\":\"2020-01-30T07:51:26-03:00\"},{\"@type\":\"WebSite\",\"@id\":\"https:\\\/\\\/radiosul.net\\\/wp\\\/#website\",\"url\":\"https:\\\/\\\/radiosul.net\\\/wp\\\/\",\"name\":\"radiosul.net\",\"description\":\"Regional por Excel\\u00eancia\",\"inLanguage\":\"pt-BR\",\"publisher\":{\"@id\":\"https:\\\/\\\/radiosul.net\\\/wp\\\/#organization\"}}]}\n\t\t<\/script>\n\t\t<!-- All in One SEO -->\n\n","aioseo_head_json":{"title":"Irga ter\u00e1 apenas expediente interno entre 3 e 7 de fevereiro - radiosul.net","description":"O Instituto Rio Grandense do Arroz (Irga), vinculado \u00e0 Secretaria da Agricultura, Pecu\u00e1ria e Desenvolvimento Rural (Seapdr), n\u00e3o ter\u00e1 atendimento ao p\u00fablico em sua sede administrativa entre 3 e 7 de fevereiro, em raz\u00e3o da mudan\u00e7a de sede. Nesses dias ocorrer\u00e1 a transfer\u00eancia de pessoal e equipamentos para o novo pr\u00e9dio, localizado no bairro Navegantes.","canonical_url":"https:\/\/radiosul.net\/wp\/2020\/irga-tera-apenas-expediente-interno-entre-3-e-7-de-fevereiro\/","robots":"max-image-preview:large","keywords":"","webmasterTools":{"miscellaneous":""},"schema":{"@context":"https:\/\/schema.org","@graph":[{"@type":"BlogPosting","@id":"https:\/\/radiosul.net\/wp\/2020\/irga-tera-apenas-expediente-interno-entre-3-e-7-de-fevereiro\/#blogposting","name":"Irga ter\u00e1 apenas expediente interno entre 3 e 7 de fevereiro - radiosul.net","headline":"Irga ter\u00e1 apenas expediente interno entre 3 e 7 de fevereiro","author":{"@id":"https:\/\/radiosul.net\/wp\/author\/alejo\/#author"},"publisher":{"@id":"https:\/\/radiosul.net\/wp\/#organization"},"image":{"@type":"ImageObject","url":"https:\/\/radiosul.net\/wp\/wp-content\/uploads\/2020\/01\/29143826_100587_GDO.jpg","width":800,"height":502,"caption":"Novo pr\u00e9dio da sede administrativa do Irga, no bairro Navegantes - Foto: S\u00e9rgio Pereira\/Irga"},"datePublished":"2020-01-30T07:51:24-03:00","dateModified":"2020-01-30T07:51:26-03:00","inLanguage":"pt-BR","mainEntityOfPage":{"@id":"https:\/\/radiosul.net\/wp\/2020\/irga-tera-apenas-expediente-interno-entre-3-e-7-de-fevereiro\/#webpage"},"isPartOf":{"@id":"https:\/\/radiosul.net\/wp\/2020\/irga-tera-apenas-expediente-interno-entre-3-e-7-de-fevereiro\/#webpage"},"articleSection":"Agroneg\u00f3cio, Destaque"},{"@type":"BreadcrumbList","@id":"https:\/\/radiosul.net\/wp\/2020\/irga-tera-apenas-expediente-interno-entre-3-e-7-de-fevereiro\/#breadcrumblist","itemListElement":[{"@type":"ListItem","@id":"https:\/\/radiosul.net\/wp#listItem","position":1,"name":"Home","item":"https:\/\/radiosul.net\/wp","nextItem":{"@type":"ListItem","@id":"https:\/\/radiosul.net\/wp\/category\/agro\/#listItem","name":"Agroneg\u00f3cio"}},{"@type":"ListItem","@id":"https:\/\/radiosul.net\/wp\/category\/agro\/#listItem","position":2,"name":"Agroneg\u00f3cio","item":"https:\/\/radiosul.net\/wp\/category\/agro\/","nextItem":{"@type":"ListItem","@id":"https:\/\/radiosul.net\/wp\/2020\/irga-tera-apenas-expediente-interno-entre-3-e-7-de-fevereiro\/#listItem","name":"Irga ter\u00e1 apenas expediente interno entre 3 e 7 de fevereiro"},"previousItem":{"@type":"ListItem","@id":"https:\/\/radiosul.net\/wp#listItem","name":"Home"}},{"@type":"ListItem","@id":"https:\/\/radiosul.net\/wp\/2020\/irga-tera-apenas-expediente-interno-entre-3-e-7-de-fevereiro\/#listItem","position":3,"name":"Irga ter\u00e1 apenas expediente interno entre 3 e 7 de fevereiro","previousItem":{"@type":"ListItem","@id":"https:\/\/radiosul.net\/wp\/category\/agro\/#listItem","name":"Agroneg\u00f3cio"}}]},{"@type":"Organization","@id":"https:\/\/radiosul.net\/wp\/#organization","name":"radiosul.net","description":"Regional por Excel\u00eancia","url":"https:\/\/radiosul.net\/wp\/"},{"@type":"Person","@id":"https:\/\/radiosul.net\/wp\/author\/alejo\/#author","url":"https:\/\/radiosul.net\/wp\/author\/alejo\/","name":"Alejo Bordon","image":{"@type":"ImageObject","@id":"https:\/\/radiosul.net\/wp\/2020\/irga-tera-apenas-expediente-interno-entre-3-e-7-de-fevereiro\/#authorImage","url":"https:\/\/secure.gravatar.com\/avatar\/b3a7e7f1c71212e6a5b7183b79a2ab58dad8bdc4cd4eadd61c4434d010d0bae4?s=96&d=mm&r=g","width":96,"height":96,"caption":"Alejo Bordon"}},{"@type":"WebPage","@id":"https:\/\/radiosul.net\/wp\/2020\/irga-tera-apenas-expediente-interno-entre-3-e-7-de-fevereiro\/#webpage","url":"https:\/\/radiosul.net\/wp\/2020\/irga-tera-apenas-expediente-interno-entre-3-e-7-de-fevereiro\/","name":"Irga ter\u00e1 apenas expediente interno entre 3 e 7 de fevereiro - radiosul.net","description":"O Instituto Rio Grandense do Arroz (Irga), vinculado \u00e0 Secretaria da Agricultura, Pecu\u00e1ria e Desenvolvimento Rural (Seapdr), n\u00e3o ter\u00e1 atendimento ao p\u00fablico em sua sede administrativa entre 3 e 7 de fevereiro, em raz\u00e3o da mudan\u00e7a de sede. Nesses dias ocorrer\u00e1 a transfer\u00eancia de pessoal e equipamentos para o novo pr\u00e9dio, localizado no bairro Navegantes.","inLanguage":"pt-BR","isPartOf":{"@id":"https:\/\/radiosul.net\/wp\/#website"},"breadcrumb":{"@id":"https:\/\/radiosul.net\/wp\/2020\/irga-tera-apenas-expediente-interno-entre-3-e-7-de-fevereiro\/#breadcrumblist"},"author":{"@id":"https:\/\/radiosul.net\/wp\/author\/alejo\/#author"},"creator":{"@id":"https:\/\/radiosul.net\/wp\/author\/alejo\/#author"},"image":{"@type":"ImageObject","url":"https:\/\/radiosul.net\/wp\/wp-content\/uploads\/2020\/01\/29143826_100587_GDO.jpg","@id":"https:\/\/radiosul.net\/wp\/2020\/irga-tera-apenas-expediente-interno-entre-3-e-7-de-fevereiro\/#mainImage","width":800,"height":502,"caption":"Novo pr\u00e9dio da sede administrativa do Irga, no bairro Navegantes - Foto: S\u00e9rgio Pereira\/Irga"},"primaryImageOfPage":{"@id":"https:\/\/radiosul.net\/wp\/2020\/irga-tera-apenas-expediente-interno-entre-3-e-7-de-fevereiro\/#mainImage"},"datePublished":"2020-01-30T07:51:24-03:00","dateModified":"2020-01-30T07:51:26-03:00"},{"@type":"WebSite","@id":"https:\/\/radiosul.net\/wp\/#website","url":"https:\/\/radiosul.net\/wp\/","name":"radiosul.net","description":"Regional por Excel\u00eancia","inLanguage":"pt-BR","publisher":{"@id":"https:\/\/radiosul.net\/wp\/#organization"}}]},"og:locale":"pt_BR","og:site_name":"radiosul.net - Regional por Excel\u00eancia","og:type":"article","og:title":"Irga ter\u00e1 apenas expediente interno entre 3 e 7 de fevereiro - radiosul.net","og:description":"O Instituto Rio Grandense do Arroz (Irga), vinculado \u00e0 Secretaria da Agricultura, Pecu\u00e1ria e Desenvolvimento Rural (Seapdr), n\u00e3o ter\u00e1 atendimento ao p\u00fablico em sua sede administrativa entre 3 e 7 de fevereiro, em raz\u00e3o da mudan\u00e7a de sede. Nesses dias ocorrer\u00e1 a transfer\u00eancia de pessoal e equipamentos para o novo pr\u00e9dio, localizado no bairro Navegantes.","og:url":"https:\/\/radiosul.net\/wp\/2020\/irga-tera-apenas-expediente-interno-entre-3-e-7-de-fevereiro\/","article:published_time":"2020-01-30T10:51:24+00:00","article:modified_time":"2020-01-30T10:51:26+00:00","twitter:card":"summary_large_image","twitter:title":"Irga ter\u00e1 apenas expediente interno entre 3 e 7 de fevereiro - radiosul.net","twitter:description":"O Instituto Rio Grandense do Arroz (Irga), vinculado \u00e0 Secretaria da Agricultura, Pecu\u00e1ria e Desenvolvimento Rural (Seapdr), n\u00e3o ter\u00e1 atendimento ao p\u00fablico em sua sede administrativa entre 3 e 7 de fevereiro, em raz\u00e3o da mudan\u00e7a de sede. Nesses dias ocorrer\u00e1 a transfer\u00eancia de pessoal e equipamentos para o novo pr\u00e9dio, localizado no bairro Navegantes."},"aioseo_meta_data":{"post_id":"10725","title":null,"description":null,"keywords":null,"keyphrases":null,"primary_term":null,"canonical_url":null,"og_title":null,"og_description":null,"og_object_type":"default","og_image_type":"default","og_image_url":null,"og_image_width":null,"og_image_height":null,"og_image_custom_url":null,"og_image_custom_fields":null,"og_video":null,"og_custom_url":null,"og_article_section":null,"og_article_tags":null,"twitter_use_og":false,"twitter_card":"default","twitter_image_type":"default","twitter_image_url":null,"twitter_image_custom_url":null,"twitter_image_custom_fields":null,"twitter_title":null,"twitter_description":null,"schema":{"blockGraphs":[],"customGraphs":[],"default":{"data":{"Article":[],"Course":[],"Dataset":[],"FAQPage":[],"Movie":[],"Person":[],"Product":[],"ProductReview":[],"Car":[],"Recipe":[],"Service":[],"SoftwareApplication":[],"WebPage":[]},"graphName":"","isEnabled":true},"graphs":[]},"schema_type":"default","schema_type_options":null,"pillar_content":false,"robots_default":true,"robots_noindex":false,"robots_noarchive":false,"robots_nosnippet":false,"robots_nofollow":false,"robots_noimageindex":false,"robots_noodp":false,"robots_notranslate":false,"robots_max_snippet":null,"robots_max_videopreview":null,"robots_max_imagepreview":"large","priority":null,"frequency":null,"local_seo":null,"breadcrumb_settings":null,"limit_modified_date":false,"ai":null,"created":"2026-01-08 19:06:06","updated":"2026-01-08 19:06:06","seo_analyzer_scan_date":null,"focus_keyword":null,"additional_keywords":null,"truseo_locale":null},"aioseo_breadcrumb":"<div class=\"aioseo-breadcrumbs\"><span class=\"aioseo-breadcrumb\">\n\t\t\t<a href=\"https:\/\/radiosul.net\/wp\" title=\"Home\">Home<\/a>\n\t\t<\/span><span class=\"aioseo-breadcrumb-separator\">&raquo;<\/span><span class=\"aioseo-breadcrumb\">\n\t\t\t<a href=\"https:\/\/radiosul.net\/wp\/category\/agro\/\" title=\"Agroneg\u00f3cio\">Agroneg\u00f3cio<\/a>\n\t\t<\/span><span class=\"aioseo-breadcrumb-separator\">&raquo;<\/span><span class=\"aioseo-breadcrumb\">\n\t\t\tIrga ter\u00e1 apenas expediente interno entre 3 e 7 de fevereiro\n\t\t<\/span><\/div>","aioseo_breadcrumb_json":[{"label":"Home","link":"https:\/\/radiosul.net\/wp"},{"label":"Agroneg\u00f3cio","link":"https:\/\/radiosul.net\/wp\/category\/agro\/"},{"label":"Irga ter\u00e1 apenas expediente interno entre 3 e 7 de fevereiro","link":"https:\/\/radiosul.net\/wp\/2020\/irga-tera-apenas-expediente-interno-entre-3-e-7-de-fevereiro\/"}],"_links":{"self":[{"href":"https:\/\/radiosul.net\/wp\/wp-json\/wp\/v2\/posts\/10725","targetHints":{"allow":["GET"]}}],"collection":[{"href":"https:\/\/radiosul.net\/wp\/wp-json\/wp\/v2\/posts"}],"about":[{"href":"https:\/\/radiosul.net\/wp\/wp-json\/wp\/v2\/types\/post"}],"author":[{"embeddable":true,"href":"https:\/\/radiosul.net\/wp\/wp-json\/wp\/v2\/users\/9"}],"replies":[{"embeddable":true,"href":"https:\/\/radiosul.net\/wp\/wp-json\/wp\/v2\/comments?post=10725"}],"version-history":[{"count":1,"href":"https:\/\/radiosul.net\/wp\/wp-json\/wp\/v2\/posts\/10725\/revisions"}],"predecessor-version":[{"id":10727,"href":"https:\/\/radiosul.net\/wp\/wp-json\/wp\/v2\/posts\/10725\/revisions\/10727"}],"wp:featuredmedia":[{"embeddable":true,"href":"https:\/\/radiosul.net\/wp\/wp-json\/wp\/v2\/media\/10726"}],"wp:attachment":[{"href":"https:\/\/radiosul.net\/wp\/wp-json\/wp\/v2\/media?parent=10725"}],"wp:term":[{"taxonomy":"category","embeddable":true,"href":"https:\/\/radiosul.net\/wp\/wp-json\/wp\/v2\/categories?post=10725"},{"taxonomy":"post_tag","embeddable":true,"href":"https:\/\/radiosul.net\/wp\/wp-json\/wp\/v2\/tags?post=10725"}],"curies":[{"name":"wp","href":"https:\/\/api.w.org\/{rel}","templated":true}]}}