{"id":10439,"date":"2020-01-20T07:57:34","date_gmt":"2020-01-20T10:57:34","guid":{"rendered":"https:\/\/radiosul.net\/wp\/?p=10439"},"modified":"2020-01-20T08:01:24","modified_gmt":"2020-01-20T11:01:24","slug":"abigeato-sindicato-rural-de-santana-do-livramento-pede-mais-atencao-das-autoridades","status":"publish","type":"post","link":"https:\/\/radiosul.net\/wp\/2020\/abigeato-sindicato-rural-de-santana-do-livramento-pede-mais-atencao-das-autoridades\/","title":{"rendered":"Abigeato: Sindicato Rural de Sant\u2019Ana do Livramento pede mais aten\u00e7\u00e3o das autoridades"},"content":{"rendered":"\n<p class=\"wp-block-paragraph\"><em>Reuni\u00e3o realizada no Parque da Rural reuniu produtores afetados e diferentes \u00f3rg\u00e3os para discutir o tema<\/em><\/p>\n\n\n\n<p class=\"wp-block-paragraph\">Na manh\u00e3 da \u00faltima sexta-feira (17), a Diretoria da Associa\u00e7\u00e3o e Sindicato Rural de Sant\u2019Ana do Livramento convocou produtores rurais e diversos \u00f3rg\u00e3os do munic\u00edpio para uma reuni\u00e3o emergencial. A pauta foi, mais uma vez,&nbsp;&nbsp;a falta de seguran\u00e7a que os produtores vivenciam todos os dias no campo.<\/p>\n\n\n\n<figure class=\"wp-block-image size-large\"><img loading=\"lazy\" decoding=\"async\" width=\"968\" height=\"1024\" src=\"https:\/\/radiosul.net\/wp\/wp-content\/uploads\/2020\/01\/Foto-2-968x1024.jpg\" alt=\"\" class=\"wp-image-10441\" srcset=\"https:\/\/radiosul.net\/wp\/wp-content\/uploads\/2020\/01\/Foto-2-968x1024.jpg 968w, https:\/\/radiosul.net\/wp\/wp-content\/uploads\/2020\/01\/Foto-2-283x300.jpg 283w, https:\/\/radiosul.net\/wp\/wp-content\/uploads\/2020\/01\/Foto-2-768x813.jpg 768w, https:\/\/radiosul.net\/wp\/wp-content\/uploads\/2020\/01\/Foto-2-1451x1536.jpg 1451w, https:\/\/radiosul.net\/wp\/wp-content\/uploads\/2020\/01\/Foto-2-1935x2048.jpg 1935w\" sizes=\"auto, (max-width: 968px) 100vw, 968px\" \/><figcaption>Cr\u00e9dito Fotos: Patr\u00edcia Nunes<\/figcaption><\/figure>\n\n\n\n<p class=\"wp-block-paragraph\">Al\u00e9m de ser o segundo maior munic\u00edpio em extens\u00e3o territorial do estado, Sant\u2019Ana do Livramento tamb\u00e9m possui uma fronteira seca de mais de 100km com o Uruguai. Isso tudo dificulta o trabalho da Brigada Militar e reitera a import\u00e2ncia de um trabalho de intelig\u00eancia junto com o pa\u00eds vizinho.&nbsp;&nbsp;<\/p>\n\n\n\n<p class=\"wp-block-paragraph\">O presidente da Associa\u00e7\u00e3o e Sindicato Rural, Luis Carlos D\u2019Auria Nunes, destacou import\u00e2ncia da atua\u00e7\u00e3o da Brigada Militar por\u00e9m, infelizmente, o resultado n\u00e3o est\u00e1 sendo muito eficiente no combate a esses crimes do campo: \u201ca press\u00e3o est\u00e1 muito grande por parte dos produtores e com toda a raz\u00e3o j\u00e1 que os preju\u00edzos s\u00e3o enormes e, agora, tamb\u00e9m h\u00e1 a preocupa\u00e7\u00e3o dos ataques \u00e0s resid\u00eancias rurais\u201d.<\/p>\n\n\n\n<p class=\"wp-block-paragraph\">Quando o assunto \u00e9 abigeato, o munic\u00edpio n\u00e3o possui dados reais, pois muitos produtores n\u00e3o t\u00eam o costume de registrar Boletim de Ocorr\u00eancia. Por outro lado, apenas um dos produtores presentes na reuni\u00e3o relatou um preju\u00edzo de R$ 62 mil reais com o furto de 150 ovinos.<\/p>\n\n\n\n<p class=\"wp-block-paragraph\">Para tentar diminuir esse problema, no encontro foram discutidas a\u00e7\u00f5es efetivas a serem realizadas pelos diferentes setores presentes na reuni\u00e3o: Brigada Militar, Pol\u00edcia Civil, Inspetoria de Defesa Agropecu\u00e1ria e Sistema de Inspe\u00e7\u00e3o Municipal da Prefeitura.<\/p>\n\n\n\n<p class=\"wp-block-paragraph\">Segundo o Major Silveira, subcomandante do 2\u00ba RPMon, a convoca\u00e7\u00e3o do Sindicato Rural foi muito importante para poder fazer essa mesa de trabalho.&nbsp;&nbsp;\u201cN\u00f3s j\u00e1 estamos realizando um trabalho nessa \u00e1rea mas viemos hoje aqui tamb\u00e9m para receber as reivindica\u00e7\u00f5es e fazer esse diagn\u00f3stico dos problemas no campo para 2020\u201d.<\/p>\n\n\n\n<p class=\"wp-block-paragraph\">A principal proposta da reuni\u00e3o foi sobre a cria\u00e7\u00e3o de um sistema de trabalho integrado, onde os diferentes \u00f3rg\u00e3os possam manter uma comunica\u00e7\u00e3o e realizar a\u00e7\u00f5es com agilidade. Al\u00e9m disso, o Sindicato Rural anunciou que, atrav\u00e9s de um projeto com o banco Sicredi, ir\u00e1 doar drones para as pol\u00edcias Civil e Militar poderem utilizar no monitoramento da \u00e1rea rural.<\/p>\n\n\n\n<p class=\"wp-block-paragraph\">Luis Carlos D\u2019Auria ressaltou a import\u00e2ncia&nbsp;&nbsp;de uma a\u00e7\u00e3o conjunta. \u201cNo ano passado, junto com os produtores, o Sindicato Rural doou R$ 24 mil para recupera\u00e7\u00e3o de viaturas da Brigada Militar. Agora iremos atr\u00e1s de verba para auxiliar nas viaturas da Pol\u00edcia Civil. Tamb\u00e9m estamos contando com o apoio da Farsul e teremos novas reuni\u00f5es para alinhar os pr\u00f3ximos passos\u201d, explicou.<\/p>\n\n\n\n<p class=\"wp-block-paragraph\">A Diretoria do Sindicato Rural tentar\u00e1 uma audi\u00eancia com as secretarias de Seguran\u00e7a e de Agricultura do estado. Ap\u00f3s isso, uma nova reuni\u00e3o ser\u00e1 marcada para alinhar os pr\u00f3ximos passos.<\/p>\n\n\n\n<p class=\"wp-block-paragraph\"><em><strong>Fonte: Ag\u00eancia Megafone<\/strong><\/em><\/p>\n","protected":false},"excerpt":{"rendered":"<p>Reuni\u00e3o realizada no Parque da Rural reuniu produtores afetados e diferentes \u00f3rg\u00e3os para discutir o tema Na manh\u00e3 da \u00faltima sexta-feira (17), a Diretoria da Associa\u00e7\u00e3o e Sindicato Rural de Sant\u2019Ana do Livramento convocou produtores rurais e diversos \u00f3rg\u00e3os do munic\u00edpio para uma reuni\u00e3o emergencial. A pauta foi, mais uma vez,&nbsp;&nbsp;a falta de seguran\u00e7a que &hellip;<\/p>\n","protected":false},"author":9,"featured_media":10440,"comment_status":"closed","ping_status":"closed","sticky":false,"template":"","format":"standard","meta":{"_monsterinsights_skip_tracking":false,"_uf_show_specific_survey":0,"_uf_disable_surveys":false,"footnotes":""},"categories":[1],"tags":[],"class_list":["post-10439","post","type-post","status-publish","format-standard","has-post-thumbnail","hentry","category-agro"],"aioseo_notices":[],"aioseo_head":"\n\t\t<!-- All in One SEO 5.0.1.1 - aioseo.com -->\n\t<meta name=\"description\" content=\"Reuni\u00e3o realizada no Parque da Rural reuniu produtores afetados e diferentes \u00f3rg\u00e3os para discutir o tema Na manh\u00e3 da \u00faltima sexta-feira (17), a Diretoria da Associa\u00e7\u00e3o e Sindicato Rural de Sant\u2019Ana do Livramento convocou produtores rurais e diversos \u00f3rg\u00e3os do munic\u00edpio para uma reuni\u00e3o emergencial. A pauta foi, mais uma vez, a falta de seguran\u00e7a que\" \/>\n\t<meta name=\"robots\" content=\"max-image-preview:large\" \/>\n\t<meta name=\"author\" content=\"Alejo Bordon\"\/>\n\t<link rel=\"canonical\" href=\"https:\/\/radiosul.net\/wp\/2020\/abigeato-sindicato-rural-de-santana-do-livramento-pede-mais-atencao-das-autoridades\/\" \/>\n\t<meta name=\"generator\" content=\"All in One SEO (AIOSEO) 5.0.1.1\" \/>\n\t\t<meta property=\"og:locale\" content=\"pt_BR\" \/>\n\t\t<meta property=\"og:site_name\" content=\"radiosul.net - Regional por Excel\u00eancia\" \/>\n\t\t<meta property=\"og:type\" content=\"article\" \/>\n\t\t<meta property=\"og:title\" content=\"Abigeato: Sindicato Rural de Sant\u2019Ana do Livramento pede mais aten\u00e7\u00e3o das autoridades - radiosul.net\" \/>\n\t\t<meta property=\"og:description\" content=\"Reuni\u00e3o realizada no Parque da Rural reuniu produtores afetados e diferentes \u00f3rg\u00e3os para discutir o tema Na manh\u00e3 da \u00faltima sexta-feira (17), a Diretoria da Associa\u00e7\u00e3o e Sindicato Rural de Sant\u2019Ana do Livramento convocou produtores rurais e diversos \u00f3rg\u00e3os do munic\u00edpio para uma reuni\u00e3o emergencial. A pauta foi, mais uma vez, a falta de seguran\u00e7a que\" \/>\n\t\t<meta property=\"og:url\" content=\"https:\/\/radiosul.net\/wp\/2020\/abigeato-sindicato-rural-de-santana-do-livramento-pede-mais-atencao-das-autoridades\/\" \/>\n\t\t<meta property=\"article:published_time\" content=\"2020-01-20T10:57:34+00:00\" \/>\n\t\t<meta property=\"article:modified_time\" content=\"2020-01-20T11:01:24+00:00\" \/>\n\t\t<meta name=\"twitter:card\" content=\"summary_large_image\" \/>\n\t\t<meta name=\"twitter:title\" content=\"Abigeato: Sindicato Rural de Sant\u2019Ana do Livramento pede mais aten\u00e7\u00e3o das autoridades - radiosul.net\" \/>\n\t\t<meta name=\"twitter:description\" content=\"Reuni\u00e3o realizada no Parque da Rural reuniu produtores afetados e diferentes \u00f3rg\u00e3os para discutir o tema Na manh\u00e3 da \u00faltima sexta-feira (17), a Diretoria da Associa\u00e7\u00e3o e Sindicato Rural de Sant\u2019Ana do Livramento convocou produtores rurais e diversos \u00f3rg\u00e3os do munic\u00edpio para uma reuni\u00e3o emergencial. A pauta foi, mais uma vez, a falta de seguran\u00e7a que\" \/>\n\t\t<script type=\"application\/ld+json\" class=\"aioseo-schema\">\n\t\t\t{\"@context\":\"https:\\\/\\\/schema.org\",\"@graph\":[{\"@type\":\"BlogPosting\",\"@id\":\"https:\\\/\\\/radiosul.net\\\/wp\\\/2020\\\/abigeato-sindicato-rural-de-santana-do-livramento-pede-mais-atencao-das-autoridades\\\/#blogposting\",\"name\":\"Abigeato: Sindicato Rural de Sant\\u2019Ana do Livramento pede mais aten\\u00e7\\u00e3o das autoridades - radiosul.net\",\"headline\":\"Abigeato: Sindicato Rural de Sant\\u2019Ana do Livramento pede mais aten\\u00e7\\u00e3o das autoridades\",\"author\":{\"@id\":\"https:\\\/\\\/radiosul.net\\\/wp\\\/author\\\/alejo\\\/#author\"},\"publisher\":{\"@id\":\"https:\\\/\\\/radiosul.net\\\/wp\\\/#organization\"},\"image\":{\"@type\":\"ImageObject\",\"url\":\"https:\\\/\\\/radiosul.net\\\/wp\\\/wp-content\\\/uploads\\\/2020\\\/01\\\/Foto-1-1-scaled.jpg\",\"width\":2560,\"height\":1707,\"caption\":\"Cr\\u00e9dito Fotos: Patr\\u00edcia Nunes\"},\"datePublished\":\"2020-01-20T07:57:34-03:00\",\"dateModified\":\"2020-01-20T08:01:24-03:00\",\"inLanguage\":\"pt-BR\",\"mainEntityOfPage\":{\"@id\":\"https:\\\/\\\/radiosul.net\\\/wp\\\/2020\\\/abigeato-sindicato-rural-de-santana-do-livramento-pede-mais-atencao-das-autoridades\\\/#webpage\"},\"isPartOf\":{\"@id\":\"https:\\\/\\\/radiosul.net\\\/wp\\\/2020\\\/abigeato-sindicato-rural-de-santana-do-livramento-pede-mais-atencao-das-autoridades\\\/#webpage\"},\"articleSection\":\"Agroneg\\u00f3cio\"},{\"@type\":\"BreadcrumbList\",\"@id\":\"https:\\\/\\\/radiosul.net\\\/wp\\\/2020\\\/abigeato-sindicato-rural-de-santana-do-livramento-pede-mais-atencao-das-autoridades\\\/#breadcrumblist\",\"itemListElement\":[{\"@type\":\"ListItem\",\"@id\":\"https:\\\/\\\/radiosul.net\\\/wp#listItem\",\"position\":1,\"name\":\"Home\",\"item\":\"https:\\\/\\\/radiosul.net\\\/wp\",\"nextItem\":{\"@type\":\"ListItem\",\"@id\":\"https:\\\/\\\/radiosul.net\\\/wp\\\/category\\\/agro\\\/#listItem\",\"name\":\"Agroneg\\u00f3cio\"}},{\"@type\":\"ListItem\",\"@id\":\"https:\\\/\\\/radiosul.net\\\/wp\\\/category\\\/agro\\\/#listItem\",\"position\":2,\"name\":\"Agroneg\\u00f3cio\",\"item\":\"https:\\\/\\\/radiosul.net\\\/wp\\\/category\\\/agro\\\/\",\"nextItem\":{\"@type\":\"ListItem\",\"@id\":\"https:\\\/\\\/radiosul.net\\\/wp\\\/2020\\\/abigeato-sindicato-rural-de-santana-do-livramento-pede-mais-atencao-das-autoridades\\\/#listItem\",\"name\":\"Abigeato: Sindicato Rural de Sant\\u2019Ana do Livramento pede mais aten\\u00e7\\u00e3o das autoridades\"},\"previousItem\":{\"@type\":\"ListItem\",\"@id\":\"https:\\\/\\\/radiosul.net\\\/wp#listItem\",\"name\":\"Home\"}},{\"@type\":\"ListItem\",\"@id\":\"https:\\\/\\\/radiosul.net\\\/wp\\\/2020\\\/abigeato-sindicato-rural-de-santana-do-livramento-pede-mais-atencao-das-autoridades\\\/#listItem\",\"position\":3,\"name\":\"Abigeato: Sindicato Rural de Sant\\u2019Ana do Livramento pede mais aten\\u00e7\\u00e3o das autoridades\",\"previousItem\":{\"@type\":\"ListItem\",\"@id\":\"https:\\\/\\\/radiosul.net\\\/wp\\\/category\\\/agro\\\/#listItem\",\"name\":\"Agroneg\\u00f3cio\"}}]},{\"@type\":\"Organization\",\"@id\":\"https:\\\/\\\/radiosul.net\\\/wp\\\/#organization\",\"name\":\"radiosul.net\",\"description\":\"Regional por Excel\\u00eancia\",\"url\":\"https:\\\/\\\/radiosul.net\\\/wp\\\/\"},{\"@type\":\"Person\",\"@id\":\"https:\\\/\\\/radiosul.net\\\/wp\\\/author\\\/alejo\\\/#author\",\"url\":\"https:\\\/\\\/radiosul.net\\\/wp\\\/author\\\/alejo\\\/\",\"name\":\"Alejo Bordon\",\"image\":{\"@type\":\"ImageObject\",\"@id\":\"https:\\\/\\\/radiosul.net\\\/wp\\\/2020\\\/abigeato-sindicato-rural-de-santana-do-livramento-pede-mais-atencao-das-autoridades\\\/#authorImage\",\"url\":\"https:\\\/\\\/secure.gravatar.com\\\/avatar\\\/b3a7e7f1c71212e6a5b7183b79a2ab58dad8bdc4cd4eadd61c4434d010d0bae4?s=96&d=mm&r=g\",\"width\":96,\"height\":96,\"caption\":\"Alejo Bordon\"}},{\"@type\":\"WebPage\",\"@id\":\"https:\\\/\\\/radiosul.net\\\/wp\\\/2020\\\/abigeato-sindicato-rural-de-santana-do-livramento-pede-mais-atencao-das-autoridades\\\/#webpage\",\"url\":\"https:\\\/\\\/radiosul.net\\\/wp\\\/2020\\\/abigeato-sindicato-rural-de-santana-do-livramento-pede-mais-atencao-das-autoridades\\\/\",\"name\":\"Abigeato: Sindicato Rural de Sant\\u2019Ana do Livramento pede mais aten\\u00e7\\u00e3o das autoridades - radiosul.net\",\"description\":\"Reuni\\u00e3o realizada no Parque da Rural reuniu produtores afetados e diferentes \\u00f3rg\\u00e3os para discutir o tema Na manh\\u00e3 da \\u00faltima sexta-feira (17), a Diretoria da Associa\\u00e7\\u00e3o e Sindicato Rural de Sant\\u2019Ana do Livramento convocou produtores rurais e diversos \\u00f3rg\\u00e3os do munic\\u00edpio para uma reuni\\u00e3o emergencial. A pauta foi, mais uma vez, a falta de seguran\\u00e7a que\",\"inLanguage\":\"pt-BR\",\"isPartOf\":{\"@id\":\"https:\\\/\\\/radiosul.net\\\/wp\\\/#website\"},\"breadcrumb\":{\"@id\":\"https:\\\/\\\/radiosul.net\\\/wp\\\/2020\\\/abigeato-sindicato-rural-de-santana-do-livramento-pede-mais-atencao-das-autoridades\\\/#breadcrumblist\"},\"author\":{\"@id\":\"https:\\\/\\\/radiosul.net\\\/wp\\\/author\\\/alejo\\\/#author\"},\"creator\":{\"@id\":\"https:\\\/\\\/radiosul.net\\\/wp\\\/author\\\/alejo\\\/#author\"},\"image\":{\"@type\":\"ImageObject\",\"url\":\"https:\\\/\\\/radiosul.net\\\/wp\\\/wp-content\\\/uploads\\\/2020\\\/01\\\/Foto-1-1-scaled.jpg\",\"@id\":\"https:\\\/\\\/radiosul.net\\\/wp\\\/2020\\\/abigeato-sindicato-rural-de-santana-do-livramento-pede-mais-atencao-das-autoridades\\\/#mainImage\",\"width\":2560,\"height\":1707,\"caption\":\"Cr\\u00e9dito Fotos: Patr\\u00edcia Nunes\"},\"primaryImageOfPage\":{\"@id\":\"https:\\\/\\\/radiosul.net\\\/wp\\\/2020\\\/abigeato-sindicato-rural-de-santana-do-livramento-pede-mais-atencao-das-autoridades\\\/#mainImage\"},\"datePublished\":\"2020-01-20T07:57:34-03:00\",\"dateModified\":\"2020-01-20T08:01:24-03:00\"},{\"@type\":\"WebSite\",\"@id\":\"https:\\\/\\\/radiosul.net\\\/wp\\\/#website\",\"url\":\"https:\\\/\\\/radiosul.net\\\/wp\\\/\",\"name\":\"radiosul.net\",\"description\":\"Regional por Excel\\u00eancia\",\"inLanguage\":\"pt-BR\",\"publisher\":{\"@id\":\"https:\\\/\\\/radiosul.net\\\/wp\\\/#organization\"}}]}\n\t\t<\/script>\n\t\t<!-- All in One SEO -->\n\n","aioseo_head_json":{"title":"Abigeato: Sindicato Rural de Sant\u2019Ana do Livramento pede mais aten\u00e7\u00e3o das autoridades - radiosul.net","description":"Reuni\u00e3o realizada no Parque da Rural reuniu produtores afetados e diferentes \u00f3rg\u00e3os para discutir o tema Na manh\u00e3 da \u00faltima sexta-feira (17), a Diretoria da Associa\u00e7\u00e3o e Sindicato Rural de Sant\u2019Ana do Livramento convocou produtores rurais e diversos \u00f3rg\u00e3os do munic\u00edpio para uma reuni\u00e3o emergencial. A pauta foi, mais uma vez, a falta de seguran\u00e7a que","canonical_url":"https:\/\/radiosul.net\/wp\/2020\/abigeato-sindicato-rural-de-santana-do-livramento-pede-mais-atencao-das-autoridades\/","robots":"max-image-preview:large","keywords":"","webmasterTools":{"miscellaneous":""},"schema":{"@context":"https:\/\/schema.org","@graph":[{"@type":"BlogPosting","@id":"https:\/\/radiosul.net\/wp\/2020\/abigeato-sindicato-rural-de-santana-do-livramento-pede-mais-atencao-das-autoridades\/#blogposting","name":"Abigeato: Sindicato Rural de Sant\u2019Ana do Livramento pede mais aten\u00e7\u00e3o das autoridades - radiosul.net","headline":"Abigeato: Sindicato Rural de Sant\u2019Ana do Livramento pede mais aten\u00e7\u00e3o das autoridades","author":{"@id":"https:\/\/radiosul.net\/wp\/author\/alejo\/#author"},"publisher":{"@id":"https:\/\/radiosul.net\/wp\/#organization"},"image":{"@type":"ImageObject","url":"https:\/\/radiosul.net\/wp\/wp-content\/uploads\/2020\/01\/Foto-1-1-scaled.jpg","width":2560,"height":1707,"caption":"Cr\u00e9dito Fotos: Patr\u00edcia Nunes"},"datePublished":"2020-01-20T07:57:34-03:00","dateModified":"2020-01-20T08:01:24-03:00","inLanguage":"pt-BR","mainEntityOfPage":{"@id":"https:\/\/radiosul.net\/wp\/2020\/abigeato-sindicato-rural-de-santana-do-livramento-pede-mais-atencao-das-autoridades\/#webpage"},"isPartOf":{"@id":"https:\/\/radiosul.net\/wp\/2020\/abigeato-sindicato-rural-de-santana-do-livramento-pede-mais-atencao-das-autoridades\/#webpage"},"articleSection":"Agroneg\u00f3cio"},{"@type":"BreadcrumbList","@id":"https:\/\/radiosul.net\/wp\/2020\/abigeato-sindicato-rural-de-santana-do-livramento-pede-mais-atencao-das-autoridades\/#breadcrumblist","itemListElement":[{"@type":"ListItem","@id":"https:\/\/radiosul.net\/wp#listItem","position":1,"name":"Home","item":"https:\/\/radiosul.net\/wp","nextItem":{"@type":"ListItem","@id":"https:\/\/radiosul.net\/wp\/category\/agro\/#listItem","name":"Agroneg\u00f3cio"}},{"@type":"ListItem","@id":"https:\/\/radiosul.net\/wp\/category\/agro\/#listItem","position":2,"name":"Agroneg\u00f3cio","item":"https:\/\/radiosul.net\/wp\/category\/agro\/","nextItem":{"@type":"ListItem","@id":"https:\/\/radiosul.net\/wp\/2020\/abigeato-sindicato-rural-de-santana-do-livramento-pede-mais-atencao-das-autoridades\/#listItem","name":"Abigeato: Sindicato Rural de Sant\u2019Ana do Livramento pede mais aten\u00e7\u00e3o das autoridades"},"previousItem":{"@type":"ListItem","@id":"https:\/\/radiosul.net\/wp#listItem","name":"Home"}},{"@type":"ListItem","@id":"https:\/\/radiosul.net\/wp\/2020\/abigeato-sindicato-rural-de-santana-do-livramento-pede-mais-atencao-das-autoridades\/#listItem","position":3,"name":"Abigeato: Sindicato Rural de Sant\u2019Ana do Livramento pede mais aten\u00e7\u00e3o das autoridades","previousItem":{"@type":"ListItem","@id":"https:\/\/radiosul.net\/wp\/category\/agro\/#listItem","name":"Agroneg\u00f3cio"}}]},{"@type":"Organization","@id":"https:\/\/radiosul.net\/wp\/#organization","name":"radiosul.net","description":"Regional por Excel\u00eancia","url":"https:\/\/radiosul.net\/wp\/"},{"@type":"Person","@id":"https:\/\/radiosul.net\/wp\/author\/alejo\/#author","url":"https:\/\/radiosul.net\/wp\/author\/alejo\/","name":"Alejo Bordon","image":{"@type":"ImageObject","@id":"https:\/\/radiosul.net\/wp\/2020\/abigeato-sindicato-rural-de-santana-do-livramento-pede-mais-atencao-das-autoridades\/#authorImage","url":"https:\/\/secure.gravatar.com\/avatar\/b3a7e7f1c71212e6a5b7183b79a2ab58dad8bdc4cd4eadd61c4434d010d0bae4?s=96&d=mm&r=g","width":96,"height":96,"caption":"Alejo Bordon"}},{"@type":"WebPage","@id":"https:\/\/radiosul.net\/wp\/2020\/abigeato-sindicato-rural-de-santana-do-livramento-pede-mais-atencao-das-autoridades\/#webpage","url":"https:\/\/radiosul.net\/wp\/2020\/abigeato-sindicato-rural-de-santana-do-livramento-pede-mais-atencao-das-autoridades\/","name":"Abigeato: Sindicato Rural de Sant\u2019Ana do Livramento pede mais aten\u00e7\u00e3o das autoridades - radiosul.net","description":"Reuni\u00e3o realizada no Parque da Rural reuniu produtores afetados e diferentes \u00f3rg\u00e3os para discutir o tema Na manh\u00e3 da \u00faltima sexta-feira (17), a Diretoria da Associa\u00e7\u00e3o e Sindicato Rural de Sant\u2019Ana do Livramento convocou produtores rurais e diversos \u00f3rg\u00e3os do munic\u00edpio para uma reuni\u00e3o emergencial. A pauta foi, mais uma vez, a falta de seguran\u00e7a que","inLanguage":"pt-BR","isPartOf":{"@id":"https:\/\/radiosul.net\/wp\/#website"},"breadcrumb":{"@id":"https:\/\/radiosul.net\/wp\/2020\/abigeato-sindicato-rural-de-santana-do-livramento-pede-mais-atencao-das-autoridades\/#breadcrumblist"},"author":{"@id":"https:\/\/radiosul.net\/wp\/author\/alejo\/#author"},"creator":{"@id":"https:\/\/radiosul.net\/wp\/author\/alejo\/#author"},"image":{"@type":"ImageObject","url":"https:\/\/radiosul.net\/wp\/wp-content\/uploads\/2020\/01\/Foto-1-1-scaled.jpg","@id":"https:\/\/radiosul.net\/wp\/2020\/abigeato-sindicato-rural-de-santana-do-livramento-pede-mais-atencao-das-autoridades\/#mainImage","width":2560,"height":1707,"caption":"Cr\u00e9dito Fotos: Patr\u00edcia Nunes"},"primaryImageOfPage":{"@id":"https:\/\/radiosul.net\/wp\/2020\/abigeato-sindicato-rural-de-santana-do-livramento-pede-mais-atencao-das-autoridades\/#mainImage"},"datePublished":"2020-01-20T07:57:34-03:00","dateModified":"2020-01-20T08:01:24-03:00"},{"@type":"WebSite","@id":"https:\/\/radiosul.net\/wp\/#website","url":"https:\/\/radiosul.net\/wp\/","name":"radiosul.net","description":"Regional por Excel\u00eancia","inLanguage":"pt-BR","publisher":{"@id":"https:\/\/radiosul.net\/wp\/#organization"}}]},"og:locale":"pt_BR","og:site_name":"radiosul.net - Regional por Excel\u00eancia","og:type":"article","og:title":"Abigeato: Sindicato Rural de Sant\u2019Ana do Livramento pede mais aten\u00e7\u00e3o das autoridades - radiosul.net","og:description":"Reuni\u00e3o realizada no Parque da Rural reuniu produtores afetados e diferentes \u00f3rg\u00e3os para discutir o tema Na manh\u00e3 da \u00faltima sexta-feira (17), a Diretoria da Associa\u00e7\u00e3o e Sindicato Rural de Sant\u2019Ana do Livramento convocou produtores rurais e diversos \u00f3rg\u00e3os do munic\u00edpio para uma reuni\u00e3o emergencial. A pauta foi, mais uma vez, a falta de seguran\u00e7a que","og:url":"https:\/\/radiosul.net\/wp\/2020\/abigeato-sindicato-rural-de-santana-do-livramento-pede-mais-atencao-das-autoridades\/","article:published_time":"2020-01-20T10:57:34+00:00","article:modified_time":"2020-01-20T11:01:24+00:00","twitter:card":"summary_large_image","twitter:title":"Abigeato: Sindicato Rural de Sant\u2019Ana do Livramento pede mais aten\u00e7\u00e3o das autoridades - radiosul.net","twitter:description":"Reuni\u00e3o realizada no Parque da Rural reuniu produtores afetados e diferentes \u00f3rg\u00e3os para discutir o tema Na manh\u00e3 da \u00faltima sexta-feira (17), a Diretoria da Associa\u00e7\u00e3o e Sindicato Rural de Sant\u2019Ana do Livramento convocou produtores rurais e diversos \u00f3rg\u00e3os do munic\u00edpio para uma reuni\u00e3o emergencial. A pauta foi, mais uma vez, a falta de seguran\u00e7a que"},"aioseo_meta_data":{"post_id":"10439","title":null,"description":null,"keywords":null,"keyphrases":null,"primary_term":null,"canonical_url":null,"og_title":null,"og_description":null,"og_object_type":"default","og_image_type":"default","og_image_url":null,"og_image_width":null,"og_image_height":null,"og_image_custom_url":null,"og_image_custom_fields":null,"og_video":null,"og_custom_url":null,"og_article_section":null,"og_article_tags":null,"twitter_use_og":false,"twitter_card":"default","twitter_image_type":"default","twitter_image_url":null,"twitter_image_custom_url":null,"twitter_image_custom_fields":null,"twitter_title":null,"twitter_description":null,"schema":{"blockGraphs":[],"customGraphs":[],"default":{"data":{"Article":[],"Course":[],"Dataset":[],"FAQPage":[],"Movie":[],"Person":[],"Product":[],"ProductReview":[],"Car":[],"Recipe":[],"Service":[],"SoftwareApplication":[],"WebPage":[]},"graphName":"","isEnabled":true},"graphs":[]},"schema_type":"default","schema_type_options":null,"pillar_content":false,"robots_default":true,"robots_noindex":false,"robots_noarchive":false,"robots_nosnippet":false,"robots_nofollow":false,"robots_noimageindex":false,"robots_noodp":false,"robots_notranslate":false,"robots_max_snippet":null,"robots_max_videopreview":null,"robots_max_imagepreview":"large","priority":null,"frequency":null,"local_seo":null,"breadcrumb_settings":null,"limit_modified_date":false,"ai":null,"created":"2026-01-08 18:46:07","updated":"2026-01-08 18:46:07","seo_analyzer_scan_date":null,"focus_keyword":null,"additional_keywords":null,"truseo_locale":null},"aioseo_breadcrumb":"<div class=\"aioseo-breadcrumbs\"><span class=\"aioseo-breadcrumb\">\n\t\t\t<a href=\"https:\/\/radiosul.net\/wp\" title=\"Home\">Home<\/a>\n\t\t<\/span><span class=\"aioseo-breadcrumb-separator\">&raquo;<\/span><span class=\"aioseo-breadcrumb\">\n\t\t\t<a href=\"https:\/\/radiosul.net\/wp\/category\/agro\/\" title=\"Agroneg\u00f3cio\">Agroneg\u00f3cio<\/a>\n\t\t<\/span><span class=\"aioseo-breadcrumb-separator\">&raquo;<\/span><span class=\"aioseo-breadcrumb\">\n\t\t\tAbigeato: Sindicato Rural de Sant\u2019Ana do Livramento pede mais aten\u00e7\u00e3o das autoridades\n\t\t<\/span><\/div>","aioseo_breadcrumb_json":[{"label":"Home","link":"https:\/\/radiosul.net\/wp"},{"label":"Agroneg\u00f3cio","link":"https:\/\/radiosul.net\/wp\/category\/agro\/"},{"label":"Abigeato: Sindicato Rural de Sant\u2019Ana do Livramento pede mais aten\u00e7\u00e3o das autoridades","link":"https:\/\/radiosul.net\/wp\/2020\/abigeato-sindicato-rural-de-santana-do-livramento-pede-mais-atencao-das-autoridades\/"}],"_links":{"self":[{"href":"https:\/\/radiosul.net\/wp\/wp-json\/wp\/v2\/posts\/10439","targetHints":{"allow":["GET"]}}],"collection":[{"href":"https:\/\/radiosul.net\/wp\/wp-json\/wp\/v2\/posts"}],"about":[{"href":"https:\/\/radiosul.net\/wp\/wp-json\/wp\/v2\/types\/post"}],"author":[{"embeddable":true,"href":"https:\/\/radiosul.net\/wp\/wp-json\/wp\/v2\/users\/9"}],"replies":[{"embeddable":true,"href":"https:\/\/radiosul.net\/wp\/wp-json\/wp\/v2\/comments?post=10439"}],"version-history":[{"count":2,"href":"https:\/\/radiosul.net\/wp\/wp-json\/wp\/v2\/posts\/10439\/revisions"}],"predecessor-version":[{"id":10444,"href":"https:\/\/radiosul.net\/wp\/wp-json\/wp\/v2\/posts\/10439\/revisions\/10444"}],"wp:featuredmedia":[{"embeddable":true,"href":"https:\/\/radiosul.net\/wp\/wp-json\/wp\/v2\/media\/10440"}],"wp:attachment":[{"href":"https:\/\/radiosul.net\/wp\/wp-json\/wp\/v2\/media?parent=10439"}],"wp:term":[{"taxonomy":"category","embeddable":true,"href":"https:\/\/radiosul.net\/wp\/wp-json\/wp\/v2\/categories?post=10439"},{"taxonomy":"post_tag","embeddable":true,"href":"https:\/\/radiosul.net\/wp\/wp-json\/wp\/v2\/tags?post=10439"}],"curies":[{"name":"wp","href":"https:\/\/api.w.org\/{rel}","templated":true}]}}