{"id":10401,"date":"2020-01-16T07:26:09","date_gmt":"2020-01-16T10:26:09","guid":{"rendered":"https:\/\/radiosul.net\/wp\/?p=10401"},"modified":"2020-01-16T07:26:11","modified_gmt":"2020-01-16T10:26:11","slug":"em-setembro-florianopolis-sediara-a-13a-edicao-do-simposio-da-acav","status":"publish","type":"post","link":"https:\/\/radiosul.net\/wp\/2020\/em-setembro-florianopolis-sediara-a-13a-edicao-do-simposio-da-acav\/","title":{"rendered":"Em setembro, Florian\u00f3polis sediar\u00e1 a 13\u00aa edi\u00e7\u00e3o do Simp\u00f3sio da ACAV"},"content":{"rendered":"\n<p class=\"wp-block-paragraph\">A Associa\u00e7\u00e3o Catarinense de Avicultura (ACAV) \u2013 entidade de \nrepresenta\u00e7\u00e3o e defesa da ind\u00fastria av\u00edcola barriga-verde \u2013 realizar\u00e1 \nneste ano, na cidade de Florian\u00f3polis, a 13\u00aa edi\u00e7\u00e3o do <strong>Simp\u00f3sio T\u00e9cnico da ACAV<\/strong>.<\/p>\n\n\n\n<p class=\"wp-block-paragraph\">O evento ser\u00e1 desenvolvido no <strong>Centro Sul<\/strong>, no per\u00edodo de <strong>15 a 17<\/strong> de <strong>setembro<\/strong>, reunindo pesquisadores, t\u00e9cnicos, gestores, industriais e profissionais de todas as \u00e1reas da avicultura industrial.<\/p>\n\n\n\n<p class=\"wp-block-paragraph\">O coordenador geral do evento, Bento Zanoni, ressalta que o simp\u00f3sio \u00e9\n reconhecido pelo alto n\u00edvel t\u00e9cnico e cient\u00edfico, focalizando os temas \nde maior relev\u00e2ncia na atualidade para a vasta cadeia da avicultura \nindustrial e ao mesmo tempo, as inova\u00e7\u00f5es que surgiram no Brasil e no \nmundo.<\/p>\n\n\n\n<p class=\"wp-block-paragraph\">A programa\u00e7\u00e3o oficial ser\u00e1 anunciada no pr\u00f3ximo m\u00eas. As principais \nlinhas de abordagem ser\u00e3o incuba\u00e7\u00e3o, matrizes de corte e nutri\u00e7\u00e3o.<\/p>\n\n\n\n<p class=\"wp-block-paragraph\">Informa\u00e7\u00f5es podem ser obtidas pelo e-mail <a href=\"mailto:simposioacav@gmail.com\">simposioacav@gmail.com<\/a> e pelo telefone (48) 9-9673-6155, al\u00e9m do site <a href=\"https:\/\/antispam.unodata.com.br\/canit\/urlproxy.php?_q=aHR0cDovL3d3dy5zaW1wb3Npb2FjYXYuY29tLmJyLw%3D%3D&amp;_s=ZGVmYXVsdA%3D%3D&amp;_c=3e3618d0&amp;_r=ZmVjb2Fncm8tY29vcC1icg%3D%3D\">www.simposioacav.com.br<\/a> e nas redes sociais.<\/p>\n\n\n\n<p class=\"wp-block-paragraph\"><strong><em>Fonte: <\/em><\/strong><strong><em>MB Comunica\u00e7\u00e3o Empresarial\/Organizacional<\/em><\/strong><\/p>\n","protected":false},"excerpt":{"rendered":"<p>A Associa\u00e7\u00e3o Catarinense de Avicultura (ACAV) \u2013 entidade de representa\u00e7\u00e3o e defesa da ind\u00fastria av\u00edcola barriga-verde \u2013 realizar\u00e1 neste ano, na cidade de Florian\u00f3polis, a 13\u00aa edi\u00e7\u00e3o do Simp\u00f3sio T\u00e9cnico da ACAV. O evento ser\u00e1 desenvolvido no Centro Sul, no per\u00edodo de 15 a 17 de setembro, reunindo pesquisadores, t\u00e9cnicos, gestores, industriais e profissionais de &hellip;<\/p>\n","protected":false},"author":9,"featured_media":10402,"comment_status":"closed","ping_status":"closed","sticky":false,"template":"","format":"standard","meta":{"_monsterinsights_skip_tracking":false,"_uf_show_specific_survey":0,"_uf_disable_surveys":false,"footnotes":""},"categories":[1,126],"tags":[],"class_list":["post-10401","post","type-post","status-publish","format-standard","has-post-thumbnail","hentry","category-agro","category-destacados"],"aioseo_notices":[],"aioseo_head":"\n\t\t<!-- All in One SEO 5.0.1.1 - aioseo.com -->\n\t<meta name=\"description\" content=\"A Associa\u00e7\u00e3o Catarinense de Avicultura (ACAV) \u2013 entidade de representa\u00e7\u00e3o e defesa da ind\u00fastria av\u00edcola barriga-verde \u2013 realizar\u00e1 neste ano, na cidade de Florian\u00f3polis, a 13\u00aa edi\u00e7\u00e3o do Simp\u00f3sio T\u00e9cnico da ACAV. O evento ser\u00e1 desenvolvido no Centro Sul, no per\u00edodo de 15 a 17 de setembro, reunindo pesquisadores, t\u00e9cnicos, gestores, industriais e profissionais de\" \/>\n\t<meta name=\"robots\" content=\"max-image-preview:large\" \/>\n\t<meta name=\"author\" content=\"Alejo Bordon\"\/>\n\t<link rel=\"canonical\" href=\"https:\/\/radiosul.net\/wp\/2020\/em-setembro-florianopolis-sediara-a-13a-edicao-do-simposio-da-acav\/\" \/>\n\t<meta name=\"generator\" content=\"All in One SEO (AIOSEO) 5.0.1.1\" \/>\n\t\t<meta property=\"og:locale\" content=\"pt_BR\" \/>\n\t\t<meta property=\"og:site_name\" content=\"radiosul.net - Regional por Excel\u00eancia\" \/>\n\t\t<meta property=\"og:type\" content=\"article\" \/>\n\t\t<meta property=\"og:title\" content=\"Em setembro, Florian\u00f3polis sediar\u00e1 a 13\u00aa edi\u00e7\u00e3o do Simp\u00f3sio da ACAV - radiosul.net\" \/>\n\t\t<meta property=\"og:description\" content=\"A Associa\u00e7\u00e3o Catarinense de Avicultura (ACAV) \u2013 entidade de representa\u00e7\u00e3o e defesa da ind\u00fastria av\u00edcola barriga-verde \u2013 realizar\u00e1 neste ano, na cidade de Florian\u00f3polis, a 13\u00aa edi\u00e7\u00e3o do Simp\u00f3sio T\u00e9cnico da ACAV. O evento ser\u00e1 desenvolvido no Centro Sul, no per\u00edodo de 15 a 17 de setembro, reunindo pesquisadores, t\u00e9cnicos, gestores, industriais e profissionais de\" \/>\n\t\t<meta property=\"og:url\" content=\"https:\/\/radiosul.net\/wp\/2020\/em-setembro-florianopolis-sediara-a-13a-edicao-do-simposio-da-acav\/\" \/>\n\t\t<meta property=\"article:published_time\" content=\"2020-01-16T10:26:09+00:00\" \/>\n\t\t<meta property=\"article:modified_time\" content=\"2020-01-16T10:26:11+00:00\" \/>\n\t\t<meta name=\"twitter:card\" content=\"summary_large_image\" \/>\n\t\t<meta name=\"twitter:title\" content=\"Em setembro, Florian\u00f3polis sediar\u00e1 a 13\u00aa edi\u00e7\u00e3o do Simp\u00f3sio da ACAV - radiosul.net\" \/>\n\t\t<meta name=\"twitter:description\" content=\"A Associa\u00e7\u00e3o Catarinense de Avicultura (ACAV) \u2013 entidade de representa\u00e7\u00e3o e defesa da ind\u00fastria av\u00edcola barriga-verde \u2013 realizar\u00e1 neste ano, na cidade de Florian\u00f3polis, a 13\u00aa edi\u00e7\u00e3o do Simp\u00f3sio T\u00e9cnico da ACAV. O evento ser\u00e1 desenvolvido no Centro Sul, no per\u00edodo de 15 a 17 de setembro, reunindo pesquisadores, t\u00e9cnicos, gestores, industriais e profissionais de\" \/>\n\t\t<script type=\"application\/ld+json\" class=\"aioseo-schema\">\n\t\t\t{\"@context\":\"https:\\\/\\\/schema.org\",\"@graph\":[{\"@type\":\"BlogPosting\",\"@id\":\"https:\\\/\\\/radiosul.net\\\/wp\\\/2020\\\/em-setembro-florianopolis-sediara-a-13a-edicao-do-simposio-da-acav\\\/#blogposting\",\"name\":\"Em setembro, Florian\\u00f3polis sediar\\u00e1 a 13\\u00aa edi\\u00e7\\u00e3o do Simp\\u00f3sio da ACAV - radiosul.net\",\"headline\":\"Em setembro, Florian\\u00f3polis sediar\\u00e1 a 13\\u00aa edi\\u00e7\\u00e3o do Simp\\u00f3sio da ACAV\",\"author\":{\"@id\":\"https:\\\/\\\/radiosul.net\\\/wp\\\/author\\\/alejo\\\/#author\"},\"publisher\":{\"@id\":\"https:\\\/\\\/radiosul.net\\\/wp\\\/#organization\"},\"image\":{\"@type\":\"ImageObject\",\"url\":\"https:\\\/\\\/radiosul.net\\\/wp\\\/wp-content\\\/uploads\\\/2020\\\/01\\\/ACAV-Simposio.jpg\",\"width\":800,\"height\":500},\"datePublished\":\"2020-01-16T07:26:09-03:00\",\"dateModified\":\"2020-01-16T07:26:11-03:00\",\"inLanguage\":\"pt-BR\",\"mainEntityOfPage\":{\"@id\":\"https:\\\/\\\/radiosul.net\\\/wp\\\/2020\\\/em-setembro-florianopolis-sediara-a-13a-edicao-do-simposio-da-acav\\\/#webpage\"},\"isPartOf\":{\"@id\":\"https:\\\/\\\/radiosul.net\\\/wp\\\/2020\\\/em-setembro-florianopolis-sediara-a-13a-edicao-do-simposio-da-acav\\\/#webpage\"},\"articleSection\":\"Agroneg\\u00f3cio, Destaque\"},{\"@type\":\"BreadcrumbList\",\"@id\":\"https:\\\/\\\/radiosul.net\\\/wp\\\/2020\\\/em-setembro-florianopolis-sediara-a-13a-edicao-do-simposio-da-acav\\\/#breadcrumblist\",\"itemListElement\":[{\"@type\":\"ListItem\",\"@id\":\"https:\\\/\\\/radiosul.net\\\/wp#listItem\",\"position\":1,\"name\":\"Home\",\"item\":\"https:\\\/\\\/radiosul.net\\\/wp\",\"nextItem\":{\"@type\":\"ListItem\",\"@id\":\"https:\\\/\\\/radiosul.net\\\/wp\\\/category\\\/agro\\\/#listItem\",\"name\":\"Agroneg\\u00f3cio\"}},{\"@type\":\"ListItem\",\"@id\":\"https:\\\/\\\/radiosul.net\\\/wp\\\/category\\\/agro\\\/#listItem\",\"position\":2,\"name\":\"Agroneg\\u00f3cio\",\"item\":\"https:\\\/\\\/radiosul.net\\\/wp\\\/category\\\/agro\\\/\",\"nextItem\":{\"@type\":\"ListItem\",\"@id\":\"https:\\\/\\\/radiosul.net\\\/wp\\\/2020\\\/em-setembro-florianopolis-sediara-a-13a-edicao-do-simposio-da-acav\\\/#listItem\",\"name\":\"Em setembro, Florian\\u00f3polis sediar\\u00e1 a 13\\u00aa edi\\u00e7\\u00e3o do Simp\\u00f3sio da ACAV\"},\"previousItem\":{\"@type\":\"ListItem\",\"@id\":\"https:\\\/\\\/radiosul.net\\\/wp#listItem\",\"name\":\"Home\"}},{\"@type\":\"ListItem\",\"@id\":\"https:\\\/\\\/radiosul.net\\\/wp\\\/2020\\\/em-setembro-florianopolis-sediara-a-13a-edicao-do-simposio-da-acav\\\/#listItem\",\"position\":3,\"name\":\"Em setembro, Florian\\u00f3polis sediar\\u00e1 a 13\\u00aa edi\\u00e7\\u00e3o do Simp\\u00f3sio da ACAV\",\"previousItem\":{\"@type\":\"ListItem\",\"@id\":\"https:\\\/\\\/radiosul.net\\\/wp\\\/category\\\/agro\\\/#listItem\",\"name\":\"Agroneg\\u00f3cio\"}}]},{\"@type\":\"Organization\",\"@id\":\"https:\\\/\\\/radiosul.net\\\/wp\\\/#organization\",\"name\":\"radiosul.net\",\"description\":\"Regional por Excel\\u00eancia\",\"url\":\"https:\\\/\\\/radiosul.net\\\/wp\\\/\"},{\"@type\":\"Person\",\"@id\":\"https:\\\/\\\/radiosul.net\\\/wp\\\/author\\\/alejo\\\/#author\",\"url\":\"https:\\\/\\\/radiosul.net\\\/wp\\\/author\\\/alejo\\\/\",\"name\":\"Alejo Bordon\",\"image\":{\"@type\":\"ImageObject\",\"@id\":\"https:\\\/\\\/radiosul.net\\\/wp\\\/2020\\\/em-setembro-florianopolis-sediara-a-13a-edicao-do-simposio-da-acav\\\/#authorImage\",\"url\":\"https:\\\/\\\/secure.gravatar.com\\\/avatar\\\/b3a7e7f1c71212e6a5b7183b79a2ab58dad8bdc4cd4eadd61c4434d010d0bae4?s=96&d=mm&r=g\",\"width\":96,\"height\":96,\"caption\":\"Alejo Bordon\"}},{\"@type\":\"WebPage\",\"@id\":\"https:\\\/\\\/radiosul.net\\\/wp\\\/2020\\\/em-setembro-florianopolis-sediara-a-13a-edicao-do-simposio-da-acav\\\/#webpage\",\"url\":\"https:\\\/\\\/radiosul.net\\\/wp\\\/2020\\\/em-setembro-florianopolis-sediara-a-13a-edicao-do-simposio-da-acav\\\/\",\"name\":\"Em setembro, Florian\\u00f3polis sediar\\u00e1 a 13\\u00aa edi\\u00e7\\u00e3o do Simp\\u00f3sio da ACAV - radiosul.net\",\"description\":\"A Associa\\u00e7\\u00e3o Catarinense de Avicultura (ACAV) \\u2013 entidade de representa\\u00e7\\u00e3o e defesa da ind\\u00fastria av\\u00edcola barriga-verde \\u2013 realizar\\u00e1 neste ano, na cidade de Florian\\u00f3polis, a 13\\u00aa edi\\u00e7\\u00e3o do Simp\\u00f3sio T\\u00e9cnico da ACAV. O evento ser\\u00e1 desenvolvido no Centro Sul, no per\\u00edodo de 15 a 17 de setembro, reunindo pesquisadores, t\\u00e9cnicos, gestores, industriais e profissionais de\",\"inLanguage\":\"pt-BR\",\"isPartOf\":{\"@id\":\"https:\\\/\\\/radiosul.net\\\/wp\\\/#website\"},\"breadcrumb\":{\"@id\":\"https:\\\/\\\/radiosul.net\\\/wp\\\/2020\\\/em-setembro-florianopolis-sediara-a-13a-edicao-do-simposio-da-acav\\\/#breadcrumblist\"},\"author\":{\"@id\":\"https:\\\/\\\/radiosul.net\\\/wp\\\/author\\\/alejo\\\/#author\"},\"creator\":{\"@id\":\"https:\\\/\\\/radiosul.net\\\/wp\\\/author\\\/alejo\\\/#author\"},\"image\":{\"@type\":\"ImageObject\",\"url\":\"https:\\\/\\\/radiosul.net\\\/wp\\\/wp-content\\\/uploads\\\/2020\\\/01\\\/ACAV-Simposio.jpg\",\"@id\":\"https:\\\/\\\/radiosul.net\\\/wp\\\/2020\\\/em-setembro-florianopolis-sediara-a-13a-edicao-do-simposio-da-acav\\\/#mainImage\",\"width\":800,\"height\":500},\"primaryImageOfPage\":{\"@id\":\"https:\\\/\\\/radiosul.net\\\/wp\\\/2020\\\/em-setembro-florianopolis-sediara-a-13a-edicao-do-simposio-da-acav\\\/#mainImage\"},\"datePublished\":\"2020-01-16T07:26:09-03:00\",\"dateModified\":\"2020-01-16T07:26:11-03:00\"},{\"@type\":\"WebSite\",\"@id\":\"https:\\\/\\\/radiosul.net\\\/wp\\\/#website\",\"url\":\"https:\\\/\\\/radiosul.net\\\/wp\\\/\",\"name\":\"radiosul.net\",\"description\":\"Regional por Excel\\u00eancia\",\"inLanguage\":\"pt-BR\",\"publisher\":{\"@id\":\"https:\\\/\\\/radiosul.net\\\/wp\\\/#organization\"}}]}\n\t\t<\/script>\n\t\t<!-- All in One SEO -->\n\n","aioseo_head_json":{"title":"Em setembro, Florian\u00f3polis sediar\u00e1 a 13\u00aa edi\u00e7\u00e3o do Simp\u00f3sio da ACAV - radiosul.net","description":"A Associa\u00e7\u00e3o Catarinense de Avicultura (ACAV) \u2013 entidade de representa\u00e7\u00e3o e defesa da ind\u00fastria av\u00edcola barriga-verde \u2013 realizar\u00e1 neste ano, na cidade de Florian\u00f3polis, a 13\u00aa edi\u00e7\u00e3o do Simp\u00f3sio T\u00e9cnico da ACAV. O evento ser\u00e1 desenvolvido no Centro Sul, no per\u00edodo de 15 a 17 de setembro, reunindo pesquisadores, t\u00e9cnicos, gestores, industriais e profissionais de","canonical_url":"https:\/\/radiosul.net\/wp\/2020\/em-setembro-florianopolis-sediara-a-13a-edicao-do-simposio-da-acav\/","robots":"max-image-preview:large","keywords":"","webmasterTools":{"miscellaneous":""},"schema":{"@context":"https:\/\/schema.org","@graph":[{"@type":"BlogPosting","@id":"https:\/\/radiosul.net\/wp\/2020\/em-setembro-florianopolis-sediara-a-13a-edicao-do-simposio-da-acav\/#blogposting","name":"Em setembro, Florian\u00f3polis sediar\u00e1 a 13\u00aa edi\u00e7\u00e3o do Simp\u00f3sio da ACAV - radiosul.net","headline":"Em setembro, Florian\u00f3polis sediar\u00e1 a 13\u00aa edi\u00e7\u00e3o do Simp\u00f3sio da ACAV","author":{"@id":"https:\/\/radiosul.net\/wp\/author\/alejo\/#author"},"publisher":{"@id":"https:\/\/radiosul.net\/wp\/#organization"},"image":{"@type":"ImageObject","url":"https:\/\/radiosul.net\/wp\/wp-content\/uploads\/2020\/01\/ACAV-Simposio.jpg","width":800,"height":500},"datePublished":"2020-01-16T07:26:09-03:00","dateModified":"2020-01-16T07:26:11-03:00","inLanguage":"pt-BR","mainEntityOfPage":{"@id":"https:\/\/radiosul.net\/wp\/2020\/em-setembro-florianopolis-sediara-a-13a-edicao-do-simposio-da-acav\/#webpage"},"isPartOf":{"@id":"https:\/\/radiosul.net\/wp\/2020\/em-setembro-florianopolis-sediara-a-13a-edicao-do-simposio-da-acav\/#webpage"},"articleSection":"Agroneg\u00f3cio, Destaque"},{"@type":"BreadcrumbList","@id":"https:\/\/radiosul.net\/wp\/2020\/em-setembro-florianopolis-sediara-a-13a-edicao-do-simposio-da-acav\/#breadcrumblist","itemListElement":[{"@type":"ListItem","@id":"https:\/\/radiosul.net\/wp#listItem","position":1,"name":"Home","item":"https:\/\/radiosul.net\/wp","nextItem":{"@type":"ListItem","@id":"https:\/\/radiosul.net\/wp\/category\/agro\/#listItem","name":"Agroneg\u00f3cio"}},{"@type":"ListItem","@id":"https:\/\/radiosul.net\/wp\/category\/agro\/#listItem","position":2,"name":"Agroneg\u00f3cio","item":"https:\/\/radiosul.net\/wp\/category\/agro\/","nextItem":{"@type":"ListItem","@id":"https:\/\/radiosul.net\/wp\/2020\/em-setembro-florianopolis-sediara-a-13a-edicao-do-simposio-da-acav\/#listItem","name":"Em setembro, Florian\u00f3polis sediar\u00e1 a 13\u00aa edi\u00e7\u00e3o do Simp\u00f3sio da ACAV"},"previousItem":{"@type":"ListItem","@id":"https:\/\/radiosul.net\/wp#listItem","name":"Home"}},{"@type":"ListItem","@id":"https:\/\/radiosul.net\/wp\/2020\/em-setembro-florianopolis-sediara-a-13a-edicao-do-simposio-da-acav\/#listItem","position":3,"name":"Em setembro, Florian\u00f3polis sediar\u00e1 a 13\u00aa edi\u00e7\u00e3o do Simp\u00f3sio da ACAV","previousItem":{"@type":"ListItem","@id":"https:\/\/radiosul.net\/wp\/category\/agro\/#listItem","name":"Agroneg\u00f3cio"}}]},{"@type":"Organization","@id":"https:\/\/radiosul.net\/wp\/#organization","name":"radiosul.net","description":"Regional por Excel\u00eancia","url":"https:\/\/radiosul.net\/wp\/"},{"@type":"Person","@id":"https:\/\/radiosul.net\/wp\/author\/alejo\/#author","url":"https:\/\/radiosul.net\/wp\/author\/alejo\/","name":"Alejo Bordon","image":{"@type":"ImageObject","@id":"https:\/\/radiosul.net\/wp\/2020\/em-setembro-florianopolis-sediara-a-13a-edicao-do-simposio-da-acav\/#authorImage","url":"https:\/\/secure.gravatar.com\/avatar\/b3a7e7f1c71212e6a5b7183b79a2ab58dad8bdc4cd4eadd61c4434d010d0bae4?s=96&d=mm&r=g","width":96,"height":96,"caption":"Alejo Bordon"}},{"@type":"WebPage","@id":"https:\/\/radiosul.net\/wp\/2020\/em-setembro-florianopolis-sediara-a-13a-edicao-do-simposio-da-acav\/#webpage","url":"https:\/\/radiosul.net\/wp\/2020\/em-setembro-florianopolis-sediara-a-13a-edicao-do-simposio-da-acav\/","name":"Em setembro, Florian\u00f3polis sediar\u00e1 a 13\u00aa edi\u00e7\u00e3o do Simp\u00f3sio da ACAV - radiosul.net","description":"A Associa\u00e7\u00e3o Catarinense de Avicultura (ACAV) \u2013 entidade de representa\u00e7\u00e3o e defesa da ind\u00fastria av\u00edcola barriga-verde \u2013 realizar\u00e1 neste ano, na cidade de Florian\u00f3polis, a 13\u00aa edi\u00e7\u00e3o do Simp\u00f3sio T\u00e9cnico da ACAV. O evento ser\u00e1 desenvolvido no Centro Sul, no per\u00edodo de 15 a 17 de setembro, reunindo pesquisadores, t\u00e9cnicos, gestores, industriais e profissionais de","inLanguage":"pt-BR","isPartOf":{"@id":"https:\/\/radiosul.net\/wp\/#website"},"breadcrumb":{"@id":"https:\/\/radiosul.net\/wp\/2020\/em-setembro-florianopolis-sediara-a-13a-edicao-do-simposio-da-acav\/#breadcrumblist"},"author":{"@id":"https:\/\/radiosul.net\/wp\/author\/alejo\/#author"},"creator":{"@id":"https:\/\/radiosul.net\/wp\/author\/alejo\/#author"},"image":{"@type":"ImageObject","url":"https:\/\/radiosul.net\/wp\/wp-content\/uploads\/2020\/01\/ACAV-Simposio.jpg","@id":"https:\/\/radiosul.net\/wp\/2020\/em-setembro-florianopolis-sediara-a-13a-edicao-do-simposio-da-acav\/#mainImage","width":800,"height":500},"primaryImageOfPage":{"@id":"https:\/\/radiosul.net\/wp\/2020\/em-setembro-florianopolis-sediara-a-13a-edicao-do-simposio-da-acav\/#mainImage"},"datePublished":"2020-01-16T07:26:09-03:00","dateModified":"2020-01-16T07:26:11-03:00"},{"@type":"WebSite","@id":"https:\/\/radiosul.net\/wp\/#website","url":"https:\/\/radiosul.net\/wp\/","name":"radiosul.net","description":"Regional por Excel\u00eancia","inLanguage":"pt-BR","publisher":{"@id":"https:\/\/radiosul.net\/wp\/#organization"}}]},"og:locale":"pt_BR","og:site_name":"radiosul.net - Regional por Excel\u00eancia","og:type":"article","og:title":"Em setembro, Florian\u00f3polis sediar\u00e1 a 13\u00aa edi\u00e7\u00e3o do Simp\u00f3sio da ACAV - radiosul.net","og:description":"A Associa\u00e7\u00e3o Catarinense de Avicultura (ACAV) \u2013 entidade de representa\u00e7\u00e3o e defesa da ind\u00fastria av\u00edcola barriga-verde \u2013 realizar\u00e1 neste ano, na cidade de Florian\u00f3polis, a 13\u00aa edi\u00e7\u00e3o do Simp\u00f3sio T\u00e9cnico da ACAV. O evento ser\u00e1 desenvolvido no Centro Sul, no per\u00edodo de 15 a 17 de setembro, reunindo pesquisadores, t\u00e9cnicos, gestores, industriais e profissionais de","og:url":"https:\/\/radiosul.net\/wp\/2020\/em-setembro-florianopolis-sediara-a-13a-edicao-do-simposio-da-acav\/","article:published_time":"2020-01-16T10:26:09+00:00","article:modified_time":"2020-01-16T10:26:11+00:00","twitter:card":"summary_large_image","twitter:title":"Em setembro, Florian\u00f3polis sediar\u00e1 a 13\u00aa edi\u00e7\u00e3o do Simp\u00f3sio da ACAV - radiosul.net","twitter:description":"A Associa\u00e7\u00e3o Catarinense de Avicultura (ACAV) \u2013 entidade de representa\u00e7\u00e3o e defesa da ind\u00fastria av\u00edcola barriga-verde \u2013 realizar\u00e1 neste ano, na cidade de Florian\u00f3polis, a 13\u00aa edi\u00e7\u00e3o do Simp\u00f3sio T\u00e9cnico da ACAV. O evento ser\u00e1 desenvolvido no Centro Sul, no per\u00edodo de 15 a 17 de setembro, reunindo pesquisadores, t\u00e9cnicos, gestores, industriais e profissionais de"},"aioseo_meta_data":{"post_id":"10401","title":null,"description":null,"keywords":null,"keyphrases":null,"primary_term":null,"canonical_url":null,"og_title":null,"og_description":null,"og_object_type":"default","og_image_type":"default","og_image_url":null,"og_image_width":null,"og_image_height":null,"og_image_custom_url":null,"og_image_custom_fields":null,"og_video":null,"og_custom_url":null,"og_article_section":null,"og_article_tags":null,"twitter_use_og":false,"twitter_card":"default","twitter_image_type":"default","twitter_image_url":null,"twitter_image_custom_url":null,"twitter_image_custom_fields":null,"twitter_title":null,"twitter_description":null,"schema":{"blockGraphs":[],"customGraphs":[],"default":{"data":{"Article":[],"Course":[],"Dataset":[],"FAQPage":[],"Movie":[],"Person":[],"Product":[],"ProductReview":[],"Car":[],"Recipe":[],"Service":[],"SoftwareApplication":[],"WebPage":[]},"graphName":"","isEnabled":true},"graphs":[]},"schema_type":"default","schema_type_options":null,"pillar_content":false,"robots_default":true,"robots_noindex":false,"robots_noarchive":false,"robots_nosnippet":false,"robots_nofollow":false,"robots_noimageindex":false,"robots_noodp":false,"robots_notranslate":false,"robots_max_snippet":null,"robots_max_videopreview":null,"robots_max_imagepreview":"large","priority":null,"frequency":null,"local_seo":null,"breadcrumb_settings":null,"limit_modified_date":false,"ai":null,"created":"2026-01-08 18:48:18","updated":"2026-01-08 18:48:18","seo_analyzer_scan_date":null,"focus_keyword":null,"additional_keywords":null,"truseo_locale":null},"aioseo_breadcrumb":"<div class=\"aioseo-breadcrumbs\"><span class=\"aioseo-breadcrumb\">\n\t\t\t<a href=\"https:\/\/radiosul.net\/wp\" title=\"Home\">Home<\/a>\n\t\t<\/span><span class=\"aioseo-breadcrumb-separator\">&raquo;<\/span><span class=\"aioseo-breadcrumb\">\n\t\t\t<a href=\"https:\/\/radiosul.net\/wp\/category\/agro\/\" title=\"Agroneg\u00f3cio\">Agroneg\u00f3cio<\/a>\n\t\t<\/span><span class=\"aioseo-breadcrumb-separator\">&raquo;<\/span><span class=\"aioseo-breadcrumb\">\n\t\t\tEm setembro, Florian\u00f3polis sediar\u00e1 a 13\u00aa edi\u00e7\u00e3o do Simp\u00f3sio da ACAV\n\t\t<\/span><\/div>","aioseo_breadcrumb_json":[{"label":"Home","link":"https:\/\/radiosul.net\/wp"},{"label":"Agroneg\u00f3cio","link":"https:\/\/radiosul.net\/wp\/category\/agro\/"},{"label":"Em setembro, Florian\u00f3polis sediar\u00e1 a 13\u00aa edi\u00e7\u00e3o do Simp\u00f3sio da ACAV","link":"https:\/\/radiosul.net\/wp\/2020\/em-setembro-florianopolis-sediara-a-13a-edicao-do-simposio-da-acav\/"}],"_links":{"self":[{"href":"https:\/\/radiosul.net\/wp\/wp-json\/wp\/v2\/posts\/10401","targetHints":{"allow":["GET"]}}],"collection":[{"href":"https:\/\/radiosul.net\/wp\/wp-json\/wp\/v2\/posts"}],"about":[{"href":"https:\/\/radiosul.net\/wp\/wp-json\/wp\/v2\/types\/post"}],"author":[{"embeddable":true,"href":"https:\/\/radiosul.net\/wp\/wp-json\/wp\/v2\/users\/9"}],"replies":[{"embeddable":true,"href":"https:\/\/radiosul.net\/wp\/wp-json\/wp\/v2\/comments?post=10401"}],"version-history":[{"count":1,"href":"https:\/\/radiosul.net\/wp\/wp-json\/wp\/v2\/posts\/10401\/revisions"}],"predecessor-version":[{"id":10403,"href":"https:\/\/radiosul.net\/wp\/wp-json\/wp\/v2\/posts\/10401\/revisions\/10403"}],"wp:featuredmedia":[{"embeddable":true,"href":"https:\/\/radiosul.net\/wp\/wp-json\/wp\/v2\/media\/10402"}],"wp:attachment":[{"href":"https:\/\/radiosul.net\/wp\/wp-json\/wp\/v2\/media?parent=10401"}],"wp:term":[{"taxonomy":"category","embeddable":true,"href":"https:\/\/radiosul.net\/wp\/wp-json\/wp\/v2\/categories?post=10401"},{"taxonomy":"post_tag","embeddable":true,"href":"https:\/\/radiosul.net\/wp\/wp-json\/wp\/v2\/tags?post=10401"}],"curies":[{"name":"wp","href":"https:\/\/api.w.org\/{rel}","templated":true}]}}